{"id":5626,"date":"2023-07-30T11:34:15","date_gmt":"2023-07-30T14:34:15","guid":{"rendered":"https:\/\/nahuelproducciones.com.ar\/radioquijano\/?p=5626"},"modified":"2023-07-30T11:41:50","modified_gmt":"2023-07-30T14:41:50","slug":"bernardo-sola-precandidato-a-diputado-por-jxc-en-salta","status":"publish","type":"post","link":"https:\/\/nahuelproducciones.com.ar\/radioquijano\/bernardo-sola-precandidato-a-diputado-por-jxc-en-salta\/","title":{"rendered":"Bernardo Sol\u00e1 precandidato a diputado por JxC en Salta"},"content":{"rendered":"\n<p>Sol\u00e1 en comunicaci\u00f3n telef\u00f3nica con RQ99.9Mhz aclar\u00f3 que su lista estar\u00e1 compuesta por solo radicales en Juntos por el Cambio.<\/p>\n\n\n\n<p>Como precandidato a Diputado Nacional manifest\u00f3 que su \u00fanico prop\u00f3sito es defender los intereses de Salta.<\/p>\n\n\n\n<p>Record\u00f3 que la lista, Cambio Radical lleva el N\u00b0502 D  y competir\u00e1&nbsp;en la interna del frente&nbsp;<strong>Juntos por el Cambio<\/strong>.<\/p>\n\n\n\n<p>Escucha la entrevista:<\/p>\n\n\n\n<figure class=\"wp-block-audio\"><audio controls src=\"https:\/\/nahuelproducciones.com.ar\/radioquijano\/wp-content\/uploads\/2023\/07\/27-07-2023-DR-BERNARDO-SOLA-PRECANDIDATO-A-DIPUTADO-NACIONAL-LISTA-502-CAMBIO-RADICAL-VA-A-LAS-PASO.mp3\"><\/audio><\/figure>\n\n\n\n<p><\/p>\n\n\n\n<p><\/p>\n","protected":false},"excerpt":{"rendered":"<p>Sol\u00e1 en comunicaci\u00f3n telef\u00f3nica con RQ99.9Mhz aclar\u00f3 que su lista estar\u00e1 compuesta por solo radicales en Juntos por el Cambio. Como precandidato a Diputado Nacional manifest\u00f3 que su \u00fanico prop\u00f3sito es defender los intereses de Salta. Record\u00f3 que la lista, Cambio Radical lleva el N\u00b0502 D y competir\u00e1&nbsp;en la interna del frente&nbsp;Juntos por el Cambio. [&hellip;]<\/p>\n","protected":false},"author":8,"featured_media":5628,"comment_status":"open","ping_status":"open","sticky":false,"template":"","format":"standard","meta":{"_monsterinsights_skip_tracking":false,"_monsterinsights_sitenote_active":false,"_monsterinsights_sitenote_note":"","_monsterinsights_sitenote_category":0,"footnotes":""},"categories":[16],"tags":[1163,1164,100,1166,1165],"class_list":["post-5626","post","type-post","status-publish","format-standard","has-post-thumbnail","hentry","category-noticias","tag-bernardo-sola","tag-juntos-por-el-cambio","tag-municipio-de-campo-quijano","tag-politica-salta","tag-precandidato-a-diputado-nacional"],"yoast_head":"<!-- This site is optimized with the Yoast SEO plugin v20.8 - https:\/\/yoast.com\/wordpress\/plugins\/seo\/ -->\n<title>Bernardo Sol\u00e1 precandidato a diputado por JxC en Salta - RQ 99.9<\/title>\n<meta name=\"description\" content=\"Cambio Radical lleva el N\u00b0502 D\" \/>\n<meta name=\"robots\" content=\"index, follow, max-snippet:-1, max-image-preview:large, max-video-preview:-1\" \/>\n<link rel=\"canonical\" href=\"https:\/\/nahuelproducciones.com.ar\/radioquijano\/bernardo-sola-precandidato-a-diputado-por-jxc-en-salta\/\" \/>\n<meta property=\"og:locale\" content=\"es_ES\" \/>\n<meta property=\"og:type\" content=\"article\" \/>\n<meta property=\"og:title\" content=\"Bernardo Sol\u00e1 precandidato a diputado por JxC en Salta - RQ 99.9\" \/>\n<meta property=\"og:description\" content=\"Cambio Radical lleva el N\u00b0502 D\" \/>\n<meta property=\"og:url\" content=\"https:\/\/nahuelproducciones.com.ar\/radioquijano\/bernardo-sola-precandidato-a-diputado-por-jxc-en-salta\/\" \/>\n<meta property=\"og:site_name\" content=\"RQ 99.9\" \/>\n<meta property=\"article:publisher\" content=\"https:\/\/www.facebook.com\/nahuelproducciones999\/\" \/>\n<meta property=\"article:published_time\" content=\"2023-07-30T14:34:15+00:00\" \/>\n<meta property=\"article:modified_time\" content=\"2023-07-30T14:41:50+00:00\" \/>\n<meta property=\"og:image\" content=\"https:\/\/nahuelproducciones.com.ar\/radioquijano\/wp-content\/uploads\/2023\/07\/BERNARDO-SOLA.jpg\" \/>\n\t<meta property=\"og:image:width\" content=\"367\" \/>\n\t<meta property=\"og:image:height\" content=\"353\" \/>\n\t<meta property=\"og:image:type\" content=\"image\/jpeg\" \/>\n<meta name=\"author\" content=\"Cecilia Pastrana\" \/>\n<meta name=\"twitter:card\" content=\"summary_large_image\" \/>\n<meta name=\"twitter:creator\" content=\"@nahuproduciones\" \/>\n<meta name=\"twitter:site\" content=\"@nahuproduciones\" \/>\n<meta name=\"twitter:label1\" content=\"Escrito por\" \/>\n\t<meta name=\"twitter:data1\" content=\"Cecilia Pastrana\" \/>\n\t<meta name=\"twitter:label2\" content=\"Tiempo de lectura\" \/>\n\t<meta name=\"twitter:data2\" content=\"1 minuto\" \/>\n<script type=\"application\/ld+json\" class=\"yoast-schema-graph\">{\"@context\":\"https:\/\/schema.org\",\"@graph\":[{\"@type\":\"WebPage\",\"@id\":\"https:\/\/nahuelproducciones.com.ar\/radioquijano\/bernardo-sola-precandidato-a-diputado-por-jxc-en-salta\/\",\"url\":\"https:\/\/nahuelproducciones.com.ar\/radioquijano\/bernardo-sola-precandidato-a-diputado-por-jxc-en-salta\/\",\"name\":\"Bernardo Sol\u00e1 precandidato a diputado por JxC en Salta - RQ 99.9\",\"isPartOf\":{\"@id\":\"https:\/\/nahuelproducciones.com.ar\/radioquijano\/#website\"},\"datePublished\":\"2023-07-30T14:34:15+00:00\",\"dateModified\":\"2023-07-30T14:41:50+00:00\",\"author\":{\"@id\":\"https:\/\/nahuelproducciones.com.ar\/radioquijano\/#\/schema\/person\/e8a4f939e2cb487fe6d0c54042c9d32c\"},\"description\":\"Cambio Radical lleva el N\u00b0502 D\",\"breadcrumb\":{\"@id\":\"https:\/\/nahuelproducciones.com.ar\/radioquijano\/bernardo-sola-precandidato-a-diputado-por-jxc-en-salta\/#breadcrumb\"},\"inLanguage\":\"es\",\"potentialAction\":[{\"@type\":\"ReadAction\",\"target\":[\"https:\/\/nahuelproducciones.com.ar\/radioquijano\/bernardo-sola-precandidato-a-diputado-por-jxc-en-salta\/\"]}]},{\"@type\":\"BreadcrumbList\",\"@id\":\"https:\/\/nahuelproducciones.com.ar\/radioquijano\/bernardo-sola-precandidato-a-diputado-por-jxc-en-salta\/#breadcrumb\",\"itemListElement\":[{\"@type\":\"ListItem\",\"position\":1,\"name\":\"Portada\",\"item\":\"https:\/\/nahuelproducciones.com.ar\/radioquijano\/\"},{\"@type\":\"ListItem\",\"position\":2,\"name\":\"Bernardo Sol\u00e1 precandidato a diputado por JxC en Salta\"}]},{\"@type\":\"WebSite\",\"@id\":\"https:\/\/nahuelproducciones.com.ar\/radioquijano\/#website\",\"url\":\"https:\/\/nahuelproducciones.com.ar\/radioquijano\/\",\"name\":\"RQ 99.9\",\"description\":\"Radio Quijano 99.9 MHz\",\"potentialAction\":[{\"@type\":\"SearchAction\",\"target\":{\"@type\":\"EntryPoint\",\"urlTemplate\":\"https:\/\/nahuelproducciones.com.ar\/radioquijano\/?s={search_term_string}\"},\"query-input\":\"required name=search_term_string\"}],\"inLanguage\":\"es\"},{\"@type\":\"Person\",\"@id\":\"https:\/\/nahuelproducciones.com.ar\/radioquijano\/#\/schema\/person\/e8a4f939e2cb487fe6d0c54042c9d32c\",\"name\":\"Cecilia Pastrana\",\"image\":{\"@type\":\"ImageObject\",\"inLanguage\":\"es\",\"@id\":\"https:\/\/nahuelproducciones.com.ar\/radioquijano\/#\/schema\/person\/image\/\",\"url\":\"https:\/\/secure.gravatar.com\/avatar\/661a3ef63a8488d4f2794ed44af8cf71420f7e106f3072c40125114df5157749?s=96&d=mm&r=g\",\"contentUrl\":\"https:\/\/secure.gravatar.com\/avatar\/661a3ef63a8488d4f2794ed44af8cf71420f7e106f3072c40125114df5157749?s=96&d=mm&r=g\",\"caption\":\"Cecilia Pastrana\"},\"sameAs\":[\"cecy\"],\"url\":\"https:\/\/nahuelproducciones.com.ar\/radioquijano\/author\/cecy\/\"}]}<\/script>\n<!-- \/ Yoast SEO plugin. -->","yoast_head_json":{"title":"Bernardo Sol\u00e1 precandidato a diputado por JxC en Salta - RQ 99.9","description":"Cambio Radical lleva el N\u00b0502 D","robots":{"index":"index","follow":"follow","max-snippet":"max-snippet:-1","max-image-preview":"max-image-preview:large","max-video-preview":"max-video-preview:-1"},"canonical":"https:\/\/nahuelproducciones.com.ar\/radioquijano\/bernardo-sola-precandidato-a-diputado-por-jxc-en-salta\/","og_locale":"es_ES","og_type":"article","og_title":"Bernardo Sol\u00e1 precandidato a diputado por JxC en Salta - RQ 99.9","og_description":"Cambio Radical lleva el N\u00b0502 D","og_url":"https:\/\/nahuelproducciones.com.ar\/radioquijano\/bernardo-sola-precandidato-a-diputado-por-jxc-en-salta\/","og_site_name":"RQ 99.9","article_publisher":"https:\/\/www.facebook.com\/nahuelproducciones999\/","article_published_time":"2023-07-30T14:34:15+00:00","article_modified_time":"2023-07-30T14:41:50+00:00","og_image":[{"width":367,"height":353,"url":"https:\/\/nahuelproducciones.com.ar\/radioquijano\/wp-content\/uploads\/2023\/07\/BERNARDO-SOLA.jpg","type":"image\/jpeg"}],"author":"Cecilia Pastrana","twitter_card":"summary_large_image","twitter_creator":"@nahuproduciones","twitter_site":"@nahuproduciones","twitter_misc":{"Escrito por":"Cecilia Pastrana","Tiempo de lectura":"1 minuto"},"schema":{"@context":"https:\/\/schema.org","@graph":[{"@type":"WebPage","@id":"https:\/\/nahuelproducciones.com.ar\/radioquijano\/bernardo-sola-precandidato-a-diputado-por-jxc-en-salta\/","url":"https:\/\/nahuelproducciones.com.ar\/radioquijano\/bernardo-sola-precandidato-a-diputado-por-jxc-en-salta\/","name":"Bernardo Sol\u00e1 precandidato a diputado por JxC en Salta - RQ 99.9","isPartOf":{"@id":"https:\/\/nahuelproducciones.com.ar\/radioquijano\/#website"},"datePublished":"2023-07-30T14:34:15+00:00","dateModified":"2023-07-30T14:41:50+00:00","author":{"@id":"https:\/\/nahuelproducciones.com.ar\/radioquijano\/#\/schema\/person\/e8a4f939e2cb487fe6d0c54042c9d32c"},"description":"Cambio Radical lleva el N\u00b0502 D","breadcrumb":{"@id":"https:\/\/nahuelproducciones.com.ar\/radioquijano\/bernardo-sola-precandidato-a-diputado-por-jxc-en-salta\/#breadcrumb"},"inLanguage":"es","potentialAction":[{"@type":"ReadAction","target":["https:\/\/nahuelproducciones.com.ar\/radioquijano\/bernardo-sola-precandidato-a-diputado-por-jxc-en-salta\/"]}]},{"@type":"BreadcrumbList","@id":"https:\/\/nahuelproducciones.com.ar\/radioquijano\/bernardo-sola-precandidato-a-diputado-por-jxc-en-salta\/#breadcrumb","itemListElement":[{"@type":"ListItem","position":1,"name":"Portada","item":"https:\/\/nahuelproducciones.com.ar\/radioquijano\/"},{"@type":"ListItem","position":2,"name":"Bernardo Sol\u00e1 precandidato a diputado por JxC en Salta"}]},{"@type":"WebSite","@id":"https:\/\/nahuelproducciones.com.ar\/radioquijano\/#website","url":"https:\/\/nahuelproducciones.com.ar\/radioquijano\/","name":"RQ 99.9","description":"Radio Quijano 99.9 MHz","potentialAction":[{"@type":"SearchAction","target":{"@type":"EntryPoint","urlTemplate":"https:\/\/nahuelproducciones.com.ar\/radioquijano\/?s={search_term_string}"},"query-input":"required name=search_term_string"}],"inLanguage":"es"},{"@type":"Person","@id":"https:\/\/nahuelproducciones.com.ar\/radioquijano\/#\/schema\/person\/e8a4f939e2cb487fe6d0c54042c9d32c","name":"Cecilia Pastrana","image":{"@type":"ImageObject","inLanguage":"es","@id":"https:\/\/nahuelproducciones.com.ar\/radioquijano\/#\/schema\/person\/image\/","url":"https:\/\/secure.gravatar.com\/avatar\/661a3ef63a8488d4f2794ed44af8cf71420f7e106f3072c40125114df5157749?s=96&d=mm&r=g","contentUrl":"https:\/\/secure.gravatar.com\/avatar\/661a3ef63a8488d4f2794ed44af8cf71420f7e106f3072c40125114df5157749?s=96&d=mm&r=g","caption":"Cecilia Pastrana"},"sameAs":["cecy"],"url":"https:\/\/nahuelproducciones.com.ar\/radioquijano\/author\/cecy\/"}]}},"_links":{"self":[{"href":"https:\/\/nahuelproducciones.com.ar\/radioquijano\/wp-json\/wp\/v2\/posts\/5626","targetHints":{"allow":["GET"]}}],"collection":[{"href":"https:\/\/nahuelproducciones.com.ar\/radioquijano\/wp-json\/wp\/v2\/posts"}],"about":[{"href":"https:\/\/nahuelproducciones.com.ar\/radioquijano\/wp-json\/wp\/v2\/types\/post"}],"author":[{"embeddable":true,"href":"https:\/\/nahuelproducciones.com.ar\/radioquijano\/wp-json\/wp\/v2\/users\/8"}],"replies":[{"embeddable":true,"href":"https:\/\/nahuelproducciones.com.ar\/radioquijano\/wp-json\/wp\/v2\/comments?post=5626"}],"version-history":[{"count":2,"href":"https:\/\/nahuelproducciones.com.ar\/radioquijano\/wp-json\/wp\/v2\/posts\/5626\/revisions"}],"predecessor-version":[{"id":5631,"href":"https:\/\/nahuelproducciones.com.ar\/radioquijano\/wp-json\/wp\/v2\/posts\/5626\/revisions\/5631"}],"wp:featuredmedia":[{"embeddable":true,"href":"https:\/\/nahuelproducciones.com.ar\/radioquijano\/wp-json\/wp\/v2\/media\/5628"}],"wp:attachment":[{"href":"https:\/\/nahuelproducciones.com.ar\/radioquijano\/wp-json\/wp\/v2\/media?parent=5626"}],"wp:term":[{"taxonomy":"category","embeddable":true,"href":"https:\/\/nahuelproducciones.com.ar\/radioquijano\/wp-json\/wp\/v2\/categories?post=5626"},{"taxonomy":"post_tag","embeddable":true,"href":"https:\/\/nahuelproducciones.com.ar\/radioquijano\/wp-json\/wp\/v2\/tags?post=5626"}],"curies":[{"name":"wp","href":"https:\/\/api.w.org\/{rel}","templated":true}]}}