{"id":5632,"date":"2023-07-31T23:09:30","date_gmt":"2023-08-01T02:09:30","guid":{"rendered":"https:\/\/nahuelproducciones.com.ar\/radioquijano\/?p=5632"},"modified":"2023-07-31T23:09:31","modified_gmt":"2023-08-01T02:09:31","slug":"saenz-logro-el-financiamiento-del-proyecto-ejecutivo-para-pavimentar-91-kilometros-de-la-rn51","status":"publish","type":"post","link":"https:\/\/nahuelproducciones.com.ar\/radioquijano\/saenz-logro-el-financiamiento-del-proyecto-ejecutivo-para-pavimentar-91-kilometros-de-la-rn51\/","title":{"rendered":"S\u00e1enz logr\u00f3 el financiamiento del proyecto ejecutivo para pavimentar 91 kil\u00f3metros de la RN51"},"content":{"rendered":"\n<p>Son las secciones 4 y 5 de los tramos Campo Amarillo\u2013 Cauchari\u2013Paso de Sico. El Gobernador y el Secretario General del CFI dialogaron sobre el proyecto que coloca a Salta como eje del corredor log\u00edstico del NOA. Se avanza as\u00ed con la pavimentaci\u00f3n total de la ruta que conectar\u00e1 a Salta con el Pac\u00edfico por Chile.<\/p>\n\n\n\n<p>El Consejo Federal de Inversiones financiar\u00e1 la realizaci\u00f3n del proyecto ejecutivo y consultor\u00eda para avanzar con la pavimentaci\u00f3n de dos secciones de la ruta nacional 51, totalizando 91 kil\u00f3metros. El gobernador&nbsp;<strong>Gustavo S\u00e1enz<\/strong>&nbsp;y el secretario general del CFI,&nbsp;<strong>Ignacio Lamothe<\/strong>, concretaron hoy el acuerdo que abarcar\u00e1 los proyectos que comprenden la secci\u00f3n 4, Campo Amarillo \u2013 Cauchari (23 kil\u00f3metros) y la secci\u00f3n 5, Cauchari \u2013 Paso de Sico (68 kil\u00f3metros).<\/p>\n\n\n\n<p>Esta importante obra vial promover\u00e1 a Salta como corredor log\u00edstico del NOA, potenciando la producci\u00f3n, el turismo y el desarrollo local y regional.<\/p>\n\n\n\n<p>Con estos dos tramos, la Provincia lograr\u00e1 pavimentar esta ruta estrat\u00e9gica hasta Chile, abriendo las puertas de la producci\u00f3n y comercio regionales hacia los mercados del Pac\u00edfico.Adem\u00e1s, est\u00e1 incluida en el Plan de Estrategia Log\u00edstica del CFI que incluye las diez provincias del NOA y NEA para modernizar el corredor bioce\u00e1nico, potenciar las econom\u00edas regionales, el movimiento relacionado con el sector minero y el comercio internacional.<\/p>\n\n\n\n<p>El proyecto de pavimentaci\u00f3n de la 51 en Salta est\u00e1 divida en cinco secciones que comprenden los tramos San Antonio de los Cobres- Mina Poma (13Km); Mina Poma &#8211; Alto Chorrillos (12Km); Alto Chorrillos &#8211; Campo Amarillo (18Km); Campo Amarillo &#8211; Cauchari (23Km) y Cauchari &#8211; Paso de Sico (68 Km).De estos tramos, est\u00e1 en ejecuci\u00f3n el correspondiente a Alto Chorrillos \u2013 Campo Amarillo, donde Vialidad Nacional realiza trabajos de movimiento de suelo, terrapl\u00e9n y obras de arte complementarias como 15 alcantarillas. En tanto, est\u00e1 previsto avanzar con la secci\u00f3n 2.<\/p>\n\n\n\n<p>Las gestiones ante el CFI para concretar el financiamiento del proyecto ejecutivo y consultor\u00eda de las secciones 4 y 5 de la RN51&nbsp;fueron realizadas tambi\u00e9n por el ministro de Gobierno, Derechos Humanos y Trabajo,&nbsp;<strong>Ricardo Villada<\/strong>, en su car\u00e1cter de Representante Provincial ante el organismo.<\/p>\n\n\n\n<hr class=\"wp-block-separator has-alpha-channel-opacity\"\/>\n\n\n\n<p>Fuente:&nbsp;<strong>Secretar\u00eda de Prensa y Comunicaci\u00f3n<\/strong><\/p>\n","protected":false},"excerpt":{"rendered":"<p>Son las secciones 4 y 5 de los tramos Campo Amarillo\u2013 Cauchari\u2013Paso de Sico. El Gobernador y el Secretario General del CFI dialogaron sobre el proyecto que coloca a Salta como eje del corredor log\u00edstico del NOA. Se avanza as\u00ed con la pavimentaci\u00f3n total de la ruta que conectar\u00e1 a Salta con el Pac\u00edfico por [&hellip;]<\/p>\n","protected":false},"author":8,"featured_media":5634,"comment_status":"open","ping_status":"open","sticky":false,"template":"","format":"standard","meta":{"_monsterinsights_skip_tracking":false,"_monsterinsights_sitenote_active":false,"_monsterinsights_sitenote_note":"","_monsterinsights_sitenote_category":0,"footnotes":""},"categories":[16],"tags":[1167,100,339],"class_list":["post-5632","post","type-post","status-publish","format-standard","has-post-thumbnail","hentry","category-noticias","tag-consejo-federal-de-inversiones","tag-municipio-de-campo-quijano","tag-ruta-nacional-51"],"yoast_head":"<!-- This site is optimized with the Yoast SEO plugin v20.8 - https:\/\/yoast.com\/wordpress\/plugins\/seo\/ -->\n<title>S\u00e1enz logr\u00f3 el financiamiento del proyecto ejecutivo para pavimentar 91 kil\u00f3metros de la RN51 - RQ 99.9<\/title>\n<meta name=\"description\" content=\"Esta importante obra vial promover\u00e1 a Salta como corredor log\u00edstico del NOA, potenciando la producci\u00f3n, el turismo y el desarrollo local y regional.\" \/>\n<meta name=\"robots\" content=\"index, follow, max-snippet:-1, max-image-preview:large, max-video-preview:-1\" \/>\n<link rel=\"canonical\" href=\"https:\/\/nahuelproducciones.com.ar\/radioquijano\/saenz-logro-el-financiamiento-del-proyecto-ejecutivo-para-pavimentar-91-kilometros-de-la-rn51\/\" \/>\n<meta property=\"og:locale\" content=\"es_ES\" \/>\n<meta property=\"og:type\" content=\"article\" \/>\n<meta property=\"og:title\" content=\"S\u00e1enz logr\u00f3 el financiamiento del proyecto ejecutivo para pavimentar 91 kil\u00f3metros de la RN51 - RQ 99.9\" \/>\n<meta property=\"og:description\" content=\"Esta importante obra vial promover\u00e1 a Salta como corredor log\u00edstico del NOA, potenciando la producci\u00f3n, el turismo y el desarrollo local y regional.\" \/>\n<meta property=\"og:url\" content=\"https:\/\/nahuelproducciones.com.ar\/radioquijano\/saenz-logro-el-financiamiento-del-proyecto-ejecutivo-para-pavimentar-91-kilometros-de-la-rn51\/\" \/>\n<meta property=\"og:site_name\" content=\"RQ 99.9\" \/>\n<meta property=\"article:publisher\" content=\"https:\/\/www.facebook.com\/nahuelproducciones999\/\" \/>\n<meta property=\"article:published_time\" content=\"2023-08-01T02:09:30+00:00\" \/>\n<meta property=\"article:modified_time\" content=\"2023-08-01T02:09:31+00:00\" \/>\n<meta property=\"og:image\" content=\"https:\/\/nahuelproducciones.com.ar\/radioquijano\/wp-content\/uploads\/2023\/07\/90950-saenz-logro-el-financiamiento-del-proyecto-ejecutivo-para-pavimentar-91-kilometros-de-la-rn51-20230731174736-e1690855711572.jpg\" \/>\n\t<meta property=\"og:image:width\" content=\"700\" \/>\n\t<meta property=\"og:image:height\" content=\"467\" \/>\n\t<meta property=\"og:image:type\" content=\"image\/jpeg\" \/>\n<meta name=\"author\" content=\"Cecilia Pastrana\" \/>\n<meta name=\"twitter:card\" content=\"summary_large_image\" \/>\n<meta name=\"twitter:creator\" content=\"@nahuproduciones\" \/>\n<meta name=\"twitter:site\" content=\"@nahuproduciones\" \/>\n<meta name=\"twitter:label1\" content=\"Escrito por\" \/>\n\t<meta name=\"twitter:data1\" content=\"Cecilia Pastrana\" \/>\n\t<meta name=\"twitter:label2\" content=\"Tiempo de lectura\" \/>\n\t<meta name=\"twitter:data2\" content=\"2 minutos\" \/>\n<script type=\"application\/ld+json\" class=\"yoast-schema-graph\">{\"@context\":\"https:\/\/schema.org\",\"@graph\":[{\"@type\":\"WebPage\",\"@id\":\"https:\/\/nahuelproducciones.com.ar\/radioquijano\/saenz-logro-el-financiamiento-del-proyecto-ejecutivo-para-pavimentar-91-kilometros-de-la-rn51\/\",\"url\":\"https:\/\/nahuelproducciones.com.ar\/radioquijano\/saenz-logro-el-financiamiento-del-proyecto-ejecutivo-para-pavimentar-91-kilometros-de-la-rn51\/\",\"name\":\"S\u00e1enz logr\u00f3 el financiamiento del proyecto ejecutivo para pavimentar 91 kil\u00f3metros de la RN51 - RQ 99.9\",\"isPartOf\":{\"@id\":\"https:\/\/nahuelproducciones.com.ar\/radioquijano\/#website\"},\"datePublished\":\"2023-08-01T02:09:30+00:00\",\"dateModified\":\"2023-08-01T02:09:31+00:00\",\"author\":{\"@id\":\"https:\/\/nahuelproducciones.com.ar\/radioquijano\/#\/schema\/person\/e8a4f939e2cb487fe6d0c54042c9d32c\"},\"description\":\"Esta importante obra vial promover\u00e1 a Salta como corredor log\u00edstico del NOA, potenciando la producci\u00f3n, el turismo y el desarrollo local y regional.\",\"breadcrumb\":{\"@id\":\"https:\/\/nahuelproducciones.com.ar\/radioquijano\/saenz-logro-el-financiamiento-del-proyecto-ejecutivo-para-pavimentar-91-kilometros-de-la-rn51\/#breadcrumb\"},\"inLanguage\":\"es\",\"potentialAction\":[{\"@type\":\"ReadAction\",\"target\":[\"https:\/\/nahuelproducciones.com.ar\/radioquijano\/saenz-logro-el-financiamiento-del-proyecto-ejecutivo-para-pavimentar-91-kilometros-de-la-rn51\/\"]}]},{\"@type\":\"BreadcrumbList\",\"@id\":\"https:\/\/nahuelproducciones.com.ar\/radioquijano\/saenz-logro-el-financiamiento-del-proyecto-ejecutivo-para-pavimentar-91-kilometros-de-la-rn51\/#breadcrumb\",\"itemListElement\":[{\"@type\":\"ListItem\",\"position\":1,\"name\":\"Portada\",\"item\":\"https:\/\/nahuelproducciones.com.ar\/radioquijano\/\"},{\"@type\":\"ListItem\",\"position\":2,\"name\":\"S\u00e1enz logr\u00f3 el financiamiento del proyecto ejecutivo para pavimentar 91 kil\u00f3metros de la RN51\"}]},{\"@type\":\"WebSite\",\"@id\":\"https:\/\/nahuelproducciones.com.ar\/radioquijano\/#website\",\"url\":\"https:\/\/nahuelproducciones.com.ar\/radioquijano\/\",\"name\":\"RQ 99.9\",\"description\":\"Radio Quijano 99.9 MHz\",\"potentialAction\":[{\"@type\":\"SearchAction\",\"target\":{\"@type\":\"EntryPoint\",\"urlTemplate\":\"https:\/\/nahuelproducciones.com.ar\/radioquijano\/?s={search_term_string}\"},\"query-input\":\"required name=search_term_string\"}],\"inLanguage\":\"es\"},{\"@type\":\"Person\",\"@id\":\"https:\/\/nahuelproducciones.com.ar\/radioquijano\/#\/schema\/person\/e8a4f939e2cb487fe6d0c54042c9d32c\",\"name\":\"Cecilia Pastrana\",\"image\":{\"@type\":\"ImageObject\",\"inLanguage\":\"es\",\"@id\":\"https:\/\/nahuelproducciones.com.ar\/radioquijano\/#\/schema\/person\/image\/\",\"url\":\"https:\/\/secure.gravatar.com\/avatar\/661a3ef63a8488d4f2794ed44af8cf71420f7e106f3072c40125114df5157749?s=96&d=mm&r=g\",\"contentUrl\":\"https:\/\/secure.gravatar.com\/avatar\/661a3ef63a8488d4f2794ed44af8cf71420f7e106f3072c40125114df5157749?s=96&d=mm&r=g\",\"caption\":\"Cecilia Pastrana\"},\"sameAs\":[\"cecy\"],\"url\":\"https:\/\/nahuelproducciones.com.ar\/radioquijano\/author\/cecy\/\"}]}<\/script>\n<!-- \/ Yoast SEO plugin. -->","yoast_head_json":{"title":"S\u00e1enz logr\u00f3 el financiamiento del proyecto ejecutivo para pavimentar 91 kil\u00f3metros de la RN51 - RQ 99.9","description":"Esta importante obra vial promover\u00e1 a Salta como corredor log\u00edstico del NOA, potenciando la producci\u00f3n, el turismo y el desarrollo local y regional.","robots":{"index":"index","follow":"follow","max-snippet":"max-snippet:-1","max-image-preview":"max-image-preview:large","max-video-preview":"max-video-preview:-1"},"canonical":"https:\/\/nahuelproducciones.com.ar\/radioquijano\/saenz-logro-el-financiamiento-del-proyecto-ejecutivo-para-pavimentar-91-kilometros-de-la-rn51\/","og_locale":"es_ES","og_type":"article","og_title":"S\u00e1enz logr\u00f3 el financiamiento del proyecto ejecutivo para pavimentar 91 kil\u00f3metros de la RN51 - RQ 99.9","og_description":"Esta importante obra vial promover\u00e1 a Salta como corredor log\u00edstico del NOA, potenciando la producci\u00f3n, el turismo y el desarrollo local y regional.","og_url":"https:\/\/nahuelproducciones.com.ar\/radioquijano\/saenz-logro-el-financiamiento-del-proyecto-ejecutivo-para-pavimentar-91-kilometros-de-la-rn51\/","og_site_name":"RQ 99.9","article_publisher":"https:\/\/www.facebook.com\/nahuelproducciones999\/","article_published_time":"2023-08-01T02:09:30+00:00","article_modified_time":"2023-08-01T02:09:31+00:00","og_image":[{"width":700,"height":467,"url":"https:\/\/nahuelproducciones.com.ar\/radioquijano\/wp-content\/uploads\/2023\/07\/90950-saenz-logro-el-financiamiento-del-proyecto-ejecutivo-para-pavimentar-91-kilometros-de-la-rn51-20230731174736-e1690855711572.jpg","type":"image\/jpeg"}],"author":"Cecilia Pastrana","twitter_card":"summary_large_image","twitter_creator":"@nahuproduciones","twitter_site":"@nahuproduciones","twitter_misc":{"Escrito por":"Cecilia Pastrana","Tiempo de lectura":"2 minutos"},"schema":{"@context":"https:\/\/schema.org","@graph":[{"@type":"WebPage","@id":"https:\/\/nahuelproducciones.com.ar\/radioquijano\/saenz-logro-el-financiamiento-del-proyecto-ejecutivo-para-pavimentar-91-kilometros-de-la-rn51\/","url":"https:\/\/nahuelproducciones.com.ar\/radioquijano\/saenz-logro-el-financiamiento-del-proyecto-ejecutivo-para-pavimentar-91-kilometros-de-la-rn51\/","name":"S\u00e1enz logr\u00f3 el financiamiento del proyecto ejecutivo para pavimentar 91 kil\u00f3metros de la RN51 - RQ 99.9","isPartOf":{"@id":"https:\/\/nahuelproducciones.com.ar\/radioquijano\/#website"},"datePublished":"2023-08-01T02:09:30+00:00","dateModified":"2023-08-01T02:09:31+00:00","author":{"@id":"https:\/\/nahuelproducciones.com.ar\/radioquijano\/#\/schema\/person\/e8a4f939e2cb487fe6d0c54042c9d32c"},"description":"Esta importante obra vial promover\u00e1 a Salta como corredor log\u00edstico del NOA, potenciando la producci\u00f3n, el turismo y el desarrollo local y regional.","breadcrumb":{"@id":"https:\/\/nahuelproducciones.com.ar\/radioquijano\/saenz-logro-el-financiamiento-del-proyecto-ejecutivo-para-pavimentar-91-kilometros-de-la-rn51\/#breadcrumb"},"inLanguage":"es","potentialAction":[{"@type":"ReadAction","target":["https:\/\/nahuelproducciones.com.ar\/radioquijano\/saenz-logro-el-financiamiento-del-proyecto-ejecutivo-para-pavimentar-91-kilometros-de-la-rn51\/"]}]},{"@type":"BreadcrumbList","@id":"https:\/\/nahuelproducciones.com.ar\/radioquijano\/saenz-logro-el-financiamiento-del-proyecto-ejecutivo-para-pavimentar-91-kilometros-de-la-rn51\/#breadcrumb","itemListElement":[{"@type":"ListItem","position":1,"name":"Portada","item":"https:\/\/nahuelproducciones.com.ar\/radioquijano\/"},{"@type":"ListItem","position":2,"name":"S\u00e1enz logr\u00f3 el financiamiento del proyecto ejecutivo para pavimentar 91 kil\u00f3metros de la RN51"}]},{"@type":"WebSite","@id":"https:\/\/nahuelproducciones.com.ar\/radioquijano\/#website","url":"https:\/\/nahuelproducciones.com.ar\/radioquijano\/","name":"RQ 99.9","description":"Radio Quijano 99.9 MHz","potentialAction":[{"@type":"SearchAction","target":{"@type":"EntryPoint","urlTemplate":"https:\/\/nahuelproducciones.com.ar\/radioquijano\/?s={search_term_string}"},"query-input":"required name=search_term_string"}],"inLanguage":"es"},{"@type":"Person","@id":"https:\/\/nahuelproducciones.com.ar\/radioquijano\/#\/schema\/person\/e8a4f939e2cb487fe6d0c54042c9d32c","name":"Cecilia Pastrana","image":{"@type":"ImageObject","inLanguage":"es","@id":"https:\/\/nahuelproducciones.com.ar\/radioquijano\/#\/schema\/person\/image\/","url":"https:\/\/secure.gravatar.com\/avatar\/661a3ef63a8488d4f2794ed44af8cf71420f7e106f3072c40125114df5157749?s=96&d=mm&r=g","contentUrl":"https:\/\/secure.gravatar.com\/avatar\/661a3ef63a8488d4f2794ed44af8cf71420f7e106f3072c40125114df5157749?s=96&d=mm&r=g","caption":"Cecilia Pastrana"},"sameAs":["cecy"],"url":"https:\/\/nahuelproducciones.com.ar\/radioquijano\/author\/cecy\/"}]}},"_links":{"self":[{"href":"https:\/\/nahuelproducciones.com.ar\/radioquijano\/wp-json\/wp\/v2\/posts\/5632","targetHints":{"allow":["GET"]}}],"collection":[{"href":"https:\/\/nahuelproducciones.com.ar\/radioquijano\/wp-json\/wp\/v2\/posts"}],"about":[{"href":"https:\/\/nahuelproducciones.com.ar\/radioquijano\/wp-json\/wp\/v2\/types\/post"}],"author":[{"embeddable":true,"href":"https:\/\/nahuelproducciones.com.ar\/radioquijano\/wp-json\/wp\/v2\/users\/8"}],"replies":[{"embeddable":true,"href":"https:\/\/nahuelproducciones.com.ar\/radioquijano\/wp-json\/wp\/v2\/comments?post=5632"}],"version-history":[{"count":1,"href":"https:\/\/nahuelproducciones.com.ar\/radioquijano\/wp-json\/wp\/v2\/posts\/5632\/revisions"}],"predecessor-version":[{"id":5635,"href":"https:\/\/nahuelproducciones.com.ar\/radioquijano\/wp-json\/wp\/v2\/posts\/5632\/revisions\/5635"}],"wp:featuredmedia":[{"embeddable":true,"href":"https:\/\/nahuelproducciones.com.ar\/radioquijano\/wp-json\/wp\/v2\/media\/5634"}],"wp:attachment":[{"href":"https:\/\/nahuelproducciones.com.ar\/radioquijano\/wp-json\/wp\/v2\/media?parent=5632"}],"wp:term":[{"taxonomy":"category","embeddable":true,"href":"https:\/\/nahuelproducciones.com.ar\/radioquijano\/wp-json\/wp\/v2\/categories?post=5632"},{"taxonomy":"post_tag","embeddable":true,"href":"https:\/\/nahuelproducciones.com.ar\/radioquijano\/wp-json\/wp\/v2\/tags?post=5632"}],"curies":[{"name":"wp","href":"https:\/\/api.w.org\/{rel}","templated":true}]}}