{"id":5636,"date":"2023-07-31T23:19:45","date_gmt":"2023-08-01T02:19:45","guid":{"rendered":"https:\/\/nahuelproducciones.com.ar\/radioquijano\/?p=5636"},"modified":"2023-07-31T23:22:57","modified_gmt":"2023-08-01T02:22:57","slug":"estudiantes-primarios-de-campo-quijano-seran-capacitados-sobre-prevencion-de-incendios-forestales","status":"publish","type":"post","link":"https:\/\/nahuelproducciones.com.ar\/radioquijano\/estudiantes-primarios-de-campo-quijano-seran-capacitados-sobre-prevencion-de-incendios-forestales\/","title":{"rendered":"Estudiantes primarios de Campo Quijano ser\u00e1n capacitados sobre prevenci\u00f3n de incendios forestales."},"content":{"rendered":"\n<p>Ser\u00e1 un trabajo coordinado por la Subsecretar\u00eda de Defensa Civil junto a Bomberos de la Polic\u00eda, Bomberos Voluntarios y autoridades municipales. Se capacitar\u00e1 sobre las causas de incendios forestales, medidas de prevenci\u00f3n, llamado al sistema de emergencia 9-1-1, entre otros temas.<\/p>\n\n\n\n<p>Profesionales de la Subsecretar\u00eda de Defensa Civil, dependiente de la Secretar\u00eda de Seguridad, se reunieron con el director de Defensa Civil de Campo Quijano,<strong>&nbsp;Martin Padilla<\/strong>, el concejal&nbsp;<strong>Mariano Zerda<\/strong>, representantes de Bomberos de la Polic\u00eda y Bomberos Voluntarios del Departamento para coordinar jornadas de prevenci\u00f3n de incendios forestales para estudiantes de escuelas primarias.<\/p>\n\n\n\n<p>En la oportunidad, la Direcci\u00f3n de Defensa Civil Municipal, solicit\u00f3 que se realice un trabajo integral de sensibilizaci\u00f3n junto a las escuelas Potrero de Uriburu, Alderete, San Juan Bosco, Virrey Toledo y Dody Araoz de Jovanovics. De esta manera, ni\u00f1os y ni\u00f1as del Departamento aprender\u00e1n sobre causas de incendios forestales, medidas de prevenci\u00f3n, llamado al sistema de emergencia 9-1-1, entre otros temas.<\/p>\n\n\n\n<p>Por otro lado, Martin Padilla dio a conocer las actividades que desde su organismo vienen realizando, ante el inicio de la temporada de incendios forestales, como ser relevamiento de pozos de agua y la conformaci\u00f3n y funcionamiento del Comit\u00e9 de Operaciones de Emergencias Municipal.<\/p>\n\n\n\n<p>Estuvieron presentes la presidenta y el jefe de Operaciones de Bomberos Voluntarios Portal de los Andes,&nbsp;<strong>Patricia Castillo<\/strong>&nbsp;y&nbsp;<strong>Fernando Lozano<\/strong>.<\/p>\n\n\n\n<hr class=\"wp-block-separator has-alpha-channel-opacity\"\/>\n\n\n\n<p>Fuente:&nbsp;<strong>Secretar\u00eda de Prensa y Comunicaci\u00f3n<\/strong><\/p>\n","protected":false},"excerpt":{"rendered":"<p>Ser\u00e1 un trabajo coordinado por la Subsecretar\u00eda de Defensa Civil junto a Bomberos de la Polic\u00eda, Bomberos Voluntarios y autoridades municipales. Se capacitar\u00e1 sobre las causas de incendios forestales, medidas de prevenci\u00f3n, llamado al sistema de emergencia 9-1-1, entre otros temas. Profesionales de la Subsecretar\u00eda de Defensa Civil, dependiente de la Secretar\u00eda de Seguridad, se [&hellip;]<\/p>\n","protected":false},"author":8,"featured_media":5637,"comment_status":"open","ping_status":"open","sticky":false,"template":"","format":"standard","meta":{"_monsterinsights_skip_tracking":false,"_monsterinsights_sitenote_active":false,"_monsterinsights_sitenote_note":"","_monsterinsights_sitenote_category":0,"footnotes":""},"categories":[16],"tags":[361,100,1187,1168],"class_list":["post-5636","post","type-post","status-publish","format-standard","has-post-thumbnail","hentry","category-noticias","tag-defensa-civil-municipal","tag-municipio-de-campo-quijano","tag-prevencion-de-incendios-forestales","tag-subsecretaria-de-defensa-civil"],"yoast_head":"<!-- This site is optimized with the Yoast SEO plugin v20.8 - https:\/\/yoast.com\/wordpress\/plugins\/seo\/ -->\n<title>Estudiantes primarios de Campo Quijano ser\u00e1n capacitados sobre prevenci\u00f3n de incendios forestales. - RQ 99.9<\/title>\n<meta name=\"description\" content=\"Participar\u00e1n las escuelas Potrero de Uriburu, Alderete, San Juan Bosco, Virrey Toledo y Dody Araoz de Jovanovics.\" \/>\n<meta name=\"robots\" content=\"index, follow, max-snippet:-1, max-image-preview:large, max-video-preview:-1\" \/>\n<link rel=\"canonical\" href=\"https:\/\/nahuelproducciones.com.ar\/radioquijano\/estudiantes-primarios-de-campo-quijano-seran-capacitados-sobre-prevencion-de-incendios-forestales\/\" \/>\n<meta property=\"og:locale\" content=\"es_ES\" \/>\n<meta property=\"og:type\" content=\"article\" \/>\n<meta property=\"og:title\" content=\"Estudiantes primarios de Campo Quijano ser\u00e1n capacitados sobre prevenci\u00f3n de incendios forestales. - RQ 99.9\" \/>\n<meta property=\"og:description\" content=\"Participar\u00e1n las escuelas Potrero de Uriburu, Alderete, San Juan Bosco, Virrey Toledo y Dody Araoz de Jovanovics.\" \/>\n<meta property=\"og:url\" content=\"https:\/\/nahuelproducciones.com.ar\/radioquijano\/estudiantes-primarios-de-campo-quijano-seran-capacitados-sobre-prevencion-de-incendios-forestales\/\" \/>\n<meta property=\"og:site_name\" content=\"RQ 99.9\" \/>\n<meta property=\"article:publisher\" content=\"https:\/\/www.facebook.com\/nahuelproducciones999\/\" \/>\n<meta property=\"article:published_time\" content=\"2023-08-01T02:19:45+00:00\" \/>\n<meta property=\"article:modified_time\" content=\"2023-08-01T02:22:57+00:00\" \/>\n<meta property=\"og:image\" content=\"https:\/\/nahuelproducciones.com.ar\/radioquijano\/wp-content\/uploads\/2023\/07\/90939-estudiantes-primarios-de-campo-quijano-seran-capacitados-sobre-incendios-forestales-20230731142649-e1690856259568.jpg\" \/>\n\t<meta property=\"og:image:width\" content=\"700\" \/>\n\t<meta property=\"og:image:height\" content=\"462\" \/>\n\t<meta property=\"og:image:type\" content=\"image\/jpeg\" \/>\n<meta name=\"author\" content=\"Cecilia Pastrana\" \/>\n<meta name=\"twitter:card\" content=\"summary_large_image\" \/>\n<meta name=\"twitter:creator\" content=\"@nahuproduciones\" \/>\n<meta name=\"twitter:site\" content=\"@nahuproduciones\" \/>\n<meta name=\"twitter:label1\" content=\"Escrito por\" \/>\n\t<meta name=\"twitter:data1\" content=\"Cecilia Pastrana\" \/>\n\t<meta name=\"twitter:label2\" content=\"Tiempo de lectura\" \/>\n\t<meta name=\"twitter:data2\" content=\"2 minutos\" \/>\n<script type=\"application\/ld+json\" class=\"yoast-schema-graph\">{\"@context\":\"https:\/\/schema.org\",\"@graph\":[{\"@type\":\"WebPage\",\"@id\":\"https:\/\/nahuelproducciones.com.ar\/radioquijano\/estudiantes-primarios-de-campo-quijano-seran-capacitados-sobre-prevencion-de-incendios-forestales\/\",\"url\":\"https:\/\/nahuelproducciones.com.ar\/radioquijano\/estudiantes-primarios-de-campo-quijano-seran-capacitados-sobre-prevencion-de-incendios-forestales\/\",\"name\":\"Estudiantes primarios de Campo Quijano ser\u00e1n capacitados sobre prevenci\u00f3n de incendios forestales. - RQ 99.9\",\"isPartOf\":{\"@id\":\"https:\/\/nahuelproducciones.com.ar\/radioquijano\/#website\"},\"datePublished\":\"2023-08-01T02:19:45+00:00\",\"dateModified\":\"2023-08-01T02:22:57+00:00\",\"author\":{\"@id\":\"https:\/\/nahuelproducciones.com.ar\/radioquijano\/#\/schema\/person\/e8a4f939e2cb487fe6d0c54042c9d32c\"},\"description\":\"Participar\u00e1n las escuelas Potrero de Uriburu, Alderete, San Juan Bosco, Virrey Toledo y Dody Araoz de Jovanovics.\",\"breadcrumb\":{\"@id\":\"https:\/\/nahuelproducciones.com.ar\/radioquijano\/estudiantes-primarios-de-campo-quijano-seran-capacitados-sobre-prevencion-de-incendios-forestales\/#breadcrumb\"},\"inLanguage\":\"es\",\"potentialAction\":[{\"@type\":\"ReadAction\",\"target\":[\"https:\/\/nahuelproducciones.com.ar\/radioquijano\/estudiantes-primarios-de-campo-quijano-seran-capacitados-sobre-prevencion-de-incendios-forestales\/\"]}]},{\"@type\":\"BreadcrumbList\",\"@id\":\"https:\/\/nahuelproducciones.com.ar\/radioquijano\/estudiantes-primarios-de-campo-quijano-seran-capacitados-sobre-prevencion-de-incendios-forestales\/#breadcrumb\",\"itemListElement\":[{\"@type\":\"ListItem\",\"position\":1,\"name\":\"Portada\",\"item\":\"https:\/\/nahuelproducciones.com.ar\/radioquijano\/\"},{\"@type\":\"ListItem\",\"position\":2,\"name\":\"Estudiantes primarios de Campo Quijano ser\u00e1n capacitados sobre prevenci\u00f3n de incendios forestales.\"}]},{\"@type\":\"WebSite\",\"@id\":\"https:\/\/nahuelproducciones.com.ar\/radioquijano\/#website\",\"url\":\"https:\/\/nahuelproducciones.com.ar\/radioquijano\/\",\"name\":\"RQ 99.9\",\"description\":\"Radio Quijano 99.9 MHz\",\"potentialAction\":[{\"@type\":\"SearchAction\",\"target\":{\"@type\":\"EntryPoint\",\"urlTemplate\":\"https:\/\/nahuelproducciones.com.ar\/radioquijano\/?s={search_term_string}\"},\"query-input\":\"required name=search_term_string\"}],\"inLanguage\":\"es\"},{\"@type\":\"Person\",\"@id\":\"https:\/\/nahuelproducciones.com.ar\/radioquijano\/#\/schema\/person\/e8a4f939e2cb487fe6d0c54042c9d32c\",\"name\":\"Cecilia Pastrana\",\"image\":{\"@type\":\"ImageObject\",\"inLanguage\":\"es\",\"@id\":\"https:\/\/nahuelproducciones.com.ar\/radioquijano\/#\/schema\/person\/image\/\",\"url\":\"https:\/\/secure.gravatar.com\/avatar\/661a3ef63a8488d4f2794ed44af8cf71420f7e106f3072c40125114df5157749?s=96&d=mm&r=g\",\"contentUrl\":\"https:\/\/secure.gravatar.com\/avatar\/661a3ef63a8488d4f2794ed44af8cf71420f7e106f3072c40125114df5157749?s=96&d=mm&r=g\",\"caption\":\"Cecilia Pastrana\"},\"sameAs\":[\"cecy\"],\"url\":\"https:\/\/nahuelproducciones.com.ar\/radioquijano\/author\/cecy\/\"}]}<\/script>\n<!-- \/ Yoast SEO plugin. -->","yoast_head_json":{"title":"Estudiantes primarios de Campo Quijano ser\u00e1n capacitados sobre prevenci\u00f3n de incendios forestales. - RQ 99.9","description":"Participar\u00e1n las escuelas Potrero de Uriburu, Alderete, San Juan Bosco, Virrey Toledo y Dody Araoz de Jovanovics.","robots":{"index":"index","follow":"follow","max-snippet":"max-snippet:-1","max-image-preview":"max-image-preview:large","max-video-preview":"max-video-preview:-1"},"canonical":"https:\/\/nahuelproducciones.com.ar\/radioquijano\/estudiantes-primarios-de-campo-quijano-seran-capacitados-sobre-prevencion-de-incendios-forestales\/","og_locale":"es_ES","og_type":"article","og_title":"Estudiantes primarios de Campo Quijano ser\u00e1n capacitados sobre prevenci\u00f3n de incendios forestales. - RQ 99.9","og_description":"Participar\u00e1n las escuelas Potrero de Uriburu, Alderete, San Juan Bosco, Virrey Toledo y Dody Araoz de Jovanovics.","og_url":"https:\/\/nahuelproducciones.com.ar\/radioquijano\/estudiantes-primarios-de-campo-quijano-seran-capacitados-sobre-prevencion-de-incendios-forestales\/","og_site_name":"RQ 99.9","article_publisher":"https:\/\/www.facebook.com\/nahuelproducciones999\/","article_published_time":"2023-08-01T02:19:45+00:00","article_modified_time":"2023-08-01T02:22:57+00:00","og_image":[{"width":700,"height":462,"url":"https:\/\/nahuelproducciones.com.ar\/radioquijano\/wp-content\/uploads\/2023\/07\/90939-estudiantes-primarios-de-campo-quijano-seran-capacitados-sobre-incendios-forestales-20230731142649-e1690856259568.jpg","type":"image\/jpeg"}],"author":"Cecilia Pastrana","twitter_card":"summary_large_image","twitter_creator":"@nahuproduciones","twitter_site":"@nahuproduciones","twitter_misc":{"Escrito por":"Cecilia Pastrana","Tiempo de lectura":"2 minutos"},"schema":{"@context":"https:\/\/schema.org","@graph":[{"@type":"WebPage","@id":"https:\/\/nahuelproducciones.com.ar\/radioquijano\/estudiantes-primarios-de-campo-quijano-seran-capacitados-sobre-prevencion-de-incendios-forestales\/","url":"https:\/\/nahuelproducciones.com.ar\/radioquijano\/estudiantes-primarios-de-campo-quijano-seran-capacitados-sobre-prevencion-de-incendios-forestales\/","name":"Estudiantes primarios de Campo Quijano ser\u00e1n capacitados sobre prevenci\u00f3n de incendios forestales. - RQ 99.9","isPartOf":{"@id":"https:\/\/nahuelproducciones.com.ar\/radioquijano\/#website"},"datePublished":"2023-08-01T02:19:45+00:00","dateModified":"2023-08-01T02:22:57+00:00","author":{"@id":"https:\/\/nahuelproducciones.com.ar\/radioquijano\/#\/schema\/person\/e8a4f939e2cb487fe6d0c54042c9d32c"},"description":"Participar\u00e1n las escuelas Potrero de Uriburu, Alderete, San Juan Bosco, Virrey Toledo y Dody Araoz de Jovanovics.","breadcrumb":{"@id":"https:\/\/nahuelproducciones.com.ar\/radioquijano\/estudiantes-primarios-de-campo-quijano-seran-capacitados-sobre-prevencion-de-incendios-forestales\/#breadcrumb"},"inLanguage":"es","potentialAction":[{"@type":"ReadAction","target":["https:\/\/nahuelproducciones.com.ar\/radioquijano\/estudiantes-primarios-de-campo-quijano-seran-capacitados-sobre-prevencion-de-incendios-forestales\/"]}]},{"@type":"BreadcrumbList","@id":"https:\/\/nahuelproducciones.com.ar\/radioquijano\/estudiantes-primarios-de-campo-quijano-seran-capacitados-sobre-prevencion-de-incendios-forestales\/#breadcrumb","itemListElement":[{"@type":"ListItem","position":1,"name":"Portada","item":"https:\/\/nahuelproducciones.com.ar\/radioquijano\/"},{"@type":"ListItem","position":2,"name":"Estudiantes primarios de Campo Quijano ser\u00e1n capacitados sobre prevenci\u00f3n de incendios forestales."}]},{"@type":"WebSite","@id":"https:\/\/nahuelproducciones.com.ar\/radioquijano\/#website","url":"https:\/\/nahuelproducciones.com.ar\/radioquijano\/","name":"RQ 99.9","description":"Radio Quijano 99.9 MHz","potentialAction":[{"@type":"SearchAction","target":{"@type":"EntryPoint","urlTemplate":"https:\/\/nahuelproducciones.com.ar\/radioquijano\/?s={search_term_string}"},"query-input":"required name=search_term_string"}],"inLanguage":"es"},{"@type":"Person","@id":"https:\/\/nahuelproducciones.com.ar\/radioquijano\/#\/schema\/person\/e8a4f939e2cb487fe6d0c54042c9d32c","name":"Cecilia Pastrana","image":{"@type":"ImageObject","inLanguage":"es","@id":"https:\/\/nahuelproducciones.com.ar\/radioquijano\/#\/schema\/person\/image\/","url":"https:\/\/secure.gravatar.com\/avatar\/661a3ef63a8488d4f2794ed44af8cf71420f7e106f3072c40125114df5157749?s=96&d=mm&r=g","contentUrl":"https:\/\/secure.gravatar.com\/avatar\/661a3ef63a8488d4f2794ed44af8cf71420f7e106f3072c40125114df5157749?s=96&d=mm&r=g","caption":"Cecilia Pastrana"},"sameAs":["cecy"],"url":"https:\/\/nahuelproducciones.com.ar\/radioquijano\/author\/cecy\/"}]}},"_links":{"self":[{"href":"https:\/\/nahuelproducciones.com.ar\/radioquijano\/wp-json\/wp\/v2\/posts\/5636","targetHints":{"allow":["GET"]}}],"collection":[{"href":"https:\/\/nahuelproducciones.com.ar\/radioquijano\/wp-json\/wp\/v2\/posts"}],"about":[{"href":"https:\/\/nahuelproducciones.com.ar\/radioquijano\/wp-json\/wp\/v2\/types\/post"}],"author":[{"embeddable":true,"href":"https:\/\/nahuelproducciones.com.ar\/radioquijano\/wp-json\/wp\/v2\/users\/8"}],"replies":[{"embeddable":true,"href":"https:\/\/nahuelproducciones.com.ar\/radioquijano\/wp-json\/wp\/v2\/comments?post=5636"}],"version-history":[{"count":2,"href":"https:\/\/nahuelproducciones.com.ar\/radioquijano\/wp-json\/wp\/v2\/posts\/5636\/revisions"}],"predecessor-version":[{"id":5640,"href":"https:\/\/nahuelproducciones.com.ar\/radioquijano\/wp-json\/wp\/v2\/posts\/5636\/revisions\/5640"}],"wp:featuredmedia":[{"embeddable":true,"href":"https:\/\/nahuelproducciones.com.ar\/radioquijano\/wp-json\/wp\/v2\/media\/5637"}],"wp:attachment":[{"href":"https:\/\/nahuelproducciones.com.ar\/radioquijano\/wp-json\/wp\/v2\/media?parent=5636"}],"wp:term":[{"taxonomy":"category","embeddable":true,"href":"https:\/\/nahuelproducciones.com.ar\/radioquijano\/wp-json\/wp\/v2\/categories?post=5636"},{"taxonomy":"post_tag","embeddable":true,"href":"https:\/\/nahuelproducciones.com.ar\/radioquijano\/wp-json\/wp\/v2\/tags?post=5636"}],"curies":[{"name":"wp","href":"https:\/\/api.w.org\/{rel}","templated":true}]}}