{"id":5641,"date":"2023-07-31T23:31:33","date_gmt":"2023-08-01T02:31:33","guid":{"rendered":"https:\/\/nahuelproducciones.com.ar\/radioquijano\/?p=5641"},"modified":"2023-07-31T23:31:34","modified_gmt":"2023-08-01T02:31:34","slug":"aguas-del-norte-realizo-mantenimiento-y-limpieza-de-la-cisterna-el-encon","status":"publish","type":"post","link":"https:\/\/nahuelproducciones.com.ar\/radioquijano\/aguas-del-norte-realizo-mantenimiento-y-limpieza-de-la-cisterna-el-encon\/","title":{"rendered":"Aguas del Norte realiz\u00f3 mantenimiento y limpieza de la cisterna El Enc\u00f3n"},"content":{"rendered":"\n<p>Las tareas se realizaron el fin de semana, dejando en \u00f3ptimas condiciones el m\u00f3dulo dos del dep\u00f3sito de almacenamiento. El servicio no se vio afectado.<\/p>\n\n\n\n<p>Personal de Aguas del Norte de la Divisi\u00f3n Capital realizaron tareas de limpieza y acondicionamiento de la cisterna El Enc\u00f3n. Las tareas de mantenimiento de la fuente de almacenamiento del recurso se llevaron a cabo durante el fin de semana.<\/p>\n\n\n<div class=\"wp-block-image\">\n<figure class=\"aligncenter\"><a href=\"https:\/\/www.salta.gob.ar\/public\/images\/noticias\/contenidos\/8186-tareas-de-mantenimiento.jpeg\"><img decoding=\"async\" src=\"https:\/\/www.salta.gob.ar\/public\/images\/noticias\/contenidos\/8186-tareas-de-mantenimiento.jpeg\" alt=\"Tareas de mantenimiento.\"\/><\/a><\/figure><\/div>\n\n\n<p>Desde el \u00e1rea remarcaron que, aunque las tareas fueron complejas, el servicio no se vio afectado. Explicaron que la cisterna cuenta con dos m\u00f3dulos y los trabajos se llevaron adelante sobre el m\u00f3dulo dos. De este modo se permiti\u00f3 mantener las reservas de agua sobre el m\u00f3dulo uno, brindando el servicio de manera normal en tanto se optimizaba el n\u00famero dos.<\/p>\n\n\n\n<p>Cabe destacar que estas reservas de gran tama\u00f1o almacenan el agua que ya pas\u00f3 por el proceso de potabilizaci\u00f3n y que se encuentra disponible para su distribuci\u00f3n a los usuarios.<\/p>\n\n\n\n<p>Aguas del Norte trabaja en forma permanente sobre estas grandes reservas con el objetivo de preservar la calidad del agua que proviene de la Planta Potabilizadora.<\/p>\n\n\n\n<hr class=\"wp-block-separator has-alpha-channel-opacity\"\/>\n\n\n\n<p>Fuente:&nbsp;<strong>Secretar\u00eda de Prensa y Comunicaci\u00f3n<\/strong><\/p>\n","protected":false},"excerpt":{"rendered":"<p>Las tareas se realizaron el fin de semana, dejando en \u00f3ptimas condiciones el m\u00f3dulo dos del dep\u00f3sito de almacenamiento. El servicio no se vio afectado. Personal de Aguas del Norte de la Divisi\u00f3n Capital realizaron tareas de limpieza y acondicionamiento de la cisterna El Enc\u00f3n. Las tareas de mantenimiento de la fuente de almacenamiento del [&hellip;]<\/p>\n","protected":false},"author":8,"featured_media":5642,"comment_status":"open","ping_status":"open","sticky":false,"template":"","format":"standard","meta":{"_monsterinsights_skip_tracking":false,"_monsterinsights_sitenote_active":false,"_monsterinsights_sitenote_note":"","_monsterinsights_sitenote_category":0,"footnotes":""},"categories":[16],"tags":[789,1188,1190],"class_list":["post-5641","post","type-post","status-publish","format-standard","has-post-thumbnail","hentry","category-noticias","tag-aguas-del-norte","tag-cisterna-el-encon","tag-ministerio-de-infraestructura"],"yoast_head":"<!-- This site is optimized with the Yoast SEO plugin v20.8 - https:\/\/yoast.com\/wordpress\/plugins\/seo\/ -->\n<title>Aguas del Norte realiz\u00f3 mantenimiento y limpieza de la cisterna El Enc\u00f3n - RQ 99.9<\/title>\n<meta name=\"description\" content=\"Las tareas de mantenimiento de la fuente de almacenamiento del recurso se llevaron a cabo durante el fin de semana.\" \/>\n<meta name=\"robots\" content=\"index, follow, max-snippet:-1, max-image-preview:large, max-video-preview:-1\" \/>\n<link rel=\"canonical\" href=\"https:\/\/nahuelproducciones.com.ar\/radioquijano\/aguas-del-norte-realizo-mantenimiento-y-limpieza-de-la-cisterna-el-encon\/\" \/>\n<meta property=\"og:locale\" content=\"es_ES\" \/>\n<meta property=\"og:type\" content=\"article\" \/>\n<meta property=\"og:title\" content=\"Aguas del Norte realiz\u00f3 mantenimiento y limpieza de la cisterna El Enc\u00f3n - RQ 99.9\" \/>\n<meta property=\"og:description\" content=\"Las tareas de mantenimiento de la fuente de almacenamiento del recurso se llevaron a cabo durante el fin de semana.\" \/>\n<meta property=\"og:url\" content=\"https:\/\/nahuelproducciones.com.ar\/radioquijano\/aguas-del-norte-realizo-mantenimiento-y-limpieza-de-la-cisterna-el-encon\/\" \/>\n<meta property=\"og:site_name\" content=\"RQ 99.9\" \/>\n<meta property=\"article:publisher\" content=\"https:\/\/www.facebook.com\/nahuelproducciones999\/\" \/>\n<meta property=\"article:published_time\" content=\"2023-08-01T02:31:33+00:00\" \/>\n<meta property=\"article:modified_time\" content=\"2023-08-01T02:31:34+00:00\" \/>\n<meta property=\"og:image\" content=\"https:\/\/nahuelproducciones.com.ar\/radioquijano\/wp-content\/uploads\/2023\/07\/90945-aguas-del-norte-realizo-mantenimiento-y-limpieza-de-la-cisterna-el-encon-e1690857044359.jpeg\" \/>\n\t<meta property=\"og:image:width\" content=\"700\" \/>\n\t<meta property=\"og:image:height\" content=\"461\" \/>\n\t<meta property=\"og:image:type\" content=\"image\/jpeg\" \/>\n<meta name=\"author\" content=\"Cecilia Pastrana\" \/>\n<meta name=\"twitter:card\" content=\"summary_large_image\" \/>\n<meta name=\"twitter:creator\" content=\"@nahuproduciones\" \/>\n<meta name=\"twitter:site\" content=\"@nahuproduciones\" \/>\n<meta name=\"twitter:label1\" content=\"Escrito por\" \/>\n\t<meta name=\"twitter:data1\" content=\"Cecilia Pastrana\" \/>\n\t<meta name=\"twitter:label2\" content=\"Tiempo de lectura\" \/>\n\t<meta name=\"twitter:data2\" content=\"2 minutos\" \/>\n<script type=\"application\/ld+json\" class=\"yoast-schema-graph\">{\"@context\":\"https:\/\/schema.org\",\"@graph\":[{\"@type\":\"WebPage\",\"@id\":\"https:\/\/nahuelproducciones.com.ar\/radioquijano\/aguas-del-norte-realizo-mantenimiento-y-limpieza-de-la-cisterna-el-encon\/\",\"url\":\"https:\/\/nahuelproducciones.com.ar\/radioquijano\/aguas-del-norte-realizo-mantenimiento-y-limpieza-de-la-cisterna-el-encon\/\",\"name\":\"Aguas del Norte realiz\u00f3 mantenimiento y limpieza de la cisterna El Enc\u00f3n - RQ 99.9\",\"isPartOf\":{\"@id\":\"https:\/\/nahuelproducciones.com.ar\/radioquijano\/#website\"},\"datePublished\":\"2023-08-01T02:31:33+00:00\",\"dateModified\":\"2023-08-01T02:31:34+00:00\",\"author\":{\"@id\":\"https:\/\/nahuelproducciones.com.ar\/radioquijano\/#\/schema\/person\/e8a4f939e2cb487fe6d0c54042c9d32c\"},\"description\":\"Las tareas de mantenimiento de la fuente de almacenamiento del recurso se llevaron a cabo durante el fin de semana.\",\"breadcrumb\":{\"@id\":\"https:\/\/nahuelproducciones.com.ar\/radioquijano\/aguas-del-norte-realizo-mantenimiento-y-limpieza-de-la-cisterna-el-encon\/#breadcrumb\"},\"inLanguage\":\"es\",\"potentialAction\":[{\"@type\":\"ReadAction\",\"target\":[\"https:\/\/nahuelproducciones.com.ar\/radioquijano\/aguas-del-norte-realizo-mantenimiento-y-limpieza-de-la-cisterna-el-encon\/\"]}]},{\"@type\":\"BreadcrumbList\",\"@id\":\"https:\/\/nahuelproducciones.com.ar\/radioquijano\/aguas-del-norte-realizo-mantenimiento-y-limpieza-de-la-cisterna-el-encon\/#breadcrumb\",\"itemListElement\":[{\"@type\":\"ListItem\",\"position\":1,\"name\":\"Portada\",\"item\":\"https:\/\/nahuelproducciones.com.ar\/radioquijano\/\"},{\"@type\":\"ListItem\",\"position\":2,\"name\":\"Aguas del Norte realiz\u00f3 mantenimiento y limpieza de la cisterna El Enc\u00f3n\"}]},{\"@type\":\"WebSite\",\"@id\":\"https:\/\/nahuelproducciones.com.ar\/radioquijano\/#website\",\"url\":\"https:\/\/nahuelproducciones.com.ar\/radioquijano\/\",\"name\":\"RQ 99.9\",\"description\":\"Radio Quijano 99.9 MHz\",\"potentialAction\":[{\"@type\":\"SearchAction\",\"target\":{\"@type\":\"EntryPoint\",\"urlTemplate\":\"https:\/\/nahuelproducciones.com.ar\/radioquijano\/?s={search_term_string}\"},\"query-input\":\"required name=search_term_string\"}],\"inLanguage\":\"es\"},{\"@type\":\"Person\",\"@id\":\"https:\/\/nahuelproducciones.com.ar\/radioquijano\/#\/schema\/person\/e8a4f939e2cb487fe6d0c54042c9d32c\",\"name\":\"Cecilia Pastrana\",\"image\":{\"@type\":\"ImageObject\",\"inLanguage\":\"es\",\"@id\":\"https:\/\/nahuelproducciones.com.ar\/radioquijano\/#\/schema\/person\/image\/\",\"url\":\"https:\/\/secure.gravatar.com\/avatar\/661a3ef63a8488d4f2794ed44af8cf71420f7e106f3072c40125114df5157749?s=96&d=mm&r=g\",\"contentUrl\":\"https:\/\/secure.gravatar.com\/avatar\/661a3ef63a8488d4f2794ed44af8cf71420f7e106f3072c40125114df5157749?s=96&d=mm&r=g\",\"caption\":\"Cecilia Pastrana\"},\"sameAs\":[\"cecy\"],\"url\":\"https:\/\/nahuelproducciones.com.ar\/radioquijano\/author\/cecy\/\"}]}<\/script>\n<!-- \/ Yoast SEO plugin. -->","yoast_head_json":{"title":"Aguas del Norte realiz\u00f3 mantenimiento y limpieza de la cisterna El Enc\u00f3n - RQ 99.9","description":"Las tareas de mantenimiento de la fuente de almacenamiento del recurso se llevaron a cabo durante el fin de semana.","robots":{"index":"index","follow":"follow","max-snippet":"max-snippet:-1","max-image-preview":"max-image-preview:large","max-video-preview":"max-video-preview:-1"},"canonical":"https:\/\/nahuelproducciones.com.ar\/radioquijano\/aguas-del-norte-realizo-mantenimiento-y-limpieza-de-la-cisterna-el-encon\/","og_locale":"es_ES","og_type":"article","og_title":"Aguas del Norte realiz\u00f3 mantenimiento y limpieza de la cisterna El Enc\u00f3n - RQ 99.9","og_description":"Las tareas de mantenimiento de la fuente de almacenamiento del recurso se llevaron a cabo durante el fin de semana.","og_url":"https:\/\/nahuelproducciones.com.ar\/radioquijano\/aguas-del-norte-realizo-mantenimiento-y-limpieza-de-la-cisterna-el-encon\/","og_site_name":"RQ 99.9","article_publisher":"https:\/\/www.facebook.com\/nahuelproducciones999\/","article_published_time":"2023-08-01T02:31:33+00:00","article_modified_time":"2023-08-01T02:31:34+00:00","og_image":[{"width":700,"height":461,"url":"https:\/\/nahuelproducciones.com.ar\/radioquijano\/wp-content\/uploads\/2023\/07\/90945-aguas-del-norte-realizo-mantenimiento-y-limpieza-de-la-cisterna-el-encon-e1690857044359.jpeg","type":"image\/jpeg"}],"author":"Cecilia Pastrana","twitter_card":"summary_large_image","twitter_creator":"@nahuproduciones","twitter_site":"@nahuproduciones","twitter_misc":{"Escrito por":"Cecilia Pastrana","Tiempo de lectura":"2 minutos"},"schema":{"@context":"https:\/\/schema.org","@graph":[{"@type":"WebPage","@id":"https:\/\/nahuelproducciones.com.ar\/radioquijano\/aguas-del-norte-realizo-mantenimiento-y-limpieza-de-la-cisterna-el-encon\/","url":"https:\/\/nahuelproducciones.com.ar\/radioquijano\/aguas-del-norte-realizo-mantenimiento-y-limpieza-de-la-cisterna-el-encon\/","name":"Aguas del Norte realiz\u00f3 mantenimiento y limpieza de la cisterna El Enc\u00f3n - RQ 99.9","isPartOf":{"@id":"https:\/\/nahuelproducciones.com.ar\/radioquijano\/#website"},"datePublished":"2023-08-01T02:31:33+00:00","dateModified":"2023-08-01T02:31:34+00:00","author":{"@id":"https:\/\/nahuelproducciones.com.ar\/radioquijano\/#\/schema\/person\/e8a4f939e2cb487fe6d0c54042c9d32c"},"description":"Las tareas de mantenimiento de la fuente de almacenamiento del recurso se llevaron a cabo durante el fin de semana.","breadcrumb":{"@id":"https:\/\/nahuelproducciones.com.ar\/radioquijano\/aguas-del-norte-realizo-mantenimiento-y-limpieza-de-la-cisterna-el-encon\/#breadcrumb"},"inLanguage":"es","potentialAction":[{"@type":"ReadAction","target":["https:\/\/nahuelproducciones.com.ar\/radioquijano\/aguas-del-norte-realizo-mantenimiento-y-limpieza-de-la-cisterna-el-encon\/"]}]},{"@type":"BreadcrumbList","@id":"https:\/\/nahuelproducciones.com.ar\/radioquijano\/aguas-del-norte-realizo-mantenimiento-y-limpieza-de-la-cisterna-el-encon\/#breadcrumb","itemListElement":[{"@type":"ListItem","position":1,"name":"Portada","item":"https:\/\/nahuelproducciones.com.ar\/radioquijano\/"},{"@type":"ListItem","position":2,"name":"Aguas del Norte realiz\u00f3 mantenimiento y limpieza de la cisterna El Enc\u00f3n"}]},{"@type":"WebSite","@id":"https:\/\/nahuelproducciones.com.ar\/radioquijano\/#website","url":"https:\/\/nahuelproducciones.com.ar\/radioquijano\/","name":"RQ 99.9","description":"Radio Quijano 99.9 MHz","potentialAction":[{"@type":"SearchAction","target":{"@type":"EntryPoint","urlTemplate":"https:\/\/nahuelproducciones.com.ar\/radioquijano\/?s={search_term_string}"},"query-input":"required name=search_term_string"}],"inLanguage":"es"},{"@type":"Person","@id":"https:\/\/nahuelproducciones.com.ar\/radioquijano\/#\/schema\/person\/e8a4f939e2cb487fe6d0c54042c9d32c","name":"Cecilia Pastrana","image":{"@type":"ImageObject","inLanguage":"es","@id":"https:\/\/nahuelproducciones.com.ar\/radioquijano\/#\/schema\/person\/image\/","url":"https:\/\/secure.gravatar.com\/avatar\/661a3ef63a8488d4f2794ed44af8cf71420f7e106f3072c40125114df5157749?s=96&d=mm&r=g","contentUrl":"https:\/\/secure.gravatar.com\/avatar\/661a3ef63a8488d4f2794ed44af8cf71420f7e106f3072c40125114df5157749?s=96&d=mm&r=g","caption":"Cecilia Pastrana"},"sameAs":["cecy"],"url":"https:\/\/nahuelproducciones.com.ar\/radioquijano\/author\/cecy\/"}]}},"_links":{"self":[{"href":"https:\/\/nahuelproducciones.com.ar\/radioquijano\/wp-json\/wp\/v2\/posts\/5641","targetHints":{"allow":["GET"]}}],"collection":[{"href":"https:\/\/nahuelproducciones.com.ar\/radioquijano\/wp-json\/wp\/v2\/posts"}],"about":[{"href":"https:\/\/nahuelproducciones.com.ar\/radioquijano\/wp-json\/wp\/v2\/types\/post"}],"author":[{"embeddable":true,"href":"https:\/\/nahuelproducciones.com.ar\/radioquijano\/wp-json\/wp\/v2\/users\/8"}],"replies":[{"embeddable":true,"href":"https:\/\/nahuelproducciones.com.ar\/radioquijano\/wp-json\/wp\/v2\/comments?post=5641"}],"version-history":[{"count":1,"href":"https:\/\/nahuelproducciones.com.ar\/radioquijano\/wp-json\/wp\/v2\/posts\/5641\/revisions"}],"predecessor-version":[{"id":5643,"href":"https:\/\/nahuelproducciones.com.ar\/radioquijano\/wp-json\/wp\/v2\/posts\/5641\/revisions\/5643"}],"wp:featuredmedia":[{"embeddable":true,"href":"https:\/\/nahuelproducciones.com.ar\/radioquijano\/wp-json\/wp\/v2\/media\/5642"}],"wp:attachment":[{"href":"https:\/\/nahuelproducciones.com.ar\/radioquijano\/wp-json\/wp\/v2\/media?parent=5641"}],"wp:term":[{"taxonomy":"category","embeddable":true,"href":"https:\/\/nahuelproducciones.com.ar\/radioquijano\/wp-json\/wp\/v2\/categories?post=5641"},{"taxonomy":"post_tag","embeddable":true,"href":"https:\/\/nahuelproducciones.com.ar\/radioquijano\/wp-json\/wp\/v2\/tags?post=5641"}],"curies":[{"name":"wp","href":"https:\/\/api.w.org\/{rel}","templated":true}]}}