{"id":5648,"date":"2023-08-02T00:15:52","date_gmt":"2023-08-02T03:15:52","guid":{"rendered":"https:\/\/nahuelproducciones.com.ar\/radioquijano\/?p=5648"},"modified":"2023-08-02T00:16:00","modified_gmt":"2023-08-02T03:16:00","slug":"semana-mundial-de-la-lactancia-materna-en-campo-quijano","status":"publish","type":"post","link":"https:\/\/nahuelproducciones.com.ar\/radioquijano\/semana-mundial-de-la-lactancia-materna-en-campo-quijano\/","title":{"rendered":"Semana Mundial de la Lactancia Materna en Campo Quijano."},"content":{"rendered":"\n<p>La Semana Mundial de la Lactancia Materna se celebra la primera semana de agosto de cada a\u00f1o, con el apoyo de la OMS, UNICEF y muchos Ministerios de Sanidad y socios de la sociedad civil.<\/p>\n\n\n\n<p>El tema de este a\u00f1o se centrar\u00e1 en la lactancia materna y el trabajo, brindando una oportunidad estrat\u00e9gica para defender los derechos esenciales de la maternidad que apoyan la lactancia materna.<\/p>\n\n\n\n<p>El enfermero Miguel Cachambe, supervisor de Agentes Sanitarios del Hospital Dr. Fco Herrera visito los estudios de RQ99.9Mhz junto Fernanda y Cintia para contar como ser\u00e1 en Campo Quijano, la semana de la Lactancia materna.<\/p>\n\n\n\n<p>Con el lema<strong>\u00a0\u00ab\u00a1Hagamos que la lactancia materna y el trabajo funcionen!\u00bb<\/strong>\u00a0 comenz\u00f3 a celebrarse la\u00a0<strong>Semana Mundial de la Lactancia 2023<\/strong>, que  se extiende\u00a0<strong>desde hoy, 1 de agosto, hasta el lunes 7.<\/strong><\/p>\n\n\n\n<p>El mi\u00e9rcoles 2 de agosto en Plaza Mart\u00edn Fierro estar\u00e1n asesorando en el horario de 9:00hs a 12:00 hs y est\u00e1n todos invitados a concurrir.<\/p>\n\n\n\n<p>Se dedicar\u00e1 esta semana para defender las mejores pr\u00e1cticas para el apoyo a la lactancia materna. Se llevar\u00e1 a  cabo una serie de actividades y charlas para concientizar sobre la tem\u00e1tica y mejorar la salud de los lactantes .<\/p>\n\n\n\n<p>Escucha la entrevista:<\/p>\n\n\n\n<figure class=\"wp-block-audio\"><audio controls src=\"https:\/\/nahuelproducciones.com.ar\/radioquijano\/wp-content\/uploads\/2023\/08\/1-08-2023-SEMANA-DE-LA-LACTANCI-MATERNA-SUPERVISOR-DE-AGENTES-SANITARIOS-ENFERMERO-CACHAMBE-Y-AGENTES-FERNANDA-Y-CINTIA.mp3\"><\/audio><\/figure>\n","protected":false},"excerpt":{"rendered":"<p>La Semana Mundial de la Lactancia Materna se celebra la primera semana de agosto de cada a\u00f1o, con el apoyo de la OMS, UNICEF y muchos Ministerios de Sanidad y socios de la sociedad civil. El tema de este a\u00f1o se centrar\u00e1 en la lactancia materna y el trabajo, brindando una oportunidad estrat\u00e9gica para defender [&hellip;]<\/p>\n","protected":false},"author":8,"featured_media":5650,"comment_status":"open","ping_status":"open","sticky":false,"template":"","format":"standard","meta":{"_monsterinsights_skip_tracking":false,"_monsterinsights_sitenote_active":false,"_monsterinsights_sitenote_note":"","_monsterinsights_sitenote_category":0,"footnotes":""},"categories":[16],"tags":[471,100,1193],"class_list":["post-5648","post","type-post","status-publish","format-standard","has-post-thumbnail","hentry","category-noticias","tag-hospital-dr-francisco-herrera-2","tag-municipio-de-campo-quijano","tag-semana-mundial-de-la-lactancia-materna"],"yoast_head":"<!-- This site is optimized with the Yoast SEO plugin v20.8 - https:\/\/yoast.com\/wordpress\/plugins\/seo\/ -->\n<title>Semana Mundial de la Lactancia Materna en Campo Quijano. - RQ 99.9<\/title>\n<meta name=\"description\" content=\"El mi\u00e9rcoles 2 de agosto en Plaza Mart\u00edn Fierro estar\u00e1n asesorando en el horario de 9:00hs a 12:00 hs y est\u00e1n todos invitados a concurrir.\" \/>\n<meta name=\"robots\" content=\"index, follow, max-snippet:-1, max-image-preview:large, max-video-preview:-1\" \/>\n<link rel=\"canonical\" href=\"https:\/\/nahuelproducciones.com.ar\/radioquijano\/semana-mundial-de-la-lactancia-materna-en-campo-quijano\/\" \/>\n<meta property=\"og:locale\" content=\"es_ES\" \/>\n<meta property=\"og:type\" content=\"article\" \/>\n<meta property=\"og:title\" content=\"Semana Mundial de la Lactancia Materna en Campo Quijano. - RQ 99.9\" \/>\n<meta property=\"og:description\" content=\"El mi\u00e9rcoles 2 de agosto en Plaza Mart\u00edn Fierro estar\u00e1n asesorando en el horario de 9:00hs a 12:00 hs y est\u00e1n todos invitados a concurrir.\" \/>\n<meta property=\"og:url\" content=\"https:\/\/nahuelproducciones.com.ar\/radioquijano\/semana-mundial-de-la-lactancia-materna-en-campo-quijano\/\" \/>\n<meta property=\"og:site_name\" content=\"RQ 99.9\" \/>\n<meta property=\"article:publisher\" content=\"https:\/\/www.facebook.com\/nahuelproducciones999\/\" \/>\n<meta property=\"article:published_time\" content=\"2023-08-02T03:15:52+00:00\" \/>\n<meta property=\"article:modified_time\" content=\"2023-08-02T03:16:00+00:00\" \/>\n<meta property=\"og:image\" content=\"https:\/\/nahuelproducciones.com.ar\/radioquijano\/wp-content\/uploads\/2023\/08\/WhatsApp-Image-2023-08-02-at-12.12.38-AM-e1690946126641.jpeg\" \/>\n\t<meta property=\"og:image:width\" content=\"700\" \/>\n\t<meta property=\"og:image:height\" content=\"322\" \/>\n\t<meta property=\"og:image:type\" content=\"image\/jpeg\" \/>\n<meta name=\"author\" content=\"Cecilia Pastrana\" \/>\n<meta name=\"twitter:card\" content=\"summary_large_image\" \/>\n<meta name=\"twitter:creator\" content=\"@nahuproduciones\" \/>\n<meta name=\"twitter:site\" content=\"@nahuproduciones\" \/>\n<meta name=\"twitter:label1\" content=\"Escrito por\" \/>\n\t<meta name=\"twitter:data1\" content=\"Cecilia Pastrana\" \/>\n\t<meta name=\"twitter:label2\" content=\"Tiempo de lectura\" \/>\n\t<meta name=\"twitter:data2\" content=\"1 minuto\" \/>\n<script type=\"application\/ld+json\" class=\"yoast-schema-graph\">{\"@context\":\"https:\/\/schema.org\",\"@graph\":[{\"@type\":\"WebPage\",\"@id\":\"https:\/\/nahuelproducciones.com.ar\/radioquijano\/semana-mundial-de-la-lactancia-materna-en-campo-quijano\/\",\"url\":\"https:\/\/nahuelproducciones.com.ar\/radioquijano\/semana-mundial-de-la-lactancia-materna-en-campo-quijano\/\",\"name\":\"Semana Mundial de la Lactancia Materna en Campo Quijano. - RQ 99.9\",\"isPartOf\":{\"@id\":\"https:\/\/nahuelproducciones.com.ar\/radioquijano\/#website\"},\"datePublished\":\"2023-08-02T03:15:52+00:00\",\"dateModified\":\"2023-08-02T03:16:00+00:00\",\"author\":{\"@id\":\"https:\/\/nahuelproducciones.com.ar\/radioquijano\/#\/schema\/person\/e8a4f939e2cb487fe6d0c54042c9d32c\"},\"description\":\"El mi\u00e9rcoles 2 de agosto en Plaza Mart\u00edn Fierro estar\u00e1n asesorando en el horario de 9:00hs a 12:00 hs y est\u00e1n todos invitados a concurrir.\",\"breadcrumb\":{\"@id\":\"https:\/\/nahuelproducciones.com.ar\/radioquijano\/semana-mundial-de-la-lactancia-materna-en-campo-quijano\/#breadcrumb\"},\"inLanguage\":\"es\",\"potentialAction\":[{\"@type\":\"ReadAction\",\"target\":[\"https:\/\/nahuelproducciones.com.ar\/radioquijano\/semana-mundial-de-la-lactancia-materna-en-campo-quijano\/\"]}]},{\"@type\":\"BreadcrumbList\",\"@id\":\"https:\/\/nahuelproducciones.com.ar\/radioquijano\/semana-mundial-de-la-lactancia-materna-en-campo-quijano\/#breadcrumb\",\"itemListElement\":[{\"@type\":\"ListItem\",\"position\":1,\"name\":\"Portada\",\"item\":\"https:\/\/nahuelproducciones.com.ar\/radioquijano\/\"},{\"@type\":\"ListItem\",\"position\":2,\"name\":\"Semana Mundial de la Lactancia Materna en Campo Quijano.\"}]},{\"@type\":\"WebSite\",\"@id\":\"https:\/\/nahuelproducciones.com.ar\/radioquijano\/#website\",\"url\":\"https:\/\/nahuelproducciones.com.ar\/radioquijano\/\",\"name\":\"RQ 99.9\",\"description\":\"Radio Quijano 99.9 MHz\",\"potentialAction\":[{\"@type\":\"SearchAction\",\"target\":{\"@type\":\"EntryPoint\",\"urlTemplate\":\"https:\/\/nahuelproducciones.com.ar\/radioquijano\/?s={search_term_string}\"},\"query-input\":\"required name=search_term_string\"}],\"inLanguage\":\"es\"},{\"@type\":\"Person\",\"@id\":\"https:\/\/nahuelproducciones.com.ar\/radioquijano\/#\/schema\/person\/e8a4f939e2cb487fe6d0c54042c9d32c\",\"name\":\"Cecilia Pastrana\",\"image\":{\"@type\":\"ImageObject\",\"inLanguage\":\"es\",\"@id\":\"https:\/\/nahuelproducciones.com.ar\/radioquijano\/#\/schema\/person\/image\/\",\"url\":\"https:\/\/secure.gravatar.com\/avatar\/661a3ef63a8488d4f2794ed44af8cf71420f7e106f3072c40125114df5157749?s=96&d=mm&r=g\",\"contentUrl\":\"https:\/\/secure.gravatar.com\/avatar\/661a3ef63a8488d4f2794ed44af8cf71420f7e106f3072c40125114df5157749?s=96&d=mm&r=g\",\"caption\":\"Cecilia Pastrana\"},\"sameAs\":[\"cecy\"],\"url\":\"https:\/\/nahuelproducciones.com.ar\/radioquijano\/author\/cecy\/\"}]}<\/script>\n<!-- \/ Yoast SEO plugin. -->","yoast_head_json":{"title":"Semana Mundial de la Lactancia Materna en Campo Quijano. - RQ 99.9","description":"El mi\u00e9rcoles 2 de agosto en Plaza Mart\u00edn Fierro estar\u00e1n asesorando en el horario de 9:00hs a 12:00 hs y est\u00e1n todos invitados a concurrir.","robots":{"index":"index","follow":"follow","max-snippet":"max-snippet:-1","max-image-preview":"max-image-preview:large","max-video-preview":"max-video-preview:-1"},"canonical":"https:\/\/nahuelproducciones.com.ar\/radioquijano\/semana-mundial-de-la-lactancia-materna-en-campo-quijano\/","og_locale":"es_ES","og_type":"article","og_title":"Semana Mundial de la Lactancia Materna en Campo Quijano. - RQ 99.9","og_description":"El mi\u00e9rcoles 2 de agosto en Plaza Mart\u00edn Fierro estar\u00e1n asesorando en el horario de 9:00hs a 12:00 hs y est\u00e1n todos invitados a concurrir.","og_url":"https:\/\/nahuelproducciones.com.ar\/radioquijano\/semana-mundial-de-la-lactancia-materna-en-campo-quijano\/","og_site_name":"RQ 99.9","article_publisher":"https:\/\/www.facebook.com\/nahuelproducciones999\/","article_published_time":"2023-08-02T03:15:52+00:00","article_modified_time":"2023-08-02T03:16:00+00:00","og_image":[{"width":700,"height":322,"url":"https:\/\/nahuelproducciones.com.ar\/radioquijano\/wp-content\/uploads\/2023\/08\/WhatsApp-Image-2023-08-02-at-12.12.38-AM-e1690946126641.jpeg","type":"image\/jpeg"}],"author":"Cecilia Pastrana","twitter_card":"summary_large_image","twitter_creator":"@nahuproduciones","twitter_site":"@nahuproduciones","twitter_misc":{"Escrito por":"Cecilia Pastrana","Tiempo de lectura":"1 minuto"},"schema":{"@context":"https:\/\/schema.org","@graph":[{"@type":"WebPage","@id":"https:\/\/nahuelproducciones.com.ar\/radioquijano\/semana-mundial-de-la-lactancia-materna-en-campo-quijano\/","url":"https:\/\/nahuelproducciones.com.ar\/radioquijano\/semana-mundial-de-la-lactancia-materna-en-campo-quijano\/","name":"Semana Mundial de la Lactancia Materna en Campo Quijano. - RQ 99.9","isPartOf":{"@id":"https:\/\/nahuelproducciones.com.ar\/radioquijano\/#website"},"datePublished":"2023-08-02T03:15:52+00:00","dateModified":"2023-08-02T03:16:00+00:00","author":{"@id":"https:\/\/nahuelproducciones.com.ar\/radioquijano\/#\/schema\/person\/e8a4f939e2cb487fe6d0c54042c9d32c"},"description":"El mi\u00e9rcoles 2 de agosto en Plaza Mart\u00edn Fierro estar\u00e1n asesorando en el horario de 9:00hs a 12:00 hs y est\u00e1n todos invitados a concurrir.","breadcrumb":{"@id":"https:\/\/nahuelproducciones.com.ar\/radioquijano\/semana-mundial-de-la-lactancia-materna-en-campo-quijano\/#breadcrumb"},"inLanguage":"es","potentialAction":[{"@type":"ReadAction","target":["https:\/\/nahuelproducciones.com.ar\/radioquijano\/semana-mundial-de-la-lactancia-materna-en-campo-quijano\/"]}]},{"@type":"BreadcrumbList","@id":"https:\/\/nahuelproducciones.com.ar\/radioquijano\/semana-mundial-de-la-lactancia-materna-en-campo-quijano\/#breadcrumb","itemListElement":[{"@type":"ListItem","position":1,"name":"Portada","item":"https:\/\/nahuelproducciones.com.ar\/radioquijano\/"},{"@type":"ListItem","position":2,"name":"Semana Mundial de la Lactancia Materna en Campo Quijano."}]},{"@type":"WebSite","@id":"https:\/\/nahuelproducciones.com.ar\/radioquijano\/#website","url":"https:\/\/nahuelproducciones.com.ar\/radioquijano\/","name":"RQ 99.9","description":"Radio Quijano 99.9 MHz","potentialAction":[{"@type":"SearchAction","target":{"@type":"EntryPoint","urlTemplate":"https:\/\/nahuelproducciones.com.ar\/radioquijano\/?s={search_term_string}"},"query-input":"required name=search_term_string"}],"inLanguage":"es"},{"@type":"Person","@id":"https:\/\/nahuelproducciones.com.ar\/radioquijano\/#\/schema\/person\/e8a4f939e2cb487fe6d0c54042c9d32c","name":"Cecilia Pastrana","image":{"@type":"ImageObject","inLanguage":"es","@id":"https:\/\/nahuelproducciones.com.ar\/radioquijano\/#\/schema\/person\/image\/","url":"https:\/\/secure.gravatar.com\/avatar\/661a3ef63a8488d4f2794ed44af8cf71420f7e106f3072c40125114df5157749?s=96&d=mm&r=g","contentUrl":"https:\/\/secure.gravatar.com\/avatar\/661a3ef63a8488d4f2794ed44af8cf71420f7e106f3072c40125114df5157749?s=96&d=mm&r=g","caption":"Cecilia Pastrana"},"sameAs":["cecy"],"url":"https:\/\/nahuelproducciones.com.ar\/radioquijano\/author\/cecy\/"}]}},"_links":{"self":[{"href":"https:\/\/nahuelproducciones.com.ar\/radioquijano\/wp-json\/wp\/v2\/posts\/5648","targetHints":{"allow":["GET"]}}],"collection":[{"href":"https:\/\/nahuelproducciones.com.ar\/radioquijano\/wp-json\/wp\/v2\/posts"}],"about":[{"href":"https:\/\/nahuelproducciones.com.ar\/radioquijano\/wp-json\/wp\/v2\/types\/post"}],"author":[{"embeddable":true,"href":"https:\/\/nahuelproducciones.com.ar\/radioquijano\/wp-json\/wp\/v2\/users\/8"}],"replies":[{"embeddable":true,"href":"https:\/\/nahuelproducciones.com.ar\/radioquijano\/wp-json\/wp\/v2\/comments?post=5648"}],"version-history":[{"count":1,"href":"https:\/\/nahuelproducciones.com.ar\/radioquijano\/wp-json\/wp\/v2\/posts\/5648\/revisions"}],"predecessor-version":[{"id":5651,"href":"https:\/\/nahuelproducciones.com.ar\/radioquijano\/wp-json\/wp\/v2\/posts\/5648\/revisions\/5651"}],"wp:featuredmedia":[{"embeddable":true,"href":"https:\/\/nahuelproducciones.com.ar\/radioquijano\/wp-json\/wp\/v2\/media\/5650"}],"wp:attachment":[{"href":"https:\/\/nahuelproducciones.com.ar\/radioquijano\/wp-json\/wp\/v2\/media?parent=5648"}],"wp:term":[{"taxonomy":"category","embeddable":true,"href":"https:\/\/nahuelproducciones.com.ar\/radioquijano\/wp-json\/wp\/v2\/categories?post=5648"},{"taxonomy":"post_tag","embeddable":true,"href":"https:\/\/nahuelproducciones.com.ar\/radioquijano\/wp-json\/wp\/v2\/tags?post=5648"}],"curies":[{"name":"wp","href":"https:\/\/api.w.org\/{rel}","templated":true}]}}