{"id":5652,"date":"2023-08-02T00:42:11","date_gmt":"2023-08-02T03:42:11","guid":{"rendered":"https:\/\/nahuelproducciones.com.ar\/radioquijano\/?p=5652"},"modified":"2023-08-02T00:42:14","modified_gmt":"2023-08-02T03:42:14","slug":"etiquetado-frontal-en-las-galletas","status":"publish","type":"post","link":"https:\/\/nahuelproducciones.com.ar\/radioquijano\/etiquetado-frontal-en-las-galletas\/","title":{"rendered":"Etiquetado Frontal en las galletas."},"content":{"rendered":"\n<p>Alumnas de la carrera de Nutricion de la UNSA y Servicio de Nutricion del Hospital Dr. Francisco Herrera visitaron los estudios de RQ99.9Mhz e invitaron a conocer la \u00abLEY DE PROMOCI\u00d3N DE ALIMENTACI\u00d3N SALUDABLES\u00bb.<\/p>\n\n\n\n<p>Natalia Bay\u00f3n, Carolina Martinez dijeron que en las g\u00f3ndolas ya comenzaron a verse los sellos de la\u00a0Ley de Etiquetado Frontal y  cambiaron  con la puesta en marcha de la ley.<\/p>\n\n\n\n<p>Las estudiantes en nutrici\u00f3n intercambiaron conocimiento con los oyentes, respondieron consultas y lograron comunicar bien qu\u00e9 significan los oct\u00f3gonos, su importancia y que la poblaci\u00f3n lo entienda para que sirve.<\/p>\n\n\n\n<p>Todos los mi\u00e9rcoles a las 11:00 hs los esperan en la sintonia, 99.9Mhz para sacarles dudas y para que puedan participar de los sorteos , enviando fotos de los productos que tienen oct\u00f3gonos en sus frente.<\/p>\n\n\n\n<p>Escucha la entrevista:<\/p>\n\n\n\n<figure class=\"wp-block-audio\"><audio controls src=\"https:\/\/nahuelproducciones.com.ar\/radioquijano\/wp-content\/uploads\/2023\/08\/26-07-2023-CAROLINA-MARTINEZ-Y-NATALIA-BAYON-TEMA-OCTOGONALES-LEY.mp3\"><\/audio><\/figure>\n\n\n<div class=\"wp-block-image\">\n<figure class=\"aligncenter size-full is-resized\"><img loading=\"lazy\" decoding=\"async\" src=\"https:\/\/nahuelproducciones.com.ar\/radioquijano\/wp-content\/uploads\/2023\/08\/20230423-Etiquetado-de-alimentos-Telam-1024x683-1.jpg\" alt=\"\" class=\"wp-image-5655\" width=\"491\" height=\"327\" srcset=\"https:\/\/nahuelproducciones.com.ar\/radioquijano\/wp-content\/uploads\/2023\/08\/20230423-Etiquetado-de-alimentos-Telam-1024x683-1.jpg 1024w, https:\/\/nahuelproducciones.com.ar\/radioquijano\/wp-content\/uploads\/2023\/08\/20230423-Etiquetado-de-alimentos-Telam-1024x683-1-300x200.jpg 300w, https:\/\/nahuelproducciones.com.ar\/radioquijano\/wp-content\/uploads\/2023\/08\/20230423-Etiquetado-de-alimentos-Telam-1024x683-1-768x512.jpg 768w, https:\/\/nahuelproducciones.com.ar\/radioquijano\/wp-content\/uploads\/2023\/08\/20230423-Etiquetado-de-alimentos-Telam-1024x683-1-150x100.jpg 150w\" sizes=\"auto, (max-width: 491px) 100vw, 491px\" \/><\/figure><\/div>","protected":false},"excerpt":{"rendered":"<p>Alumnas de la carrera de Nutricion de la UNSA y Servicio de Nutricion del Hospital Dr. Francisco Herrera visitaron los estudios de RQ99.9Mhz e invitaron a conocer la \u00abLEY DE PROMOCI\u00d3N DE ALIMENTACI\u00d3N SALUDABLES\u00bb. Natalia Bay\u00f3n, Carolina Martinez dijeron que en las g\u00f3ndolas ya comenzaron a verse los sellos de la\u00a0Ley de Etiquetado Frontal y [&hellip;]<\/p>\n","protected":false},"author":8,"featured_media":5654,"comment_status":"open","ping_status":"open","sticky":false,"template":"","format":"standard","meta":{"_monsterinsights_skip_tracking":false,"_monsterinsights_sitenote_active":false,"_monsterinsights_sitenote_note":"","_monsterinsights_sitenote_category":0,"footnotes":""},"categories":[16],"tags":[1194,374,100,1195,457],"class_list":["post-5652","post","type-post","status-publish","format-standard","has-post-thumbnail","hentry","category-noticias","tag-ley-de-promocion-de-alimentacion-saludables","tag-hospital-dr-francisco-herrera","tag-municipio-de-campo-quijano","tag-octogonos","tag-taller-de-educacion-alimentaria-y-nutricional"],"yoast_head":"<!-- This site is optimized with the Yoast SEO plugin v20.8 - https:\/\/yoast.com\/wordpress\/plugins\/seo\/ -->\n<title>Etiquetado Frontal en las galletas. - RQ 99.9<\/title>\n<meta name=\"description\" content=\"Todos los mi\u00e9rcoles a las 11:00 hs los esperan en la sintonia, 99.9Mhz.\" \/>\n<meta name=\"robots\" content=\"index, follow, max-snippet:-1, max-image-preview:large, max-video-preview:-1\" \/>\n<link rel=\"canonical\" href=\"https:\/\/nahuelproducciones.com.ar\/radioquijano\/etiquetado-frontal-en-las-galletas\/\" \/>\n<meta property=\"og:locale\" content=\"es_ES\" \/>\n<meta property=\"og:type\" content=\"article\" \/>\n<meta property=\"og:title\" content=\"Etiquetado Frontal en las galletas. - RQ 99.9\" \/>\n<meta property=\"og:description\" content=\"Todos los mi\u00e9rcoles a las 11:00 hs los esperan en la sintonia, 99.9Mhz.\" \/>\n<meta property=\"og:url\" content=\"https:\/\/nahuelproducciones.com.ar\/radioquijano\/etiquetado-frontal-en-las-galletas\/\" \/>\n<meta property=\"og:site_name\" content=\"RQ 99.9\" \/>\n<meta property=\"article:publisher\" content=\"https:\/\/www.facebook.com\/nahuelproducciones999\/\" \/>\n<meta property=\"article:published_time\" content=\"2023-08-02T03:42:11+00:00\" \/>\n<meta property=\"article:modified_time\" content=\"2023-08-02T03:42:14+00:00\" \/>\n<meta property=\"og:image\" content=\"https:\/\/nahuelproducciones.com.ar\/radioquijano\/wp-content\/uploads\/2023\/08\/WhatsApp-Image-2023-08-02-at-12.37.24-AM-e1690947699770.jpeg\" \/>\n\t<meta property=\"og:image:width\" content=\"700\" \/>\n\t<meta property=\"og:image:height\" content=\"483\" \/>\n\t<meta property=\"og:image:type\" content=\"image\/jpeg\" \/>\n<meta name=\"author\" content=\"Cecilia Pastrana\" \/>\n<meta name=\"twitter:card\" content=\"summary_large_image\" \/>\n<meta name=\"twitter:creator\" content=\"@nahuproduciones\" \/>\n<meta name=\"twitter:site\" content=\"@nahuproduciones\" \/>\n<meta name=\"twitter:label1\" content=\"Escrito por\" \/>\n\t<meta name=\"twitter:data1\" content=\"Cecilia Pastrana\" \/>\n\t<meta name=\"twitter:label2\" content=\"Tiempo de lectura\" \/>\n\t<meta name=\"twitter:data2\" content=\"1 minuto\" \/>\n<script type=\"application\/ld+json\" class=\"yoast-schema-graph\">{\"@context\":\"https:\/\/schema.org\",\"@graph\":[{\"@type\":\"WebPage\",\"@id\":\"https:\/\/nahuelproducciones.com.ar\/radioquijano\/etiquetado-frontal-en-las-galletas\/\",\"url\":\"https:\/\/nahuelproducciones.com.ar\/radioquijano\/etiquetado-frontal-en-las-galletas\/\",\"name\":\"Etiquetado Frontal en las galletas. - RQ 99.9\",\"isPartOf\":{\"@id\":\"https:\/\/nahuelproducciones.com.ar\/radioquijano\/#website\"},\"datePublished\":\"2023-08-02T03:42:11+00:00\",\"dateModified\":\"2023-08-02T03:42:14+00:00\",\"author\":{\"@id\":\"https:\/\/nahuelproducciones.com.ar\/radioquijano\/#\/schema\/person\/e8a4f939e2cb487fe6d0c54042c9d32c\"},\"description\":\"Todos los mi\u00e9rcoles a las 11:00 hs los esperan en la sintonia, 99.9Mhz.\",\"breadcrumb\":{\"@id\":\"https:\/\/nahuelproducciones.com.ar\/radioquijano\/etiquetado-frontal-en-las-galletas\/#breadcrumb\"},\"inLanguage\":\"es\",\"potentialAction\":[{\"@type\":\"ReadAction\",\"target\":[\"https:\/\/nahuelproducciones.com.ar\/radioquijano\/etiquetado-frontal-en-las-galletas\/\"]}]},{\"@type\":\"BreadcrumbList\",\"@id\":\"https:\/\/nahuelproducciones.com.ar\/radioquijano\/etiquetado-frontal-en-las-galletas\/#breadcrumb\",\"itemListElement\":[{\"@type\":\"ListItem\",\"position\":1,\"name\":\"Portada\",\"item\":\"https:\/\/nahuelproducciones.com.ar\/radioquijano\/\"},{\"@type\":\"ListItem\",\"position\":2,\"name\":\"Etiquetado Frontal en las galletas.\"}]},{\"@type\":\"WebSite\",\"@id\":\"https:\/\/nahuelproducciones.com.ar\/radioquijano\/#website\",\"url\":\"https:\/\/nahuelproducciones.com.ar\/radioquijano\/\",\"name\":\"RQ 99.9\",\"description\":\"Radio Quijano 99.9 MHz\",\"potentialAction\":[{\"@type\":\"SearchAction\",\"target\":{\"@type\":\"EntryPoint\",\"urlTemplate\":\"https:\/\/nahuelproducciones.com.ar\/radioquijano\/?s={search_term_string}\"},\"query-input\":\"required name=search_term_string\"}],\"inLanguage\":\"es\"},{\"@type\":\"Person\",\"@id\":\"https:\/\/nahuelproducciones.com.ar\/radioquijano\/#\/schema\/person\/e8a4f939e2cb487fe6d0c54042c9d32c\",\"name\":\"Cecilia Pastrana\",\"image\":{\"@type\":\"ImageObject\",\"inLanguage\":\"es\",\"@id\":\"https:\/\/nahuelproducciones.com.ar\/radioquijano\/#\/schema\/person\/image\/\",\"url\":\"https:\/\/secure.gravatar.com\/avatar\/661a3ef63a8488d4f2794ed44af8cf71420f7e106f3072c40125114df5157749?s=96&d=mm&r=g\",\"contentUrl\":\"https:\/\/secure.gravatar.com\/avatar\/661a3ef63a8488d4f2794ed44af8cf71420f7e106f3072c40125114df5157749?s=96&d=mm&r=g\",\"caption\":\"Cecilia Pastrana\"},\"sameAs\":[\"cecy\"],\"url\":\"https:\/\/nahuelproducciones.com.ar\/radioquijano\/author\/cecy\/\"}]}<\/script>\n<!-- \/ Yoast SEO plugin. -->","yoast_head_json":{"title":"Etiquetado Frontal en las galletas. - RQ 99.9","description":"Todos los mi\u00e9rcoles a las 11:00 hs los esperan en la sintonia, 99.9Mhz.","robots":{"index":"index","follow":"follow","max-snippet":"max-snippet:-1","max-image-preview":"max-image-preview:large","max-video-preview":"max-video-preview:-1"},"canonical":"https:\/\/nahuelproducciones.com.ar\/radioquijano\/etiquetado-frontal-en-las-galletas\/","og_locale":"es_ES","og_type":"article","og_title":"Etiquetado Frontal en las galletas. - RQ 99.9","og_description":"Todos los mi\u00e9rcoles a las 11:00 hs los esperan en la sintonia, 99.9Mhz.","og_url":"https:\/\/nahuelproducciones.com.ar\/radioquijano\/etiquetado-frontal-en-las-galletas\/","og_site_name":"RQ 99.9","article_publisher":"https:\/\/www.facebook.com\/nahuelproducciones999\/","article_published_time":"2023-08-02T03:42:11+00:00","article_modified_time":"2023-08-02T03:42:14+00:00","og_image":[{"width":700,"height":483,"url":"https:\/\/nahuelproducciones.com.ar\/radioquijano\/wp-content\/uploads\/2023\/08\/WhatsApp-Image-2023-08-02-at-12.37.24-AM-e1690947699770.jpeg","type":"image\/jpeg"}],"author":"Cecilia Pastrana","twitter_card":"summary_large_image","twitter_creator":"@nahuproduciones","twitter_site":"@nahuproduciones","twitter_misc":{"Escrito por":"Cecilia Pastrana","Tiempo de lectura":"1 minuto"},"schema":{"@context":"https:\/\/schema.org","@graph":[{"@type":"WebPage","@id":"https:\/\/nahuelproducciones.com.ar\/radioquijano\/etiquetado-frontal-en-las-galletas\/","url":"https:\/\/nahuelproducciones.com.ar\/radioquijano\/etiquetado-frontal-en-las-galletas\/","name":"Etiquetado Frontal en las galletas. - RQ 99.9","isPartOf":{"@id":"https:\/\/nahuelproducciones.com.ar\/radioquijano\/#website"},"datePublished":"2023-08-02T03:42:11+00:00","dateModified":"2023-08-02T03:42:14+00:00","author":{"@id":"https:\/\/nahuelproducciones.com.ar\/radioquijano\/#\/schema\/person\/e8a4f939e2cb487fe6d0c54042c9d32c"},"description":"Todos los mi\u00e9rcoles a las 11:00 hs los esperan en la sintonia, 99.9Mhz.","breadcrumb":{"@id":"https:\/\/nahuelproducciones.com.ar\/radioquijano\/etiquetado-frontal-en-las-galletas\/#breadcrumb"},"inLanguage":"es","potentialAction":[{"@type":"ReadAction","target":["https:\/\/nahuelproducciones.com.ar\/radioquijano\/etiquetado-frontal-en-las-galletas\/"]}]},{"@type":"BreadcrumbList","@id":"https:\/\/nahuelproducciones.com.ar\/radioquijano\/etiquetado-frontal-en-las-galletas\/#breadcrumb","itemListElement":[{"@type":"ListItem","position":1,"name":"Portada","item":"https:\/\/nahuelproducciones.com.ar\/radioquijano\/"},{"@type":"ListItem","position":2,"name":"Etiquetado Frontal en las galletas."}]},{"@type":"WebSite","@id":"https:\/\/nahuelproducciones.com.ar\/radioquijano\/#website","url":"https:\/\/nahuelproducciones.com.ar\/radioquijano\/","name":"RQ 99.9","description":"Radio Quijano 99.9 MHz","potentialAction":[{"@type":"SearchAction","target":{"@type":"EntryPoint","urlTemplate":"https:\/\/nahuelproducciones.com.ar\/radioquijano\/?s={search_term_string}"},"query-input":"required name=search_term_string"}],"inLanguage":"es"},{"@type":"Person","@id":"https:\/\/nahuelproducciones.com.ar\/radioquijano\/#\/schema\/person\/e8a4f939e2cb487fe6d0c54042c9d32c","name":"Cecilia Pastrana","image":{"@type":"ImageObject","inLanguage":"es","@id":"https:\/\/nahuelproducciones.com.ar\/radioquijano\/#\/schema\/person\/image\/","url":"https:\/\/secure.gravatar.com\/avatar\/661a3ef63a8488d4f2794ed44af8cf71420f7e106f3072c40125114df5157749?s=96&d=mm&r=g","contentUrl":"https:\/\/secure.gravatar.com\/avatar\/661a3ef63a8488d4f2794ed44af8cf71420f7e106f3072c40125114df5157749?s=96&d=mm&r=g","caption":"Cecilia Pastrana"},"sameAs":["cecy"],"url":"https:\/\/nahuelproducciones.com.ar\/radioquijano\/author\/cecy\/"}]}},"_links":{"self":[{"href":"https:\/\/nahuelproducciones.com.ar\/radioquijano\/wp-json\/wp\/v2\/posts\/5652","targetHints":{"allow":["GET"]}}],"collection":[{"href":"https:\/\/nahuelproducciones.com.ar\/radioquijano\/wp-json\/wp\/v2\/posts"}],"about":[{"href":"https:\/\/nahuelproducciones.com.ar\/radioquijano\/wp-json\/wp\/v2\/types\/post"}],"author":[{"embeddable":true,"href":"https:\/\/nahuelproducciones.com.ar\/radioquijano\/wp-json\/wp\/v2\/users\/8"}],"replies":[{"embeddable":true,"href":"https:\/\/nahuelproducciones.com.ar\/radioquijano\/wp-json\/wp\/v2\/comments?post=5652"}],"version-history":[{"count":1,"href":"https:\/\/nahuelproducciones.com.ar\/radioquijano\/wp-json\/wp\/v2\/posts\/5652\/revisions"}],"predecessor-version":[{"id":5656,"href":"https:\/\/nahuelproducciones.com.ar\/radioquijano\/wp-json\/wp\/v2\/posts\/5652\/revisions\/5656"}],"wp:featuredmedia":[{"embeddable":true,"href":"https:\/\/nahuelproducciones.com.ar\/radioquijano\/wp-json\/wp\/v2\/media\/5654"}],"wp:attachment":[{"href":"https:\/\/nahuelproducciones.com.ar\/radioquijano\/wp-json\/wp\/v2\/media?parent=5652"}],"wp:term":[{"taxonomy":"category","embeddable":true,"href":"https:\/\/nahuelproducciones.com.ar\/radioquijano\/wp-json\/wp\/v2\/categories?post=5652"},{"taxonomy":"post_tag","embeddable":true,"href":"https:\/\/nahuelproducciones.com.ar\/radioquijano\/wp-json\/wp\/v2\/tags?post=5652"}],"curies":[{"name":"wp","href":"https:\/\/api.w.org\/{rel}","templated":true}]}}