{"id":5685,"date":"2023-08-07T18:39:27","date_gmt":"2023-08-07T21:39:27","guid":{"rendered":"https:\/\/nahuelproducciones.com.ar\/radioquijano\/?p=5685"},"modified":"2023-08-07T18:39:29","modified_gmt":"2023-08-07T21:39:29","slug":"elecciones-en-ate-lista-verde-negra-anusate-dice-presente","status":"publish","type":"post","link":"https:\/\/nahuelproducciones.com.ar\/radioquijano\/elecciones-en-ate-lista-verde-negra-anusate-dice-presente\/","title":{"rendered":"Elecciones en ATE: LISTA VERDE NEGRA ANUSATE dice presente."},"content":{"rendered":"\n<p>En comunicaci\u00f3n telef\u00f3nica con RQ99.9Mhz, el Dirigente sindical de ANUSATE y candidato a Secretario de Organizaci\u00f3n Mat\u00edas Copa por la Lista Verde Negra, record\u00f3 que el mi\u00e9rcoles 9 de Agosto se concretar\u00e1n las elecciones nacionales de ATE.<\/p>\n\n\n\n<p>Copa manifiesta que la Lista Verde Negra ANUSATE  propone:<strong>\u00a0<\/strong>Defender y representar a los afiliados, con las puertas abiertas de la instituci\u00f3n.<\/p>\n\n\n\n<p>El actual secretario General de la Seccional Rosario de la Frontera,\u00a0Ricardo \u201cCachete\u201d Marti encabeza la lista de la agrupaci\u00f3n ANUSATE y Tania Pichotti llega como candidata a Secretaria Adjunta con el objetivo de recuperar ATE para los trabajadores.<\/p>\n\n\n\n<p>Matias siente que la aparici\u00f3n de trabajadores autoconvocados es porque sienten que no son representados por la conducci\u00f3n actual.<\/p>\n\n\n\n<p>Escucha la entrevista:<\/p>\n\n\n\n<figure class=\"wp-block-audio\"><audio controls src=\"https:\/\/nahuelproducciones.com.ar\/radioquijano\/wp-content\/uploads\/2023\/08\/07-08-2023-candidato-a-Secretario-de-Organizacion-Matias-Copa-por-la-Lista-Verde-Negra-recordo-que-las-elecciones-nacionales-de-ATE-estan-previstas-para-el-proximo-9-de-agosto.mp3\"><\/audio><\/figure>\n\n\n<div class=\"wp-block-image\">\n<figure class=\"aligncenter size-full is-resized\"><img loading=\"lazy\" decoding=\"async\" src=\"https:\/\/nahuelproducciones.com.ar\/radioquijano\/wp-content\/uploads\/2023\/08\/036_RICARDO_CACHETE_MARTI.jpg\" alt=\"\" class=\"wp-image-5687\" width=\"347\" height=\"198\" srcset=\"https:\/\/nahuelproducciones.com.ar\/radioquijano\/wp-content\/uploads\/2023\/08\/036_RICARDO_CACHETE_MARTI.jpg 700w, https:\/\/nahuelproducciones.com.ar\/radioquijano\/wp-content\/uploads\/2023\/08\/036_RICARDO_CACHETE_MARTI-300x171.jpg 300w, https:\/\/nahuelproducciones.com.ar\/radioquijano\/wp-content\/uploads\/2023\/08\/036_RICARDO_CACHETE_MARTI-150x86.jpg 150w\" sizes=\"auto, (max-width: 347px) 100vw, 347px\" \/><\/figure><\/div>","protected":false},"excerpt":{"rendered":"<p>En comunicaci\u00f3n telef\u00f3nica con RQ99.9Mhz, el Dirigente sindical de ANUSATE y candidato a Secretario de Organizaci\u00f3n Mat\u00edas Copa por la Lista Verde Negra, record\u00f3 que el mi\u00e9rcoles 9 de Agosto se concretar\u00e1n las elecciones nacionales de ATE. Copa manifiesta que la Lista Verde Negra ANUSATE propone:\u00a0Defender y representar a los afiliados, con las puertas abiertas [&hellip;]<\/p>\n","protected":false},"author":8,"featured_media":5688,"comment_status":"open","ping_status":"open","sticky":false,"template":"","format":"standard","meta":{"_monsterinsights_skip_tracking":false,"_monsterinsights_sitenote_active":false,"_monsterinsights_sitenote_note":"","_monsterinsights_sitenote_category":0,"footnotes":""},"categories":[16],"tags":[1202,206,928,1201,100],"class_list":["post-5685","post","type-post","status-publish","format-standard","has-post-thumbnail","hentry","category-noticias","tag-9-de-agosto","tag-ate","tag-elecciones","tag-lista-verde-negra-anusate","tag-municipio-de-campo-quijano"],"yoast_head":"<!-- This site is optimized with the Yoast SEO plugin v20.8 - https:\/\/yoast.com\/wordpress\/plugins\/seo\/ -->\n<title>Elecciones en ATE: LISTA VERDE NEGRA ANUSATE dice presente. - RQ 99.9<\/title>\n<meta name=\"description\" content=\"La Lista Verde Negra ANUSATE propone:\u00a0Defender y representar a los afiliados, con las puertas abiertas de la instituci\u00f3n.\" \/>\n<meta name=\"robots\" content=\"index, follow, max-snippet:-1, max-image-preview:large, max-video-preview:-1\" \/>\n<link rel=\"canonical\" href=\"https:\/\/nahuelproducciones.com.ar\/radioquijano\/elecciones-en-ate-lista-verde-negra-anusate-dice-presente\/\" \/>\n<meta property=\"og:locale\" content=\"es_ES\" \/>\n<meta property=\"og:type\" content=\"article\" \/>\n<meta property=\"og:title\" content=\"Elecciones en ATE: LISTA VERDE NEGRA ANUSATE dice presente. - RQ 99.9\" \/>\n<meta property=\"og:description\" content=\"La Lista Verde Negra ANUSATE propone:\u00a0Defender y representar a los afiliados, con las puertas abiertas de la instituci\u00f3n.\" \/>\n<meta property=\"og:url\" content=\"https:\/\/nahuelproducciones.com.ar\/radioquijano\/elecciones-en-ate-lista-verde-negra-anusate-dice-presente\/\" \/>\n<meta property=\"og:site_name\" content=\"RQ 99.9\" \/>\n<meta property=\"article:publisher\" content=\"https:\/\/www.facebook.com\/nahuelproducciones999\/\" \/>\n<meta property=\"article:published_time\" content=\"2023-08-07T21:39:27+00:00\" \/>\n<meta property=\"article:modified_time\" content=\"2023-08-07T21:39:29+00:00\" \/>\n<meta property=\"og:image\" content=\"https:\/\/nahuelproducciones.com.ar\/radioquijano\/wp-content\/uploads\/2023\/08\/ate-e1691444355649.jpg\" \/>\n\t<meta property=\"og:image:width\" content=\"700\" \/>\n\t<meta property=\"og:image:height\" content=\"700\" \/>\n\t<meta property=\"og:image:type\" content=\"image\/jpeg\" \/>\n<meta name=\"author\" content=\"Cecilia Pastrana\" \/>\n<meta name=\"twitter:card\" content=\"summary_large_image\" \/>\n<meta name=\"twitter:creator\" content=\"@nahuproduciones\" \/>\n<meta name=\"twitter:site\" content=\"@nahuproduciones\" \/>\n<meta name=\"twitter:label1\" content=\"Escrito por\" \/>\n\t<meta name=\"twitter:data1\" content=\"Cecilia Pastrana\" \/>\n\t<meta name=\"twitter:label2\" content=\"Tiempo de lectura\" \/>\n\t<meta name=\"twitter:data2\" content=\"1 minuto\" \/>\n<script type=\"application\/ld+json\" class=\"yoast-schema-graph\">{\"@context\":\"https:\/\/schema.org\",\"@graph\":[{\"@type\":\"WebPage\",\"@id\":\"https:\/\/nahuelproducciones.com.ar\/radioquijano\/elecciones-en-ate-lista-verde-negra-anusate-dice-presente\/\",\"url\":\"https:\/\/nahuelproducciones.com.ar\/radioquijano\/elecciones-en-ate-lista-verde-negra-anusate-dice-presente\/\",\"name\":\"Elecciones en ATE: LISTA VERDE NEGRA ANUSATE dice presente. - RQ 99.9\",\"isPartOf\":{\"@id\":\"https:\/\/nahuelproducciones.com.ar\/radioquijano\/#website\"},\"datePublished\":\"2023-08-07T21:39:27+00:00\",\"dateModified\":\"2023-08-07T21:39:29+00:00\",\"author\":{\"@id\":\"https:\/\/nahuelproducciones.com.ar\/radioquijano\/#\/schema\/person\/e8a4f939e2cb487fe6d0c54042c9d32c\"},\"description\":\"La Lista Verde Negra ANUSATE propone:\u00a0Defender y representar a los afiliados, con las puertas abiertas de la instituci\u00f3n.\",\"breadcrumb\":{\"@id\":\"https:\/\/nahuelproducciones.com.ar\/radioquijano\/elecciones-en-ate-lista-verde-negra-anusate-dice-presente\/#breadcrumb\"},\"inLanguage\":\"es\",\"potentialAction\":[{\"@type\":\"ReadAction\",\"target\":[\"https:\/\/nahuelproducciones.com.ar\/radioquijano\/elecciones-en-ate-lista-verde-negra-anusate-dice-presente\/\"]}]},{\"@type\":\"BreadcrumbList\",\"@id\":\"https:\/\/nahuelproducciones.com.ar\/radioquijano\/elecciones-en-ate-lista-verde-negra-anusate-dice-presente\/#breadcrumb\",\"itemListElement\":[{\"@type\":\"ListItem\",\"position\":1,\"name\":\"Portada\",\"item\":\"https:\/\/nahuelproducciones.com.ar\/radioquijano\/\"},{\"@type\":\"ListItem\",\"position\":2,\"name\":\"Elecciones en ATE: LISTA VERDE NEGRA ANUSATE dice presente.\"}]},{\"@type\":\"WebSite\",\"@id\":\"https:\/\/nahuelproducciones.com.ar\/radioquijano\/#website\",\"url\":\"https:\/\/nahuelproducciones.com.ar\/radioquijano\/\",\"name\":\"RQ 99.9\",\"description\":\"Radio Quijano 99.9 MHz\",\"potentialAction\":[{\"@type\":\"SearchAction\",\"target\":{\"@type\":\"EntryPoint\",\"urlTemplate\":\"https:\/\/nahuelproducciones.com.ar\/radioquijano\/?s={search_term_string}\"},\"query-input\":\"required name=search_term_string\"}],\"inLanguage\":\"es\"},{\"@type\":\"Person\",\"@id\":\"https:\/\/nahuelproducciones.com.ar\/radioquijano\/#\/schema\/person\/e8a4f939e2cb487fe6d0c54042c9d32c\",\"name\":\"Cecilia Pastrana\",\"image\":{\"@type\":\"ImageObject\",\"inLanguage\":\"es\",\"@id\":\"https:\/\/nahuelproducciones.com.ar\/radioquijano\/#\/schema\/person\/image\/\",\"url\":\"https:\/\/secure.gravatar.com\/avatar\/661a3ef63a8488d4f2794ed44af8cf71420f7e106f3072c40125114df5157749?s=96&d=mm&r=g\",\"contentUrl\":\"https:\/\/secure.gravatar.com\/avatar\/661a3ef63a8488d4f2794ed44af8cf71420f7e106f3072c40125114df5157749?s=96&d=mm&r=g\",\"caption\":\"Cecilia Pastrana\"},\"sameAs\":[\"cecy\"],\"url\":\"https:\/\/nahuelproducciones.com.ar\/radioquijano\/author\/cecy\/\"}]}<\/script>\n<!-- \/ Yoast SEO plugin. -->","yoast_head_json":{"title":"Elecciones en ATE: LISTA VERDE NEGRA ANUSATE dice presente. - RQ 99.9","description":"La Lista Verde Negra ANUSATE propone:\u00a0Defender y representar a los afiliados, con las puertas abiertas de la instituci\u00f3n.","robots":{"index":"index","follow":"follow","max-snippet":"max-snippet:-1","max-image-preview":"max-image-preview:large","max-video-preview":"max-video-preview:-1"},"canonical":"https:\/\/nahuelproducciones.com.ar\/radioquijano\/elecciones-en-ate-lista-verde-negra-anusate-dice-presente\/","og_locale":"es_ES","og_type":"article","og_title":"Elecciones en ATE: LISTA VERDE NEGRA ANUSATE dice presente. - RQ 99.9","og_description":"La Lista Verde Negra ANUSATE propone:\u00a0Defender y representar a los afiliados, con las puertas abiertas de la instituci\u00f3n.","og_url":"https:\/\/nahuelproducciones.com.ar\/radioquijano\/elecciones-en-ate-lista-verde-negra-anusate-dice-presente\/","og_site_name":"RQ 99.9","article_publisher":"https:\/\/www.facebook.com\/nahuelproducciones999\/","article_published_time":"2023-08-07T21:39:27+00:00","article_modified_time":"2023-08-07T21:39:29+00:00","og_image":[{"width":700,"height":700,"url":"https:\/\/nahuelproducciones.com.ar\/radioquijano\/wp-content\/uploads\/2023\/08\/ate-e1691444355649.jpg","type":"image\/jpeg"}],"author":"Cecilia Pastrana","twitter_card":"summary_large_image","twitter_creator":"@nahuproduciones","twitter_site":"@nahuproduciones","twitter_misc":{"Escrito por":"Cecilia Pastrana","Tiempo de lectura":"1 minuto"},"schema":{"@context":"https:\/\/schema.org","@graph":[{"@type":"WebPage","@id":"https:\/\/nahuelproducciones.com.ar\/radioquijano\/elecciones-en-ate-lista-verde-negra-anusate-dice-presente\/","url":"https:\/\/nahuelproducciones.com.ar\/radioquijano\/elecciones-en-ate-lista-verde-negra-anusate-dice-presente\/","name":"Elecciones en ATE: LISTA VERDE NEGRA ANUSATE dice presente. - RQ 99.9","isPartOf":{"@id":"https:\/\/nahuelproducciones.com.ar\/radioquijano\/#website"},"datePublished":"2023-08-07T21:39:27+00:00","dateModified":"2023-08-07T21:39:29+00:00","author":{"@id":"https:\/\/nahuelproducciones.com.ar\/radioquijano\/#\/schema\/person\/e8a4f939e2cb487fe6d0c54042c9d32c"},"description":"La Lista Verde Negra ANUSATE propone:\u00a0Defender y representar a los afiliados, con las puertas abiertas de la instituci\u00f3n.","breadcrumb":{"@id":"https:\/\/nahuelproducciones.com.ar\/radioquijano\/elecciones-en-ate-lista-verde-negra-anusate-dice-presente\/#breadcrumb"},"inLanguage":"es","potentialAction":[{"@type":"ReadAction","target":["https:\/\/nahuelproducciones.com.ar\/radioquijano\/elecciones-en-ate-lista-verde-negra-anusate-dice-presente\/"]}]},{"@type":"BreadcrumbList","@id":"https:\/\/nahuelproducciones.com.ar\/radioquijano\/elecciones-en-ate-lista-verde-negra-anusate-dice-presente\/#breadcrumb","itemListElement":[{"@type":"ListItem","position":1,"name":"Portada","item":"https:\/\/nahuelproducciones.com.ar\/radioquijano\/"},{"@type":"ListItem","position":2,"name":"Elecciones en ATE: LISTA VERDE NEGRA ANUSATE dice presente."}]},{"@type":"WebSite","@id":"https:\/\/nahuelproducciones.com.ar\/radioquijano\/#website","url":"https:\/\/nahuelproducciones.com.ar\/radioquijano\/","name":"RQ 99.9","description":"Radio Quijano 99.9 MHz","potentialAction":[{"@type":"SearchAction","target":{"@type":"EntryPoint","urlTemplate":"https:\/\/nahuelproducciones.com.ar\/radioquijano\/?s={search_term_string}"},"query-input":"required name=search_term_string"}],"inLanguage":"es"},{"@type":"Person","@id":"https:\/\/nahuelproducciones.com.ar\/radioquijano\/#\/schema\/person\/e8a4f939e2cb487fe6d0c54042c9d32c","name":"Cecilia Pastrana","image":{"@type":"ImageObject","inLanguage":"es","@id":"https:\/\/nahuelproducciones.com.ar\/radioquijano\/#\/schema\/person\/image\/","url":"https:\/\/secure.gravatar.com\/avatar\/661a3ef63a8488d4f2794ed44af8cf71420f7e106f3072c40125114df5157749?s=96&d=mm&r=g","contentUrl":"https:\/\/secure.gravatar.com\/avatar\/661a3ef63a8488d4f2794ed44af8cf71420f7e106f3072c40125114df5157749?s=96&d=mm&r=g","caption":"Cecilia Pastrana"},"sameAs":["cecy"],"url":"https:\/\/nahuelproducciones.com.ar\/radioquijano\/author\/cecy\/"}]}},"_links":{"self":[{"href":"https:\/\/nahuelproducciones.com.ar\/radioquijano\/wp-json\/wp\/v2\/posts\/5685","targetHints":{"allow":["GET"]}}],"collection":[{"href":"https:\/\/nahuelproducciones.com.ar\/radioquijano\/wp-json\/wp\/v2\/posts"}],"about":[{"href":"https:\/\/nahuelproducciones.com.ar\/radioquijano\/wp-json\/wp\/v2\/types\/post"}],"author":[{"embeddable":true,"href":"https:\/\/nahuelproducciones.com.ar\/radioquijano\/wp-json\/wp\/v2\/users\/8"}],"replies":[{"embeddable":true,"href":"https:\/\/nahuelproducciones.com.ar\/radioquijano\/wp-json\/wp\/v2\/comments?post=5685"}],"version-history":[{"count":1,"href":"https:\/\/nahuelproducciones.com.ar\/radioquijano\/wp-json\/wp\/v2\/posts\/5685\/revisions"}],"predecessor-version":[{"id":5689,"href":"https:\/\/nahuelproducciones.com.ar\/radioquijano\/wp-json\/wp\/v2\/posts\/5685\/revisions\/5689"}],"wp:featuredmedia":[{"embeddable":true,"href":"https:\/\/nahuelproducciones.com.ar\/radioquijano\/wp-json\/wp\/v2\/media\/5688"}],"wp:attachment":[{"href":"https:\/\/nahuelproducciones.com.ar\/radioquijano\/wp-json\/wp\/v2\/media?parent=5685"}],"wp:term":[{"taxonomy":"category","embeddable":true,"href":"https:\/\/nahuelproducciones.com.ar\/radioquijano\/wp-json\/wp\/v2\/categories?post=5685"},{"taxonomy":"post_tag","embeddable":true,"href":"https:\/\/nahuelproducciones.com.ar\/radioquijano\/wp-json\/wp\/v2\/tags?post=5685"}],"curies":[{"name":"wp","href":"https:\/\/api.w.org\/{rel}","templated":true}]}}