{"id":5691,"date":"2023-08-09T00:48:43","date_gmt":"2023-08-09T03:48:43","guid":{"rendered":"https:\/\/nahuelproducciones.com.ar\/radioquijano\/?p=5691"},"modified":"2023-08-09T00:49:53","modified_gmt":"2023-08-09T03:49:53","slug":"la-silleta-dos-hermanos-imputados-por-robo-en-un-galpon","status":"publish","type":"post","link":"https:\/\/nahuelproducciones.com.ar\/radioquijano\/la-silleta-dos-hermanos-imputados-por-robo-en-un-galpon\/","title":{"rendered":"La Silleta: Dos hermanos imputados por robo en un galp\u00f3n"},"content":{"rendered":"\n<p><em><strong>Aprovechando que en la propiedad no hay moradores, habr\u00edan ingresado para apropiarse de chapas de aluminio que se encontraban en el galp\u00f3n del terreno. Se solicit\u00f3 mantenimiento de detenci\u00f3n.<\/strong><\/em><\/p>\n\n\n\n<p>El&nbsp;<strong>fiscal penal de Rosario de Lerma, Daniel Escalante<\/strong>, imput\u00f3 provisionalmente por la presunta comisi\u00f3n del delito de robo doblemente agravado, a dos hombres de 26 y 29 a\u00f1os.<\/p>\n\n\n\n<p>La noche del 29 de julio, los hermanos acusados, habr\u00edan ingresado al terreno del denunciante, da\u00f1ando el alambrado y se habr\u00edan apoderado ileg\u00edtimamente, de chapas de aluminio, las que estaban amuradas a la estructura del galp\u00f3n de la propiedad.<\/p>\n\n\n\n<p>La denuncia fue radicada por el propietario de un galp\u00f3n ubicado en la localidad de La Silleta, quien tom\u00f3 conocimiento del hecho por el llamado telef\u00f3nico de un vecino que, seg\u00fan le dijo, hab\u00eda escuchado ruidos extra\u00f1os que proven\u00edan de su propiedad. El vecino le expres\u00f3, adem\u00e1s, que alcanz\u00f3 a divisar motoveh\u00edculos en los que trasladaban chapas. Al llegar al lugar, el denunciante observ\u00f3 el faltante de varias chapas.<\/p>\n\n\n\n<p>El 1 de agosto pasado, el damnificado hizo ampliaci\u00f3n de denuncia en la que manifest\u00f3 que la tarde del d\u00eda anterior 31 de julio, fue alertado por personal policial respecto a que los mismos acusados habr\u00edan ingresado nuevamente, para sustraer algunas chapas de aluminio que hab\u00edan quedado colgando en los tirantes del techo del galp\u00f3n.<\/p>\n\n\n\n<p>Durante la audiencia de imputaci\u00f3n, ambos acusados se abstuvieron de declarar. Por su parte, el\u00a0<strong>fiscal Escalante<\/strong>\u00a0solicit\u00f3 ante el Juzgado de Garant\u00edas en turno, mantenimiento de detenci\u00f3n.<\/p>\n\n\n\n<p><\/p>\n\n\n\n<p><\/p>\n\n\n\n<p><\/p>\n\n\n\n<p><\/p>\n\n\n\n<p><\/p>\n\n\n\n<p>Fuente: Ministerio P\u00fablico Fiscal Salta<\/p>\n","protected":false},"excerpt":{"rendered":"<p>Aprovechando que en la propiedad no hay moradores, habr\u00edan ingresado para apropiarse de chapas de aluminio que se encontraban en el galp\u00f3n del terreno. Se solicit\u00f3 mantenimiento de detenci\u00f3n. El&nbsp;fiscal penal de Rosario de Lerma, Daniel Escalante, imput\u00f3 provisionalmente por la presunta comisi\u00f3n del delito de robo doblemente agravado, a dos hombres de 26 y [&hellip;]<\/p>\n","protected":false},"author":6,"featured_media":5692,"comment_status":"open","ping_status":"open","sticky":false,"template":"","format":"standard","meta":{"_monsterinsights_skip_tracking":false,"_monsterinsights_sitenote_active":false,"_monsterinsights_sitenote_note":"","_monsterinsights_sitenote_category":0,"footnotes":""},"categories":[8],"tags":[73,36,58,75,1203,77,63,71,100,47,62],"class_list":["post-5691","post","type-post","status-publish","format-standard","has-post-thumbnail","hentry","category-blog-de-sapito","tag-ariel-gallardo","tag-campo-quijano","tag-carlos-folloni","tag-concejo-deliberante-de-campo-quijano","tag-la-sillerta","tag-la-silleta","tag-lino-yonar","tag-municipalidad-de-campo-quijano","tag-municipio-de-campo-quijano","tag-rosario-de-lerma","tag-topo-ramos"],"yoast_head":"<!-- This site is optimized with the Yoast SEO plugin v20.8 - https:\/\/yoast.com\/wordpress\/plugins\/seo\/ -->\n<title>La Silleta: Dos hermanos imputados por robo en un galp\u00f3n - RQ 99.9<\/title>\n<meta name=\"robots\" content=\"index, follow, max-snippet:-1, max-image-preview:large, max-video-preview:-1\" \/>\n<link rel=\"canonical\" href=\"https:\/\/nahuelproducciones.com.ar\/radioquijano\/la-silleta-dos-hermanos-imputados-por-robo-en-un-galpon\/\" \/>\n<meta property=\"og:locale\" content=\"es_ES\" \/>\n<meta property=\"og:type\" content=\"article\" \/>\n<meta property=\"og:title\" content=\"La Silleta: Dos hermanos imputados por robo en un galp\u00f3n - RQ 99.9\" \/>\n<meta property=\"og:description\" content=\"Aprovechando que en la propiedad no hay moradores, habr\u00edan ingresado para apropiarse de chapas de aluminio que se encontraban en el galp\u00f3n del terreno. Se solicit\u00f3 mantenimiento de detenci\u00f3n. El&nbsp;fiscal penal de Rosario de Lerma, Daniel Escalante, imput\u00f3 provisionalmente por la presunta comisi\u00f3n del delito de robo doblemente agravado, a dos hombres de 26 y [&hellip;]\" \/>\n<meta property=\"og:url\" content=\"https:\/\/nahuelproducciones.com.ar\/radioquijano\/la-silleta-dos-hermanos-imputados-por-robo-en-un-galpon\/\" \/>\n<meta property=\"og:site_name\" content=\"RQ 99.9\" \/>\n<meta property=\"article:publisher\" content=\"https:\/\/www.facebook.com\/nahuelproducciones999\/\" \/>\n<meta property=\"article:published_time\" content=\"2023-08-09T03:48:43+00:00\" \/>\n<meta property=\"article:modified_time\" content=\"2023-08-09T03:49:53+00:00\" \/>\n<meta property=\"og:image\" content=\"https:\/\/nahuelproducciones.com.ar\/radioquijano\/wp-content\/uploads\/2023\/08\/LA-SILLETA.jpeg\" \/>\n\t<meta property=\"og:image:width\" content=\"297\" \/>\n\t<meta property=\"og:image:height\" content=\"170\" \/>\n\t<meta property=\"og:image:type\" content=\"image\/jpeg\" \/>\n<meta name=\"author\" content=\"Ricardo Guzman\" \/>\n<meta name=\"twitter:card\" content=\"summary_large_image\" \/>\n<meta name=\"twitter:creator\" content=\"@nahuproduciones\" \/>\n<meta name=\"twitter:site\" content=\"@nahuproduciones\" \/>\n<meta name=\"twitter:label1\" content=\"Escrito por\" \/>\n\t<meta name=\"twitter:data1\" content=\"Ricardo Guzman\" \/>\n\t<meta name=\"twitter:label2\" content=\"Tiempo de lectura\" \/>\n\t<meta name=\"twitter:data2\" content=\"2 minutos\" \/>\n<script type=\"application\/ld+json\" class=\"yoast-schema-graph\">{\"@context\":\"https:\/\/schema.org\",\"@graph\":[{\"@type\":\"WebPage\",\"@id\":\"https:\/\/nahuelproducciones.com.ar\/radioquijano\/la-silleta-dos-hermanos-imputados-por-robo-en-un-galpon\/\",\"url\":\"https:\/\/nahuelproducciones.com.ar\/radioquijano\/la-silleta-dos-hermanos-imputados-por-robo-en-un-galpon\/\",\"name\":\"La Silleta: Dos hermanos imputados por robo en un galp\u00f3n - RQ 99.9\",\"isPartOf\":{\"@id\":\"https:\/\/nahuelproducciones.com.ar\/radioquijano\/#website\"},\"datePublished\":\"2023-08-09T03:48:43+00:00\",\"dateModified\":\"2023-08-09T03:49:53+00:00\",\"author\":{\"@id\":\"https:\/\/nahuelproducciones.com.ar\/radioquijano\/#\/schema\/person\/b9b81a110cbdf07949e2cd02d478ab9d\"},\"breadcrumb\":{\"@id\":\"https:\/\/nahuelproducciones.com.ar\/radioquijano\/la-silleta-dos-hermanos-imputados-por-robo-en-un-galpon\/#breadcrumb\"},\"inLanguage\":\"es\",\"potentialAction\":[{\"@type\":\"ReadAction\",\"target\":[\"https:\/\/nahuelproducciones.com.ar\/radioquijano\/la-silleta-dos-hermanos-imputados-por-robo-en-un-galpon\/\"]}]},{\"@type\":\"BreadcrumbList\",\"@id\":\"https:\/\/nahuelproducciones.com.ar\/radioquijano\/la-silleta-dos-hermanos-imputados-por-robo-en-un-galpon\/#breadcrumb\",\"itemListElement\":[{\"@type\":\"ListItem\",\"position\":1,\"name\":\"Portada\",\"item\":\"https:\/\/nahuelproducciones.com.ar\/radioquijano\/\"},{\"@type\":\"ListItem\",\"position\":2,\"name\":\"La Silleta: Dos hermanos imputados por robo en un galp\u00f3n\"}]},{\"@type\":\"WebSite\",\"@id\":\"https:\/\/nahuelproducciones.com.ar\/radioquijano\/#website\",\"url\":\"https:\/\/nahuelproducciones.com.ar\/radioquijano\/\",\"name\":\"RQ 99.9\",\"description\":\"Radio Quijano 99.9 MHz\",\"potentialAction\":[{\"@type\":\"SearchAction\",\"target\":{\"@type\":\"EntryPoint\",\"urlTemplate\":\"https:\/\/nahuelproducciones.com.ar\/radioquijano\/?s={search_term_string}\"},\"query-input\":\"required name=search_term_string\"}],\"inLanguage\":\"es\"},{\"@type\":\"Person\",\"@id\":\"https:\/\/nahuelproducciones.com.ar\/radioquijano\/#\/schema\/person\/b9b81a110cbdf07949e2cd02d478ab9d\",\"name\":\"Ricardo Guzman\",\"image\":{\"@type\":\"ImageObject\",\"inLanguage\":\"es\",\"@id\":\"https:\/\/nahuelproducciones.com.ar\/radioquijano\/#\/schema\/person\/image\/\",\"url\":\"https:\/\/secure.gravatar.com\/avatar\/a5d582deda251f95dc882b72fc6e7b4854f88bb25c3154519210afffa7d706e8?s=96&d=mm&r=g\",\"contentUrl\":\"https:\/\/secure.gravatar.com\/avatar\/a5d582deda251f95dc882b72fc6e7b4854f88bb25c3154519210afffa7d706e8?s=96&d=mm&r=g\",\"caption\":\"Ricardo Guzman\"},\"url\":\"https:\/\/nahuelproducciones.com.ar\/radioquijano\/author\/cady\/\"}]}<\/script>\n<!-- \/ Yoast SEO plugin. -->","yoast_head_json":{"title":"La Silleta: Dos hermanos imputados por robo en un galp\u00f3n - RQ 99.9","robots":{"index":"index","follow":"follow","max-snippet":"max-snippet:-1","max-image-preview":"max-image-preview:large","max-video-preview":"max-video-preview:-1"},"canonical":"https:\/\/nahuelproducciones.com.ar\/radioquijano\/la-silleta-dos-hermanos-imputados-por-robo-en-un-galpon\/","og_locale":"es_ES","og_type":"article","og_title":"La Silleta: Dos hermanos imputados por robo en un galp\u00f3n - RQ 99.9","og_description":"Aprovechando que en la propiedad no hay moradores, habr\u00edan ingresado para apropiarse de chapas de aluminio que se encontraban en el galp\u00f3n del terreno. Se solicit\u00f3 mantenimiento de detenci\u00f3n. El&nbsp;fiscal penal de Rosario de Lerma, Daniel Escalante, imput\u00f3 provisionalmente por la presunta comisi\u00f3n del delito de robo doblemente agravado, a dos hombres de 26 y [&hellip;]","og_url":"https:\/\/nahuelproducciones.com.ar\/radioquijano\/la-silleta-dos-hermanos-imputados-por-robo-en-un-galpon\/","og_site_name":"RQ 99.9","article_publisher":"https:\/\/www.facebook.com\/nahuelproducciones999\/","article_published_time":"2023-08-09T03:48:43+00:00","article_modified_time":"2023-08-09T03:49:53+00:00","og_image":[{"width":297,"height":170,"url":"https:\/\/nahuelproducciones.com.ar\/radioquijano\/wp-content\/uploads\/2023\/08\/LA-SILLETA.jpeg","type":"image\/jpeg"}],"author":"Ricardo Guzman","twitter_card":"summary_large_image","twitter_creator":"@nahuproduciones","twitter_site":"@nahuproduciones","twitter_misc":{"Escrito por":"Ricardo Guzman","Tiempo de lectura":"2 minutos"},"schema":{"@context":"https:\/\/schema.org","@graph":[{"@type":"WebPage","@id":"https:\/\/nahuelproducciones.com.ar\/radioquijano\/la-silleta-dos-hermanos-imputados-por-robo-en-un-galpon\/","url":"https:\/\/nahuelproducciones.com.ar\/radioquijano\/la-silleta-dos-hermanos-imputados-por-robo-en-un-galpon\/","name":"La Silleta: Dos hermanos imputados por robo en un galp\u00f3n - RQ 99.9","isPartOf":{"@id":"https:\/\/nahuelproducciones.com.ar\/radioquijano\/#website"},"datePublished":"2023-08-09T03:48:43+00:00","dateModified":"2023-08-09T03:49:53+00:00","author":{"@id":"https:\/\/nahuelproducciones.com.ar\/radioquijano\/#\/schema\/person\/b9b81a110cbdf07949e2cd02d478ab9d"},"breadcrumb":{"@id":"https:\/\/nahuelproducciones.com.ar\/radioquijano\/la-silleta-dos-hermanos-imputados-por-robo-en-un-galpon\/#breadcrumb"},"inLanguage":"es","potentialAction":[{"@type":"ReadAction","target":["https:\/\/nahuelproducciones.com.ar\/radioquijano\/la-silleta-dos-hermanos-imputados-por-robo-en-un-galpon\/"]}]},{"@type":"BreadcrumbList","@id":"https:\/\/nahuelproducciones.com.ar\/radioquijano\/la-silleta-dos-hermanos-imputados-por-robo-en-un-galpon\/#breadcrumb","itemListElement":[{"@type":"ListItem","position":1,"name":"Portada","item":"https:\/\/nahuelproducciones.com.ar\/radioquijano\/"},{"@type":"ListItem","position":2,"name":"La Silleta: Dos hermanos imputados por robo en un galp\u00f3n"}]},{"@type":"WebSite","@id":"https:\/\/nahuelproducciones.com.ar\/radioquijano\/#website","url":"https:\/\/nahuelproducciones.com.ar\/radioquijano\/","name":"RQ 99.9","description":"Radio Quijano 99.9 MHz","potentialAction":[{"@type":"SearchAction","target":{"@type":"EntryPoint","urlTemplate":"https:\/\/nahuelproducciones.com.ar\/radioquijano\/?s={search_term_string}"},"query-input":"required name=search_term_string"}],"inLanguage":"es"},{"@type":"Person","@id":"https:\/\/nahuelproducciones.com.ar\/radioquijano\/#\/schema\/person\/b9b81a110cbdf07949e2cd02d478ab9d","name":"Ricardo Guzman","image":{"@type":"ImageObject","inLanguage":"es","@id":"https:\/\/nahuelproducciones.com.ar\/radioquijano\/#\/schema\/person\/image\/","url":"https:\/\/secure.gravatar.com\/avatar\/a5d582deda251f95dc882b72fc6e7b4854f88bb25c3154519210afffa7d706e8?s=96&d=mm&r=g","contentUrl":"https:\/\/secure.gravatar.com\/avatar\/a5d582deda251f95dc882b72fc6e7b4854f88bb25c3154519210afffa7d706e8?s=96&d=mm&r=g","caption":"Ricardo Guzman"},"url":"https:\/\/nahuelproducciones.com.ar\/radioquijano\/author\/cady\/"}]}},"_links":{"self":[{"href":"https:\/\/nahuelproducciones.com.ar\/radioquijano\/wp-json\/wp\/v2\/posts\/5691","targetHints":{"allow":["GET"]}}],"collection":[{"href":"https:\/\/nahuelproducciones.com.ar\/radioquijano\/wp-json\/wp\/v2\/posts"}],"about":[{"href":"https:\/\/nahuelproducciones.com.ar\/radioquijano\/wp-json\/wp\/v2\/types\/post"}],"author":[{"embeddable":true,"href":"https:\/\/nahuelproducciones.com.ar\/radioquijano\/wp-json\/wp\/v2\/users\/6"}],"replies":[{"embeddable":true,"href":"https:\/\/nahuelproducciones.com.ar\/radioquijano\/wp-json\/wp\/v2\/comments?post=5691"}],"version-history":[{"count":2,"href":"https:\/\/nahuelproducciones.com.ar\/radioquijano\/wp-json\/wp\/v2\/posts\/5691\/revisions"}],"predecessor-version":[{"id":5694,"href":"https:\/\/nahuelproducciones.com.ar\/radioquijano\/wp-json\/wp\/v2\/posts\/5691\/revisions\/5694"}],"wp:featuredmedia":[{"embeddable":true,"href":"https:\/\/nahuelproducciones.com.ar\/radioquijano\/wp-json\/wp\/v2\/media\/5692"}],"wp:attachment":[{"href":"https:\/\/nahuelproducciones.com.ar\/radioquijano\/wp-json\/wp\/v2\/media?parent=5691"}],"wp:term":[{"taxonomy":"category","embeddable":true,"href":"https:\/\/nahuelproducciones.com.ar\/radioquijano\/wp-json\/wp\/v2\/categories?post=5691"},{"taxonomy":"post_tag","embeddable":true,"href":"https:\/\/nahuelproducciones.com.ar\/radioquijano\/wp-json\/wp\/v2\/tags?post=5691"}],"curies":[{"name":"wp","href":"https:\/\/api.w.org\/{rel}","templated":true}]}}