{"id":5707,"date":"2023-08-12T18:45:08","date_gmt":"2023-08-12T21:45:08","guid":{"rendered":"https:\/\/nahuelproducciones.com.ar\/radioquijano\/?p=5707"},"modified":"2023-08-12T18:45:43","modified_gmt":"2023-08-12T21:45:43","slug":"elecciones-ate-con-irregularidades","status":"publish","type":"post","link":"https:\/\/nahuelproducciones.com.ar\/radioquijano\/elecciones-ate-con-irregularidades\/","title":{"rendered":"Elecciones ATE con irregularidades."},"content":{"rendered":"\n<p>El mi\u00e9rcoles 9 de agosto, los afiliados eligieron las autoridades de la Asociaci\u00f3n de Trabajadores del Estado (ATE), el Consejo Directivo Nacional y de la Provincia de Salta.<\/p>\n\n\n\n<p>RQ99.9Mhz dialogo telef\u00f3nicamente con V\u00edctor Chuquisaca, de la Lista Verde Negra Anusate, quien analiz\u00f3 y cuestion\u00f3 los comicios en general, sobretodo cuenta que en la Provincia en algunos sectores no pudieron votar.<\/p>\n\n\n\n<p>Comento que no a\u00fan existan datos concretos acerca de los votos obtenidos por cada lista.<\/p>\n\n\n\n<p>\u00a0Como lista manifest\u00f3 que hicieron una presentaci\u00f3n ante la Junta Electoral Nacional ya que hubieron muchas irregularidades, llegaron pocos  votos a algunas mesas, los  padrones ten\u00edan afiliados que aparec\u00edan como fallecidos pero si estaban vivos y con sus descuentos realizados , entre otras cosas.<\/p>\n\n\n\n<p>Record\u00f3 que el sindicato deb\u00eda garantizar unas elecciones transparentes , pero no fue as\u00ed.<\/p>\n\n\n\n<p>Escucha la entrevista:<\/p>\n\n\n\n<figure class=\"wp-block-audio\"><audio controls src=\"https:\/\/nahuelproducciones.com.ar\/radioquijano\/wp-content\/uploads\/2023\/08\/10-08-2023-VICTOR-CHUQUISACA-ANALISIS-DE-LA-ELECCION-DE-ATE-AYER-9-DE-AGOSTO-MUCHAS-IRREGULARIDADES.mp3\"><\/audio><\/figure>\n\n\n\n<figure class=\"wp-block-video\"><\/figure>\n","protected":false},"excerpt":{"rendered":"<p>El mi\u00e9rcoles 9 de agosto, los afiliados eligieron las autoridades de la Asociaci\u00f3n de Trabajadores del Estado (ATE), el Consejo Directivo Nacional y de la Provincia de Salta. RQ99.9Mhz dialogo telef\u00f3nicamente con V\u00edctor Chuquisaca, de la Lista Verde Negra Anusate, quien analiz\u00f3 y cuestion\u00f3 los comicios en general, sobretodo cuenta que en la Provincia en [&hellip;]<\/p>\n","protected":false},"author":8,"featured_media":5711,"comment_status":"open","ping_status":"open","sticky":false,"template":"","format":"standard","meta":{"_monsterinsights_skip_tracking":false,"_monsterinsights_sitenote_active":false,"_monsterinsights_sitenote_note":"","_monsterinsights_sitenote_category":0,"footnotes":""},"categories":[16],"tags":[206,1092,1094,100],"class_list":["post-5707","post","type-post","status-publish","format-standard","has-post-thumbnail","hentry","category-noticias","tag-ate","tag-elecciones-nacionales","tag-lista-verde-negra","tag-municipio-de-campo-quijano"],"yoast_head":"<!-- This site is optimized with the Yoast SEO plugin v20.8 - https:\/\/yoast.com\/wordpress\/plugins\/seo\/ -->\n<title>Elecciones ATE con irregularidades. - RQ 99.9<\/title>\n<meta name=\"description\" content=\"Se desarroll\u00f3 en la jornada del mi\u00e9rcoles 9 las elecciones de autoridades del gremio ATE (Asociaci\u00f3n de Trabajadores del Estado).\" \/>\n<meta name=\"robots\" content=\"index, follow, max-snippet:-1, max-image-preview:large, max-video-preview:-1\" \/>\n<link rel=\"canonical\" href=\"https:\/\/nahuelproducciones.com.ar\/radioquijano\/elecciones-ate-con-irregularidades\/\" \/>\n<meta property=\"og:locale\" content=\"es_ES\" \/>\n<meta property=\"og:type\" content=\"article\" \/>\n<meta property=\"og:title\" content=\"Elecciones ATE con irregularidades. - RQ 99.9\" \/>\n<meta property=\"og:description\" content=\"Se desarroll\u00f3 en la jornada del mi\u00e9rcoles 9 las elecciones de autoridades del gremio ATE (Asociaci\u00f3n de Trabajadores del Estado).\" \/>\n<meta property=\"og:url\" content=\"https:\/\/nahuelproducciones.com.ar\/radioquijano\/elecciones-ate-con-irregularidades\/\" \/>\n<meta property=\"og:site_name\" content=\"RQ 99.9\" \/>\n<meta property=\"article:publisher\" content=\"https:\/\/www.facebook.com\/nahuelproducciones999\/\" \/>\n<meta property=\"article:published_time\" content=\"2023-08-12T21:45:08+00:00\" \/>\n<meta property=\"article:modified_time\" content=\"2023-08-12T21:45:43+00:00\" \/>\n<meta property=\"og:image\" content=\"https:\/\/nahuelproducciones.com.ar\/radioquijano\/wp-content\/uploads\/2023\/08\/360113366_253039874115261_256414701754201928_n-1.jpg\" \/>\n\t<meta property=\"og:image:width\" content=\"633\" \/>\n\t<meta property=\"og:image:height\" content=\"638\" \/>\n\t<meta property=\"og:image:type\" content=\"image\/jpeg\" \/>\n<meta name=\"author\" content=\"Cecilia Pastrana\" \/>\n<meta name=\"twitter:card\" content=\"summary_large_image\" \/>\n<meta name=\"twitter:creator\" content=\"@nahuproduciones\" \/>\n<meta name=\"twitter:site\" content=\"@nahuproduciones\" \/>\n<meta name=\"twitter:label1\" content=\"Escrito por\" \/>\n\t<meta name=\"twitter:data1\" content=\"Cecilia Pastrana\" \/>\n\t<meta name=\"twitter:label2\" content=\"Tiempo de lectura\" \/>\n\t<meta name=\"twitter:data2\" content=\"1 minuto\" \/>\n<script type=\"application\/ld+json\" class=\"yoast-schema-graph\">{\"@context\":\"https:\/\/schema.org\",\"@graph\":[{\"@type\":\"WebPage\",\"@id\":\"https:\/\/nahuelproducciones.com.ar\/radioquijano\/elecciones-ate-con-irregularidades\/\",\"url\":\"https:\/\/nahuelproducciones.com.ar\/radioquijano\/elecciones-ate-con-irregularidades\/\",\"name\":\"Elecciones ATE con irregularidades. - RQ 99.9\",\"isPartOf\":{\"@id\":\"https:\/\/nahuelproducciones.com.ar\/radioquijano\/#website\"},\"datePublished\":\"2023-08-12T21:45:08+00:00\",\"dateModified\":\"2023-08-12T21:45:43+00:00\",\"author\":{\"@id\":\"https:\/\/nahuelproducciones.com.ar\/radioquijano\/#\/schema\/person\/e8a4f939e2cb487fe6d0c54042c9d32c\"},\"description\":\"Se desarroll\u00f3 en la jornada del mi\u00e9rcoles 9 las elecciones de autoridades del gremio ATE (Asociaci\u00f3n de Trabajadores del Estado).\",\"breadcrumb\":{\"@id\":\"https:\/\/nahuelproducciones.com.ar\/radioquijano\/elecciones-ate-con-irregularidades\/#breadcrumb\"},\"inLanguage\":\"es\",\"potentialAction\":[{\"@type\":\"ReadAction\",\"target\":[\"https:\/\/nahuelproducciones.com.ar\/radioquijano\/elecciones-ate-con-irregularidades\/\"]}]},{\"@type\":\"BreadcrumbList\",\"@id\":\"https:\/\/nahuelproducciones.com.ar\/radioquijano\/elecciones-ate-con-irregularidades\/#breadcrumb\",\"itemListElement\":[{\"@type\":\"ListItem\",\"position\":1,\"name\":\"Portada\",\"item\":\"https:\/\/nahuelproducciones.com.ar\/radioquijano\/\"},{\"@type\":\"ListItem\",\"position\":2,\"name\":\"Elecciones ATE con irregularidades.\"}]},{\"@type\":\"WebSite\",\"@id\":\"https:\/\/nahuelproducciones.com.ar\/radioquijano\/#website\",\"url\":\"https:\/\/nahuelproducciones.com.ar\/radioquijano\/\",\"name\":\"RQ 99.9\",\"description\":\"Radio Quijano 99.9 MHz\",\"potentialAction\":[{\"@type\":\"SearchAction\",\"target\":{\"@type\":\"EntryPoint\",\"urlTemplate\":\"https:\/\/nahuelproducciones.com.ar\/radioquijano\/?s={search_term_string}\"},\"query-input\":\"required name=search_term_string\"}],\"inLanguage\":\"es\"},{\"@type\":\"Person\",\"@id\":\"https:\/\/nahuelproducciones.com.ar\/radioquijano\/#\/schema\/person\/e8a4f939e2cb487fe6d0c54042c9d32c\",\"name\":\"Cecilia Pastrana\",\"image\":{\"@type\":\"ImageObject\",\"inLanguage\":\"es\",\"@id\":\"https:\/\/nahuelproducciones.com.ar\/radioquijano\/#\/schema\/person\/image\/\",\"url\":\"https:\/\/secure.gravatar.com\/avatar\/661a3ef63a8488d4f2794ed44af8cf71420f7e106f3072c40125114df5157749?s=96&d=mm&r=g\",\"contentUrl\":\"https:\/\/secure.gravatar.com\/avatar\/661a3ef63a8488d4f2794ed44af8cf71420f7e106f3072c40125114df5157749?s=96&d=mm&r=g\",\"caption\":\"Cecilia Pastrana\"},\"sameAs\":[\"cecy\"],\"url\":\"https:\/\/nahuelproducciones.com.ar\/radioquijano\/author\/cecy\/\"}]}<\/script>\n<!-- \/ Yoast SEO plugin. -->","yoast_head_json":{"title":"Elecciones ATE con irregularidades. - RQ 99.9","description":"Se desarroll\u00f3 en la jornada del mi\u00e9rcoles 9 las elecciones de autoridades del gremio ATE (Asociaci\u00f3n de Trabajadores del Estado).","robots":{"index":"index","follow":"follow","max-snippet":"max-snippet:-1","max-image-preview":"max-image-preview:large","max-video-preview":"max-video-preview:-1"},"canonical":"https:\/\/nahuelproducciones.com.ar\/radioquijano\/elecciones-ate-con-irregularidades\/","og_locale":"es_ES","og_type":"article","og_title":"Elecciones ATE con irregularidades. - RQ 99.9","og_description":"Se desarroll\u00f3 en la jornada del mi\u00e9rcoles 9 las elecciones de autoridades del gremio ATE (Asociaci\u00f3n de Trabajadores del Estado).","og_url":"https:\/\/nahuelproducciones.com.ar\/radioquijano\/elecciones-ate-con-irregularidades\/","og_site_name":"RQ 99.9","article_publisher":"https:\/\/www.facebook.com\/nahuelproducciones999\/","article_published_time":"2023-08-12T21:45:08+00:00","article_modified_time":"2023-08-12T21:45:43+00:00","og_image":[{"width":633,"height":638,"url":"https:\/\/nahuelproducciones.com.ar\/radioquijano\/wp-content\/uploads\/2023\/08\/360113366_253039874115261_256414701754201928_n-1.jpg","type":"image\/jpeg"}],"author":"Cecilia Pastrana","twitter_card":"summary_large_image","twitter_creator":"@nahuproduciones","twitter_site":"@nahuproduciones","twitter_misc":{"Escrito por":"Cecilia Pastrana","Tiempo de lectura":"1 minuto"},"schema":{"@context":"https:\/\/schema.org","@graph":[{"@type":"WebPage","@id":"https:\/\/nahuelproducciones.com.ar\/radioquijano\/elecciones-ate-con-irregularidades\/","url":"https:\/\/nahuelproducciones.com.ar\/radioquijano\/elecciones-ate-con-irregularidades\/","name":"Elecciones ATE con irregularidades. - RQ 99.9","isPartOf":{"@id":"https:\/\/nahuelproducciones.com.ar\/radioquijano\/#website"},"datePublished":"2023-08-12T21:45:08+00:00","dateModified":"2023-08-12T21:45:43+00:00","author":{"@id":"https:\/\/nahuelproducciones.com.ar\/radioquijano\/#\/schema\/person\/e8a4f939e2cb487fe6d0c54042c9d32c"},"description":"Se desarroll\u00f3 en la jornada del mi\u00e9rcoles 9 las elecciones de autoridades del gremio ATE (Asociaci\u00f3n de Trabajadores del Estado).","breadcrumb":{"@id":"https:\/\/nahuelproducciones.com.ar\/radioquijano\/elecciones-ate-con-irregularidades\/#breadcrumb"},"inLanguage":"es","potentialAction":[{"@type":"ReadAction","target":["https:\/\/nahuelproducciones.com.ar\/radioquijano\/elecciones-ate-con-irregularidades\/"]}]},{"@type":"BreadcrumbList","@id":"https:\/\/nahuelproducciones.com.ar\/radioquijano\/elecciones-ate-con-irregularidades\/#breadcrumb","itemListElement":[{"@type":"ListItem","position":1,"name":"Portada","item":"https:\/\/nahuelproducciones.com.ar\/radioquijano\/"},{"@type":"ListItem","position":2,"name":"Elecciones ATE con irregularidades."}]},{"@type":"WebSite","@id":"https:\/\/nahuelproducciones.com.ar\/radioquijano\/#website","url":"https:\/\/nahuelproducciones.com.ar\/radioquijano\/","name":"RQ 99.9","description":"Radio Quijano 99.9 MHz","potentialAction":[{"@type":"SearchAction","target":{"@type":"EntryPoint","urlTemplate":"https:\/\/nahuelproducciones.com.ar\/radioquijano\/?s={search_term_string}"},"query-input":"required name=search_term_string"}],"inLanguage":"es"},{"@type":"Person","@id":"https:\/\/nahuelproducciones.com.ar\/radioquijano\/#\/schema\/person\/e8a4f939e2cb487fe6d0c54042c9d32c","name":"Cecilia Pastrana","image":{"@type":"ImageObject","inLanguage":"es","@id":"https:\/\/nahuelproducciones.com.ar\/radioquijano\/#\/schema\/person\/image\/","url":"https:\/\/secure.gravatar.com\/avatar\/661a3ef63a8488d4f2794ed44af8cf71420f7e106f3072c40125114df5157749?s=96&d=mm&r=g","contentUrl":"https:\/\/secure.gravatar.com\/avatar\/661a3ef63a8488d4f2794ed44af8cf71420f7e106f3072c40125114df5157749?s=96&d=mm&r=g","caption":"Cecilia Pastrana"},"sameAs":["cecy"],"url":"https:\/\/nahuelproducciones.com.ar\/radioquijano\/author\/cecy\/"}]}},"_links":{"self":[{"href":"https:\/\/nahuelproducciones.com.ar\/radioquijano\/wp-json\/wp\/v2\/posts\/5707","targetHints":{"allow":["GET"]}}],"collection":[{"href":"https:\/\/nahuelproducciones.com.ar\/radioquijano\/wp-json\/wp\/v2\/posts"}],"about":[{"href":"https:\/\/nahuelproducciones.com.ar\/radioquijano\/wp-json\/wp\/v2\/types\/post"}],"author":[{"embeddable":true,"href":"https:\/\/nahuelproducciones.com.ar\/radioquijano\/wp-json\/wp\/v2\/users\/8"}],"replies":[{"embeddable":true,"href":"https:\/\/nahuelproducciones.com.ar\/radioquijano\/wp-json\/wp\/v2\/comments?post=5707"}],"version-history":[{"count":1,"href":"https:\/\/nahuelproducciones.com.ar\/radioquijano\/wp-json\/wp\/v2\/posts\/5707\/revisions"}],"predecessor-version":[{"id":5710,"href":"https:\/\/nahuelproducciones.com.ar\/radioquijano\/wp-json\/wp\/v2\/posts\/5707\/revisions\/5710"}],"wp:featuredmedia":[{"embeddable":true,"href":"https:\/\/nahuelproducciones.com.ar\/radioquijano\/wp-json\/wp\/v2\/media\/5711"}],"wp:attachment":[{"href":"https:\/\/nahuelproducciones.com.ar\/radioquijano\/wp-json\/wp\/v2\/media?parent=5707"}],"wp:term":[{"taxonomy":"category","embeddable":true,"href":"https:\/\/nahuelproducciones.com.ar\/radioquijano\/wp-json\/wp\/v2\/categories?post=5707"},{"taxonomy":"post_tag","embeddable":true,"href":"https:\/\/nahuelproducciones.com.ar\/radioquijano\/wp-json\/wp\/v2\/tags?post=5707"}],"curies":[{"name":"wp","href":"https:\/\/api.w.org\/{rel}","templated":true}]}}