{"id":5712,"date":"2023-08-12T19:49:50","date_gmt":"2023-08-12T22:49:50","guid":{"rendered":"https:\/\/nahuelproducciones.com.ar\/radioquijano\/?p=5712"},"modified":"2023-08-12T19:49:51","modified_gmt":"2023-08-12T22:49:51","slug":"entraron-a-robar-a-la-agrupacion-de-gauchos","status":"publish","type":"post","link":"https:\/\/nahuelproducciones.com.ar\/radioquijano\/entraron-a-robar-a-la-agrupacion-de-gauchos\/","title":{"rendered":"Entraron a robar a la Agrupaci\u00f3n de Gauchos."},"content":{"rendered":"\n<p>Durante el di\u00e1logo de RQ99.9Mhz con\u00a0el Presidente de la Agrupaci\u00f3n \u00abRodeo Antenor Sanchez\u00bb de Campo Quijano, Pedro Bautista y Marcos Vilte comentaron que est\u00e1n muy preocupados por los da\u00f1os y robos que sufren en el Predio del Picadero.<\/p>\n\n\n\n<p>Vilte manifest\u00f3  que mientras unos te hacen da\u00f1o. otros te motivan a seguir \u00ablaburando\u00bb.<\/p>\n\n\n\n<p>En este tiempo, en el que vienen trabajando y poniendo en condiciones el Picadero, ya sufrieron varios robos, como trabillas,una puerta y corte en los alambrados .<\/p>\n\n\n\n<p>Bautista record\u00f3 que hace poco les robaron dos postes enormes y a otro lo tuvieron que colocar en el predio ya que estaba movido de lugar y seguro seria llevado en cualquier momento.<\/p>\n\n\n\n<p>Comentaron que ya en una oportunidad, hace mucho les robaron las chapas de la casita.<\/p>\n\n\n\n<p>Ambos perdieron a la gente que haga la denuncia, si ven movimientos extra\u00f1os, poco frecuentes, que pueden ser an\u00f3nima, o que se comuniquen al 911 . <\/p>\n\n\n\n<p>Escucha la entrevista:<\/p>\n\n\n\n<figure class=\"wp-block-audio\"><audio controls src=\"https:\/\/nahuelproducciones.com.ar\/radioquijano\/wp-content\/uploads\/2023\/08\/08-08-2023-pedro-bautista-y-marcos-vilte-rodeo-antenor-sanchez-sufren-robo-y-danos-en-el-predio.-denuncian-publicamente.mp3\"><\/audio><\/figure>\n\n\n\n<figure class=\"wp-block-gallery has-nested-images columns-default is-cropped wp-block-gallery-1 is-layout-flex wp-block-gallery-is-layout-flex\">\n<figure class=\"wp-block-image size-large\"><img loading=\"lazy\" decoding=\"async\" width=\"379\" height=\"325\" data-id=\"5721\" src=\"https:\/\/nahuelproducciones.com.ar\/radioquijano\/wp-content\/uploads\/2023\/08\/b79a8836-0229-4268-9544-64a32c7ab84f.jpeg\" alt=\"\" class=\"wp-image-5721\" srcset=\"https:\/\/nahuelproducciones.com.ar\/radioquijano\/wp-content\/uploads\/2023\/08\/b79a8836-0229-4268-9544-64a32c7ab84f.jpeg 379w, https:\/\/nahuelproducciones.com.ar\/radioquijano\/wp-content\/uploads\/2023\/08\/b79a8836-0229-4268-9544-64a32c7ab84f-300x257.jpeg 300w, https:\/\/nahuelproducciones.com.ar\/radioquijano\/wp-content\/uploads\/2023\/08\/b79a8836-0229-4268-9544-64a32c7ab84f-150x129.jpeg 150w\" sizes=\"auto, (max-width: 379px) 100vw, 379px\" \/><\/figure>\n\n\n\n<figure class=\"wp-block-image size-large\"><img loading=\"lazy\" decoding=\"async\" width=\"528\" height=\"960\" data-id=\"5722\" src=\"https:\/\/nahuelproducciones.com.ar\/radioquijano\/wp-content\/uploads\/2023\/08\/picadero1-2.jpg\" alt=\"\" class=\"wp-image-5722\" srcset=\"https:\/\/nahuelproducciones.com.ar\/radioquijano\/wp-content\/uploads\/2023\/08\/picadero1-2.jpg 528w, https:\/\/nahuelproducciones.com.ar\/radioquijano\/wp-content\/uploads\/2023\/08\/picadero1-2-165x300.jpg 165w, https:\/\/nahuelproducciones.com.ar\/radioquijano\/wp-content\/uploads\/2023\/08\/picadero1-2-150x273.jpg 150w\" sizes=\"auto, (max-width: 528px) 100vw, 528px\" \/><\/figure>\n\n\n\n<figure class=\"wp-block-image size-large\"><img loading=\"lazy\" decoding=\"async\" width=\"764\" height=\"1024\" data-id=\"5724\" src=\"https:\/\/nahuelproducciones.com.ar\/radioquijano\/wp-content\/uploads\/2023\/08\/rodeo-2-764x1024.jpg\" alt=\"\" class=\"wp-image-5724\" srcset=\"https:\/\/nahuelproducciones.com.ar\/radioquijano\/wp-content\/uploads\/2023\/08\/rodeo-2-764x1024.jpg 764w, https:\/\/nahuelproducciones.com.ar\/radioquijano\/wp-content\/uploads\/2023\/08\/rodeo-2-224x300.jpg 224w, https:\/\/nahuelproducciones.com.ar\/radioquijano\/wp-content\/uploads\/2023\/08\/rodeo-2-768x1029.jpg 768w, https:\/\/nahuelproducciones.com.ar\/radioquijano\/wp-content\/uploads\/2023\/08\/rodeo-2-1146x1536.jpg 1146w, https:\/\/nahuelproducciones.com.ar\/radioquijano\/wp-content\/uploads\/2023\/08\/rodeo-2-150x201.jpg 150w, https:\/\/nahuelproducciones.com.ar\/radioquijano\/wp-content\/uploads\/2023\/08\/rodeo-2.jpg 1504w\" sizes=\"auto, (max-width: 764px) 100vw, 764px\" \/><\/figure>\n<\/figure>\n","protected":false},"excerpt":{"rendered":"<p>Durante el di\u00e1logo de RQ99.9Mhz con\u00a0el Presidente de la Agrupaci\u00f3n \u00abRodeo Antenor Sanchez\u00bb de Campo Quijano, Pedro Bautista y Marcos Vilte comentaron que est\u00e1n muy preocupados por los da\u00f1os y robos que sufren en el Predio del Picadero. Vilte manifest\u00f3 que mientras unos te hacen da\u00f1o. otros te motivan a seguir \u00ablaburando\u00bb. En este tiempo, [&hellip;]<\/p>\n","protected":false},"author":8,"featured_media":5714,"comment_status":"open","ping_status":"open","sticky":false,"template":"","format":"standard","meta":{"_monsterinsights_skip_tracking":false,"_monsterinsights_sitenote_active":false,"_monsterinsights_sitenote_note":"","_monsterinsights_sitenote_category":0,"footnotes":""},"categories":[16],"tags":[240,100,235,1204,905],"class_list":["post-5712","post","type-post","status-publish","format-standard","has-post-thumbnail","hentry","category-noticias","tag-agrupacion-de-gauchos-de-guemes-rodeo-antenor-sanchez","tag-municipio-de-campo-quijano","tag-pedro-bautista","tag-picadero","tag-robo"],"yoast_head":"<!-- This site is optimized with the Yoast SEO plugin v20.8 - https:\/\/yoast.com\/wordpress\/plugins\/seo\/ -->\n<title>Entraron a robar a la Agrupaci\u00f3n de Gauchos. - RQ 99.9<\/title>\n<meta name=\"description\" content=\"Hace poco les robaron dos postes enormes .\" \/>\n<meta name=\"robots\" content=\"index, follow, max-snippet:-1, max-image-preview:large, max-video-preview:-1\" \/>\n<link rel=\"canonical\" href=\"https:\/\/nahuelproducciones.com.ar\/radioquijano\/entraron-a-robar-a-la-agrupacion-de-gauchos\/\" \/>\n<meta property=\"og:locale\" content=\"es_ES\" \/>\n<meta property=\"og:type\" content=\"article\" \/>\n<meta property=\"og:title\" content=\"Entraron a robar a la Agrupaci\u00f3n de Gauchos. - RQ 99.9\" \/>\n<meta property=\"og:description\" content=\"Hace poco les robaron dos postes enormes .\" \/>\n<meta property=\"og:url\" content=\"https:\/\/nahuelproducciones.com.ar\/radioquijano\/entraron-a-robar-a-la-agrupacion-de-gauchos\/\" \/>\n<meta property=\"og:site_name\" content=\"RQ 99.9\" \/>\n<meta property=\"article:publisher\" content=\"https:\/\/www.facebook.com\/nahuelproducciones999\/\" \/>\n<meta property=\"article:published_time\" content=\"2023-08-12T22:49:50+00:00\" \/>\n<meta property=\"article:modified_time\" content=\"2023-08-12T22:49:51+00:00\" \/>\n<meta property=\"og:image\" content=\"https:\/\/nahuelproducciones.com.ar\/radioquijano\/wp-content\/uploads\/2023\/08\/picadero1-e1691880306488.jpg\" \/>\n\t<meta property=\"og:image:width\" content=\"528\" \/>\n\t<meta property=\"og:image:height\" content=\"960\" \/>\n\t<meta property=\"og:image:type\" content=\"image\/jpeg\" \/>\n<meta name=\"author\" content=\"Cecilia Pastrana\" \/>\n<meta name=\"twitter:card\" content=\"summary_large_image\" \/>\n<meta name=\"twitter:creator\" content=\"@nahuproduciones\" \/>\n<meta name=\"twitter:site\" content=\"@nahuproduciones\" \/>\n<meta name=\"twitter:label1\" content=\"Escrito por\" \/>\n\t<meta name=\"twitter:data1\" content=\"Cecilia Pastrana\" \/>\n\t<meta name=\"twitter:label2\" content=\"Tiempo de lectura\" \/>\n\t<meta name=\"twitter:data2\" content=\"2 minutos\" \/>\n<script type=\"application\/ld+json\" class=\"yoast-schema-graph\">{\"@context\":\"https:\/\/schema.org\",\"@graph\":[{\"@type\":\"WebPage\",\"@id\":\"https:\/\/nahuelproducciones.com.ar\/radioquijano\/entraron-a-robar-a-la-agrupacion-de-gauchos\/\",\"url\":\"https:\/\/nahuelproducciones.com.ar\/radioquijano\/entraron-a-robar-a-la-agrupacion-de-gauchos\/\",\"name\":\"Entraron a robar a la Agrupaci\u00f3n de Gauchos. - RQ 99.9\",\"isPartOf\":{\"@id\":\"https:\/\/nahuelproducciones.com.ar\/radioquijano\/#website\"},\"datePublished\":\"2023-08-12T22:49:50+00:00\",\"dateModified\":\"2023-08-12T22:49:51+00:00\",\"author\":{\"@id\":\"https:\/\/nahuelproducciones.com.ar\/radioquijano\/#\/schema\/person\/e8a4f939e2cb487fe6d0c54042c9d32c\"},\"description\":\"Hace poco les robaron dos postes enormes .\",\"breadcrumb\":{\"@id\":\"https:\/\/nahuelproducciones.com.ar\/radioquijano\/entraron-a-robar-a-la-agrupacion-de-gauchos\/#breadcrumb\"},\"inLanguage\":\"es\",\"potentialAction\":[{\"@type\":\"ReadAction\",\"target\":[\"https:\/\/nahuelproducciones.com.ar\/radioquijano\/entraron-a-robar-a-la-agrupacion-de-gauchos\/\"]}]},{\"@type\":\"BreadcrumbList\",\"@id\":\"https:\/\/nahuelproducciones.com.ar\/radioquijano\/entraron-a-robar-a-la-agrupacion-de-gauchos\/#breadcrumb\",\"itemListElement\":[{\"@type\":\"ListItem\",\"position\":1,\"name\":\"Portada\",\"item\":\"https:\/\/nahuelproducciones.com.ar\/radioquijano\/\"},{\"@type\":\"ListItem\",\"position\":2,\"name\":\"Entraron a robar a la Agrupaci\u00f3n de Gauchos.\"}]},{\"@type\":\"WebSite\",\"@id\":\"https:\/\/nahuelproducciones.com.ar\/radioquijano\/#website\",\"url\":\"https:\/\/nahuelproducciones.com.ar\/radioquijano\/\",\"name\":\"RQ 99.9\",\"description\":\"Radio Quijano 99.9 MHz\",\"potentialAction\":[{\"@type\":\"SearchAction\",\"target\":{\"@type\":\"EntryPoint\",\"urlTemplate\":\"https:\/\/nahuelproducciones.com.ar\/radioquijano\/?s={search_term_string}\"},\"query-input\":\"required name=search_term_string\"}],\"inLanguage\":\"es\"},{\"@type\":\"Person\",\"@id\":\"https:\/\/nahuelproducciones.com.ar\/radioquijano\/#\/schema\/person\/e8a4f939e2cb487fe6d0c54042c9d32c\",\"name\":\"Cecilia Pastrana\",\"image\":{\"@type\":\"ImageObject\",\"inLanguage\":\"es\",\"@id\":\"https:\/\/nahuelproducciones.com.ar\/radioquijano\/#\/schema\/person\/image\/\",\"url\":\"https:\/\/secure.gravatar.com\/avatar\/661a3ef63a8488d4f2794ed44af8cf71420f7e106f3072c40125114df5157749?s=96&d=mm&r=g\",\"contentUrl\":\"https:\/\/secure.gravatar.com\/avatar\/661a3ef63a8488d4f2794ed44af8cf71420f7e106f3072c40125114df5157749?s=96&d=mm&r=g\",\"caption\":\"Cecilia Pastrana\"},\"sameAs\":[\"cecy\"],\"url\":\"https:\/\/nahuelproducciones.com.ar\/radioquijano\/author\/cecy\/\"}]}<\/script>\n<!-- \/ Yoast SEO plugin. -->","yoast_head_json":{"title":"Entraron a robar a la Agrupaci\u00f3n de Gauchos. - RQ 99.9","description":"Hace poco les robaron dos postes enormes .","robots":{"index":"index","follow":"follow","max-snippet":"max-snippet:-1","max-image-preview":"max-image-preview:large","max-video-preview":"max-video-preview:-1"},"canonical":"https:\/\/nahuelproducciones.com.ar\/radioquijano\/entraron-a-robar-a-la-agrupacion-de-gauchos\/","og_locale":"es_ES","og_type":"article","og_title":"Entraron a robar a la Agrupaci\u00f3n de Gauchos. - RQ 99.9","og_description":"Hace poco les robaron dos postes enormes .","og_url":"https:\/\/nahuelproducciones.com.ar\/radioquijano\/entraron-a-robar-a-la-agrupacion-de-gauchos\/","og_site_name":"RQ 99.9","article_publisher":"https:\/\/www.facebook.com\/nahuelproducciones999\/","article_published_time":"2023-08-12T22:49:50+00:00","article_modified_time":"2023-08-12T22:49:51+00:00","og_image":[{"width":528,"height":960,"url":"https:\/\/nahuelproducciones.com.ar\/radioquijano\/wp-content\/uploads\/2023\/08\/picadero1-e1691880306488.jpg","type":"image\/jpeg"}],"author":"Cecilia Pastrana","twitter_card":"summary_large_image","twitter_creator":"@nahuproduciones","twitter_site":"@nahuproduciones","twitter_misc":{"Escrito por":"Cecilia Pastrana","Tiempo de lectura":"2 minutos"},"schema":{"@context":"https:\/\/schema.org","@graph":[{"@type":"WebPage","@id":"https:\/\/nahuelproducciones.com.ar\/radioquijano\/entraron-a-robar-a-la-agrupacion-de-gauchos\/","url":"https:\/\/nahuelproducciones.com.ar\/radioquijano\/entraron-a-robar-a-la-agrupacion-de-gauchos\/","name":"Entraron a robar a la Agrupaci\u00f3n de Gauchos. - RQ 99.9","isPartOf":{"@id":"https:\/\/nahuelproducciones.com.ar\/radioquijano\/#website"},"datePublished":"2023-08-12T22:49:50+00:00","dateModified":"2023-08-12T22:49:51+00:00","author":{"@id":"https:\/\/nahuelproducciones.com.ar\/radioquijano\/#\/schema\/person\/e8a4f939e2cb487fe6d0c54042c9d32c"},"description":"Hace poco les robaron dos postes enormes .","breadcrumb":{"@id":"https:\/\/nahuelproducciones.com.ar\/radioquijano\/entraron-a-robar-a-la-agrupacion-de-gauchos\/#breadcrumb"},"inLanguage":"es","potentialAction":[{"@type":"ReadAction","target":["https:\/\/nahuelproducciones.com.ar\/radioquijano\/entraron-a-robar-a-la-agrupacion-de-gauchos\/"]}]},{"@type":"BreadcrumbList","@id":"https:\/\/nahuelproducciones.com.ar\/radioquijano\/entraron-a-robar-a-la-agrupacion-de-gauchos\/#breadcrumb","itemListElement":[{"@type":"ListItem","position":1,"name":"Portada","item":"https:\/\/nahuelproducciones.com.ar\/radioquijano\/"},{"@type":"ListItem","position":2,"name":"Entraron a robar a la Agrupaci\u00f3n de Gauchos."}]},{"@type":"WebSite","@id":"https:\/\/nahuelproducciones.com.ar\/radioquijano\/#website","url":"https:\/\/nahuelproducciones.com.ar\/radioquijano\/","name":"RQ 99.9","description":"Radio Quijano 99.9 MHz","potentialAction":[{"@type":"SearchAction","target":{"@type":"EntryPoint","urlTemplate":"https:\/\/nahuelproducciones.com.ar\/radioquijano\/?s={search_term_string}"},"query-input":"required name=search_term_string"}],"inLanguage":"es"},{"@type":"Person","@id":"https:\/\/nahuelproducciones.com.ar\/radioquijano\/#\/schema\/person\/e8a4f939e2cb487fe6d0c54042c9d32c","name":"Cecilia Pastrana","image":{"@type":"ImageObject","inLanguage":"es","@id":"https:\/\/nahuelproducciones.com.ar\/radioquijano\/#\/schema\/person\/image\/","url":"https:\/\/secure.gravatar.com\/avatar\/661a3ef63a8488d4f2794ed44af8cf71420f7e106f3072c40125114df5157749?s=96&d=mm&r=g","contentUrl":"https:\/\/secure.gravatar.com\/avatar\/661a3ef63a8488d4f2794ed44af8cf71420f7e106f3072c40125114df5157749?s=96&d=mm&r=g","caption":"Cecilia Pastrana"},"sameAs":["cecy"],"url":"https:\/\/nahuelproducciones.com.ar\/radioquijano\/author\/cecy\/"}]}},"_links":{"self":[{"href":"https:\/\/nahuelproducciones.com.ar\/radioquijano\/wp-json\/wp\/v2\/posts\/5712","targetHints":{"allow":["GET"]}}],"collection":[{"href":"https:\/\/nahuelproducciones.com.ar\/radioquijano\/wp-json\/wp\/v2\/posts"}],"about":[{"href":"https:\/\/nahuelproducciones.com.ar\/radioquijano\/wp-json\/wp\/v2\/types\/post"}],"author":[{"embeddable":true,"href":"https:\/\/nahuelproducciones.com.ar\/radioquijano\/wp-json\/wp\/v2\/users\/8"}],"replies":[{"embeddable":true,"href":"https:\/\/nahuelproducciones.com.ar\/radioquijano\/wp-json\/wp\/v2\/comments?post=5712"}],"version-history":[{"count":1,"href":"https:\/\/nahuelproducciones.com.ar\/radioquijano\/wp-json\/wp\/v2\/posts\/5712\/revisions"}],"predecessor-version":[{"id":5725,"href":"https:\/\/nahuelproducciones.com.ar\/radioquijano\/wp-json\/wp\/v2\/posts\/5712\/revisions\/5725"}],"wp:featuredmedia":[{"embeddable":true,"href":"https:\/\/nahuelproducciones.com.ar\/radioquijano\/wp-json\/wp\/v2\/media\/5714"}],"wp:attachment":[{"href":"https:\/\/nahuelproducciones.com.ar\/radioquijano\/wp-json\/wp\/v2\/media?parent=5712"}],"wp:term":[{"taxonomy":"category","embeddable":true,"href":"https:\/\/nahuelproducciones.com.ar\/radioquijano\/wp-json\/wp\/v2\/categories?post=5712"},{"taxonomy":"post_tag","embeddable":true,"href":"https:\/\/nahuelproducciones.com.ar\/radioquijano\/wp-json\/wp\/v2\/tags?post=5712"}],"curies":[{"name":"wp","href":"https:\/\/api.w.org\/{rel}","templated":true}]}}