{"id":5729,"date":"2023-08-14T17:56:05","date_gmt":"2023-08-14T20:56:05","guid":{"rendered":"https:\/\/nahuelproducciones.com.ar\/radioquijano\/?p=5729"},"modified":"2023-08-14T17:56:05","modified_gmt":"2023-08-14T20:56:05","slug":"el-ministro-dominguez-se-reunio-con-el-presidente-del-club-boroquimica-de-campo-quijano","status":"publish","type":"post","link":"https:\/\/nahuelproducciones.com.ar\/radioquijano\/el-ministro-dominguez-se-reunio-con-el-presidente-del-club-boroquimica-de-campo-quijano\/","title":{"rendered":"El ministro Dom\u00ednguez se reuni\u00f3 con el presidente del Club Boroqu\u00edmica de Campo Quijano"},"content":{"rendered":"\n<p>En la oportunidad el Ministro de Seguridad y Justicia y Adri\u00e1n Guaim\u00e1s acordaron realizar acciones preventivas respecto a las problem\u00e1ticas que afectan a la seguridad en el Municipio y abordar de manera multidisciplinaria el flagelo de la droga.<\/p>\n\n\n\n<p>El ministro de Seguridad y Justicia, Marcelo Ram\u00f3n Dom\u00ednguez, se reuni\u00f3 esta ma\u00f1ana con el presidente del Club Atl\u00e9tico Social Boroqu\u00edmica de Campo Quijano, Adri\u00e1n Guaim\u00e1s, para atender distintas inquietudes y coordinar acciones preventivas respecto a las problem\u00e1ticas que afectan a la seguridad en el Municipio y abordar de manera multidisciplinaria el flagelo de la droga.<\/p>\n\n\n\n<p>En la oportunidad el dirigente deportivo entreg\u00f3 al Ministro un petitorio relacionado al servicio de seguridad ante la necesidad de mayor presencia policial de la Direcci\u00f3n General de Drogas Peligrosas y analizaron el contexto social del Municipio.<\/p>\n\n\n\n<p>Guaim\u00e1s agradeci\u00f3 al Ministro y al Jefe de Polic\u00eda por las directivas impartidas a las dependencias de la jurisdicci\u00f3n para atender con premura la demanda planteada.<\/p>\n\n\n\n<figure class=\"wp-block-embed aligncenter is-type-video is-provider-youtube wp-block-embed-youtube wp-embed-aspect-16-9 wp-has-aspect-ratio\"><div class=\"wp-block-embed__wrapper\">\n<iframe loading=\"lazy\" title=\"El ministro Dom\u00ednguez se reuni\u00f3 con el presidente del Club Boroqu\u00edmica de Campo Quijano\" width=\"640\" height=\"360\" src=\"https:\/\/www.youtube.com\/embed\/vps6mXlUwI4?feature=oembed\" frameborder=\"0\" allow=\"accelerometer; autoplay; clipboard-write; encrypted-media; gyroscope; picture-in-picture; web-share\" referrerpolicy=\"strict-origin-when-cross-origin\" allowfullscreen><\/iframe>\n<\/div><\/figure>\n","protected":false},"excerpt":{"rendered":"<p>En la oportunidad el Ministro de Seguridad y Justicia y Adri\u00e1n Guaim\u00e1s acordaron realizar acciones preventivas respecto a las problem\u00e1ticas que afectan a la seguridad en el Municipio y abordar de manera multidisciplinaria el flagelo de la droga. El ministro de Seguridad y Justicia, Marcelo Ram\u00f3n Dom\u00ednguez, se reuni\u00f3 esta ma\u00f1ana con el presidente del [&hellip;]<\/p>\n","protected":false},"author":8,"featured_media":5730,"comment_status":"open","ping_status":"open","sticky":false,"template":"","format":"standard","meta":{"_monsterinsights_skip_tracking":false,"_monsterinsights_sitenote_active":false,"_monsterinsights_sitenote_note":"","_monsterinsights_sitenote_category":0,"footnotes":""},"categories":[16],"tags":[1112,389,100,1205],"class_list":["post-5729","post","type-post","status-publish","format-standard","has-post-thumbnail","hentry","category-noticias","tag-droga","tag-el-ministro-de-seguridad-y-justicia","tag-municipio-de-campo-quijano","tag-presidente-del-club-boroquimica"],"yoast_head":"<!-- This site is optimized with the Yoast SEO plugin v20.8 - https:\/\/yoast.com\/wordpress\/plugins\/seo\/ -->\n<title>El ministro Dom\u00ednguez se reuni\u00f3 con el presidente del Club Boroqu\u00edmica de Campo Quijano - RQ 99.9<\/title>\n<meta name=\"robots\" content=\"index, follow, max-snippet:-1, max-image-preview:large, max-video-preview:-1\" \/>\n<link rel=\"canonical\" href=\"https:\/\/nahuelproducciones.com.ar\/radioquijano\/el-ministro-dominguez-se-reunio-con-el-presidente-del-club-boroquimica-de-campo-quijano\/\" \/>\n<meta property=\"og:locale\" content=\"es_ES\" \/>\n<meta property=\"og:type\" content=\"article\" \/>\n<meta property=\"og:title\" content=\"El ministro Dom\u00ednguez se reuni\u00f3 con el presidente del Club Boroqu\u00edmica de Campo Quijano - RQ 99.9\" \/>\n<meta property=\"og:description\" content=\"En la oportunidad el Ministro de Seguridad y Justicia y Adri\u00e1n Guaim\u00e1s acordaron realizar acciones preventivas respecto a las problem\u00e1ticas que afectan a la seguridad en el Municipio y abordar de manera multidisciplinaria el flagelo de la droga. El ministro de Seguridad y Justicia, Marcelo Ram\u00f3n Dom\u00ednguez, se reuni\u00f3 esta ma\u00f1ana con el presidente del [&hellip;]\" \/>\n<meta property=\"og:url\" content=\"https:\/\/nahuelproducciones.com.ar\/radioquijano\/el-ministro-dominguez-se-reunio-con-el-presidente-del-club-boroquimica-de-campo-quijano\/\" \/>\n<meta property=\"og:site_name\" content=\"RQ 99.9\" \/>\n<meta property=\"article:publisher\" content=\"https:\/\/www.facebook.com\/nahuelproducciones999\/\" \/>\n<meta property=\"article:published_time\" content=\"2023-08-14T20:56:05+00:00\" \/>\n<meta name=\"author\" content=\"Cecilia Pastrana\" \/>\n<meta name=\"twitter:card\" content=\"summary_large_image\" \/>\n<meta name=\"twitter:creator\" content=\"@nahuproduciones\" \/>\n<meta name=\"twitter:site\" content=\"@nahuproduciones\" \/>\n<meta name=\"twitter:label1\" content=\"Escrito por\" \/>\n\t<meta name=\"twitter:data1\" content=\"Cecilia Pastrana\" \/>\n\t<meta name=\"twitter:label2\" content=\"Tiempo de lectura\" \/>\n\t<meta name=\"twitter:data2\" content=\"1 minuto\" \/>\n<script type=\"application\/ld+json\" class=\"yoast-schema-graph\">{\"@context\":\"https:\/\/schema.org\",\"@graph\":[{\"@type\":\"WebPage\",\"@id\":\"https:\/\/nahuelproducciones.com.ar\/radioquijano\/el-ministro-dominguez-se-reunio-con-el-presidente-del-club-boroquimica-de-campo-quijano\/\",\"url\":\"https:\/\/nahuelproducciones.com.ar\/radioquijano\/el-ministro-dominguez-se-reunio-con-el-presidente-del-club-boroquimica-de-campo-quijano\/\",\"name\":\"El ministro Dom\u00ednguez se reuni\u00f3 con el presidente del Club Boroqu\u00edmica de Campo Quijano - RQ 99.9\",\"isPartOf\":{\"@id\":\"https:\/\/nahuelproducciones.com.ar\/radioquijano\/#website\"},\"datePublished\":\"2023-08-14T20:56:05+00:00\",\"dateModified\":\"2023-08-14T20:56:05+00:00\",\"author\":{\"@id\":\"https:\/\/nahuelproducciones.com.ar\/radioquijano\/#\/schema\/person\/e8a4f939e2cb487fe6d0c54042c9d32c\"},\"breadcrumb\":{\"@id\":\"https:\/\/nahuelproducciones.com.ar\/radioquijano\/el-ministro-dominguez-se-reunio-con-el-presidente-del-club-boroquimica-de-campo-quijano\/#breadcrumb\"},\"inLanguage\":\"es\",\"potentialAction\":[{\"@type\":\"ReadAction\",\"target\":[\"https:\/\/nahuelproducciones.com.ar\/radioquijano\/el-ministro-dominguez-se-reunio-con-el-presidente-del-club-boroquimica-de-campo-quijano\/\"]}]},{\"@type\":\"BreadcrumbList\",\"@id\":\"https:\/\/nahuelproducciones.com.ar\/radioquijano\/el-ministro-dominguez-se-reunio-con-el-presidente-del-club-boroquimica-de-campo-quijano\/#breadcrumb\",\"itemListElement\":[{\"@type\":\"ListItem\",\"position\":1,\"name\":\"Portada\",\"item\":\"https:\/\/nahuelproducciones.com.ar\/radioquijano\/\"},{\"@type\":\"ListItem\",\"position\":2,\"name\":\"El ministro Dom\u00ednguez se reuni\u00f3 con el presidente del Club Boroqu\u00edmica de Campo Quijano\"}]},{\"@type\":\"WebSite\",\"@id\":\"https:\/\/nahuelproducciones.com.ar\/radioquijano\/#website\",\"url\":\"https:\/\/nahuelproducciones.com.ar\/radioquijano\/\",\"name\":\"RQ 99.9\",\"description\":\"Radio Quijano 99.9 MHz\",\"potentialAction\":[{\"@type\":\"SearchAction\",\"target\":{\"@type\":\"EntryPoint\",\"urlTemplate\":\"https:\/\/nahuelproducciones.com.ar\/radioquijano\/?s={search_term_string}\"},\"query-input\":\"required name=search_term_string\"}],\"inLanguage\":\"es\"},{\"@type\":\"Person\",\"@id\":\"https:\/\/nahuelproducciones.com.ar\/radioquijano\/#\/schema\/person\/e8a4f939e2cb487fe6d0c54042c9d32c\",\"name\":\"Cecilia Pastrana\",\"image\":{\"@type\":\"ImageObject\",\"inLanguage\":\"es\",\"@id\":\"https:\/\/nahuelproducciones.com.ar\/radioquijano\/#\/schema\/person\/image\/\",\"url\":\"https:\/\/secure.gravatar.com\/avatar\/661a3ef63a8488d4f2794ed44af8cf71420f7e106f3072c40125114df5157749?s=96&d=mm&r=g\",\"contentUrl\":\"https:\/\/secure.gravatar.com\/avatar\/661a3ef63a8488d4f2794ed44af8cf71420f7e106f3072c40125114df5157749?s=96&d=mm&r=g\",\"caption\":\"Cecilia Pastrana\"},\"sameAs\":[\"cecy\"],\"url\":\"https:\/\/nahuelproducciones.com.ar\/radioquijano\/author\/cecy\/\"}]}<\/script>\n<!-- \/ Yoast SEO plugin. -->","yoast_head_json":{"title":"El ministro Dom\u00ednguez se reuni\u00f3 con el presidente del Club Boroqu\u00edmica de Campo Quijano - RQ 99.9","robots":{"index":"index","follow":"follow","max-snippet":"max-snippet:-1","max-image-preview":"max-image-preview:large","max-video-preview":"max-video-preview:-1"},"canonical":"https:\/\/nahuelproducciones.com.ar\/radioquijano\/el-ministro-dominguez-se-reunio-con-el-presidente-del-club-boroquimica-de-campo-quijano\/","og_locale":"es_ES","og_type":"article","og_title":"El ministro Dom\u00ednguez se reuni\u00f3 con el presidente del Club Boroqu\u00edmica de Campo Quijano - RQ 99.9","og_description":"En la oportunidad el Ministro de Seguridad y Justicia y Adri\u00e1n Guaim\u00e1s acordaron realizar acciones preventivas respecto a las problem\u00e1ticas que afectan a la seguridad en el Municipio y abordar de manera multidisciplinaria el flagelo de la droga. El ministro de Seguridad y Justicia, Marcelo Ram\u00f3n Dom\u00ednguez, se reuni\u00f3 esta ma\u00f1ana con el presidente del [&hellip;]","og_url":"https:\/\/nahuelproducciones.com.ar\/radioquijano\/el-ministro-dominguez-se-reunio-con-el-presidente-del-club-boroquimica-de-campo-quijano\/","og_site_name":"RQ 99.9","article_publisher":"https:\/\/www.facebook.com\/nahuelproducciones999\/","article_published_time":"2023-08-14T20:56:05+00:00","author":"Cecilia Pastrana","twitter_card":"summary_large_image","twitter_creator":"@nahuproduciones","twitter_site":"@nahuproduciones","twitter_misc":{"Escrito por":"Cecilia Pastrana","Tiempo de lectura":"1 minuto"},"schema":{"@context":"https:\/\/schema.org","@graph":[{"@type":"WebPage","@id":"https:\/\/nahuelproducciones.com.ar\/radioquijano\/el-ministro-dominguez-se-reunio-con-el-presidente-del-club-boroquimica-de-campo-quijano\/","url":"https:\/\/nahuelproducciones.com.ar\/radioquijano\/el-ministro-dominguez-se-reunio-con-el-presidente-del-club-boroquimica-de-campo-quijano\/","name":"El ministro Dom\u00ednguez se reuni\u00f3 con el presidente del Club Boroqu\u00edmica de Campo Quijano - RQ 99.9","isPartOf":{"@id":"https:\/\/nahuelproducciones.com.ar\/radioquijano\/#website"},"datePublished":"2023-08-14T20:56:05+00:00","dateModified":"2023-08-14T20:56:05+00:00","author":{"@id":"https:\/\/nahuelproducciones.com.ar\/radioquijano\/#\/schema\/person\/e8a4f939e2cb487fe6d0c54042c9d32c"},"breadcrumb":{"@id":"https:\/\/nahuelproducciones.com.ar\/radioquijano\/el-ministro-dominguez-se-reunio-con-el-presidente-del-club-boroquimica-de-campo-quijano\/#breadcrumb"},"inLanguage":"es","potentialAction":[{"@type":"ReadAction","target":["https:\/\/nahuelproducciones.com.ar\/radioquijano\/el-ministro-dominguez-se-reunio-con-el-presidente-del-club-boroquimica-de-campo-quijano\/"]}]},{"@type":"BreadcrumbList","@id":"https:\/\/nahuelproducciones.com.ar\/radioquijano\/el-ministro-dominguez-se-reunio-con-el-presidente-del-club-boroquimica-de-campo-quijano\/#breadcrumb","itemListElement":[{"@type":"ListItem","position":1,"name":"Portada","item":"https:\/\/nahuelproducciones.com.ar\/radioquijano\/"},{"@type":"ListItem","position":2,"name":"El ministro Dom\u00ednguez se reuni\u00f3 con el presidente del Club Boroqu\u00edmica de Campo Quijano"}]},{"@type":"WebSite","@id":"https:\/\/nahuelproducciones.com.ar\/radioquijano\/#website","url":"https:\/\/nahuelproducciones.com.ar\/radioquijano\/","name":"RQ 99.9","description":"Radio Quijano 99.9 MHz","potentialAction":[{"@type":"SearchAction","target":{"@type":"EntryPoint","urlTemplate":"https:\/\/nahuelproducciones.com.ar\/radioquijano\/?s={search_term_string}"},"query-input":"required name=search_term_string"}],"inLanguage":"es"},{"@type":"Person","@id":"https:\/\/nahuelproducciones.com.ar\/radioquijano\/#\/schema\/person\/e8a4f939e2cb487fe6d0c54042c9d32c","name":"Cecilia Pastrana","image":{"@type":"ImageObject","inLanguage":"es","@id":"https:\/\/nahuelproducciones.com.ar\/radioquijano\/#\/schema\/person\/image\/","url":"https:\/\/secure.gravatar.com\/avatar\/661a3ef63a8488d4f2794ed44af8cf71420f7e106f3072c40125114df5157749?s=96&d=mm&r=g","contentUrl":"https:\/\/secure.gravatar.com\/avatar\/661a3ef63a8488d4f2794ed44af8cf71420f7e106f3072c40125114df5157749?s=96&d=mm&r=g","caption":"Cecilia Pastrana"},"sameAs":["cecy"],"url":"https:\/\/nahuelproducciones.com.ar\/radioquijano\/author\/cecy\/"}]}},"_links":{"self":[{"href":"https:\/\/nahuelproducciones.com.ar\/radioquijano\/wp-json\/wp\/v2\/posts\/5729","targetHints":{"allow":["GET"]}}],"collection":[{"href":"https:\/\/nahuelproducciones.com.ar\/radioquijano\/wp-json\/wp\/v2\/posts"}],"about":[{"href":"https:\/\/nahuelproducciones.com.ar\/radioquijano\/wp-json\/wp\/v2\/types\/post"}],"author":[{"embeddable":true,"href":"https:\/\/nahuelproducciones.com.ar\/radioquijano\/wp-json\/wp\/v2\/users\/8"}],"replies":[{"embeddable":true,"href":"https:\/\/nahuelproducciones.com.ar\/radioquijano\/wp-json\/wp\/v2\/comments?post=5729"}],"version-history":[{"count":1,"href":"https:\/\/nahuelproducciones.com.ar\/radioquijano\/wp-json\/wp\/v2\/posts\/5729\/revisions"}],"predecessor-version":[{"id":5731,"href":"https:\/\/nahuelproducciones.com.ar\/radioquijano\/wp-json\/wp\/v2\/posts\/5729\/revisions\/5731"}],"wp:featuredmedia":[{"embeddable":true,"href":"https:\/\/nahuelproducciones.com.ar\/radioquijano\/wp-json\/wp\/v2\/media\/5730"}],"wp:attachment":[{"href":"https:\/\/nahuelproducciones.com.ar\/radioquijano\/wp-json\/wp\/v2\/media?parent=5729"}],"wp:term":[{"taxonomy":"category","embeddable":true,"href":"https:\/\/nahuelproducciones.com.ar\/radioquijano\/wp-json\/wp\/v2\/categories?post=5729"},{"taxonomy":"post_tag","embeddable":true,"href":"https:\/\/nahuelproducciones.com.ar\/radioquijano\/wp-json\/wp\/v2\/tags?post=5729"}],"curies":[{"name":"wp","href":"https:\/\/api.w.org\/{rel}","templated":true}]}}