{"id":5732,"date":"2023-08-15T23:35:55","date_gmt":"2023-08-16T02:35:55","guid":{"rendered":"https:\/\/nahuelproducciones.com.ar\/radioquijano\/?p=5732"},"modified":"2023-08-15T23:35:56","modified_gmt":"2023-08-16T02:35:56","slug":"campo-quijano-detuvieron-a-dos-personas-y-recuperaron-elementos-robados","status":"publish","type":"post","link":"https:\/\/nahuelproducciones.com.ar\/radioquijano\/campo-quijano-detuvieron-a-dos-personas-y-recuperaron-elementos-robados\/","title":{"rendered":"Campo Quijano: Detuvieron a dos personas y recuperaron elementos robados."},"content":{"rendered":"\n<p>La destacable labor de efectivos de la Direcci\u00f3n de Unidad de Regional N\u00b0 10, permiti\u00f3 concretar la detenci\u00f3n de dos hombres que estar\u00edan involucrados en la sustracci\u00f3n elementos de un club deportivo en Campo Quijano. Se logr\u00f3 recuperar los elementos sustra\u00eddos.<\/p>\n\n\n\n<p>La intervenci\u00f3n se concret\u00f3 la ma\u00f1ana del jueves, cuando efectivos de comisar\u00eda N\u00b0 7 Camp\u00f3 Quijano que realizaban patrullaje preventivo observaron en calle Sarmiento sobre Ruta Provincial 36 a tres sujetos transportando varios bultos, que al notar la presencia policial abandonaron los elementos y se dieron a la fuga. Logrando la aprehensi\u00f3n de dos de los sospechosos, ambos hombres de 31 a\u00f1os y de 23 a\u00f1os, y el recupero de diversos elementos.<br>Posteriormente se hizo presente un hombre, manifestando ser encargado de un club social y deportivo de la zona, quien daba cuentas que personas desconocidas habr\u00edan ingresado y sustra\u00eddo los elementos recuperados.<br>Los demorados quedaron a disposici\u00f3n de la justicia y los elementos recuperados fueron restituidos\u00a0al\u00a0denunciante.<\/p>\n","protected":false},"excerpt":{"rendered":"<p>La destacable labor de efectivos de la Direcci\u00f3n de Unidad de Regional N\u00b0 10, permiti\u00f3 concretar la detenci\u00f3n de dos hombres que estar\u00edan involucrados en la sustracci\u00f3n elementos de un club deportivo en Campo Quijano. Se logr\u00f3 recuperar los elementos sustra\u00eddos. La intervenci\u00f3n se concret\u00f3 la ma\u00f1ana del jueves, cuando efectivos de comisar\u00eda N\u00b0 7 [&hellip;]<\/p>\n","protected":false},"author":8,"featured_media":5733,"comment_status":"open","ping_status":"open","sticky":false,"template":"","format":"standard","meta":{"_monsterinsights_skip_tracking":false,"_monsterinsights_sitenote_active":false,"_monsterinsights_sitenote_note":"","_monsterinsights_sitenote_category":0,"footnotes":""},"categories":[16],"tags":[100,905],"class_list":["post-5732","post","type-post","status-publish","format-standard","has-post-thumbnail","hentry","category-noticias","tag-municipio-de-campo-quijano","tag-robo"],"yoast_head":"<!-- This site is optimized with the Yoast SEO plugin v20.8 - https:\/\/yoast.com\/wordpress\/plugins\/seo\/ -->\n<title>Campo Quijano: Detuvieron a dos personas y recuperaron elementos robados. - RQ 99.9<\/title>\n<meta name=\"description\" content=\"Los demorados quedaron a disposici\u00f3n de la justicia y los elementos recuperados fueron restituidos\u00a0al\u00a0denunciante.\" \/>\n<meta name=\"robots\" content=\"index, follow, max-snippet:-1, max-image-preview:large, max-video-preview:-1\" \/>\n<link rel=\"canonical\" href=\"https:\/\/nahuelproducciones.com.ar\/radioquijano\/campo-quijano-detuvieron-a-dos-personas-y-recuperaron-elementos-robados\/\" \/>\n<meta property=\"og:locale\" content=\"es_ES\" \/>\n<meta property=\"og:type\" content=\"article\" \/>\n<meta property=\"og:title\" content=\"Campo Quijano: Detuvieron a dos personas y recuperaron elementos robados. - RQ 99.9\" \/>\n<meta property=\"og:description\" content=\"Los demorados quedaron a disposici\u00f3n de la justicia y los elementos recuperados fueron restituidos\u00a0al\u00a0denunciante.\" \/>\n<meta property=\"og:url\" content=\"https:\/\/nahuelproducciones.com.ar\/radioquijano\/campo-quijano-detuvieron-a-dos-personas-y-recuperaron-elementos-robados\/\" \/>\n<meta property=\"og:site_name\" content=\"RQ 99.9\" \/>\n<meta property=\"article:publisher\" content=\"https:\/\/www.facebook.com\/nahuelproducciones999\/\" \/>\n<meta property=\"article:published_time\" content=\"2023-08-16T02:35:55+00:00\" \/>\n<meta property=\"article:modified_time\" content=\"2023-08-16T02:35:56+00:00\" \/>\n<meta property=\"og:image\" content=\"https:\/\/nahuelproducciones.com.ar\/radioquijano\/wp-content\/uploads\/2023\/08\/robo-en-la-BORA-e1692153332498.jpg\" \/>\n\t<meta property=\"og:image:width\" content=\"700\" \/>\n\t<meta property=\"og:image:height\" content=\"525\" \/>\n\t<meta property=\"og:image:type\" content=\"image\/jpeg\" \/>\n<meta name=\"author\" content=\"Cecilia Pastrana\" \/>\n<meta name=\"twitter:card\" content=\"summary_large_image\" \/>\n<meta name=\"twitter:creator\" content=\"@nahuproduciones\" \/>\n<meta name=\"twitter:site\" content=\"@nahuproduciones\" \/>\n<meta name=\"twitter:label1\" content=\"Escrito por\" \/>\n\t<meta name=\"twitter:data1\" content=\"Cecilia Pastrana\" \/>\n\t<meta name=\"twitter:label2\" content=\"Tiempo de lectura\" \/>\n\t<meta name=\"twitter:data2\" content=\"1 minuto\" \/>\n<script type=\"application\/ld+json\" class=\"yoast-schema-graph\">{\"@context\":\"https:\/\/schema.org\",\"@graph\":[{\"@type\":\"WebPage\",\"@id\":\"https:\/\/nahuelproducciones.com.ar\/radioquijano\/campo-quijano-detuvieron-a-dos-personas-y-recuperaron-elementos-robados\/\",\"url\":\"https:\/\/nahuelproducciones.com.ar\/radioquijano\/campo-quijano-detuvieron-a-dos-personas-y-recuperaron-elementos-robados\/\",\"name\":\"Campo Quijano: Detuvieron a dos personas y recuperaron elementos robados. - RQ 99.9\",\"isPartOf\":{\"@id\":\"https:\/\/nahuelproducciones.com.ar\/radioquijano\/#website\"},\"datePublished\":\"2023-08-16T02:35:55+00:00\",\"dateModified\":\"2023-08-16T02:35:56+00:00\",\"author\":{\"@id\":\"https:\/\/nahuelproducciones.com.ar\/radioquijano\/#\/schema\/person\/e8a4f939e2cb487fe6d0c54042c9d32c\"},\"description\":\"Los demorados quedaron a disposici\u00f3n de la justicia y los elementos recuperados fueron restituidos\u00a0al\u00a0denunciante.\",\"breadcrumb\":{\"@id\":\"https:\/\/nahuelproducciones.com.ar\/radioquijano\/campo-quijano-detuvieron-a-dos-personas-y-recuperaron-elementos-robados\/#breadcrumb\"},\"inLanguage\":\"es\",\"potentialAction\":[{\"@type\":\"ReadAction\",\"target\":[\"https:\/\/nahuelproducciones.com.ar\/radioquijano\/campo-quijano-detuvieron-a-dos-personas-y-recuperaron-elementos-robados\/\"]}]},{\"@type\":\"BreadcrumbList\",\"@id\":\"https:\/\/nahuelproducciones.com.ar\/radioquijano\/campo-quijano-detuvieron-a-dos-personas-y-recuperaron-elementos-robados\/#breadcrumb\",\"itemListElement\":[{\"@type\":\"ListItem\",\"position\":1,\"name\":\"Portada\",\"item\":\"https:\/\/nahuelproducciones.com.ar\/radioquijano\/\"},{\"@type\":\"ListItem\",\"position\":2,\"name\":\"Campo Quijano: Detuvieron a dos personas y recuperaron elementos robados.\"}]},{\"@type\":\"WebSite\",\"@id\":\"https:\/\/nahuelproducciones.com.ar\/radioquijano\/#website\",\"url\":\"https:\/\/nahuelproducciones.com.ar\/radioquijano\/\",\"name\":\"RQ 99.9\",\"description\":\"Radio Quijano 99.9 MHz\",\"potentialAction\":[{\"@type\":\"SearchAction\",\"target\":{\"@type\":\"EntryPoint\",\"urlTemplate\":\"https:\/\/nahuelproducciones.com.ar\/radioquijano\/?s={search_term_string}\"},\"query-input\":\"required name=search_term_string\"}],\"inLanguage\":\"es\"},{\"@type\":\"Person\",\"@id\":\"https:\/\/nahuelproducciones.com.ar\/radioquijano\/#\/schema\/person\/e8a4f939e2cb487fe6d0c54042c9d32c\",\"name\":\"Cecilia Pastrana\",\"image\":{\"@type\":\"ImageObject\",\"inLanguage\":\"es\",\"@id\":\"https:\/\/nahuelproducciones.com.ar\/radioquijano\/#\/schema\/person\/image\/\",\"url\":\"https:\/\/secure.gravatar.com\/avatar\/661a3ef63a8488d4f2794ed44af8cf71420f7e106f3072c40125114df5157749?s=96&d=mm&r=g\",\"contentUrl\":\"https:\/\/secure.gravatar.com\/avatar\/661a3ef63a8488d4f2794ed44af8cf71420f7e106f3072c40125114df5157749?s=96&d=mm&r=g\",\"caption\":\"Cecilia Pastrana\"},\"sameAs\":[\"cecy\"],\"url\":\"https:\/\/nahuelproducciones.com.ar\/radioquijano\/author\/cecy\/\"}]}<\/script>\n<!-- \/ Yoast SEO plugin. -->","yoast_head_json":{"title":"Campo Quijano: Detuvieron a dos personas y recuperaron elementos robados. - RQ 99.9","description":"Los demorados quedaron a disposici\u00f3n de la justicia y los elementos recuperados fueron restituidos\u00a0al\u00a0denunciante.","robots":{"index":"index","follow":"follow","max-snippet":"max-snippet:-1","max-image-preview":"max-image-preview:large","max-video-preview":"max-video-preview:-1"},"canonical":"https:\/\/nahuelproducciones.com.ar\/radioquijano\/campo-quijano-detuvieron-a-dos-personas-y-recuperaron-elementos-robados\/","og_locale":"es_ES","og_type":"article","og_title":"Campo Quijano: Detuvieron a dos personas y recuperaron elementos robados. - RQ 99.9","og_description":"Los demorados quedaron a disposici\u00f3n de la justicia y los elementos recuperados fueron restituidos\u00a0al\u00a0denunciante.","og_url":"https:\/\/nahuelproducciones.com.ar\/radioquijano\/campo-quijano-detuvieron-a-dos-personas-y-recuperaron-elementos-robados\/","og_site_name":"RQ 99.9","article_publisher":"https:\/\/www.facebook.com\/nahuelproducciones999\/","article_published_time":"2023-08-16T02:35:55+00:00","article_modified_time":"2023-08-16T02:35:56+00:00","og_image":[{"width":700,"height":525,"url":"https:\/\/nahuelproducciones.com.ar\/radioquijano\/wp-content\/uploads\/2023\/08\/robo-en-la-BORA-e1692153332498.jpg","type":"image\/jpeg"}],"author":"Cecilia Pastrana","twitter_card":"summary_large_image","twitter_creator":"@nahuproduciones","twitter_site":"@nahuproduciones","twitter_misc":{"Escrito por":"Cecilia Pastrana","Tiempo de lectura":"1 minuto"},"schema":{"@context":"https:\/\/schema.org","@graph":[{"@type":"WebPage","@id":"https:\/\/nahuelproducciones.com.ar\/radioquijano\/campo-quijano-detuvieron-a-dos-personas-y-recuperaron-elementos-robados\/","url":"https:\/\/nahuelproducciones.com.ar\/radioquijano\/campo-quijano-detuvieron-a-dos-personas-y-recuperaron-elementos-robados\/","name":"Campo Quijano: Detuvieron a dos personas y recuperaron elementos robados. - RQ 99.9","isPartOf":{"@id":"https:\/\/nahuelproducciones.com.ar\/radioquijano\/#website"},"datePublished":"2023-08-16T02:35:55+00:00","dateModified":"2023-08-16T02:35:56+00:00","author":{"@id":"https:\/\/nahuelproducciones.com.ar\/radioquijano\/#\/schema\/person\/e8a4f939e2cb487fe6d0c54042c9d32c"},"description":"Los demorados quedaron a disposici\u00f3n de la justicia y los elementos recuperados fueron restituidos\u00a0al\u00a0denunciante.","breadcrumb":{"@id":"https:\/\/nahuelproducciones.com.ar\/radioquijano\/campo-quijano-detuvieron-a-dos-personas-y-recuperaron-elementos-robados\/#breadcrumb"},"inLanguage":"es","potentialAction":[{"@type":"ReadAction","target":["https:\/\/nahuelproducciones.com.ar\/radioquijano\/campo-quijano-detuvieron-a-dos-personas-y-recuperaron-elementos-robados\/"]}]},{"@type":"BreadcrumbList","@id":"https:\/\/nahuelproducciones.com.ar\/radioquijano\/campo-quijano-detuvieron-a-dos-personas-y-recuperaron-elementos-robados\/#breadcrumb","itemListElement":[{"@type":"ListItem","position":1,"name":"Portada","item":"https:\/\/nahuelproducciones.com.ar\/radioquijano\/"},{"@type":"ListItem","position":2,"name":"Campo Quijano: Detuvieron a dos personas y recuperaron elementos robados."}]},{"@type":"WebSite","@id":"https:\/\/nahuelproducciones.com.ar\/radioquijano\/#website","url":"https:\/\/nahuelproducciones.com.ar\/radioquijano\/","name":"RQ 99.9","description":"Radio Quijano 99.9 MHz","potentialAction":[{"@type":"SearchAction","target":{"@type":"EntryPoint","urlTemplate":"https:\/\/nahuelproducciones.com.ar\/radioquijano\/?s={search_term_string}"},"query-input":"required name=search_term_string"}],"inLanguage":"es"},{"@type":"Person","@id":"https:\/\/nahuelproducciones.com.ar\/radioquijano\/#\/schema\/person\/e8a4f939e2cb487fe6d0c54042c9d32c","name":"Cecilia Pastrana","image":{"@type":"ImageObject","inLanguage":"es","@id":"https:\/\/nahuelproducciones.com.ar\/radioquijano\/#\/schema\/person\/image\/","url":"https:\/\/secure.gravatar.com\/avatar\/661a3ef63a8488d4f2794ed44af8cf71420f7e106f3072c40125114df5157749?s=96&d=mm&r=g","contentUrl":"https:\/\/secure.gravatar.com\/avatar\/661a3ef63a8488d4f2794ed44af8cf71420f7e106f3072c40125114df5157749?s=96&d=mm&r=g","caption":"Cecilia Pastrana"},"sameAs":["cecy"],"url":"https:\/\/nahuelproducciones.com.ar\/radioquijano\/author\/cecy\/"}]}},"_links":{"self":[{"href":"https:\/\/nahuelproducciones.com.ar\/radioquijano\/wp-json\/wp\/v2\/posts\/5732","targetHints":{"allow":["GET"]}}],"collection":[{"href":"https:\/\/nahuelproducciones.com.ar\/radioquijano\/wp-json\/wp\/v2\/posts"}],"about":[{"href":"https:\/\/nahuelproducciones.com.ar\/radioquijano\/wp-json\/wp\/v2\/types\/post"}],"author":[{"embeddable":true,"href":"https:\/\/nahuelproducciones.com.ar\/radioquijano\/wp-json\/wp\/v2\/users\/8"}],"replies":[{"embeddable":true,"href":"https:\/\/nahuelproducciones.com.ar\/radioquijano\/wp-json\/wp\/v2\/comments?post=5732"}],"version-history":[{"count":1,"href":"https:\/\/nahuelproducciones.com.ar\/radioquijano\/wp-json\/wp\/v2\/posts\/5732\/revisions"}],"predecessor-version":[{"id":5734,"href":"https:\/\/nahuelproducciones.com.ar\/radioquijano\/wp-json\/wp\/v2\/posts\/5732\/revisions\/5734"}],"wp:featuredmedia":[{"embeddable":true,"href":"https:\/\/nahuelproducciones.com.ar\/radioquijano\/wp-json\/wp\/v2\/media\/5733"}],"wp:attachment":[{"href":"https:\/\/nahuelproducciones.com.ar\/radioquijano\/wp-json\/wp\/v2\/media?parent=5732"}],"wp:term":[{"taxonomy":"category","embeddable":true,"href":"https:\/\/nahuelproducciones.com.ar\/radioquijano\/wp-json\/wp\/v2\/categories?post=5732"},{"taxonomy":"post_tag","embeddable":true,"href":"https:\/\/nahuelproducciones.com.ar\/radioquijano\/wp-json\/wp\/v2\/tags?post=5732"}],"curies":[{"name":"wp","href":"https:\/\/api.w.org\/{rel}","templated":true}]}}