{"id":5745,"date":"2023-08-21T01:22:21","date_gmt":"2023-08-21T04:22:21","guid":{"rendered":"https:\/\/nahuelproducciones.com.ar\/radioquijano\/?p=5745"},"modified":"2023-08-21T02:14:11","modified_gmt":"2023-08-21T05:14:11","slug":"bomberos-voluntarios-estan-asociando-por-los-domicilios","status":"publish","type":"post","link":"https:\/\/nahuelproducciones.com.ar\/radioquijano\/bomberos-voluntarios-estan-asociando-por-los-domicilios\/","title":{"rendered":"Bomberos voluntarios est\u00e1n asociando por los domicilios."},"content":{"rendered":"\n<p>La semana pasada se presentaron varios uniformados por los domicilios de los vecinos de Campo Quijano, manifestando que eran del Cuerpo de Bomberos Hernando de Lerma de Rosario de Lerma y solicitaban que aquellos que quisieran se asocien al mismo.<\/p>\n\n\n\n<p>Algunos vecinos mandaron mensajes a Radio Quijano, para que averig\u00fcen si son falsos bomberos y si la comunidad tiene que estar atenta a estas maniobras.<\/p>\n\n\n\n<p>RQ99.9Mhz para esclarecer se comunic\u00f3 con el Comandante Mayor Lic. Claudio Arnaudo de los Bomberos Voluntarios de Rosario de Lerma y confirm\u00f3 que los uniformados que estuvieron visitando los domicilios en Quijano, si pertenecen a la instituci\u00f3n.<\/p>\n\n\n\n<p>Pidi\u00f3 disculpas por la falta de acreditaci\u00f3n correspondiente y acept\u00f3 que fue un error de \u00e9l, el no pensar que esta situaci\u00f3n ocasionar\u00eda  desconfianza.<\/p>\n\n\n\n<p>El lema que llevan adelante es Solidaridad, Respeto e Inclusi\u00f3n por lo que quiere hacer saber que aquellos que quieran asociarse deben saber que el centro de tareas esta ubicado en Ruta 36 km 6 y hace muchos a\u00f1os vienen colaborando, trabajando en todo el departamento.<\/p>\n\n\n\n<p>Arnaudo cont\u00f3 que tienen una comisi\u00f3n conformada con todo lo que manda la legislaci\u00f3n .<\/p>\n\n\n\n<p>Los vecinos en caso de no confiar si quienes se acercan son parte del cuerpo, le pueden pedir su identificaci\u00f3n, tambi\u00e9n pueden llamar al numero de celular del Comandante 387 6 831251 en donde los asesorar\u00e1n y podr\u00e1n corroborar datos.<\/p>\n\n\n\n<p>El comandante llev\u00f3  tranquilidad a los vecinos y agradeci\u00f3 tambi\u00e9n por la buena predisposici\u00f3n, por la colaboraci\u00f3n. Est\u00e1n muy agradecidos.<\/p>\n\n\n\n<p><strong>Escuch\u00e1 la entrevista&nbsp;<\/strong>:<\/p>\n\n\n\n<figure class=\"wp-block-audio\"><audio controls src=\"https:\/\/nahuelproducciones.com.ar\/radioquijano\/wp-content\/uploads\/2023\/08\/19-08-2023-Comandante-Mayor-lic-Claudio-Arnaudo-RUTA-36-KM6-BOMBEROS-HERNANDO-DE-LERMA.mp3\"><\/audio><\/figure>\n\n\n\n<figure class=\"wp-block-gallery has-nested-images columns-default is-cropped wp-block-gallery-1 is-layout-flex wp-block-gallery-is-layout-flex\">\n<figure class=\"wp-block-image size-large\"><img loading=\"lazy\" decoding=\"async\" width=\"576\" height=\"1024\" data-id=\"5750\" src=\"https:\/\/nahuelproducciones.com.ar\/radioquijano\/wp-content\/uploads\/2023\/08\/WhatsApp-Image-2023-08-19-at-1.02.39-PM-576x1024.jpeg\" alt=\"\" class=\"wp-image-5750\" srcset=\"https:\/\/nahuelproducciones.com.ar\/radioquijano\/wp-content\/uploads\/2023\/08\/WhatsApp-Image-2023-08-19-at-1.02.39-PM-576x1024.jpeg 576w, https:\/\/nahuelproducciones.com.ar\/radioquijano\/wp-content\/uploads\/2023\/08\/WhatsApp-Image-2023-08-19-at-1.02.39-PM-169x300.jpeg 169w, https:\/\/nahuelproducciones.com.ar\/radioquijano\/wp-content\/uploads\/2023\/08\/WhatsApp-Image-2023-08-19-at-1.02.39-PM-150x267.jpeg 150w, https:\/\/nahuelproducciones.com.ar\/radioquijano\/wp-content\/uploads\/2023\/08\/WhatsApp-Image-2023-08-19-at-1.02.39-PM.jpeg 720w\" sizes=\"auto, (max-width: 576px) 100vw, 576px\" \/><\/figure>\n\n\n\n<figure class=\"wp-block-image size-large\"><img loading=\"lazy\" decoding=\"async\" width=\"576\" height=\"1024\" data-id=\"5752\" src=\"https:\/\/nahuelproducciones.com.ar\/radioquijano\/wp-content\/uploads\/2023\/08\/WhatsApp-Image-2023-08-19-at-1.03.02-PM-576x1024.jpeg\" alt=\"\" class=\"wp-image-5752\" srcset=\"https:\/\/nahuelproducciones.com.ar\/radioquijano\/wp-content\/uploads\/2023\/08\/WhatsApp-Image-2023-08-19-at-1.03.02-PM-576x1024.jpeg 576w, https:\/\/nahuelproducciones.com.ar\/radioquijano\/wp-content\/uploads\/2023\/08\/WhatsApp-Image-2023-08-19-at-1.03.02-PM-169x300.jpeg 169w, https:\/\/nahuelproducciones.com.ar\/radioquijano\/wp-content\/uploads\/2023\/08\/WhatsApp-Image-2023-08-19-at-1.03.02-PM-150x267.jpeg 150w, https:\/\/nahuelproducciones.com.ar\/radioquijano\/wp-content\/uploads\/2023\/08\/WhatsApp-Image-2023-08-19-at-1.03.02-PM.jpeg 720w\" sizes=\"auto, (max-width: 576px) 100vw, 576px\" \/><\/figure>\n\n\n\n<figure class=\"wp-block-image size-large\"><img loading=\"lazy\" decoding=\"async\" width=\"576\" height=\"1024\" data-id=\"5749\" src=\"https:\/\/nahuelproducciones.com.ar\/radioquijano\/wp-content\/uploads\/2023\/08\/WhatsApp-Image-2023-08-19-at-1.03.13-PM-576x1024.jpeg\" alt=\"\" class=\"wp-image-5749\" srcset=\"https:\/\/nahuelproducciones.com.ar\/radioquijano\/wp-content\/uploads\/2023\/08\/WhatsApp-Image-2023-08-19-at-1.03.13-PM-576x1024.jpeg 576w, https:\/\/nahuelproducciones.com.ar\/radioquijano\/wp-content\/uploads\/2023\/08\/WhatsApp-Image-2023-08-19-at-1.03.13-PM-169x300.jpeg 169w, https:\/\/nahuelproducciones.com.ar\/radioquijano\/wp-content\/uploads\/2023\/08\/WhatsApp-Image-2023-08-19-at-1.03.13-PM-150x267.jpeg 150w, https:\/\/nahuelproducciones.com.ar\/radioquijano\/wp-content\/uploads\/2023\/08\/WhatsApp-Image-2023-08-19-at-1.03.13-PM.jpeg 720w\" sizes=\"auto, (max-width: 576px) 100vw, 576px\" \/><\/figure>\n\n\n\n<figure class=\"wp-block-image size-large\"><img loading=\"lazy\" decoding=\"async\" width=\"576\" height=\"1024\" data-id=\"5751\" src=\"https:\/\/nahuelproducciones.com.ar\/radioquijano\/wp-content\/uploads\/2023\/08\/WhatsApp-Image-2023-08-19-at-1.03.28-PM-576x1024.jpeg\" alt=\"\" class=\"wp-image-5751\" srcset=\"https:\/\/nahuelproducciones.com.ar\/radioquijano\/wp-content\/uploads\/2023\/08\/WhatsApp-Image-2023-08-19-at-1.03.28-PM-576x1024.jpeg 576w, https:\/\/nahuelproducciones.com.ar\/radioquijano\/wp-content\/uploads\/2023\/08\/WhatsApp-Image-2023-08-19-at-1.03.28-PM-169x300.jpeg 169w, https:\/\/nahuelproducciones.com.ar\/radioquijano\/wp-content\/uploads\/2023\/08\/WhatsApp-Image-2023-08-19-at-1.03.28-PM-150x267.jpeg 150w, https:\/\/nahuelproducciones.com.ar\/radioquijano\/wp-content\/uploads\/2023\/08\/WhatsApp-Image-2023-08-19-at-1.03.28-PM.jpeg 720w\" sizes=\"auto, (max-width: 576px) 100vw, 576px\" \/><\/figure>\n\n\n\n<figure class=\"wp-block-image size-large\"><img loading=\"lazy\" decoding=\"async\" width=\"576\" height=\"1024\" data-id=\"5753\" src=\"https:\/\/nahuelproducciones.com.ar\/radioquijano\/wp-content\/uploads\/2023\/08\/WhatsApp-Image-2023-08-19-at-1.03.42-PM-576x1024.jpeg\" alt=\"\" class=\"wp-image-5753\" srcset=\"https:\/\/nahuelproducciones.com.ar\/radioquijano\/wp-content\/uploads\/2023\/08\/WhatsApp-Image-2023-08-19-at-1.03.42-PM-576x1024.jpeg 576w, https:\/\/nahuelproducciones.com.ar\/radioquijano\/wp-content\/uploads\/2023\/08\/WhatsApp-Image-2023-08-19-at-1.03.42-PM-169x300.jpeg 169w, https:\/\/nahuelproducciones.com.ar\/radioquijano\/wp-content\/uploads\/2023\/08\/WhatsApp-Image-2023-08-19-at-1.03.42-PM-150x267.jpeg 150w, https:\/\/nahuelproducciones.com.ar\/radioquijano\/wp-content\/uploads\/2023\/08\/WhatsApp-Image-2023-08-19-at-1.03.42-PM.jpeg 720w\" sizes=\"auto, (max-width: 576px) 100vw, 576px\" \/><\/figure>\n<\/figure>\n","protected":false},"excerpt":{"rendered":"<p>La semana pasada se presentaron varios uniformados por los domicilios de los vecinos de Campo Quijano, manifestando que eran del Cuerpo de Bomberos Hernando de Lerma de Rosario de Lerma y solicitaban que aquellos que quisieran se asocien al mismo. Algunos vecinos mandaron mensajes a Radio Quijano, para que averig\u00fcen si son falsos bomberos y [&hellip;]<\/p>\n","protected":false},"author":8,"featured_media":5747,"comment_status":"open","ping_status":"open","sticky":false,"template":"","format":"standard","meta":{"_monsterinsights_skip_tracking":false,"_monsterinsights_sitenote_active":false,"_monsterinsights_sitenote_note":"","_monsterinsights_sitenote_category":0,"footnotes":""},"categories":[16],"tags":[1210,100,47],"class_list":["post-5745","post","type-post","status-publish","format-standard","has-post-thumbnail","hentry","category-noticias","tag-bomberos-voluntarios-hernando-de-lerma","tag-municipio-de-campo-quijano","tag-rosario-de-lerma"],"yoast_head":"<!-- This site is optimized with the Yoast SEO plugin v20.8 - https:\/\/yoast.com\/wordpress\/plugins\/seo\/ -->\n<title>Bomberos voluntarios est\u00e1n asociando por los domicilios. - RQ 99.9<\/title>\n<meta name=\"description\" content=\"El centro de tareas esta ubicado en Ruta 36 km 6 y hace muchos a\u00f1os vienen colaborando, trabajando en todo el departamento.\" \/>\n<meta name=\"robots\" content=\"index, follow, max-snippet:-1, max-image-preview:large, max-video-preview:-1\" \/>\n<link rel=\"canonical\" href=\"https:\/\/nahuelproducciones.com.ar\/radioquijano\/bomberos-voluntarios-estan-asociando-por-los-domicilios\/\" \/>\n<meta property=\"og:locale\" content=\"es_ES\" \/>\n<meta property=\"og:type\" content=\"article\" \/>\n<meta property=\"og:title\" content=\"Bomberos voluntarios est\u00e1n asociando por los domicilios. - RQ 99.9\" \/>\n<meta property=\"og:description\" content=\"El centro de tareas esta ubicado en Ruta 36 km 6 y hace muchos a\u00f1os vienen colaborando, trabajando en todo el departamento.\" \/>\n<meta property=\"og:url\" content=\"https:\/\/nahuelproducciones.com.ar\/radioquijano\/bomberos-voluntarios-estan-asociando-por-los-domicilios\/\" \/>\n<meta property=\"og:site_name\" content=\"RQ 99.9\" \/>\n<meta property=\"article:publisher\" content=\"https:\/\/www.facebook.com\/nahuelproducciones999\/\" \/>\n<meta property=\"article:published_time\" content=\"2023-08-21T04:22:21+00:00\" \/>\n<meta property=\"article:modified_time\" content=\"2023-08-21T05:14:11+00:00\" \/>\n<meta property=\"og:image\" content=\"https:\/\/nahuelproducciones.com.ar\/radioquijano\/wp-content\/uploads\/2023\/08\/comandante-de-bomberos-voluntarios-hernando-de-lerma-e1692591605279.jpg\" \/>\n\t<meta property=\"og:image:width\" content=\"640\" \/>\n\t<meta property=\"og:image:height\" content=\"640\" \/>\n\t<meta property=\"og:image:type\" content=\"image\/jpeg\" \/>\n<meta name=\"author\" content=\"Cecilia Pastrana\" \/>\n<meta name=\"twitter:card\" content=\"summary_large_image\" \/>\n<meta name=\"twitter:creator\" content=\"@nahuproduciones\" \/>\n<meta name=\"twitter:site\" content=\"@nahuproduciones\" \/>\n<meta name=\"twitter:label1\" content=\"Escrito por\" \/>\n\t<meta name=\"twitter:data1\" content=\"Cecilia Pastrana\" \/>\n\t<meta name=\"twitter:label2\" content=\"Tiempo de lectura\" \/>\n\t<meta name=\"twitter:data2\" content=\"3 minutos\" \/>\n<script type=\"application\/ld+json\" class=\"yoast-schema-graph\">{\"@context\":\"https:\/\/schema.org\",\"@graph\":[{\"@type\":\"WebPage\",\"@id\":\"https:\/\/nahuelproducciones.com.ar\/radioquijano\/bomberos-voluntarios-estan-asociando-por-los-domicilios\/\",\"url\":\"https:\/\/nahuelproducciones.com.ar\/radioquijano\/bomberos-voluntarios-estan-asociando-por-los-domicilios\/\",\"name\":\"Bomberos voluntarios est\u00e1n asociando por los domicilios. - RQ 99.9\",\"isPartOf\":{\"@id\":\"https:\/\/nahuelproducciones.com.ar\/radioquijano\/#website\"},\"datePublished\":\"2023-08-21T04:22:21+00:00\",\"dateModified\":\"2023-08-21T05:14:11+00:00\",\"author\":{\"@id\":\"https:\/\/nahuelproducciones.com.ar\/radioquijano\/#\/schema\/person\/e8a4f939e2cb487fe6d0c54042c9d32c\"},\"description\":\"El centro de tareas esta ubicado en Ruta 36 km 6 y hace muchos a\u00f1os vienen colaborando, trabajando en todo el departamento.\",\"breadcrumb\":{\"@id\":\"https:\/\/nahuelproducciones.com.ar\/radioquijano\/bomberos-voluntarios-estan-asociando-por-los-domicilios\/#breadcrumb\"},\"inLanguage\":\"es\",\"potentialAction\":[{\"@type\":\"ReadAction\",\"target\":[\"https:\/\/nahuelproducciones.com.ar\/radioquijano\/bomberos-voluntarios-estan-asociando-por-los-domicilios\/\"]}]},{\"@type\":\"BreadcrumbList\",\"@id\":\"https:\/\/nahuelproducciones.com.ar\/radioquijano\/bomberos-voluntarios-estan-asociando-por-los-domicilios\/#breadcrumb\",\"itemListElement\":[{\"@type\":\"ListItem\",\"position\":1,\"name\":\"Portada\",\"item\":\"https:\/\/nahuelproducciones.com.ar\/radioquijano\/\"},{\"@type\":\"ListItem\",\"position\":2,\"name\":\"Bomberos voluntarios est\u00e1n asociando por los domicilios.\"}]},{\"@type\":\"WebSite\",\"@id\":\"https:\/\/nahuelproducciones.com.ar\/radioquijano\/#website\",\"url\":\"https:\/\/nahuelproducciones.com.ar\/radioquijano\/\",\"name\":\"RQ 99.9\",\"description\":\"Radio Quijano 99.9 MHz\",\"potentialAction\":[{\"@type\":\"SearchAction\",\"target\":{\"@type\":\"EntryPoint\",\"urlTemplate\":\"https:\/\/nahuelproducciones.com.ar\/radioquijano\/?s={search_term_string}\"},\"query-input\":\"required name=search_term_string\"}],\"inLanguage\":\"es\"},{\"@type\":\"Person\",\"@id\":\"https:\/\/nahuelproducciones.com.ar\/radioquijano\/#\/schema\/person\/e8a4f939e2cb487fe6d0c54042c9d32c\",\"name\":\"Cecilia Pastrana\",\"image\":{\"@type\":\"ImageObject\",\"inLanguage\":\"es\",\"@id\":\"https:\/\/nahuelproducciones.com.ar\/radioquijano\/#\/schema\/person\/image\/\",\"url\":\"https:\/\/secure.gravatar.com\/avatar\/661a3ef63a8488d4f2794ed44af8cf71420f7e106f3072c40125114df5157749?s=96&d=mm&r=g\",\"contentUrl\":\"https:\/\/secure.gravatar.com\/avatar\/661a3ef63a8488d4f2794ed44af8cf71420f7e106f3072c40125114df5157749?s=96&d=mm&r=g\",\"caption\":\"Cecilia Pastrana\"},\"sameAs\":[\"cecy\"],\"url\":\"https:\/\/nahuelproducciones.com.ar\/radioquijano\/author\/cecy\/\"}]}<\/script>\n<!-- \/ Yoast SEO plugin. -->","yoast_head_json":{"title":"Bomberos voluntarios est\u00e1n asociando por los domicilios. - RQ 99.9","description":"El centro de tareas esta ubicado en Ruta 36 km 6 y hace muchos a\u00f1os vienen colaborando, trabajando en todo el departamento.","robots":{"index":"index","follow":"follow","max-snippet":"max-snippet:-1","max-image-preview":"max-image-preview:large","max-video-preview":"max-video-preview:-1"},"canonical":"https:\/\/nahuelproducciones.com.ar\/radioquijano\/bomberos-voluntarios-estan-asociando-por-los-domicilios\/","og_locale":"es_ES","og_type":"article","og_title":"Bomberos voluntarios est\u00e1n asociando por los domicilios. - RQ 99.9","og_description":"El centro de tareas esta ubicado en Ruta 36 km 6 y hace muchos a\u00f1os vienen colaborando, trabajando en todo el departamento.","og_url":"https:\/\/nahuelproducciones.com.ar\/radioquijano\/bomberos-voluntarios-estan-asociando-por-los-domicilios\/","og_site_name":"RQ 99.9","article_publisher":"https:\/\/www.facebook.com\/nahuelproducciones999\/","article_published_time":"2023-08-21T04:22:21+00:00","article_modified_time":"2023-08-21T05:14:11+00:00","og_image":[{"width":640,"height":640,"url":"https:\/\/nahuelproducciones.com.ar\/radioquijano\/wp-content\/uploads\/2023\/08\/comandante-de-bomberos-voluntarios-hernando-de-lerma-e1692591605279.jpg","type":"image\/jpeg"}],"author":"Cecilia Pastrana","twitter_card":"summary_large_image","twitter_creator":"@nahuproduciones","twitter_site":"@nahuproduciones","twitter_misc":{"Escrito por":"Cecilia Pastrana","Tiempo de lectura":"3 minutos"},"schema":{"@context":"https:\/\/schema.org","@graph":[{"@type":"WebPage","@id":"https:\/\/nahuelproducciones.com.ar\/radioquijano\/bomberos-voluntarios-estan-asociando-por-los-domicilios\/","url":"https:\/\/nahuelproducciones.com.ar\/radioquijano\/bomberos-voluntarios-estan-asociando-por-los-domicilios\/","name":"Bomberos voluntarios est\u00e1n asociando por los domicilios. - RQ 99.9","isPartOf":{"@id":"https:\/\/nahuelproducciones.com.ar\/radioquijano\/#website"},"datePublished":"2023-08-21T04:22:21+00:00","dateModified":"2023-08-21T05:14:11+00:00","author":{"@id":"https:\/\/nahuelproducciones.com.ar\/radioquijano\/#\/schema\/person\/e8a4f939e2cb487fe6d0c54042c9d32c"},"description":"El centro de tareas esta ubicado en Ruta 36 km 6 y hace muchos a\u00f1os vienen colaborando, trabajando en todo el departamento.","breadcrumb":{"@id":"https:\/\/nahuelproducciones.com.ar\/radioquijano\/bomberos-voluntarios-estan-asociando-por-los-domicilios\/#breadcrumb"},"inLanguage":"es","potentialAction":[{"@type":"ReadAction","target":["https:\/\/nahuelproducciones.com.ar\/radioquijano\/bomberos-voluntarios-estan-asociando-por-los-domicilios\/"]}]},{"@type":"BreadcrumbList","@id":"https:\/\/nahuelproducciones.com.ar\/radioquijano\/bomberos-voluntarios-estan-asociando-por-los-domicilios\/#breadcrumb","itemListElement":[{"@type":"ListItem","position":1,"name":"Portada","item":"https:\/\/nahuelproducciones.com.ar\/radioquijano\/"},{"@type":"ListItem","position":2,"name":"Bomberos voluntarios est\u00e1n asociando por los domicilios."}]},{"@type":"WebSite","@id":"https:\/\/nahuelproducciones.com.ar\/radioquijano\/#website","url":"https:\/\/nahuelproducciones.com.ar\/radioquijano\/","name":"RQ 99.9","description":"Radio Quijano 99.9 MHz","potentialAction":[{"@type":"SearchAction","target":{"@type":"EntryPoint","urlTemplate":"https:\/\/nahuelproducciones.com.ar\/radioquijano\/?s={search_term_string}"},"query-input":"required name=search_term_string"}],"inLanguage":"es"},{"@type":"Person","@id":"https:\/\/nahuelproducciones.com.ar\/radioquijano\/#\/schema\/person\/e8a4f939e2cb487fe6d0c54042c9d32c","name":"Cecilia Pastrana","image":{"@type":"ImageObject","inLanguage":"es","@id":"https:\/\/nahuelproducciones.com.ar\/radioquijano\/#\/schema\/person\/image\/","url":"https:\/\/secure.gravatar.com\/avatar\/661a3ef63a8488d4f2794ed44af8cf71420f7e106f3072c40125114df5157749?s=96&d=mm&r=g","contentUrl":"https:\/\/secure.gravatar.com\/avatar\/661a3ef63a8488d4f2794ed44af8cf71420f7e106f3072c40125114df5157749?s=96&d=mm&r=g","caption":"Cecilia Pastrana"},"sameAs":["cecy"],"url":"https:\/\/nahuelproducciones.com.ar\/radioquijano\/author\/cecy\/"}]}},"_links":{"self":[{"href":"https:\/\/nahuelproducciones.com.ar\/radioquijano\/wp-json\/wp\/v2\/posts\/5745","targetHints":{"allow":["GET"]}}],"collection":[{"href":"https:\/\/nahuelproducciones.com.ar\/radioquijano\/wp-json\/wp\/v2\/posts"}],"about":[{"href":"https:\/\/nahuelproducciones.com.ar\/radioquijano\/wp-json\/wp\/v2\/types\/post"}],"author":[{"embeddable":true,"href":"https:\/\/nahuelproducciones.com.ar\/radioquijano\/wp-json\/wp\/v2\/users\/8"}],"replies":[{"embeddable":true,"href":"https:\/\/nahuelproducciones.com.ar\/radioquijano\/wp-json\/wp\/v2\/comments?post=5745"}],"version-history":[{"count":2,"href":"https:\/\/nahuelproducciones.com.ar\/radioquijano\/wp-json\/wp\/v2\/posts\/5745\/revisions"}],"predecessor-version":[{"id":5756,"href":"https:\/\/nahuelproducciones.com.ar\/radioquijano\/wp-json\/wp\/v2\/posts\/5745\/revisions\/5756"}],"wp:featuredmedia":[{"embeddable":true,"href":"https:\/\/nahuelproducciones.com.ar\/radioquijano\/wp-json\/wp\/v2\/media\/5747"}],"wp:attachment":[{"href":"https:\/\/nahuelproducciones.com.ar\/radioquijano\/wp-json\/wp\/v2\/media?parent=5745"}],"wp:term":[{"taxonomy":"category","embeddable":true,"href":"https:\/\/nahuelproducciones.com.ar\/radioquijano\/wp-json\/wp\/v2\/categories?post=5745"},{"taxonomy":"post_tag","embeddable":true,"href":"https:\/\/nahuelproducciones.com.ar\/radioquijano\/wp-json\/wp\/v2\/tags?post=5745"}],"curies":[{"name":"wp","href":"https:\/\/api.w.org\/{rel}","templated":true}]}}