{"id":5766,"date":"2023-08-21T02:33:24","date_gmt":"2023-08-21T05:33:24","guid":{"rendered":"https:\/\/nahuelproducciones.com.ar\/radioquijano\/?p=5766"},"modified":"2023-08-21T02:33:25","modified_gmt":"2023-08-21T05:33:25","slug":"es-feriado-este-lunes-21-de-agosto-en-argentina","status":"publish","type":"post","link":"https:\/\/nahuelproducciones.com.ar\/radioquijano\/es-feriado-este-lunes-21-de-agosto-en-argentina\/","title":{"rendered":"Es feriado este lunes 21 de agosto en Argentina."},"content":{"rendered":"\n<p>Argentina tiene un nuevo d\u00eda feriado este lunes 21 de agosto por el 173\u00b0 aniversario de la muerte del general Jos\u00e9 de San Mart\u00edn. Considerado uno de los m\u00e1ximos pr\u00f3ceres de la historia nacional, seg\u00fan fuentes oficiales, fue el responsable de la independencia del pa\u00eds, as\u00ed como de Chile y Per\u00fa.<\/p>\n\n\n\n<p>El paso a la inmortalidad de San Mart\u00edn se conmemora, en realidad, el 17 de agosto de cada a\u00f1o, pero seg\u00fan lo estipulado en el\u00a0<a href=\"https:\/\/www.argentina.gob.ar\/interior\/feriados-nacionales-2023\" target=\"_blank\" rel=\"noreferrer noopener\">calendario oficial<\/a>, este feriado se traslad\u00f3 al lunes 21 con fines tur\u00edsticos.<\/p>\n\n\n\n<p>De esta manera, llega un d\u00eda m\u00e1s este fin de semana para viajar a distintos puntos tur\u00edsticos del pa\u00eds, distenderse con planes gastron\u00f3micos y culturales, o bien descansar antes del comienzo de actividades semanales, el martes pr\u00f3ximo.<\/p>\n\n\n\n<p>Esta fecha corresponde a un feriado trasladable en Argentina. Seg\u00fan el cronograma oficial, los feriados nacionales cuyas fechas coinciden con los martes y los mi\u00e9rcoles son trasladados al lunes anterior. Por otro lado, aquellos que coinciden con los jueves y viernes son trasladados al lunes siguiente, como se demuestra en este caso. Este ser\u00e1 el \u00faltimo feriado hasta octubre, mes en el que se conmemora el D\u00eda del Respeto por la Diversidad Cultural.<\/p>\n\n\n\n<p>Considerado como el \u00abPadre de la Patria\u00bb, seg\u00fan la historia argentina y sudamericana, San Mart\u00edn lider\u00f3 el legendario cruce de la Cordillera de los Andes en 1817. Este hito representa una de las haza\u00f1as hist\u00f3ricas m\u00e1s importantes a nivel mundial, seg\u00fan fuentes oficiales. San Mart\u00edn muri\u00f3 el 17 de agosto de 1850 en la ciudad francesa de Boulogne-sur-Mer y 30 a\u00f1os despu\u00e9s sus restos fueron trasladados desde Francia a Buenos Aires para que descansen en el mausoleo de la Catedral de la ciudad de Buenos Aires.<\/p>\n","protected":false},"excerpt":{"rendered":"<p>Argentina tiene un nuevo d\u00eda feriado este lunes 21 de agosto por el 173\u00b0 aniversario de la muerte del general Jos\u00e9 de San Mart\u00edn. Considerado uno de los m\u00e1ximos pr\u00f3ceres de la historia nacional, seg\u00fan fuentes oficiales, fue el responsable de la independencia del pa\u00eds, as\u00ed como de Chile y Per\u00fa. El paso a la [&hellip;]<\/p>\n","protected":false},"author":8,"featured_media":5767,"comment_status":"open","ping_status":"open","sticky":false,"template":"","format":"standard","meta":{"_monsterinsights_skip_tracking":false,"_monsterinsights_sitenote_active":false,"_monsterinsights_sitenote_note":"","_monsterinsights_sitenote_category":0,"footnotes":""},"categories":[16],"tags":[],"class_list":["post-5766","post","type-post","status-publish","format-standard","has-post-thumbnail","hentry","category-noticias"],"yoast_head":"<!-- This site is optimized with the Yoast SEO plugin v20.8 - https:\/\/yoast.com\/wordpress\/plugins\/seo\/ -->\n<title>Es feriado este lunes 21 de agosto en Argentina. - RQ 99.9<\/title>\n<meta name=\"description\" content=\"Feriado Puente por el paso a la inmortalidad del General Don Jos\u00e9 de San Mart\u00edn\" \/>\n<meta name=\"robots\" content=\"index, follow, max-snippet:-1, max-image-preview:large, max-video-preview:-1\" \/>\n<link rel=\"canonical\" href=\"https:\/\/nahuelproducciones.com.ar\/radioquijano\/es-feriado-este-lunes-21-de-agosto-en-argentina\/\" \/>\n<meta property=\"og:locale\" content=\"es_ES\" \/>\n<meta property=\"og:type\" content=\"article\" \/>\n<meta property=\"og:title\" content=\"Es feriado este lunes 21 de agosto en Argentina. - RQ 99.9\" \/>\n<meta property=\"og:description\" content=\"Feriado Puente por el paso a la inmortalidad del General Don Jos\u00e9 de San Mart\u00edn\" \/>\n<meta property=\"og:url\" content=\"https:\/\/nahuelproducciones.com.ar\/radioquijano\/es-feriado-este-lunes-21-de-agosto-en-argentina\/\" \/>\n<meta property=\"og:site_name\" content=\"RQ 99.9\" \/>\n<meta property=\"article:publisher\" content=\"https:\/\/www.facebook.com\/nahuelproducciones999\/\" \/>\n<meta property=\"article:published_time\" content=\"2023-08-21T05:33:24+00:00\" \/>\n<meta property=\"article:modified_time\" content=\"2023-08-21T05:33:25+00:00\" \/>\n<meta property=\"og:image\" content=\"https:\/\/nahuelproducciones.com.ar\/radioquijano\/wp-content\/uploads\/2023\/08\/san-martin-e1692595961117.jpg\" \/>\n\t<meta property=\"og:image:width\" content=\"700\" \/>\n\t<meta property=\"og:image:height\" content=\"350\" \/>\n\t<meta property=\"og:image:type\" content=\"image\/jpeg\" \/>\n<meta name=\"author\" content=\"Cecilia Pastrana\" \/>\n<meta name=\"twitter:card\" content=\"summary_large_image\" \/>\n<meta name=\"twitter:creator\" content=\"@nahuproduciones\" \/>\n<meta name=\"twitter:site\" content=\"@nahuproduciones\" \/>\n<meta name=\"twitter:label1\" content=\"Escrito por\" \/>\n\t<meta name=\"twitter:data1\" content=\"Cecilia Pastrana\" \/>\n\t<meta name=\"twitter:label2\" content=\"Tiempo de lectura\" \/>\n\t<meta name=\"twitter:data2\" content=\"2 minutos\" \/>\n<script type=\"application\/ld+json\" class=\"yoast-schema-graph\">{\"@context\":\"https:\/\/schema.org\",\"@graph\":[{\"@type\":\"WebPage\",\"@id\":\"https:\/\/nahuelproducciones.com.ar\/radioquijano\/es-feriado-este-lunes-21-de-agosto-en-argentina\/\",\"url\":\"https:\/\/nahuelproducciones.com.ar\/radioquijano\/es-feriado-este-lunes-21-de-agosto-en-argentina\/\",\"name\":\"Es feriado este lunes 21 de agosto en Argentina. - RQ 99.9\",\"isPartOf\":{\"@id\":\"https:\/\/nahuelproducciones.com.ar\/radioquijano\/#website\"},\"datePublished\":\"2023-08-21T05:33:24+00:00\",\"dateModified\":\"2023-08-21T05:33:25+00:00\",\"author\":{\"@id\":\"https:\/\/nahuelproducciones.com.ar\/radioquijano\/#\/schema\/person\/e8a4f939e2cb487fe6d0c54042c9d32c\"},\"description\":\"Feriado Puente por el paso a la inmortalidad del General Don Jos\u00e9 de San Mart\u00edn\",\"breadcrumb\":{\"@id\":\"https:\/\/nahuelproducciones.com.ar\/radioquijano\/es-feriado-este-lunes-21-de-agosto-en-argentina\/#breadcrumb\"},\"inLanguage\":\"es\",\"potentialAction\":[{\"@type\":\"ReadAction\",\"target\":[\"https:\/\/nahuelproducciones.com.ar\/radioquijano\/es-feriado-este-lunes-21-de-agosto-en-argentina\/\"]}]},{\"@type\":\"BreadcrumbList\",\"@id\":\"https:\/\/nahuelproducciones.com.ar\/radioquijano\/es-feriado-este-lunes-21-de-agosto-en-argentina\/#breadcrumb\",\"itemListElement\":[{\"@type\":\"ListItem\",\"position\":1,\"name\":\"Portada\",\"item\":\"https:\/\/nahuelproducciones.com.ar\/radioquijano\/\"},{\"@type\":\"ListItem\",\"position\":2,\"name\":\"Es feriado este lunes 21 de agosto en Argentina.\"}]},{\"@type\":\"WebSite\",\"@id\":\"https:\/\/nahuelproducciones.com.ar\/radioquijano\/#website\",\"url\":\"https:\/\/nahuelproducciones.com.ar\/radioquijano\/\",\"name\":\"RQ 99.9\",\"description\":\"Radio Quijano 99.9 MHz\",\"potentialAction\":[{\"@type\":\"SearchAction\",\"target\":{\"@type\":\"EntryPoint\",\"urlTemplate\":\"https:\/\/nahuelproducciones.com.ar\/radioquijano\/?s={search_term_string}\"},\"query-input\":\"required name=search_term_string\"}],\"inLanguage\":\"es\"},{\"@type\":\"Person\",\"@id\":\"https:\/\/nahuelproducciones.com.ar\/radioquijano\/#\/schema\/person\/e8a4f939e2cb487fe6d0c54042c9d32c\",\"name\":\"Cecilia Pastrana\",\"image\":{\"@type\":\"ImageObject\",\"inLanguage\":\"es\",\"@id\":\"https:\/\/nahuelproducciones.com.ar\/radioquijano\/#\/schema\/person\/image\/\",\"url\":\"https:\/\/secure.gravatar.com\/avatar\/661a3ef63a8488d4f2794ed44af8cf71420f7e106f3072c40125114df5157749?s=96&d=mm&r=g\",\"contentUrl\":\"https:\/\/secure.gravatar.com\/avatar\/661a3ef63a8488d4f2794ed44af8cf71420f7e106f3072c40125114df5157749?s=96&d=mm&r=g\",\"caption\":\"Cecilia Pastrana\"},\"sameAs\":[\"cecy\"],\"url\":\"https:\/\/nahuelproducciones.com.ar\/radioquijano\/author\/cecy\/\"}]}<\/script>\n<!-- \/ Yoast SEO plugin. -->","yoast_head_json":{"title":"Es feriado este lunes 21 de agosto en Argentina. - RQ 99.9","description":"Feriado Puente por el paso a la inmortalidad del General Don Jos\u00e9 de San Mart\u00edn","robots":{"index":"index","follow":"follow","max-snippet":"max-snippet:-1","max-image-preview":"max-image-preview:large","max-video-preview":"max-video-preview:-1"},"canonical":"https:\/\/nahuelproducciones.com.ar\/radioquijano\/es-feriado-este-lunes-21-de-agosto-en-argentina\/","og_locale":"es_ES","og_type":"article","og_title":"Es feriado este lunes 21 de agosto en Argentina. - RQ 99.9","og_description":"Feriado Puente por el paso a la inmortalidad del General Don Jos\u00e9 de San Mart\u00edn","og_url":"https:\/\/nahuelproducciones.com.ar\/radioquijano\/es-feriado-este-lunes-21-de-agosto-en-argentina\/","og_site_name":"RQ 99.9","article_publisher":"https:\/\/www.facebook.com\/nahuelproducciones999\/","article_published_time":"2023-08-21T05:33:24+00:00","article_modified_time":"2023-08-21T05:33:25+00:00","og_image":[{"width":700,"height":350,"url":"https:\/\/nahuelproducciones.com.ar\/radioquijano\/wp-content\/uploads\/2023\/08\/san-martin-e1692595961117.jpg","type":"image\/jpeg"}],"author":"Cecilia Pastrana","twitter_card":"summary_large_image","twitter_creator":"@nahuproduciones","twitter_site":"@nahuproduciones","twitter_misc":{"Escrito por":"Cecilia Pastrana","Tiempo de lectura":"2 minutos"},"schema":{"@context":"https:\/\/schema.org","@graph":[{"@type":"WebPage","@id":"https:\/\/nahuelproducciones.com.ar\/radioquijano\/es-feriado-este-lunes-21-de-agosto-en-argentina\/","url":"https:\/\/nahuelproducciones.com.ar\/radioquijano\/es-feriado-este-lunes-21-de-agosto-en-argentina\/","name":"Es feriado este lunes 21 de agosto en Argentina. - RQ 99.9","isPartOf":{"@id":"https:\/\/nahuelproducciones.com.ar\/radioquijano\/#website"},"datePublished":"2023-08-21T05:33:24+00:00","dateModified":"2023-08-21T05:33:25+00:00","author":{"@id":"https:\/\/nahuelproducciones.com.ar\/radioquijano\/#\/schema\/person\/e8a4f939e2cb487fe6d0c54042c9d32c"},"description":"Feriado Puente por el paso a la inmortalidad del General Don Jos\u00e9 de San Mart\u00edn","breadcrumb":{"@id":"https:\/\/nahuelproducciones.com.ar\/radioquijano\/es-feriado-este-lunes-21-de-agosto-en-argentina\/#breadcrumb"},"inLanguage":"es","potentialAction":[{"@type":"ReadAction","target":["https:\/\/nahuelproducciones.com.ar\/radioquijano\/es-feriado-este-lunes-21-de-agosto-en-argentina\/"]}]},{"@type":"BreadcrumbList","@id":"https:\/\/nahuelproducciones.com.ar\/radioquijano\/es-feriado-este-lunes-21-de-agosto-en-argentina\/#breadcrumb","itemListElement":[{"@type":"ListItem","position":1,"name":"Portada","item":"https:\/\/nahuelproducciones.com.ar\/radioquijano\/"},{"@type":"ListItem","position":2,"name":"Es feriado este lunes 21 de agosto en Argentina."}]},{"@type":"WebSite","@id":"https:\/\/nahuelproducciones.com.ar\/radioquijano\/#website","url":"https:\/\/nahuelproducciones.com.ar\/radioquijano\/","name":"RQ 99.9","description":"Radio Quijano 99.9 MHz","potentialAction":[{"@type":"SearchAction","target":{"@type":"EntryPoint","urlTemplate":"https:\/\/nahuelproducciones.com.ar\/radioquijano\/?s={search_term_string}"},"query-input":"required name=search_term_string"}],"inLanguage":"es"},{"@type":"Person","@id":"https:\/\/nahuelproducciones.com.ar\/radioquijano\/#\/schema\/person\/e8a4f939e2cb487fe6d0c54042c9d32c","name":"Cecilia Pastrana","image":{"@type":"ImageObject","inLanguage":"es","@id":"https:\/\/nahuelproducciones.com.ar\/radioquijano\/#\/schema\/person\/image\/","url":"https:\/\/secure.gravatar.com\/avatar\/661a3ef63a8488d4f2794ed44af8cf71420f7e106f3072c40125114df5157749?s=96&d=mm&r=g","contentUrl":"https:\/\/secure.gravatar.com\/avatar\/661a3ef63a8488d4f2794ed44af8cf71420f7e106f3072c40125114df5157749?s=96&d=mm&r=g","caption":"Cecilia Pastrana"},"sameAs":["cecy"],"url":"https:\/\/nahuelproducciones.com.ar\/radioquijano\/author\/cecy\/"}]}},"_links":{"self":[{"href":"https:\/\/nahuelproducciones.com.ar\/radioquijano\/wp-json\/wp\/v2\/posts\/5766","targetHints":{"allow":["GET"]}}],"collection":[{"href":"https:\/\/nahuelproducciones.com.ar\/radioquijano\/wp-json\/wp\/v2\/posts"}],"about":[{"href":"https:\/\/nahuelproducciones.com.ar\/radioquijano\/wp-json\/wp\/v2\/types\/post"}],"author":[{"embeddable":true,"href":"https:\/\/nahuelproducciones.com.ar\/radioquijano\/wp-json\/wp\/v2\/users\/8"}],"replies":[{"embeddable":true,"href":"https:\/\/nahuelproducciones.com.ar\/radioquijano\/wp-json\/wp\/v2\/comments?post=5766"}],"version-history":[{"count":1,"href":"https:\/\/nahuelproducciones.com.ar\/radioquijano\/wp-json\/wp\/v2\/posts\/5766\/revisions"}],"predecessor-version":[{"id":5768,"href":"https:\/\/nahuelproducciones.com.ar\/radioquijano\/wp-json\/wp\/v2\/posts\/5766\/revisions\/5768"}],"wp:featuredmedia":[{"embeddable":true,"href":"https:\/\/nahuelproducciones.com.ar\/radioquijano\/wp-json\/wp\/v2\/media\/5767"}],"wp:attachment":[{"href":"https:\/\/nahuelproducciones.com.ar\/radioquijano\/wp-json\/wp\/v2\/media?parent=5766"}],"wp:term":[{"taxonomy":"category","embeddable":true,"href":"https:\/\/nahuelproducciones.com.ar\/radioquijano\/wp-json\/wp\/v2\/categories?post=5766"},{"taxonomy":"post_tag","embeddable":true,"href":"https:\/\/nahuelproducciones.com.ar\/radioquijano\/wp-json\/wp\/v2\/tags?post=5766"}],"curies":[{"name":"wp","href":"https:\/\/api.w.org\/{rel}","templated":true}]}}