{"id":5769,"date":"2023-08-25T00:37:00","date_gmt":"2023-08-25T03:37:00","guid":{"rendered":"https:\/\/nahuelproducciones.com.ar\/radioquijano\/?p=5769"},"modified":"2023-08-25T00:37:01","modified_gmt":"2023-08-25T03:37:01","slug":"bomberos-voluntarios-portal-de-los-andes-se-presentan-a-la-comunidad","status":"publish","type":"post","link":"https:\/\/nahuelproducciones.com.ar\/radioquijano\/bomberos-voluntarios-portal-de-los-andes-se-presentan-a-la-comunidad\/","title":{"rendered":"Bomberos Voluntarios \u00abPortal de los Andes\u00bb se Presentan a la comunidad."},"content":{"rendered":"\n<p>Integrantes del cuerpo activo de Bomberos Voluntarios \u00abPortal de los Andes\u00bb, visitaron los estudios de Radio Quijano 99.9Mhz y se presentaron por primera vez a la Comunidad<\/p>\n\n\n\n<p>Est\u00e1n muy orgullosos\u00a0por  trabajando para los vecinos del municipio y est\u00e1n abocados  a la capacitaci\u00f3n y a la adquisici\u00f3n de los recursos que necesitan para hacer frente al objetivo de su  creaci\u00f3n.<\/p>\n\n\n\n<p>La Comandante Roxana Castillo, Pablo Barboza, Estela  Acu\u00f1a y Lidia Bonifacio  son voluntarios y una parte del los veinte integrantes del cuartel de bomberos. Comentaron que son de reciente conformaci\u00f3n y el  dos de junio del 2023 recibieron su personer\u00eda jur\u00eddica.<\/p>\n\n\n\n<p>Gracias a la obtenci\u00f3n del instrumento legal que les otorga el n\u00famero de personer\u00eda jur\u00eddica, es que pueden avanzar en el reconocimiento tambi\u00e9n a nivel nacional, tener obra social y seguro para emprender las tareas que les son propias.<\/p>\n\n\n\n<p>La Comandante convoca a todos aquellos que quieran  formar parte, no se necesita pagar una cuota, tampoco se abona ficha de ingreso. <\/p>\n\n\n\n<p>Los Voluntarios contaron que todas las capacitaciones son gratuitas y para ser parte del grupo, solo tienen que ser mayores de 18 a\u00f1os y as\u00ed  sumar esfuerzo y voluntades que les permitan cumplir con el prop\u00f3sito de ayudar a los vecinos.<\/p>\n\n\n\n<p>Los interesado pueden acercarse a calle 25 de Mayo N\u00b0283 para mayor informaci\u00f3n, donde tiene sede el cuartel de bomberos voluntarios.<\/p>\n\n\n\n<p>Escucha la entrevista:<\/p>\n\n\n\n<figure class=\"wp-block-audio\"><audio controls src=\"https:\/\/nahuelproducciones.com.ar\/radioquijano\/wp-content\/uploads\/2023\/08\/23-08-2023-BOMBEROS-VOLUNTARIOS-EL-PORTAL-DE-LOS-ANDES-SE-PRESENTAN-EN-SOCIEDAD.mp3\"><\/audio><\/figure>\n\n\n\n<p><\/p>\n\n\n\n<p><\/p>\n\n\n\n<p><\/p>\n\n\n\n<p><\/p>\n","protected":false},"excerpt":{"rendered":"<p>Integrantes del cuerpo activo de Bomberos Voluntarios \u00abPortal de los Andes\u00bb, visitaron los estudios de Radio Quijano 99.9Mhz y se presentaron por primera vez a la Comunidad Est\u00e1n muy orgullosos\u00a0por trabajando para los vecinos del municipio y est\u00e1n abocados a la capacitaci\u00f3n y a la adquisici\u00f3n de los recursos que necesitan para hacer frente al [&hellip;]<\/p>\n","protected":false},"author":8,"featured_media":5772,"comment_status":"open","ping_status":"open","sticky":false,"template":"","format":"standard","meta":{"_monsterinsights_skip_tracking":false,"_monsterinsights_sitenote_active":false,"_monsterinsights_sitenote_note":"","_monsterinsights_sitenote_category":0,"footnotes":""},"categories":[16],"tags":[1213,100],"class_list":["post-5769","post","type-post","status-publish","format-standard","has-post-thumbnail","hentry","category-noticias","tag-bomberos-voluntarios-portal-de-los-andes","tag-municipio-de-campo-quijano"],"yoast_head":"<!-- This site is optimized with the Yoast SEO plugin v20.8 - https:\/\/yoast.com\/wordpress\/plugins\/seo\/ -->\n<title>Bomberos Voluntarios &quot;Portal de los Andes&quot; se Presentan a la comunidad. - RQ 99.9<\/title>\n<meta name=\"description\" content=\"Los interesado pueden acercarse a calle 25 de Mayo N\u00b0283 para mayor informaci\u00f3n, donde tiene sede el cuartel de bomberos voluntarios.\" \/>\n<meta name=\"robots\" content=\"index, follow, max-snippet:-1, max-image-preview:large, max-video-preview:-1\" \/>\n<link rel=\"canonical\" href=\"https:\/\/nahuelproducciones.com.ar\/radioquijano\/bomberos-voluntarios-portal-de-los-andes-se-presentan-a-la-comunidad\/\" \/>\n<meta property=\"og:locale\" content=\"es_ES\" \/>\n<meta property=\"og:type\" content=\"article\" \/>\n<meta property=\"og:title\" content=\"Bomberos Voluntarios &quot;Portal de los Andes&quot; se Presentan a la comunidad. - RQ 99.9\" \/>\n<meta property=\"og:description\" content=\"Los interesado pueden acercarse a calle 25 de Mayo N\u00b0283 para mayor informaci\u00f3n, donde tiene sede el cuartel de bomberos voluntarios.\" \/>\n<meta property=\"og:url\" content=\"https:\/\/nahuelproducciones.com.ar\/radioquijano\/bomberos-voluntarios-portal-de-los-andes-se-presentan-a-la-comunidad\/\" \/>\n<meta property=\"og:site_name\" content=\"RQ 99.9\" \/>\n<meta property=\"article:publisher\" content=\"https:\/\/www.facebook.com\/nahuelproducciones999\/\" \/>\n<meta property=\"article:published_time\" content=\"2023-08-25T03:37:00+00:00\" \/>\n<meta property=\"article:modified_time\" content=\"2023-08-25T03:37:01+00:00\" \/>\n<meta property=\"og:image\" content=\"https:\/\/nahuelproducciones.com.ar\/radioquijano\/wp-content\/uploads\/2023\/08\/bombero-voluntarios-prtal-de-los-andes0003-1.jpg\" \/>\n\t<meta property=\"og:image:width\" content=\"700\" \/>\n\t<meta property=\"og:image:height\" content=\"455\" \/>\n\t<meta property=\"og:image:type\" content=\"image\/jpeg\" \/>\n<meta name=\"author\" content=\"Cecilia Pastrana\" \/>\n<meta name=\"twitter:card\" content=\"summary_large_image\" \/>\n<meta name=\"twitter:creator\" content=\"@nahuproduciones\" \/>\n<meta name=\"twitter:site\" content=\"@nahuproduciones\" \/>\n<meta name=\"twitter:label1\" content=\"Escrito por\" \/>\n\t<meta name=\"twitter:data1\" content=\"Cecilia Pastrana\" \/>\n\t<meta name=\"twitter:label2\" content=\"Tiempo de lectura\" \/>\n\t<meta name=\"twitter:data2\" content=\"2 minutos\" \/>\n<script type=\"application\/ld+json\" class=\"yoast-schema-graph\">{\"@context\":\"https:\/\/schema.org\",\"@graph\":[{\"@type\":\"WebPage\",\"@id\":\"https:\/\/nahuelproducciones.com.ar\/radioquijano\/bomberos-voluntarios-portal-de-los-andes-se-presentan-a-la-comunidad\/\",\"url\":\"https:\/\/nahuelproducciones.com.ar\/radioquijano\/bomberos-voluntarios-portal-de-los-andes-se-presentan-a-la-comunidad\/\",\"name\":\"Bomberos Voluntarios \\\"Portal de los Andes\\\" se Presentan a la comunidad. - RQ 99.9\",\"isPartOf\":{\"@id\":\"https:\/\/nahuelproducciones.com.ar\/radioquijano\/#website\"},\"datePublished\":\"2023-08-25T03:37:00+00:00\",\"dateModified\":\"2023-08-25T03:37:01+00:00\",\"author\":{\"@id\":\"https:\/\/nahuelproducciones.com.ar\/radioquijano\/#\/schema\/person\/e8a4f939e2cb487fe6d0c54042c9d32c\"},\"description\":\"Los interesado pueden acercarse a calle 25 de Mayo N\u00b0283 para mayor informaci\u00f3n, donde tiene sede el cuartel de bomberos voluntarios.\",\"breadcrumb\":{\"@id\":\"https:\/\/nahuelproducciones.com.ar\/radioquijano\/bomberos-voluntarios-portal-de-los-andes-se-presentan-a-la-comunidad\/#breadcrumb\"},\"inLanguage\":\"es\",\"potentialAction\":[{\"@type\":\"ReadAction\",\"target\":[\"https:\/\/nahuelproducciones.com.ar\/radioquijano\/bomberos-voluntarios-portal-de-los-andes-se-presentan-a-la-comunidad\/\"]}]},{\"@type\":\"BreadcrumbList\",\"@id\":\"https:\/\/nahuelproducciones.com.ar\/radioquijano\/bomberos-voluntarios-portal-de-los-andes-se-presentan-a-la-comunidad\/#breadcrumb\",\"itemListElement\":[{\"@type\":\"ListItem\",\"position\":1,\"name\":\"Portada\",\"item\":\"https:\/\/nahuelproducciones.com.ar\/radioquijano\/\"},{\"@type\":\"ListItem\",\"position\":2,\"name\":\"Bomberos Voluntarios &#8220;Portal de los Andes&#8221; se Presentan a la comunidad.\"}]},{\"@type\":\"WebSite\",\"@id\":\"https:\/\/nahuelproducciones.com.ar\/radioquijano\/#website\",\"url\":\"https:\/\/nahuelproducciones.com.ar\/radioquijano\/\",\"name\":\"RQ 99.9\",\"description\":\"Radio Quijano 99.9 MHz\",\"potentialAction\":[{\"@type\":\"SearchAction\",\"target\":{\"@type\":\"EntryPoint\",\"urlTemplate\":\"https:\/\/nahuelproducciones.com.ar\/radioquijano\/?s={search_term_string}\"},\"query-input\":\"required name=search_term_string\"}],\"inLanguage\":\"es\"},{\"@type\":\"Person\",\"@id\":\"https:\/\/nahuelproducciones.com.ar\/radioquijano\/#\/schema\/person\/e8a4f939e2cb487fe6d0c54042c9d32c\",\"name\":\"Cecilia Pastrana\",\"image\":{\"@type\":\"ImageObject\",\"inLanguage\":\"es\",\"@id\":\"https:\/\/nahuelproducciones.com.ar\/radioquijano\/#\/schema\/person\/image\/\",\"url\":\"https:\/\/secure.gravatar.com\/avatar\/661a3ef63a8488d4f2794ed44af8cf71420f7e106f3072c40125114df5157749?s=96&d=mm&r=g\",\"contentUrl\":\"https:\/\/secure.gravatar.com\/avatar\/661a3ef63a8488d4f2794ed44af8cf71420f7e106f3072c40125114df5157749?s=96&d=mm&r=g\",\"caption\":\"Cecilia Pastrana\"},\"sameAs\":[\"cecy\"],\"url\":\"https:\/\/nahuelproducciones.com.ar\/radioquijano\/author\/cecy\/\"}]}<\/script>\n<!-- \/ Yoast SEO plugin. -->","yoast_head_json":{"title":"Bomberos Voluntarios \"Portal de los Andes\" se Presentan a la comunidad. - RQ 99.9","description":"Los interesado pueden acercarse a calle 25 de Mayo N\u00b0283 para mayor informaci\u00f3n, donde tiene sede el cuartel de bomberos voluntarios.","robots":{"index":"index","follow":"follow","max-snippet":"max-snippet:-1","max-image-preview":"max-image-preview:large","max-video-preview":"max-video-preview:-1"},"canonical":"https:\/\/nahuelproducciones.com.ar\/radioquijano\/bomberos-voluntarios-portal-de-los-andes-se-presentan-a-la-comunidad\/","og_locale":"es_ES","og_type":"article","og_title":"Bomberos Voluntarios \"Portal de los Andes\" se Presentan a la comunidad. - RQ 99.9","og_description":"Los interesado pueden acercarse a calle 25 de Mayo N\u00b0283 para mayor informaci\u00f3n, donde tiene sede el cuartel de bomberos voluntarios.","og_url":"https:\/\/nahuelproducciones.com.ar\/radioquijano\/bomberos-voluntarios-portal-de-los-andes-se-presentan-a-la-comunidad\/","og_site_name":"RQ 99.9","article_publisher":"https:\/\/www.facebook.com\/nahuelproducciones999\/","article_published_time":"2023-08-25T03:37:00+00:00","article_modified_time":"2023-08-25T03:37:01+00:00","og_image":[{"width":700,"height":455,"url":"https:\/\/nahuelproducciones.com.ar\/radioquijano\/wp-content\/uploads\/2023\/08\/bombero-voluntarios-prtal-de-los-andes0003-1.jpg","type":"image\/jpeg"}],"author":"Cecilia Pastrana","twitter_card":"summary_large_image","twitter_creator":"@nahuproduciones","twitter_site":"@nahuproduciones","twitter_misc":{"Escrito por":"Cecilia Pastrana","Tiempo de lectura":"2 minutos"},"schema":{"@context":"https:\/\/schema.org","@graph":[{"@type":"WebPage","@id":"https:\/\/nahuelproducciones.com.ar\/radioquijano\/bomberos-voluntarios-portal-de-los-andes-se-presentan-a-la-comunidad\/","url":"https:\/\/nahuelproducciones.com.ar\/radioquijano\/bomberos-voluntarios-portal-de-los-andes-se-presentan-a-la-comunidad\/","name":"Bomberos Voluntarios \"Portal de los Andes\" se Presentan a la comunidad. - RQ 99.9","isPartOf":{"@id":"https:\/\/nahuelproducciones.com.ar\/radioquijano\/#website"},"datePublished":"2023-08-25T03:37:00+00:00","dateModified":"2023-08-25T03:37:01+00:00","author":{"@id":"https:\/\/nahuelproducciones.com.ar\/radioquijano\/#\/schema\/person\/e8a4f939e2cb487fe6d0c54042c9d32c"},"description":"Los interesado pueden acercarse a calle 25 de Mayo N\u00b0283 para mayor informaci\u00f3n, donde tiene sede el cuartel de bomberos voluntarios.","breadcrumb":{"@id":"https:\/\/nahuelproducciones.com.ar\/radioquijano\/bomberos-voluntarios-portal-de-los-andes-se-presentan-a-la-comunidad\/#breadcrumb"},"inLanguage":"es","potentialAction":[{"@type":"ReadAction","target":["https:\/\/nahuelproducciones.com.ar\/radioquijano\/bomberos-voluntarios-portal-de-los-andes-se-presentan-a-la-comunidad\/"]}]},{"@type":"BreadcrumbList","@id":"https:\/\/nahuelproducciones.com.ar\/radioquijano\/bomberos-voluntarios-portal-de-los-andes-se-presentan-a-la-comunidad\/#breadcrumb","itemListElement":[{"@type":"ListItem","position":1,"name":"Portada","item":"https:\/\/nahuelproducciones.com.ar\/radioquijano\/"},{"@type":"ListItem","position":2,"name":"Bomberos Voluntarios &#8220;Portal de los Andes&#8221; se Presentan a la comunidad."}]},{"@type":"WebSite","@id":"https:\/\/nahuelproducciones.com.ar\/radioquijano\/#website","url":"https:\/\/nahuelproducciones.com.ar\/radioquijano\/","name":"RQ 99.9","description":"Radio Quijano 99.9 MHz","potentialAction":[{"@type":"SearchAction","target":{"@type":"EntryPoint","urlTemplate":"https:\/\/nahuelproducciones.com.ar\/radioquijano\/?s={search_term_string}"},"query-input":"required name=search_term_string"}],"inLanguage":"es"},{"@type":"Person","@id":"https:\/\/nahuelproducciones.com.ar\/radioquijano\/#\/schema\/person\/e8a4f939e2cb487fe6d0c54042c9d32c","name":"Cecilia Pastrana","image":{"@type":"ImageObject","inLanguage":"es","@id":"https:\/\/nahuelproducciones.com.ar\/radioquijano\/#\/schema\/person\/image\/","url":"https:\/\/secure.gravatar.com\/avatar\/661a3ef63a8488d4f2794ed44af8cf71420f7e106f3072c40125114df5157749?s=96&d=mm&r=g","contentUrl":"https:\/\/secure.gravatar.com\/avatar\/661a3ef63a8488d4f2794ed44af8cf71420f7e106f3072c40125114df5157749?s=96&d=mm&r=g","caption":"Cecilia Pastrana"},"sameAs":["cecy"],"url":"https:\/\/nahuelproducciones.com.ar\/radioquijano\/author\/cecy\/"}]}},"_links":{"self":[{"href":"https:\/\/nahuelproducciones.com.ar\/radioquijano\/wp-json\/wp\/v2\/posts\/5769","targetHints":{"allow":["GET"]}}],"collection":[{"href":"https:\/\/nahuelproducciones.com.ar\/radioquijano\/wp-json\/wp\/v2\/posts"}],"about":[{"href":"https:\/\/nahuelproducciones.com.ar\/radioquijano\/wp-json\/wp\/v2\/types\/post"}],"author":[{"embeddable":true,"href":"https:\/\/nahuelproducciones.com.ar\/radioquijano\/wp-json\/wp\/v2\/users\/8"}],"replies":[{"embeddable":true,"href":"https:\/\/nahuelproducciones.com.ar\/radioquijano\/wp-json\/wp\/v2\/comments?post=5769"}],"version-history":[{"count":1,"href":"https:\/\/nahuelproducciones.com.ar\/radioquijano\/wp-json\/wp\/v2\/posts\/5769\/revisions"}],"predecessor-version":[{"id":5773,"href":"https:\/\/nahuelproducciones.com.ar\/radioquijano\/wp-json\/wp\/v2\/posts\/5769\/revisions\/5773"}],"wp:featuredmedia":[{"embeddable":true,"href":"https:\/\/nahuelproducciones.com.ar\/radioquijano\/wp-json\/wp\/v2\/media\/5772"}],"wp:attachment":[{"href":"https:\/\/nahuelproducciones.com.ar\/radioquijano\/wp-json\/wp\/v2\/media?parent=5769"}],"wp:term":[{"taxonomy":"category","embeddable":true,"href":"https:\/\/nahuelproducciones.com.ar\/radioquijano\/wp-json\/wp\/v2\/categories?post=5769"},{"taxonomy":"post_tag","embeddable":true,"href":"https:\/\/nahuelproducciones.com.ar\/radioquijano\/wp-json\/wp\/v2\/tags?post=5769"}],"curies":[{"name":"wp","href":"https:\/\/api.w.org\/{rel}","templated":true}]}}