{"id":5781,"date":"2023-08-25T21:44:53","date_gmt":"2023-08-26T00:44:53","guid":{"rendered":"https:\/\/nahuelproducciones.com.ar\/radioquijano\/?p=5781"},"modified":"2023-08-25T21:44:54","modified_gmt":"2023-08-26T00:44:54","slug":"juegos-evita-campo-quijano-presente-con-gonzalo-alanjay","status":"publish","type":"post","link":"https:\/\/nahuelproducciones.com.ar\/radioquijano\/juegos-evita-campo-quijano-presente-con-gonzalo-alanjay\/","title":{"rendered":"Juegos Evita: Campo Quijano presente con Gonzalo Alanjay."},"content":{"rendered":"\n<p>Los\u00a0<strong>Juegos Nacionales Evita<\/strong>,  este a\u00f1o cumplen 75 a\u00f1os, tienen sede en el\u00a0<strong>Parque del Ministerio de Cultura de la Naci\u00f3n.<\/strong>\u00a0<\/p>\n\n\n\n<p><strong>Desde el 24 hasta el 27 de agosto<\/strong>, m\u00e1s de\u00a0<strong>1.000 deportistas de 8 disciplinas urbanas<\/strong>\u00a0competir\u00e1n en las distintas \u00e1reas de deportes de Tecn\u00f3polis.<\/p>\n\n\n\n<p>Emmanuel Colque es entrenador de Skate en Campo Quijano desde hace muchos a\u00f1os&nbsp;y en esta oportunidad no pudo acompa\u00f1ar a Gonzalo Alanjay a Tecn\u00f3polis.<\/p>\n\n\n\n<p>Emmanuel cont\u00f3 a RQ99.9Mhz cont\u00f3 que Gonzalo viaj\u00f3 con mucha expectativa y a disfrutar de la competencia ya que es su \u00faltimo a\u00f1o en la categor\u00eda de 15 a\u00f1os.<\/p>\n\n\n\n<p>En la \u00a0jornadas de clasificaci\u00f3n de hoy la competencia lleg\u00f3 a su fin y de los 36 competidores , Gonzalo quedo en el lugar mas que expectante a nivel Pais.<\/p>\n\n\n\n<p>Recordamos que es el segundo a\u00f1o consecutivo que Alanjay participa en los juegos Evita representando a la Provincia de Salta.<\/p>\n\n\n\n<p>La escuelita \u00abODISEA SKATEBOARD\u00bb de Campo Quijano, donde Emmanuel Colque brinda clases de manera gratuita, no cuenta con ning\u00fan tipo de apoyo, ni privado, tampoco estatal.<\/p>\n\n\n\n<p>Todas las gestiones de intendencias prometieron que los alumnos de la escuelita Odisea tendr\u00eda un espacio para poder hacer pr\u00e1cticas , pero solo fueron promesas de campa\u00f1a. <\/p>\n\n\n\n<p>Se espera que el pr\u00f3ximo intendente pueda brindar el apoyo a los j\u00f3venes y puedan profundizar en su disciplina, Hoy sin un espacio adecuado los chicos hacen historia,\u00bf se imaginan a que nivel pueden llegar con elementos, herramientas y acompa\u00f1amiento?<\/p>\n\n\n\n<p>Las disciplinas que est\u00e1n presentes son: A<strong>jedrez, el B\u00e1squet 3\u00d73,\u00a0 BMX Freestyle, Breaking, Escalada, Freestyle (Rap), Parkour y Skate.<\/strong><\/p>\n\n\n\n<p>Skate<\/p>\n\n\n\n<p>El skate (skateboarding) es uno de los primeros deportes urbanos en posicionarse. Surgi\u00f3 en la d\u00e9cada de los \u00b460, en Estados Unidos, como una suerte de\u00a0<em>\u00absurf en tierra\u00bb<\/em>. Desde entonces, esta disciplina se fue expandiendo progresivamente en ciudades de todo el mundo.<\/p>\n\n\n\n<p>Consiste, principalmente, en el despliegue de destrezas, habilidades y trucos, sobre una tabla de madera con 4 ruedas. Estos trucos se clasifican en distintas categor\u00edas y en las competencias son evaluados por jueces. Esta disciplina se incorpor\u00f3 a los Juegos Nacionales Evita en la edici\u00f3n 2022.<\/p>\n\n\n\n<figure class=\"wp-block-gallery has-nested-images columns-default is-cropped wp-block-gallery-1 is-layout-flex wp-block-gallery-is-layout-flex\">\n<figure class=\"wp-block-image size-large\"><img loading=\"lazy\" decoding=\"async\" width=\"832\" height=\"535\" data-id=\"5782\" src=\"https:\/\/nahuelproducciones.com.ar\/radioquijano\/wp-content\/uploads\/2023\/08\/Imagen-de-WhatsApp-2023-08-25-a-las-21.37.46.jpg\" alt=\"\" class=\"wp-image-5782\" srcset=\"https:\/\/nahuelproducciones.com.ar\/radioquijano\/wp-content\/uploads\/2023\/08\/Imagen-de-WhatsApp-2023-08-25-a-las-21.37.46.jpg 832w, https:\/\/nahuelproducciones.com.ar\/radioquijano\/wp-content\/uploads\/2023\/08\/Imagen-de-WhatsApp-2023-08-25-a-las-21.37.46-300x193.jpg 300w, https:\/\/nahuelproducciones.com.ar\/radioquijano\/wp-content\/uploads\/2023\/08\/Imagen-de-WhatsApp-2023-08-25-a-las-21.37.46-768x494.jpg 768w, https:\/\/nahuelproducciones.com.ar\/radioquijano\/wp-content\/uploads\/2023\/08\/Imagen-de-WhatsApp-2023-08-25-a-las-21.37.46-150x96.jpg 150w\" sizes=\"auto, (max-width: 832px) 100vw, 832px\" \/><\/figure>\n<\/figure>\n","protected":false},"excerpt":{"rendered":"<p>Los\u00a0Juegos Nacionales Evita, este a\u00f1o cumplen 75 a\u00f1os, tienen sede en el\u00a0Parque del Ministerio de Cultura de la Naci\u00f3n.\u00a0 Desde el 24 hasta el 27 de agosto, m\u00e1s de\u00a01.000 deportistas de 8 disciplinas urbanas\u00a0competir\u00e1n en las distintas \u00e1reas de deportes de Tecn\u00f3polis. Emmanuel Colque es entrenador de Skate en Campo Quijano desde hace muchos a\u00f1os&nbsp;y [&hellip;]<\/p>\n","protected":false},"author":8,"featured_media":5783,"comment_status":"open","ping_status":"open","sticky":false,"template":"","format":"standard","meta":{"_monsterinsights_skip_tracking":false,"_monsterinsights_sitenote_active":false,"_monsterinsights_sitenote_note":"","_monsterinsights_sitenote_category":0,"footnotes":""},"categories":[16],"tags":[1215,100,28,1216],"class_list":["post-5781","post","type-post","status-publish","format-standard","has-post-thumbnail","hentry","category-noticias","tag-juegos-evita","tag-municipio-de-campo-quijano","tag-salta","tag-skate"],"yoast_head":"<!-- This site is optimized with the Yoast SEO plugin v20.8 - https:\/\/yoast.com\/wordpress\/plugins\/seo\/ -->\n<title>Juegos Evita: Campo Quijano presente con Gonzalo Alanjay. - RQ 99.9<\/title>\n<meta name=\"description\" content=\"Gonzalo quedo en el lugar mas que expectante a nivel Pais.\" \/>\n<meta name=\"robots\" content=\"index, follow, max-snippet:-1, max-image-preview:large, max-video-preview:-1\" \/>\n<link rel=\"canonical\" href=\"https:\/\/nahuelproducciones.com.ar\/radioquijano\/juegos-evita-campo-quijano-presente-con-gonzalo-alanjay\/\" \/>\n<meta property=\"og:locale\" content=\"es_ES\" \/>\n<meta property=\"og:type\" content=\"article\" \/>\n<meta property=\"og:title\" content=\"Juegos Evita: Campo Quijano presente con Gonzalo Alanjay. - RQ 99.9\" \/>\n<meta property=\"og:description\" content=\"Gonzalo quedo en el lugar mas que expectante a nivel Pais.\" \/>\n<meta property=\"og:url\" content=\"https:\/\/nahuelproducciones.com.ar\/radioquijano\/juegos-evita-campo-quijano-presente-con-gonzalo-alanjay\/\" \/>\n<meta property=\"og:site_name\" content=\"RQ 99.9\" \/>\n<meta property=\"article:publisher\" content=\"https:\/\/www.facebook.com\/nahuelproducciones999\/\" \/>\n<meta property=\"article:published_time\" content=\"2023-08-26T00:44:53+00:00\" \/>\n<meta property=\"article:modified_time\" content=\"2023-08-26T00:44:54+00:00\" \/>\n<meta property=\"og:image\" content=\"https:\/\/nahuelproducciones.com.ar\/radioquijano\/wp-content\/uploads\/2023\/08\/gonzalo-alanjay1.jpg\" \/>\n\t<meta property=\"og:image:width\" content=\"755\" \/>\n\t<meta property=\"og:image:height\" content=\"478\" \/>\n\t<meta property=\"og:image:type\" content=\"image\/jpeg\" \/>\n<meta name=\"author\" content=\"Cecilia Pastrana\" \/>\n<meta name=\"twitter:card\" content=\"summary_large_image\" \/>\n<meta name=\"twitter:creator\" content=\"@nahuproduciones\" \/>\n<meta name=\"twitter:site\" content=\"@nahuproduciones\" \/>\n<meta name=\"twitter:label1\" content=\"Escrito por\" \/>\n\t<meta name=\"twitter:data1\" content=\"Cecilia Pastrana\" \/>\n\t<meta name=\"twitter:label2\" content=\"Tiempo de lectura\" \/>\n\t<meta name=\"twitter:data2\" content=\"2 minutos\" \/>\n<script type=\"application\/ld+json\" class=\"yoast-schema-graph\">{\"@context\":\"https:\/\/schema.org\",\"@graph\":[{\"@type\":\"WebPage\",\"@id\":\"https:\/\/nahuelproducciones.com.ar\/radioquijano\/juegos-evita-campo-quijano-presente-con-gonzalo-alanjay\/\",\"url\":\"https:\/\/nahuelproducciones.com.ar\/radioquijano\/juegos-evita-campo-quijano-presente-con-gonzalo-alanjay\/\",\"name\":\"Juegos Evita: Campo Quijano presente con Gonzalo Alanjay. - RQ 99.9\",\"isPartOf\":{\"@id\":\"https:\/\/nahuelproducciones.com.ar\/radioquijano\/#website\"},\"datePublished\":\"2023-08-26T00:44:53+00:00\",\"dateModified\":\"2023-08-26T00:44:54+00:00\",\"author\":{\"@id\":\"https:\/\/nahuelproducciones.com.ar\/radioquijano\/#\/schema\/person\/e8a4f939e2cb487fe6d0c54042c9d32c\"},\"description\":\"Gonzalo quedo en el lugar mas que expectante a nivel Pais.\",\"breadcrumb\":{\"@id\":\"https:\/\/nahuelproducciones.com.ar\/radioquijano\/juegos-evita-campo-quijano-presente-con-gonzalo-alanjay\/#breadcrumb\"},\"inLanguage\":\"es\",\"potentialAction\":[{\"@type\":\"ReadAction\",\"target\":[\"https:\/\/nahuelproducciones.com.ar\/radioquijano\/juegos-evita-campo-quijano-presente-con-gonzalo-alanjay\/\"]}]},{\"@type\":\"BreadcrumbList\",\"@id\":\"https:\/\/nahuelproducciones.com.ar\/radioquijano\/juegos-evita-campo-quijano-presente-con-gonzalo-alanjay\/#breadcrumb\",\"itemListElement\":[{\"@type\":\"ListItem\",\"position\":1,\"name\":\"Portada\",\"item\":\"https:\/\/nahuelproducciones.com.ar\/radioquijano\/\"},{\"@type\":\"ListItem\",\"position\":2,\"name\":\"Juegos Evita: Campo Quijano presente con Gonzalo Alanjay.\"}]},{\"@type\":\"WebSite\",\"@id\":\"https:\/\/nahuelproducciones.com.ar\/radioquijano\/#website\",\"url\":\"https:\/\/nahuelproducciones.com.ar\/radioquijano\/\",\"name\":\"RQ 99.9\",\"description\":\"Radio Quijano 99.9 MHz\",\"potentialAction\":[{\"@type\":\"SearchAction\",\"target\":{\"@type\":\"EntryPoint\",\"urlTemplate\":\"https:\/\/nahuelproducciones.com.ar\/radioquijano\/?s={search_term_string}\"},\"query-input\":\"required name=search_term_string\"}],\"inLanguage\":\"es\"},{\"@type\":\"Person\",\"@id\":\"https:\/\/nahuelproducciones.com.ar\/radioquijano\/#\/schema\/person\/e8a4f939e2cb487fe6d0c54042c9d32c\",\"name\":\"Cecilia Pastrana\",\"image\":{\"@type\":\"ImageObject\",\"inLanguage\":\"es\",\"@id\":\"https:\/\/nahuelproducciones.com.ar\/radioquijano\/#\/schema\/person\/image\/\",\"url\":\"https:\/\/secure.gravatar.com\/avatar\/661a3ef63a8488d4f2794ed44af8cf71420f7e106f3072c40125114df5157749?s=96&d=mm&r=g\",\"contentUrl\":\"https:\/\/secure.gravatar.com\/avatar\/661a3ef63a8488d4f2794ed44af8cf71420f7e106f3072c40125114df5157749?s=96&d=mm&r=g\",\"caption\":\"Cecilia Pastrana\"},\"sameAs\":[\"cecy\"],\"url\":\"https:\/\/nahuelproducciones.com.ar\/radioquijano\/author\/cecy\/\"}]}<\/script>\n<!-- \/ Yoast SEO plugin. -->","yoast_head_json":{"title":"Juegos Evita: Campo Quijano presente con Gonzalo Alanjay. - RQ 99.9","description":"Gonzalo quedo en el lugar mas que expectante a nivel Pais.","robots":{"index":"index","follow":"follow","max-snippet":"max-snippet:-1","max-image-preview":"max-image-preview:large","max-video-preview":"max-video-preview:-1"},"canonical":"https:\/\/nahuelproducciones.com.ar\/radioquijano\/juegos-evita-campo-quijano-presente-con-gonzalo-alanjay\/","og_locale":"es_ES","og_type":"article","og_title":"Juegos Evita: Campo Quijano presente con Gonzalo Alanjay. - RQ 99.9","og_description":"Gonzalo quedo en el lugar mas que expectante a nivel Pais.","og_url":"https:\/\/nahuelproducciones.com.ar\/radioquijano\/juegos-evita-campo-quijano-presente-con-gonzalo-alanjay\/","og_site_name":"RQ 99.9","article_publisher":"https:\/\/www.facebook.com\/nahuelproducciones999\/","article_published_time":"2023-08-26T00:44:53+00:00","article_modified_time":"2023-08-26T00:44:54+00:00","og_image":[{"width":755,"height":478,"url":"https:\/\/nahuelproducciones.com.ar\/radioquijano\/wp-content\/uploads\/2023\/08\/gonzalo-alanjay1.jpg","type":"image\/jpeg"}],"author":"Cecilia Pastrana","twitter_card":"summary_large_image","twitter_creator":"@nahuproduciones","twitter_site":"@nahuproduciones","twitter_misc":{"Escrito por":"Cecilia Pastrana","Tiempo de lectura":"2 minutos"},"schema":{"@context":"https:\/\/schema.org","@graph":[{"@type":"WebPage","@id":"https:\/\/nahuelproducciones.com.ar\/radioquijano\/juegos-evita-campo-quijano-presente-con-gonzalo-alanjay\/","url":"https:\/\/nahuelproducciones.com.ar\/radioquijano\/juegos-evita-campo-quijano-presente-con-gonzalo-alanjay\/","name":"Juegos Evita: Campo Quijano presente con Gonzalo Alanjay. - RQ 99.9","isPartOf":{"@id":"https:\/\/nahuelproducciones.com.ar\/radioquijano\/#website"},"datePublished":"2023-08-26T00:44:53+00:00","dateModified":"2023-08-26T00:44:54+00:00","author":{"@id":"https:\/\/nahuelproducciones.com.ar\/radioquijano\/#\/schema\/person\/e8a4f939e2cb487fe6d0c54042c9d32c"},"description":"Gonzalo quedo en el lugar mas que expectante a nivel Pais.","breadcrumb":{"@id":"https:\/\/nahuelproducciones.com.ar\/radioquijano\/juegos-evita-campo-quijano-presente-con-gonzalo-alanjay\/#breadcrumb"},"inLanguage":"es","potentialAction":[{"@type":"ReadAction","target":["https:\/\/nahuelproducciones.com.ar\/radioquijano\/juegos-evita-campo-quijano-presente-con-gonzalo-alanjay\/"]}]},{"@type":"BreadcrumbList","@id":"https:\/\/nahuelproducciones.com.ar\/radioquijano\/juegos-evita-campo-quijano-presente-con-gonzalo-alanjay\/#breadcrumb","itemListElement":[{"@type":"ListItem","position":1,"name":"Portada","item":"https:\/\/nahuelproducciones.com.ar\/radioquijano\/"},{"@type":"ListItem","position":2,"name":"Juegos Evita: Campo Quijano presente con Gonzalo Alanjay."}]},{"@type":"WebSite","@id":"https:\/\/nahuelproducciones.com.ar\/radioquijano\/#website","url":"https:\/\/nahuelproducciones.com.ar\/radioquijano\/","name":"RQ 99.9","description":"Radio Quijano 99.9 MHz","potentialAction":[{"@type":"SearchAction","target":{"@type":"EntryPoint","urlTemplate":"https:\/\/nahuelproducciones.com.ar\/radioquijano\/?s={search_term_string}"},"query-input":"required name=search_term_string"}],"inLanguage":"es"},{"@type":"Person","@id":"https:\/\/nahuelproducciones.com.ar\/radioquijano\/#\/schema\/person\/e8a4f939e2cb487fe6d0c54042c9d32c","name":"Cecilia Pastrana","image":{"@type":"ImageObject","inLanguage":"es","@id":"https:\/\/nahuelproducciones.com.ar\/radioquijano\/#\/schema\/person\/image\/","url":"https:\/\/secure.gravatar.com\/avatar\/661a3ef63a8488d4f2794ed44af8cf71420f7e106f3072c40125114df5157749?s=96&d=mm&r=g","contentUrl":"https:\/\/secure.gravatar.com\/avatar\/661a3ef63a8488d4f2794ed44af8cf71420f7e106f3072c40125114df5157749?s=96&d=mm&r=g","caption":"Cecilia Pastrana"},"sameAs":["cecy"],"url":"https:\/\/nahuelproducciones.com.ar\/radioquijano\/author\/cecy\/"}]}},"_links":{"self":[{"href":"https:\/\/nahuelproducciones.com.ar\/radioquijano\/wp-json\/wp\/v2\/posts\/5781","targetHints":{"allow":["GET"]}}],"collection":[{"href":"https:\/\/nahuelproducciones.com.ar\/radioquijano\/wp-json\/wp\/v2\/posts"}],"about":[{"href":"https:\/\/nahuelproducciones.com.ar\/radioquijano\/wp-json\/wp\/v2\/types\/post"}],"author":[{"embeddable":true,"href":"https:\/\/nahuelproducciones.com.ar\/radioquijano\/wp-json\/wp\/v2\/users\/8"}],"replies":[{"embeddable":true,"href":"https:\/\/nahuelproducciones.com.ar\/radioquijano\/wp-json\/wp\/v2\/comments?post=5781"}],"version-history":[{"count":1,"href":"https:\/\/nahuelproducciones.com.ar\/radioquijano\/wp-json\/wp\/v2\/posts\/5781\/revisions"}],"predecessor-version":[{"id":5784,"href":"https:\/\/nahuelproducciones.com.ar\/radioquijano\/wp-json\/wp\/v2\/posts\/5781\/revisions\/5784"}],"wp:featuredmedia":[{"embeddable":true,"href":"https:\/\/nahuelproducciones.com.ar\/radioquijano\/wp-json\/wp\/v2\/media\/5783"}],"wp:attachment":[{"href":"https:\/\/nahuelproducciones.com.ar\/radioquijano\/wp-json\/wp\/v2\/media?parent=5781"}],"wp:term":[{"taxonomy":"category","embeddable":true,"href":"https:\/\/nahuelproducciones.com.ar\/radioquijano\/wp-json\/wp\/v2\/categories?post=5781"},{"taxonomy":"post_tag","embeddable":true,"href":"https:\/\/nahuelproducciones.com.ar\/radioquijano\/wp-json\/wp\/v2\/tags?post=5781"}],"curies":[{"name":"wp","href":"https:\/\/api.w.org\/{rel}","templated":true}]}}