{"id":5785,"date":"2023-08-25T22:18:09","date_gmt":"2023-08-26T01:18:09","guid":{"rendered":"https:\/\/nahuelproducciones.com.ar\/radioquijano\/?p=5785"},"modified":"2023-08-25T22:19:16","modified_gmt":"2023-08-26T01:19:16","slug":"el-ipv-se-traslada-a-campo-quijano-para-asesorar-a-vecinos","status":"publish","type":"post","link":"https:\/\/nahuelproducciones.com.ar\/radioquijano\/el-ipv-se-traslada-a-campo-quijano-para-asesorar-a-vecinos\/","title":{"rendered":"El IPV se traslada a Campo Quijano para asesorar a vecinos."},"content":{"rendered":"\n<p>Se asesorar\u00e1 sobre requisitos de inscripci\u00f3n, actualizaci\u00f3n de fichas, pagos, deudas y escrituraciones. No se realizar\u00e1n nuevas inscripciones.<\/p>\n\n\n\n<p>Personal de distintas \u00e1reas del Instituto Provincial de Vivienda (IPV) atender\u00e1 consultas en la localidad de Campo Quijano el pr\u00f3ximo mi\u00e9rcoles 30 del corriente, a fin de asesorar sobre tr\u00e1mites de inscripci\u00f3n, actualizaci\u00f3n de fichas, pagos, deudas y escrituraciones.<\/p>\n\n\n\n<p>La atenci\u00f3n ser\u00e1 por orden de llegada en la sede municipal, de 9 a 17 horas. Los interesados podr\u00e1n conocer requisitos de inscripci\u00f3n, documentaci\u00f3n a presentar para actualizar ficha social o procedimientos para completar formulario online. Cabe aclarar que no se realizar\u00e1n nuevas inscripciones.<\/p>\n\n\n\n<p>En la misma jornada de trabajo, se brindar\u00e1 informaci\u00f3n referida al tr\u00e1mite de escrituraci\u00f3n de viviendas entregadas por el IPV, adem\u00e1s de comunicar a adjudicatarios sobre planes de pagos, deudas, y entrega de boletas.<\/p>\n","protected":false},"excerpt":{"rendered":"<p>Se asesorar\u00e1 sobre requisitos de inscripci\u00f3n, actualizaci\u00f3n de fichas, pagos, deudas y escrituraciones. No se realizar\u00e1n nuevas inscripciones. Personal de distintas \u00e1reas del Instituto Provincial de Vivienda (IPV) atender\u00e1 consultas en la localidad de Campo Quijano el pr\u00f3ximo mi\u00e9rcoles 30 del corriente, a fin de asesorar sobre tr\u00e1mites de inscripci\u00f3n, actualizaci\u00f3n de fichas, pagos, deudas [&hellip;]<\/p>\n","protected":false},"author":8,"featured_media":5787,"comment_status":"open","ping_status":"open","sticky":false,"template":"","format":"standard","meta":{"_monsterinsights_skip_tracking":false,"_monsterinsights_sitenote_active":false,"_monsterinsights_sitenote_note":"","_monsterinsights_sitenote_category":0,"footnotes":""},"categories":[16],"tags":[1217,407,100],"class_list":["post-5785","post","type-post","status-publish","format-standard","has-post-thumbnail","hentry","category-noticias","tag-asesoramiento","tag-ipv","tag-municipio-de-campo-quijano"],"yoast_head":"<!-- This site is optimized with the Yoast SEO plugin v20.8 - https:\/\/yoast.com\/wordpress\/plugins\/seo\/ -->\n<title>El IPV se traslada a Campo Quijano para asesorar a vecinos. - RQ 99.9<\/title>\n<meta name=\"description\" content=\"Atender\u00e1 el pr\u00f3ximo mi\u00e9rcoles 30 del corriente, por orden de llegada en la sede municipal, de 9 a 17 horas. No se realizar\u00e1n nuevas inscripciones.\" \/>\n<meta name=\"robots\" content=\"index, follow, max-snippet:-1, max-image-preview:large, max-video-preview:-1\" \/>\n<link rel=\"canonical\" href=\"https:\/\/nahuelproducciones.com.ar\/radioquijano\/el-ipv-se-traslada-a-campo-quijano-para-asesorar-a-vecinos\/\" \/>\n<meta property=\"og:locale\" content=\"es_ES\" \/>\n<meta property=\"og:type\" content=\"article\" \/>\n<meta property=\"og:title\" content=\"El IPV se traslada a Campo Quijano para asesorar a vecinos. - RQ 99.9\" \/>\n<meta property=\"og:description\" content=\"Atender\u00e1 el pr\u00f3ximo mi\u00e9rcoles 30 del corriente, por orden de llegada en la sede municipal, de 9 a 17 horas. No se realizar\u00e1n nuevas inscripciones.\" \/>\n<meta property=\"og:url\" content=\"https:\/\/nahuelproducciones.com.ar\/radioquijano\/el-ipv-se-traslada-a-campo-quijano-para-asesorar-a-vecinos\/\" \/>\n<meta property=\"og:site_name\" content=\"RQ 99.9\" \/>\n<meta property=\"article:publisher\" content=\"https:\/\/www.facebook.com\/nahuelproducciones999\/\" \/>\n<meta property=\"article:published_time\" content=\"2023-08-26T01:18:09+00:00\" \/>\n<meta property=\"article:modified_time\" content=\"2023-08-26T01:19:16+00:00\" \/>\n<meta property=\"og:image\" content=\"https:\/\/nahuelproducciones.com.ar\/radioquijano\/wp-content\/uploads\/2023\/08\/240101927_1899093923586563_4672956737408813000_n-e1693012677192.jpg\" \/>\n\t<meta property=\"og:image:width\" content=\"700\" \/>\n\t<meta property=\"og:image:height\" content=\"282\" \/>\n\t<meta property=\"og:image:type\" content=\"image\/jpeg\" \/>\n<meta name=\"author\" content=\"Cecilia Pastrana\" \/>\n<meta name=\"twitter:card\" content=\"summary_large_image\" \/>\n<meta name=\"twitter:creator\" content=\"@nahuproduciones\" \/>\n<meta name=\"twitter:site\" content=\"@nahuproduciones\" \/>\n<meta name=\"twitter:label1\" content=\"Escrito por\" \/>\n\t<meta name=\"twitter:data1\" content=\"Cecilia Pastrana\" \/>\n\t<meta name=\"twitter:label2\" content=\"Tiempo de lectura\" \/>\n\t<meta name=\"twitter:data2\" content=\"1 minuto\" \/>\n<script type=\"application\/ld+json\" class=\"yoast-schema-graph\">{\"@context\":\"https:\/\/schema.org\",\"@graph\":[{\"@type\":\"WebPage\",\"@id\":\"https:\/\/nahuelproducciones.com.ar\/radioquijano\/el-ipv-se-traslada-a-campo-quijano-para-asesorar-a-vecinos\/\",\"url\":\"https:\/\/nahuelproducciones.com.ar\/radioquijano\/el-ipv-se-traslada-a-campo-quijano-para-asesorar-a-vecinos\/\",\"name\":\"El IPV se traslada a Campo Quijano para asesorar a vecinos. - RQ 99.9\",\"isPartOf\":{\"@id\":\"https:\/\/nahuelproducciones.com.ar\/radioquijano\/#website\"},\"datePublished\":\"2023-08-26T01:18:09+00:00\",\"dateModified\":\"2023-08-26T01:19:16+00:00\",\"author\":{\"@id\":\"https:\/\/nahuelproducciones.com.ar\/radioquijano\/#\/schema\/person\/e8a4f939e2cb487fe6d0c54042c9d32c\"},\"description\":\"Atender\u00e1 el pr\u00f3ximo mi\u00e9rcoles 30 del corriente, por orden de llegada en la sede municipal, de 9 a 17 horas. No se realizar\u00e1n nuevas inscripciones.\",\"breadcrumb\":{\"@id\":\"https:\/\/nahuelproducciones.com.ar\/radioquijano\/el-ipv-se-traslada-a-campo-quijano-para-asesorar-a-vecinos\/#breadcrumb\"},\"inLanguage\":\"es\",\"potentialAction\":[{\"@type\":\"ReadAction\",\"target\":[\"https:\/\/nahuelproducciones.com.ar\/radioquijano\/el-ipv-se-traslada-a-campo-quijano-para-asesorar-a-vecinos\/\"]}]},{\"@type\":\"BreadcrumbList\",\"@id\":\"https:\/\/nahuelproducciones.com.ar\/radioquijano\/el-ipv-se-traslada-a-campo-quijano-para-asesorar-a-vecinos\/#breadcrumb\",\"itemListElement\":[{\"@type\":\"ListItem\",\"position\":1,\"name\":\"Portada\",\"item\":\"https:\/\/nahuelproducciones.com.ar\/radioquijano\/\"},{\"@type\":\"ListItem\",\"position\":2,\"name\":\"El IPV se traslada a Campo Quijano para asesorar a vecinos.\"}]},{\"@type\":\"WebSite\",\"@id\":\"https:\/\/nahuelproducciones.com.ar\/radioquijano\/#website\",\"url\":\"https:\/\/nahuelproducciones.com.ar\/radioquijano\/\",\"name\":\"RQ 99.9\",\"description\":\"Radio Quijano 99.9 MHz\",\"potentialAction\":[{\"@type\":\"SearchAction\",\"target\":{\"@type\":\"EntryPoint\",\"urlTemplate\":\"https:\/\/nahuelproducciones.com.ar\/radioquijano\/?s={search_term_string}\"},\"query-input\":\"required name=search_term_string\"}],\"inLanguage\":\"es\"},{\"@type\":\"Person\",\"@id\":\"https:\/\/nahuelproducciones.com.ar\/radioquijano\/#\/schema\/person\/e8a4f939e2cb487fe6d0c54042c9d32c\",\"name\":\"Cecilia Pastrana\",\"image\":{\"@type\":\"ImageObject\",\"inLanguage\":\"es\",\"@id\":\"https:\/\/nahuelproducciones.com.ar\/radioquijano\/#\/schema\/person\/image\/\",\"url\":\"https:\/\/secure.gravatar.com\/avatar\/661a3ef63a8488d4f2794ed44af8cf71420f7e106f3072c40125114df5157749?s=96&d=mm&r=g\",\"contentUrl\":\"https:\/\/secure.gravatar.com\/avatar\/661a3ef63a8488d4f2794ed44af8cf71420f7e106f3072c40125114df5157749?s=96&d=mm&r=g\",\"caption\":\"Cecilia Pastrana\"},\"sameAs\":[\"cecy\"],\"url\":\"https:\/\/nahuelproducciones.com.ar\/radioquijano\/author\/cecy\/\"}]}<\/script>\n<!-- \/ Yoast SEO plugin. -->","yoast_head_json":{"title":"El IPV se traslada a Campo Quijano para asesorar a vecinos. - RQ 99.9","description":"Atender\u00e1 el pr\u00f3ximo mi\u00e9rcoles 30 del corriente, por orden de llegada en la sede municipal, de 9 a 17 horas. No se realizar\u00e1n nuevas inscripciones.","robots":{"index":"index","follow":"follow","max-snippet":"max-snippet:-1","max-image-preview":"max-image-preview:large","max-video-preview":"max-video-preview:-1"},"canonical":"https:\/\/nahuelproducciones.com.ar\/radioquijano\/el-ipv-se-traslada-a-campo-quijano-para-asesorar-a-vecinos\/","og_locale":"es_ES","og_type":"article","og_title":"El IPV se traslada a Campo Quijano para asesorar a vecinos. - RQ 99.9","og_description":"Atender\u00e1 el pr\u00f3ximo mi\u00e9rcoles 30 del corriente, por orden de llegada en la sede municipal, de 9 a 17 horas. No se realizar\u00e1n nuevas inscripciones.","og_url":"https:\/\/nahuelproducciones.com.ar\/radioquijano\/el-ipv-se-traslada-a-campo-quijano-para-asesorar-a-vecinos\/","og_site_name":"RQ 99.9","article_publisher":"https:\/\/www.facebook.com\/nahuelproducciones999\/","article_published_time":"2023-08-26T01:18:09+00:00","article_modified_time":"2023-08-26T01:19:16+00:00","og_image":[{"width":700,"height":282,"url":"https:\/\/nahuelproducciones.com.ar\/radioquijano\/wp-content\/uploads\/2023\/08\/240101927_1899093923586563_4672956737408813000_n-e1693012677192.jpg","type":"image\/jpeg"}],"author":"Cecilia Pastrana","twitter_card":"summary_large_image","twitter_creator":"@nahuproduciones","twitter_site":"@nahuproduciones","twitter_misc":{"Escrito por":"Cecilia Pastrana","Tiempo de lectura":"1 minuto"},"schema":{"@context":"https:\/\/schema.org","@graph":[{"@type":"WebPage","@id":"https:\/\/nahuelproducciones.com.ar\/radioquijano\/el-ipv-se-traslada-a-campo-quijano-para-asesorar-a-vecinos\/","url":"https:\/\/nahuelproducciones.com.ar\/radioquijano\/el-ipv-se-traslada-a-campo-quijano-para-asesorar-a-vecinos\/","name":"El IPV se traslada a Campo Quijano para asesorar a vecinos. - RQ 99.9","isPartOf":{"@id":"https:\/\/nahuelproducciones.com.ar\/radioquijano\/#website"},"datePublished":"2023-08-26T01:18:09+00:00","dateModified":"2023-08-26T01:19:16+00:00","author":{"@id":"https:\/\/nahuelproducciones.com.ar\/radioquijano\/#\/schema\/person\/e8a4f939e2cb487fe6d0c54042c9d32c"},"description":"Atender\u00e1 el pr\u00f3ximo mi\u00e9rcoles 30 del corriente, por orden de llegada en la sede municipal, de 9 a 17 horas. No se realizar\u00e1n nuevas inscripciones.","breadcrumb":{"@id":"https:\/\/nahuelproducciones.com.ar\/radioquijano\/el-ipv-se-traslada-a-campo-quijano-para-asesorar-a-vecinos\/#breadcrumb"},"inLanguage":"es","potentialAction":[{"@type":"ReadAction","target":["https:\/\/nahuelproducciones.com.ar\/radioquijano\/el-ipv-se-traslada-a-campo-quijano-para-asesorar-a-vecinos\/"]}]},{"@type":"BreadcrumbList","@id":"https:\/\/nahuelproducciones.com.ar\/radioquijano\/el-ipv-se-traslada-a-campo-quijano-para-asesorar-a-vecinos\/#breadcrumb","itemListElement":[{"@type":"ListItem","position":1,"name":"Portada","item":"https:\/\/nahuelproducciones.com.ar\/radioquijano\/"},{"@type":"ListItem","position":2,"name":"El IPV se traslada a Campo Quijano para asesorar a vecinos."}]},{"@type":"WebSite","@id":"https:\/\/nahuelproducciones.com.ar\/radioquijano\/#website","url":"https:\/\/nahuelproducciones.com.ar\/radioquijano\/","name":"RQ 99.9","description":"Radio Quijano 99.9 MHz","potentialAction":[{"@type":"SearchAction","target":{"@type":"EntryPoint","urlTemplate":"https:\/\/nahuelproducciones.com.ar\/radioquijano\/?s={search_term_string}"},"query-input":"required name=search_term_string"}],"inLanguage":"es"},{"@type":"Person","@id":"https:\/\/nahuelproducciones.com.ar\/radioquijano\/#\/schema\/person\/e8a4f939e2cb487fe6d0c54042c9d32c","name":"Cecilia Pastrana","image":{"@type":"ImageObject","inLanguage":"es","@id":"https:\/\/nahuelproducciones.com.ar\/radioquijano\/#\/schema\/person\/image\/","url":"https:\/\/secure.gravatar.com\/avatar\/661a3ef63a8488d4f2794ed44af8cf71420f7e106f3072c40125114df5157749?s=96&d=mm&r=g","contentUrl":"https:\/\/secure.gravatar.com\/avatar\/661a3ef63a8488d4f2794ed44af8cf71420f7e106f3072c40125114df5157749?s=96&d=mm&r=g","caption":"Cecilia Pastrana"},"sameAs":["cecy"],"url":"https:\/\/nahuelproducciones.com.ar\/radioquijano\/author\/cecy\/"}]}},"_links":{"self":[{"href":"https:\/\/nahuelproducciones.com.ar\/radioquijano\/wp-json\/wp\/v2\/posts\/5785","targetHints":{"allow":["GET"]}}],"collection":[{"href":"https:\/\/nahuelproducciones.com.ar\/radioquijano\/wp-json\/wp\/v2\/posts"}],"about":[{"href":"https:\/\/nahuelproducciones.com.ar\/radioquijano\/wp-json\/wp\/v2\/types\/post"}],"author":[{"embeddable":true,"href":"https:\/\/nahuelproducciones.com.ar\/radioquijano\/wp-json\/wp\/v2\/users\/8"}],"replies":[{"embeddable":true,"href":"https:\/\/nahuelproducciones.com.ar\/radioquijano\/wp-json\/wp\/v2\/comments?post=5785"}],"version-history":[{"count":1,"href":"https:\/\/nahuelproducciones.com.ar\/radioquijano\/wp-json\/wp\/v2\/posts\/5785\/revisions"}],"predecessor-version":[{"id":5788,"href":"https:\/\/nahuelproducciones.com.ar\/radioquijano\/wp-json\/wp\/v2\/posts\/5785\/revisions\/5788"}],"wp:featuredmedia":[{"embeddable":true,"href":"https:\/\/nahuelproducciones.com.ar\/radioquijano\/wp-json\/wp\/v2\/media\/5787"}],"wp:attachment":[{"href":"https:\/\/nahuelproducciones.com.ar\/radioquijano\/wp-json\/wp\/v2\/media?parent=5785"}],"wp:term":[{"taxonomy":"category","embeddable":true,"href":"https:\/\/nahuelproducciones.com.ar\/radioquijano\/wp-json\/wp\/v2\/categories?post=5785"},{"taxonomy":"post_tag","embeddable":true,"href":"https:\/\/nahuelproducciones.com.ar\/radioquijano\/wp-json\/wp\/v2\/tags?post=5785"}],"curies":[{"name":"wp","href":"https:\/\/api.w.org\/{rel}","templated":true}]}}