{"id":5790,"date":"2023-08-30T01:40:59","date_gmt":"2023-08-30T04:40:59","guid":{"rendered":"https:\/\/nahuelproducciones.com.ar\/radioquijano\/?p=5790"},"modified":"2023-08-30T01:40:59","modified_gmt":"2023-08-30T04:40:59","slug":"tramitan-casacion-en-la-causa-contra-el-exintendente-de-campo-quijano","status":"publish","type":"post","link":"https:\/\/nahuelproducciones.com.ar\/radioquijano\/tramitan-casacion-en-la-causa-contra-el-exintendente-de-campo-quijano\/","title":{"rendered":"Tramitan casaci\u00f3n en la causa contra el exintendente de Campo Quijano"},"content":{"rendered":"\n<p>La causa en la que fue condenado el exintendente de Campo Quijano, Manuel Cornejo, fue elevada al Tribunal de Impugnaci\u00f3n, donde se dar\u00e1 tramite al Recurso de Casaci\u00f3n presentado por la defensa.<\/p>\n\n\n\n<p>Como se recordar\u00e1, Cornejo fue condenado el 5 de julio pasado a la pena de seis a\u00f1os de prisi\u00f3n e inhabilitaci\u00f3n absoluta perpetua como responsable del delito de peculado (tres hechos) e incumplimiento de los deberes de funcionario p\u00fablico en concurso real.<\/p>\n\n\n\n<p>Por su parte, Carmen Rosa M\u00e9ndez recibi\u00f3 la pena de tres a\u00f1os de prisi\u00f3n de ejecuci\u00f3n condicional e inhabilitaci\u00f3n absoluta perpetua como autora material y penalmente responsable de los delitos de peculado e incumplimiento de los deberes de funcionario p\u00fablico en concurso real.<\/p>\n\n\n\n<p>El expediente fue radicado en la Sala II del Tribunal de Impugnaci\u00f3n, y seguir\u00e1 su tr\u00e1mite a cargo de la jueza Mar\u00eda Edith Rodr\u00edguez.<\/p>\n\n\n\n<p>La causa inici\u00f3 el 28 de enero de 2020, con la denuncia de quien en ese entonces ejerc\u00eda el cargo de intendente de Campo Quijano, Carlos H\u00e9ctor Folloni. Expuso que desde que asumi\u00f3 su gesti\u00f3n, el 10 de diciembre anterior, evidenci\u00f3 un incumplimiento injustificado e intencional de la normativa vigente. Agreg\u00f3 que advirti\u00f3 desorden y ausencia de documentaci\u00f3n en el ejido municipal relacionada a la actividad contable. Esto le hizo sospechar de una actividad il\u00edcita.<\/p>\n\n\n\n<p>Agreg\u00f3 el denunciante que de la investigaci\u00f3n se pudieron verificar las irregularidades del exintendente.<\/p>\n\n\n\n<p><\/p>\n","protected":false},"excerpt":{"rendered":"<p>La causa en la que fue condenado el exintendente de Campo Quijano, Manuel Cornejo, fue elevada al Tribunal de Impugnaci\u00f3n, donde se dar\u00e1 tramite al Recurso de Casaci\u00f3n presentado por la defensa. Como se recordar\u00e1, Cornejo fue condenado el 5 de julio pasado a la pena de seis a\u00f1os de prisi\u00f3n e inhabilitaci\u00f3n absoluta perpetua [&hellip;]<\/p>\n","protected":false},"author":8,"featured_media":5791,"comment_status":"open","ping_status":"open","sticky":false,"template":"","format":"standard","meta":{"_monsterinsights_skip_tracking":false,"_monsterinsights_sitenote_active":false,"_monsterinsights_sitenote_note":"","_monsterinsights_sitenote_category":0,"footnotes":""},"categories":[16],"tags":[1218,497,886,100],"class_list":["post-5790","post","type-post","status-publish","format-standard","has-post-thumbnail","hentry","category-noticias","tag-casacion","tag-ex-intendente-manuel-cornejo","tag-juicio","tag-municipio-de-campo-quijano"],"yoast_head":"<!-- This site is optimized with the Yoast SEO plugin v20.8 - https:\/\/yoast.com\/wordpress\/plugins\/seo\/ -->\n<title>Tramitan casaci\u00f3n en la causa contra el exintendente de Campo Quijano - RQ 99.9<\/title>\n<meta name=\"description\" content=\"El expediente fue radicado en la Sala II del Tribunal de Impugnaci\u00f3n, y seguir\u00e1 su tr\u00e1mite a cargo de la jueza Mar\u00eda Edith Rodr\u00edguez\" \/>\n<meta name=\"robots\" content=\"index, follow, max-snippet:-1, max-image-preview:large, max-video-preview:-1\" \/>\n<link rel=\"canonical\" href=\"https:\/\/nahuelproducciones.com.ar\/radioquijano\/tramitan-casacion-en-la-causa-contra-el-exintendente-de-campo-quijano\/\" \/>\n<meta property=\"og:locale\" content=\"es_ES\" \/>\n<meta property=\"og:type\" content=\"article\" \/>\n<meta property=\"og:title\" content=\"Tramitan casaci\u00f3n en la causa contra el exintendente de Campo Quijano - RQ 99.9\" \/>\n<meta property=\"og:description\" content=\"El expediente fue radicado en la Sala II del Tribunal de Impugnaci\u00f3n, y seguir\u00e1 su tr\u00e1mite a cargo de la jueza Mar\u00eda Edith Rodr\u00edguez\" \/>\n<meta property=\"og:url\" content=\"https:\/\/nahuelproducciones.com.ar\/radioquijano\/tramitan-casacion-en-la-causa-contra-el-exintendente-de-campo-quijano\/\" \/>\n<meta property=\"og:site_name\" content=\"RQ 99.9\" \/>\n<meta property=\"article:publisher\" content=\"https:\/\/www.facebook.com\/nahuelproducciones999\/\" \/>\n<meta property=\"article:published_time\" content=\"2023-08-30T04:40:59+00:00\" \/>\n<meta property=\"og:image\" content=\"https:\/\/nahuelproducciones.com.ar\/radioquijano\/wp-content\/uploads\/2023\/08\/21220679-84f5-47cf-bf49-850bb88262f8_500x500-e1693370451458.jpg\" \/>\n\t<meta property=\"og:image:width\" content=\"500\" \/>\n\t<meta property=\"og:image:height\" content=\"500\" \/>\n\t<meta property=\"og:image:type\" content=\"image\/jpeg\" \/>\n<meta name=\"author\" content=\"Cecilia Pastrana\" \/>\n<meta name=\"twitter:card\" content=\"summary_large_image\" \/>\n<meta name=\"twitter:creator\" content=\"@nahuproduciones\" \/>\n<meta name=\"twitter:site\" content=\"@nahuproduciones\" \/>\n<meta name=\"twitter:label1\" content=\"Escrito por\" \/>\n\t<meta name=\"twitter:data1\" content=\"Cecilia Pastrana\" \/>\n\t<meta name=\"twitter:label2\" content=\"Tiempo de lectura\" \/>\n\t<meta name=\"twitter:data2\" content=\"2 minutos\" \/>\n<script type=\"application\/ld+json\" class=\"yoast-schema-graph\">{\"@context\":\"https:\/\/schema.org\",\"@graph\":[{\"@type\":\"WebPage\",\"@id\":\"https:\/\/nahuelproducciones.com.ar\/radioquijano\/tramitan-casacion-en-la-causa-contra-el-exintendente-de-campo-quijano\/\",\"url\":\"https:\/\/nahuelproducciones.com.ar\/radioquijano\/tramitan-casacion-en-la-causa-contra-el-exintendente-de-campo-quijano\/\",\"name\":\"Tramitan casaci\u00f3n en la causa contra el exintendente de Campo Quijano - RQ 99.9\",\"isPartOf\":{\"@id\":\"https:\/\/nahuelproducciones.com.ar\/radioquijano\/#website\"},\"datePublished\":\"2023-08-30T04:40:59+00:00\",\"dateModified\":\"2023-08-30T04:40:59+00:00\",\"author\":{\"@id\":\"https:\/\/nahuelproducciones.com.ar\/radioquijano\/#\/schema\/person\/e8a4f939e2cb487fe6d0c54042c9d32c\"},\"description\":\"El expediente fue radicado en la Sala II del Tribunal de Impugnaci\u00f3n, y seguir\u00e1 su tr\u00e1mite a cargo de la jueza Mar\u00eda Edith Rodr\u00edguez\",\"breadcrumb\":{\"@id\":\"https:\/\/nahuelproducciones.com.ar\/radioquijano\/tramitan-casacion-en-la-causa-contra-el-exintendente-de-campo-quijano\/#breadcrumb\"},\"inLanguage\":\"es\",\"potentialAction\":[{\"@type\":\"ReadAction\",\"target\":[\"https:\/\/nahuelproducciones.com.ar\/radioquijano\/tramitan-casacion-en-la-causa-contra-el-exintendente-de-campo-quijano\/\"]}]},{\"@type\":\"BreadcrumbList\",\"@id\":\"https:\/\/nahuelproducciones.com.ar\/radioquijano\/tramitan-casacion-en-la-causa-contra-el-exintendente-de-campo-quijano\/#breadcrumb\",\"itemListElement\":[{\"@type\":\"ListItem\",\"position\":1,\"name\":\"Portada\",\"item\":\"https:\/\/nahuelproducciones.com.ar\/radioquijano\/\"},{\"@type\":\"ListItem\",\"position\":2,\"name\":\"Tramitan casaci\u00f3n en la causa contra el exintendente de Campo Quijano\"}]},{\"@type\":\"WebSite\",\"@id\":\"https:\/\/nahuelproducciones.com.ar\/radioquijano\/#website\",\"url\":\"https:\/\/nahuelproducciones.com.ar\/radioquijano\/\",\"name\":\"RQ 99.9\",\"description\":\"Radio Quijano 99.9 MHz\",\"potentialAction\":[{\"@type\":\"SearchAction\",\"target\":{\"@type\":\"EntryPoint\",\"urlTemplate\":\"https:\/\/nahuelproducciones.com.ar\/radioquijano\/?s={search_term_string}\"},\"query-input\":\"required name=search_term_string\"}],\"inLanguage\":\"es\"},{\"@type\":\"Person\",\"@id\":\"https:\/\/nahuelproducciones.com.ar\/radioquijano\/#\/schema\/person\/e8a4f939e2cb487fe6d0c54042c9d32c\",\"name\":\"Cecilia Pastrana\",\"image\":{\"@type\":\"ImageObject\",\"inLanguage\":\"es\",\"@id\":\"https:\/\/nahuelproducciones.com.ar\/radioquijano\/#\/schema\/person\/image\/\",\"url\":\"https:\/\/secure.gravatar.com\/avatar\/661a3ef63a8488d4f2794ed44af8cf71420f7e106f3072c40125114df5157749?s=96&d=mm&r=g\",\"contentUrl\":\"https:\/\/secure.gravatar.com\/avatar\/661a3ef63a8488d4f2794ed44af8cf71420f7e106f3072c40125114df5157749?s=96&d=mm&r=g\",\"caption\":\"Cecilia Pastrana\"},\"sameAs\":[\"cecy\"],\"url\":\"https:\/\/nahuelproducciones.com.ar\/radioquijano\/author\/cecy\/\"}]}<\/script>\n<!-- \/ Yoast SEO plugin. -->","yoast_head_json":{"title":"Tramitan casaci\u00f3n en la causa contra el exintendente de Campo Quijano - RQ 99.9","description":"El expediente fue radicado en la Sala II del Tribunal de Impugnaci\u00f3n, y seguir\u00e1 su tr\u00e1mite a cargo de la jueza Mar\u00eda Edith Rodr\u00edguez","robots":{"index":"index","follow":"follow","max-snippet":"max-snippet:-1","max-image-preview":"max-image-preview:large","max-video-preview":"max-video-preview:-1"},"canonical":"https:\/\/nahuelproducciones.com.ar\/radioquijano\/tramitan-casacion-en-la-causa-contra-el-exintendente-de-campo-quijano\/","og_locale":"es_ES","og_type":"article","og_title":"Tramitan casaci\u00f3n en la causa contra el exintendente de Campo Quijano - RQ 99.9","og_description":"El expediente fue radicado en la Sala II del Tribunal de Impugnaci\u00f3n, y seguir\u00e1 su tr\u00e1mite a cargo de la jueza Mar\u00eda Edith Rodr\u00edguez","og_url":"https:\/\/nahuelproducciones.com.ar\/radioquijano\/tramitan-casacion-en-la-causa-contra-el-exintendente-de-campo-quijano\/","og_site_name":"RQ 99.9","article_publisher":"https:\/\/www.facebook.com\/nahuelproducciones999\/","article_published_time":"2023-08-30T04:40:59+00:00","og_image":[{"width":500,"height":500,"url":"https:\/\/nahuelproducciones.com.ar\/radioquijano\/wp-content\/uploads\/2023\/08\/21220679-84f5-47cf-bf49-850bb88262f8_500x500-e1693370451458.jpg","type":"image\/jpeg"}],"author":"Cecilia Pastrana","twitter_card":"summary_large_image","twitter_creator":"@nahuproduciones","twitter_site":"@nahuproduciones","twitter_misc":{"Escrito por":"Cecilia Pastrana","Tiempo de lectura":"2 minutos"},"schema":{"@context":"https:\/\/schema.org","@graph":[{"@type":"WebPage","@id":"https:\/\/nahuelproducciones.com.ar\/radioquijano\/tramitan-casacion-en-la-causa-contra-el-exintendente-de-campo-quijano\/","url":"https:\/\/nahuelproducciones.com.ar\/radioquijano\/tramitan-casacion-en-la-causa-contra-el-exintendente-de-campo-quijano\/","name":"Tramitan casaci\u00f3n en la causa contra el exintendente de Campo Quijano - RQ 99.9","isPartOf":{"@id":"https:\/\/nahuelproducciones.com.ar\/radioquijano\/#website"},"datePublished":"2023-08-30T04:40:59+00:00","dateModified":"2023-08-30T04:40:59+00:00","author":{"@id":"https:\/\/nahuelproducciones.com.ar\/radioquijano\/#\/schema\/person\/e8a4f939e2cb487fe6d0c54042c9d32c"},"description":"El expediente fue radicado en la Sala II del Tribunal de Impugnaci\u00f3n, y seguir\u00e1 su tr\u00e1mite a cargo de la jueza Mar\u00eda Edith Rodr\u00edguez","breadcrumb":{"@id":"https:\/\/nahuelproducciones.com.ar\/radioquijano\/tramitan-casacion-en-la-causa-contra-el-exintendente-de-campo-quijano\/#breadcrumb"},"inLanguage":"es","potentialAction":[{"@type":"ReadAction","target":["https:\/\/nahuelproducciones.com.ar\/radioquijano\/tramitan-casacion-en-la-causa-contra-el-exintendente-de-campo-quijano\/"]}]},{"@type":"BreadcrumbList","@id":"https:\/\/nahuelproducciones.com.ar\/radioquijano\/tramitan-casacion-en-la-causa-contra-el-exintendente-de-campo-quijano\/#breadcrumb","itemListElement":[{"@type":"ListItem","position":1,"name":"Portada","item":"https:\/\/nahuelproducciones.com.ar\/radioquijano\/"},{"@type":"ListItem","position":2,"name":"Tramitan casaci\u00f3n en la causa contra el exintendente de Campo Quijano"}]},{"@type":"WebSite","@id":"https:\/\/nahuelproducciones.com.ar\/radioquijano\/#website","url":"https:\/\/nahuelproducciones.com.ar\/radioquijano\/","name":"RQ 99.9","description":"Radio Quijano 99.9 MHz","potentialAction":[{"@type":"SearchAction","target":{"@type":"EntryPoint","urlTemplate":"https:\/\/nahuelproducciones.com.ar\/radioquijano\/?s={search_term_string}"},"query-input":"required name=search_term_string"}],"inLanguage":"es"},{"@type":"Person","@id":"https:\/\/nahuelproducciones.com.ar\/radioquijano\/#\/schema\/person\/e8a4f939e2cb487fe6d0c54042c9d32c","name":"Cecilia Pastrana","image":{"@type":"ImageObject","inLanguage":"es","@id":"https:\/\/nahuelproducciones.com.ar\/radioquijano\/#\/schema\/person\/image\/","url":"https:\/\/secure.gravatar.com\/avatar\/661a3ef63a8488d4f2794ed44af8cf71420f7e106f3072c40125114df5157749?s=96&d=mm&r=g","contentUrl":"https:\/\/secure.gravatar.com\/avatar\/661a3ef63a8488d4f2794ed44af8cf71420f7e106f3072c40125114df5157749?s=96&d=mm&r=g","caption":"Cecilia Pastrana"},"sameAs":["cecy"],"url":"https:\/\/nahuelproducciones.com.ar\/radioquijano\/author\/cecy\/"}]}},"_links":{"self":[{"href":"https:\/\/nahuelproducciones.com.ar\/radioquijano\/wp-json\/wp\/v2\/posts\/5790","targetHints":{"allow":["GET"]}}],"collection":[{"href":"https:\/\/nahuelproducciones.com.ar\/radioquijano\/wp-json\/wp\/v2\/posts"}],"about":[{"href":"https:\/\/nahuelproducciones.com.ar\/radioquijano\/wp-json\/wp\/v2\/types\/post"}],"author":[{"embeddable":true,"href":"https:\/\/nahuelproducciones.com.ar\/radioquijano\/wp-json\/wp\/v2\/users\/8"}],"replies":[{"embeddable":true,"href":"https:\/\/nahuelproducciones.com.ar\/radioquijano\/wp-json\/wp\/v2\/comments?post=5790"}],"version-history":[{"count":1,"href":"https:\/\/nahuelproducciones.com.ar\/radioquijano\/wp-json\/wp\/v2\/posts\/5790\/revisions"}],"predecessor-version":[{"id":5792,"href":"https:\/\/nahuelproducciones.com.ar\/radioquijano\/wp-json\/wp\/v2\/posts\/5790\/revisions\/5792"}],"wp:featuredmedia":[{"embeddable":true,"href":"https:\/\/nahuelproducciones.com.ar\/radioquijano\/wp-json\/wp\/v2\/media\/5791"}],"wp:attachment":[{"href":"https:\/\/nahuelproducciones.com.ar\/radioquijano\/wp-json\/wp\/v2\/media?parent=5790"}],"wp:term":[{"taxonomy":"category","embeddable":true,"href":"https:\/\/nahuelproducciones.com.ar\/radioquijano\/wp-json\/wp\/v2\/categories?post=5790"},{"taxonomy":"post_tag","embeddable":true,"href":"https:\/\/nahuelproducciones.com.ar\/radioquijano\/wp-json\/wp\/v2\/tags?post=5790"}],"curies":[{"name":"wp","href":"https:\/\/api.w.org\/{rel}","templated":true}]}}