{"id":5793,"date":"2023-08-30T01:48:21","date_gmt":"2023-08-30T04:48:21","guid":{"rendered":"https:\/\/nahuelproducciones.com.ar\/radioquijano\/?p=5793"},"modified":"2023-08-30T01:48:21","modified_gmt":"2023-08-30T04:48:21","slug":"bomberos-voluntarios-combate-de-la-silleta-cuenta-con-su-personeria-juridica","status":"publish","type":"post","link":"https:\/\/nahuelproducciones.com.ar\/radioquijano\/bomberos-voluntarios-combate-de-la-silleta-cuenta-con-su-personeria-juridica\/","title":{"rendered":"Bomberos Voluntarios \u201cCombate de La Silleta\u201d cuenta con su Personer\u00eda Jur\u00eddica"},"content":{"rendered":"\n<p>El instrumento legal de la Asociaci\u00f3n fue entregado de manera especial ya que inicia la temporada de incendios en la zona y los miembros operativos necesitan gestionar los seguros para responder ante las emergencias.<\/p>\n\n\n\n<p>La Asociaci\u00f3n de Bomberos Voluntarios \u201cCombate de La Silleta\u201d, recibi\u00f3 hoy su personer\u00eda jur\u00eddica; instrumento legal que desde ahora le permitir\u00e1 gestionar recursos ante los diversos niveles del Estado, permitiendo adem\u00e1s la gesti\u00f3n de seguros para poder brindar protecci\u00f3n integral a los 19 miembros operativos que combaten los incendios en la zona de la Silleta y Campo Quijano.<\/p>\n\n\n\n<p>El presidente de la instituci\u00f3n,&nbsp;<strong>Lorenzo Ra\u00fal Dar\u00edo Vilte<\/strong>, recibi\u00f3 el documento de manos del secretario de Gobierno,&nbsp;<strong>Rodrigo Monzo<\/strong>&nbsp;y el subsecretario de Asociaciones y Fundaciones,&nbsp;<strong>Rodrigo Mart\u00ednez Urquiza<\/strong>. Acompa\u00f1aron a la Asociaci\u00f3n, el diputado&nbsp;<strong>Lino Yonar<\/strong>, el senador,&nbsp;<strong>Sergio Ramos<\/strong>, el secretario de Gobierno de Campo Quijano,&nbsp;<strong>Adri\u00e1n Guaymas&nbsp;<\/strong>y la delegada municipal,&nbsp;<strong>Lina Aguilar<\/strong>.<\/p>\n\n\n\n<p>Durante el acto que tuvo lugar en las instalaciones del Ministerio de Gobierno, Derechos Humanos y Trabajo se destac\u00f3 el trabajo que viene realizando la Asociaci\u00f3n, ubicada en calle San Mart\u00edn 388 de La Silleta, respecto de la prevenci\u00f3n y el abordaje de incendios forestales y en viviendas.<\/p>\n\n\n\n<p>\u201cNosotros hacemos cuatro entregas de personer\u00edas masivas en el a\u00f1o para que nos podamos conocer y entablar v\u00ednculos de proximidad entre las instituciones que trabajan por el bien com\u00fan y el Estado. Hoy es una situaci\u00f3n especial porque esta Asociaci\u00f3n tiene la necesidad de obtener los seguros para los bomberos voluntarios ya que comienza la temporada de incendios. Dada la seriedad y el compromiso de todos ustedes, el Estado no pod\u00eda estar ausente y no pod\u00edamos esperar a fines de septiembre porque para atender las emergencias ya es tarde\u201d, indic\u00f3 Monzo a la vez que explic\u00f3 que con los beneficios de la Personer\u00eda Jur\u00eddica tambi\u00e9n vienen responsabilidades para lo cual el v\u00ednculo con el organismo provincial deber\u00e1 ser constante.<\/p>\n\n\n\n<p>En esa l\u00ednea, Vilte agradeci\u00f3 el permanente acompa\u00f1amiento del organismo del Ministerio de Gobierno, de las autoridades legislativas, municipales y provinciales. \u201cVamos a continuar trabajando para velar por la seguridad de todo el pueblo de la Silleta\u201d, finaliz\u00f3 el presidente de la Asociaci\u00f3n que surgi\u00f3 a finales de julio del a\u00f1o pasado.<\/p>\n\n\n\n<p>Por su parte, el diputado Yonar celebr\u00f3 la celeridad con la que se gestion\u00f3 el instrumento legal y el \u201cempuje\u201d especial de la gente de La Silleta.\u201d El Estado tiene que estar presente para acompa\u00f1ar estas buenas acciones, este es el puntapi\u00e9 inicial\u201d, expres\u00f3.<\/p>\n\n\n\n<p>En el acto de entrega tambi\u00e9n participaron familiares, vecinos y miembros voluntarios de la Asociaci\u00f3n.<\/p>\n\n\n\n<figure class=\"wp-block-embed aligncenter is-type-video is-provider-youtube wp-block-embed-youtube wp-embed-aspect-16-9 wp-has-aspect-ratio\"><div class=\"wp-block-embed__wrapper\">\n<iframe loading=\"lazy\" title=\"Bomberos Voluntarios \u201cCombate de la Silleta\u201d cuenta con su Personer\u00eda Jur\u00eddica\" width=\"640\" height=\"360\" src=\"https:\/\/www.youtube.com\/embed\/UIsNNPg-ROE?feature=oembed\" frameborder=\"0\" allow=\"accelerometer; autoplay; clipboard-write; encrypted-media; gyroscope; picture-in-picture; web-share\" referrerpolicy=\"strict-origin-when-cross-origin\" allowfullscreen><\/iframe>\n<\/div><figcaption class=\"wp-element-caption\">Fuente:\u00a0<strong>Secretar\u00eda de Prensa y Comunicaci\u00f3n<\/strong><\/figcaption><\/figure>\n","protected":false},"excerpt":{"rendered":"<p>El instrumento legal de la Asociaci\u00f3n fue entregado de manera especial ya que inicia la temporada de incendios en la zona y los miembros operativos necesitan gestionar los seguros para responder ante las emergencias. La Asociaci\u00f3n de Bomberos Voluntarios \u201cCombate de La Silleta\u201d, recibi\u00f3 hoy su personer\u00eda jur\u00eddica; instrumento legal que desde ahora le permitir\u00e1 [&hellip;]<\/p>\n","protected":false},"author":8,"featured_media":0,"comment_status":"open","ping_status":"open","sticky":false,"template":"","format":"standard","meta":{"_monsterinsights_skip_tracking":false,"_monsterinsights_sitenote_active":false,"_monsterinsights_sitenote_note":"","_monsterinsights_sitenote_category":0,"footnotes":""},"categories":[16],"tags":[1219,77,100],"class_list":["post-5793","post","type-post","status-publish","format-standard","hentry","category-noticias","tag-bomberos-voluntarios-combate-de-la-silleta","tag-la-silleta","tag-municipio-de-campo-quijano"],"yoast_head":"<!-- This site is optimized with the Yoast SEO plugin v20.8 - https:\/\/yoast.com\/wordpress\/plugins\/seo\/ -->\n<title>Bomberos Voluntarios \u201cCombate de La Silleta\u201d cuenta con su Personer\u00eda Jur\u00eddica - RQ 99.9<\/title>\n<meta name=\"description\" content=\"la Asociaci\u00f3n est\u00e1 ubicada en calle San Mart\u00edn 388 de La Silleta.\" \/>\n<meta name=\"robots\" content=\"index, follow, max-snippet:-1, max-image-preview:large, max-video-preview:-1\" \/>\n<link rel=\"canonical\" href=\"https:\/\/nahuelproducciones.com.ar\/radioquijano\/bomberos-voluntarios-combate-de-la-silleta-cuenta-con-su-personeria-juridica\/\" \/>\n<meta property=\"og:locale\" content=\"es_ES\" \/>\n<meta property=\"og:type\" content=\"article\" \/>\n<meta property=\"og:title\" content=\"Bomberos Voluntarios \u201cCombate de La Silleta\u201d cuenta con su Personer\u00eda Jur\u00eddica - RQ 99.9\" \/>\n<meta property=\"og:description\" content=\"la Asociaci\u00f3n est\u00e1 ubicada en calle San Mart\u00edn 388 de La Silleta.\" \/>\n<meta property=\"og:url\" content=\"https:\/\/nahuelproducciones.com.ar\/radioquijano\/bomberos-voluntarios-combate-de-la-silleta-cuenta-con-su-personeria-juridica\/\" \/>\n<meta property=\"og:site_name\" content=\"RQ 99.9\" \/>\n<meta property=\"article:publisher\" content=\"https:\/\/www.facebook.com\/nahuelproducciones999\/\" \/>\n<meta property=\"article:published_time\" content=\"2023-08-30T04:48:21+00:00\" \/>\n<meta name=\"author\" content=\"Cecilia Pastrana\" \/>\n<meta name=\"twitter:card\" content=\"summary_large_image\" \/>\n<meta name=\"twitter:creator\" content=\"@nahuproduciones\" \/>\n<meta name=\"twitter:site\" content=\"@nahuproduciones\" \/>\n<meta name=\"twitter:label1\" content=\"Escrito por\" \/>\n\t<meta name=\"twitter:data1\" content=\"Cecilia Pastrana\" \/>\n\t<meta name=\"twitter:label2\" content=\"Tiempo de lectura\" \/>\n\t<meta name=\"twitter:data2\" content=\"2 minutos\" \/>\n<script type=\"application\/ld+json\" class=\"yoast-schema-graph\">{\"@context\":\"https:\/\/schema.org\",\"@graph\":[{\"@type\":\"WebPage\",\"@id\":\"https:\/\/nahuelproducciones.com.ar\/radioquijano\/bomberos-voluntarios-combate-de-la-silleta-cuenta-con-su-personeria-juridica\/\",\"url\":\"https:\/\/nahuelproducciones.com.ar\/radioquijano\/bomberos-voluntarios-combate-de-la-silleta-cuenta-con-su-personeria-juridica\/\",\"name\":\"Bomberos Voluntarios \u201cCombate de La Silleta\u201d cuenta con su Personer\u00eda Jur\u00eddica - RQ 99.9\",\"isPartOf\":{\"@id\":\"https:\/\/nahuelproducciones.com.ar\/radioquijano\/#website\"},\"datePublished\":\"2023-08-30T04:48:21+00:00\",\"dateModified\":\"2023-08-30T04:48:21+00:00\",\"author\":{\"@id\":\"https:\/\/nahuelproducciones.com.ar\/radioquijano\/#\/schema\/person\/e8a4f939e2cb487fe6d0c54042c9d32c\"},\"description\":\"la Asociaci\u00f3n est\u00e1 ubicada en calle San Mart\u00edn 388 de La Silleta.\",\"breadcrumb\":{\"@id\":\"https:\/\/nahuelproducciones.com.ar\/radioquijano\/bomberos-voluntarios-combate-de-la-silleta-cuenta-con-su-personeria-juridica\/#breadcrumb\"},\"inLanguage\":\"es\",\"potentialAction\":[{\"@type\":\"ReadAction\",\"target\":[\"https:\/\/nahuelproducciones.com.ar\/radioquijano\/bomberos-voluntarios-combate-de-la-silleta-cuenta-con-su-personeria-juridica\/\"]}]},{\"@type\":\"BreadcrumbList\",\"@id\":\"https:\/\/nahuelproducciones.com.ar\/radioquijano\/bomberos-voluntarios-combate-de-la-silleta-cuenta-con-su-personeria-juridica\/#breadcrumb\",\"itemListElement\":[{\"@type\":\"ListItem\",\"position\":1,\"name\":\"Portada\",\"item\":\"https:\/\/nahuelproducciones.com.ar\/radioquijano\/\"},{\"@type\":\"ListItem\",\"position\":2,\"name\":\"Bomberos Voluntarios \u201cCombate de La Silleta\u201d cuenta con su Personer\u00eda Jur\u00eddica\"}]},{\"@type\":\"WebSite\",\"@id\":\"https:\/\/nahuelproducciones.com.ar\/radioquijano\/#website\",\"url\":\"https:\/\/nahuelproducciones.com.ar\/radioquijano\/\",\"name\":\"RQ 99.9\",\"description\":\"Radio Quijano 99.9 MHz\",\"potentialAction\":[{\"@type\":\"SearchAction\",\"target\":{\"@type\":\"EntryPoint\",\"urlTemplate\":\"https:\/\/nahuelproducciones.com.ar\/radioquijano\/?s={search_term_string}\"},\"query-input\":\"required name=search_term_string\"}],\"inLanguage\":\"es\"},{\"@type\":\"Person\",\"@id\":\"https:\/\/nahuelproducciones.com.ar\/radioquijano\/#\/schema\/person\/e8a4f939e2cb487fe6d0c54042c9d32c\",\"name\":\"Cecilia Pastrana\",\"image\":{\"@type\":\"ImageObject\",\"inLanguage\":\"es\",\"@id\":\"https:\/\/nahuelproducciones.com.ar\/radioquijano\/#\/schema\/person\/image\/\",\"url\":\"https:\/\/secure.gravatar.com\/avatar\/661a3ef63a8488d4f2794ed44af8cf71420f7e106f3072c40125114df5157749?s=96&d=mm&r=g\",\"contentUrl\":\"https:\/\/secure.gravatar.com\/avatar\/661a3ef63a8488d4f2794ed44af8cf71420f7e106f3072c40125114df5157749?s=96&d=mm&r=g\",\"caption\":\"Cecilia Pastrana\"},\"sameAs\":[\"cecy\"],\"url\":\"https:\/\/nahuelproducciones.com.ar\/radioquijano\/author\/cecy\/\"}]}<\/script>\n<!-- \/ Yoast SEO plugin. -->","yoast_head_json":{"title":"Bomberos Voluntarios \u201cCombate de La Silleta\u201d cuenta con su Personer\u00eda Jur\u00eddica - RQ 99.9","description":"la Asociaci\u00f3n est\u00e1 ubicada en calle San Mart\u00edn 388 de La Silleta.","robots":{"index":"index","follow":"follow","max-snippet":"max-snippet:-1","max-image-preview":"max-image-preview:large","max-video-preview":"max-video-preview:-1"},"canonical":"https:\/\/nahuelproducciones.com.ar\/radioquijano\/bomberos-voluntarios-combate-de-la-silleta-cuenta-con-su-personeria-juridica\/","og_locale":"es_ES","og_type":"article","og_title":"Bomberos Voluntarios \u201cCombate de La Silleta\u201d cuenta con su Personer\u00eda Jur\u00eddica - RQ 99.9","og_description":"la Asociaci\u00f3n est\u00e1 ubicada en calle San Mart\u00edn 388 de La Silleta.","og_url":"https:\/\/nahuelproducciones.com.ar\/radioquijano\/bomberos-voluntarios-combate-de-la-silleta-cuenta-con-su-personeria-juridica\/","og_site_name":"RQ 99.9","article_publisher":"https:\/\/www.facebook.com\/nahuelproducciones999\/","article_published_time":"2023-08-30T04:48:21+00:00","author":"Cecilia Pastrana","twitter_card":"summary_large_image","twitter_creator":"@nahuproduciones","twitter_site":"@nahuproduciones","twitter_misc":{"Escrito por":"Cecilia Pastrana","Tiempo de lectura":"2 minutos"},"schema":{"@context":"https:\/\/schema.org","@graph":[{"@type":"WebPage","@id":"https:\/\/nahuelproducciones.com.ar\/radioquijano\/bomberos-voluntarios-combate-de-la-silleta-cuenta-con-su-personeria-juridica\/","url":"https:\/\/nahuelproducciones.com.ar\/radioquijano\/bomberos-voluntarios-combate-de-la-silleta-cuenta-con-su-personeria-juridica\/","name":"Bomberos Voluntarios \u201cCombate de La Silleta\u201d cuenta con su Personer\u00eda Jur\u00eddica - RQ 99.9","isPartOf":{"@id":"https:\/\/nahuelproducciones.com.ar\/radioquijano\/#website"},"datePublished":"2023-08-30T04:48:21+00:00","dateModified":"2023-08-30T04:48:21+00:00","author":{"@id":"https:\/\/nahuelproducciones.com.ar\/radioquijano\/#\/schema\/person\/e8a4f939e2cb487fe6d0c54042c9d32c"},"description":"la Asociaci\u00f3n est\u00e1 ubicada en calle San Mart\u00edn 388 de La Silleta.","breadcrumb":{"@id":"https:\/\/nahuelproducciones.com.ar\/radioquijano\/bomberos-voluntarios-combate-de-la-silleta-cuenta-con-su-personeria-juridica\/#breadcrumb"},"inLanguage":"es","potentialAction":[{"@type":"ReadAction","target":["https:\/\/nahuelproducciones.com.ar\/radioquijano\/bomberos-voluntarios-combate-de-la-silleta-cuenta-con-su-personeria-juridica\/"]}]},{"@type":"BreadcrumbList","@id":"https:\/\/nahuelproducciones.com.ar\/radioquijano\/bomberos-voluntarios-combate-de-la-silleta-cuenta-con-su-personeria-juridica\/#breadcrumb","itemListElement":[{"@type":"ListItem","position":1,"name":"Portada","item":"https:\/\/nahuelproducciones.com.ar\/radioquijano\/"},{"@type":"ListItem","position":2,"name":"Bomberos Voluntarios \u201cCombate de La Silleta\u201d cuenta con su Personer\u00eda Jur\u00eddica"}]},{"@type":"WebSite","@id":"https:\/\/nahuelproducciones.com.ar\/radioquijano\/#website","url":"https:\/\/nahuelproducciones.com.ar\/radioquijano\/","name":"RQ 99.9","description":"Radio Quijano 99.9 MHz","potentialAction":[{"@type":"SearchAction","target":{"@type":"EntryPoint","urlTemplate":"https:\/\/nahuelproducciones.com.ar\/radioquijano\/?s={search_term_string}"},"query-input":"required name=search_term_string"}],"inLanguage":"es"},{"@type":"Person","@id":"https:\/\/nahuelproducciones.com.ar\/radioquijano\/#\/schema\/person\/e8a4f939e2cb487fe6d0c54042c9d32c","name":"Cecilia Pastrana","image":{"@type":"ImageObject","inLanguage":"es","@id":"https:\/\/nahuelproducciones.com.ar\/radioquijano\/#\/schema\/person\/image\/","url":"https:\/\/secure.gravatar.com\/avatar\/661a3ef63a8488d4f2794ed44af8cf71420f7e106f3072c40125114df5157749?s=96&d=mm&r=g","contentUrl":"https:\/\/secure.gravatar.com\/avatar\/661a3ef63a8488d4f2794ed44af8cf71420f7e106f3072c40125114df5157749?s=96&d=mm&r=g","caption":"Cecilia Pastrana"},"sameAs":["cecy"],"url":"https:\/\/nahuelproducciones.com.ar\/radioquijano\/author\/cecy\/"}]}},"_links":{"self":[{"href":"https:\/\/nahuelproducciones.com.ar\/radioquijano\/wp-json\/wp\/v2\/posts\/5793","targetHints":{"allow":["GET"]}}],"collection":[{"href":"https:\/\/nahuelproducciones.com.ar\/radioquijano\/wp-json\/wp\/v2\/posts"}],"about":[{"href":"https:\/\/nahuelproducciones.com.ar\/radioquijano\/wp-json\/wp\/v2\/types\/post"}],"author":[{"embeddable":true,"href":"https:\/\/nahuelproducciones.com.ar\/radioquijano\/wp-json\/wp\/v2\/users\/8"}],"replies":[{"embeddable":true,"href":"https:\/\/nahuelproducciones.com.ar\/radioquijano\/wp-json\/wp\/v2\/comments?post=5793"}],"version-history":[{"count":1,"href":"https:\/\/nahuelproducciones.com.ar\/radioquijano\/wp-json\/wp\/v2\/posts\/5793\/revisions"}],"predecessor-version":[{"id":5794,"href":"https:\/\/nahuelproducciones.com.ar\/radioquijano\/wp-json\/wp\/v2\/posts\/5793\/revisions\/5794"}],"wp:attachment":[{"href":"https:\/\/nahuelproducciones.com.ar\/radioquijano\/wp-json\/wp\/v2\/media?parent=5793"}],"wp:term":[{"taxonomy":"category","embeddable":true,"href":"https:\/\/nahuelproducciones.com.ar\/radioquijano\/wp-json\/wp\/v2\/categories?post=5793"},{"taxonomy":"post_tag","embeddable":true,"href":"https:\/\/nahuelproducciones.com.ar\/radioquijano\/wp-json\/wp\/v2\/tags?post=5793"}],"curies":[{"name":"wp","href":"https:\/\/api.w.org\/{rel}","templated":true}]}}