{"id":5795,"date":"2023-08-30T01:55:10","date_gmt":"2023-08-30T04:55:10","guid":{"rendered":"https:\/\/nahuelproducciones.com.ar\/radioquijano\/?p=5795"},"modified":"2023-08-30T01:55:10","modified_gmt":"2023-08-30T04:55:10","slug":"campo-quijano-imputado-por-danos-y-lesiones-contra-su-pareja-e-incumplir-orden-judicial","status":"publish","type":"post","link":"https:\/\/nahuelproducciones.com.ar\/radioquijano\/campo-quijano-imputado-por-danos-y-lesiones-contra-su-pareja-e-incumplir-orden-judicial\/","title":{"rendered":"Campo Quijano: Imputado por da\u00f1os y lesiones contra su pareja e incumplir orden judicial."},"content":{"rendered":"\n<p><em><strong>El hombre agredi\u00f3 verbal y f\u00edsicamente a su pareja. Posteriormente se present\u00f3 en el domicilio, incumpliendo la restricci\u00f3n impuesta.&nbsp;<\/strong><\/em><\/p>\n\n\n\n<p>El&nbsp;<strong>fiscal penal de Rosario de Lerma, Daniel Escalante<\/strong>, imput\u00f3 de manera provisional por la presunta comisi\u00f3n del delito de da\u00f1os, lesiones doblemente agravadas por la relaci\u00f3n de pareja preexistente y por el g\u00e9nero y desobediencia judicial, en concurso real, a un hombre de 47 a\u00f1os.<\/p>\n\n\n\n<p>La denunciante, pareja del acusado, con quien tiene dos hijos, dijo que la noche del pasado 1 de agosto el hombre lleg\u00f3 al domicilio en estado de ebriedad y habr\u00eda comenzado a agredirla verbalmente. Luego, habr\u00eda tomado el tel\u00e9fono celular de la damnificada, arroj\u00e1ndolo al suelo y da\u00f1\u00e1ndolo, para posteriormente, agredirla con golpes de pu\u00f1o en el rostro, mientras la tomaba del cuello.<\/p>\n\n\n\n<p>Tras la denuncia, el Juzgado de Violencia Familiar y de G\u00e9nero 3 dispuso la exclusi\u00f3n de hogar del acusado y prohibici\u00f3n de acercamiento, adem\u00e1s de otras mediadas cautelares.<\/p>\n\n\n\n<p>No obstante ello, la noche del 20 de agosto pasado, el acusado se hizo presente en la vivienda, a la que habr\u00eda ingresado. Ante tal situaci\u00f3n, la damnificada llam\u00f3 a personal policial, que se hizo presente de inmediato y procedi\u00f3 a la demora del hombre.<\/p>\n\n\n\n<p>Seg\u00fan consta en el certificado m\u00e9dico, la denunciante presentaba \u201cen regi\u00f3n del rostro: hematoma zona p\u00f3mulo tama\u00f1o aproximado 4\u00d73 y 3\u00d72; equimosis zona cuello de 2\u00d72, aproximadamente. En brazo derecho, hematoma 2\u00d72, aproximadamente\u201d.<\/p>\n\n\n\n<p>Durante la audiencia de imputaci\u00f3n, el acusado se abstuvo de declarar. Por su parte, el\u00a0<strong>fiscal Escalante<\/strong>\u00a0solicit\u00f3 ante el Juzgado de Garant\u00edas en turno, mantenimiento de detenci\u00f3n.<\/p>\n\n\n<div class=\"wp-block-image\">\n<figure class=\"aligncenter size-full\"><img loading=\"lazy\" decoding=\"async\" width=\"400\" height=\"200\" src=\"https:\/\/nahuelproducciones.com.ar\/radioquijano\/wp-content\/uploads\/2023\/08\/image.png\" alt=\"\" class=\"wp-image-5796\" srcset=\"https:\/\/nahuelproducciones.com.ar\/radioquijano\/wp-content\/uploads\/2023\/08\/image.png 400w, https:\/\/nahuelproducciones.com.ar\/radioquijano\/wp-content\/uploads\/2023\/08\/image-300x150.png 300w, https:\/\/nahuelproducciones.com.ar\/radioquijano\/wp-content\/uploads\/2023\/08\/image-150x75.png 150w\" sizes=\"auto, (max-width: 400px) 100vw, 400px\" \/><\/figure><\/div>\n\n\n<p>Fuente: MINISTERIO PUBLICO FISCAL DE SALTA<\/p>\n","protected":false},"excerpt":{"rendered":"<p>El hombre agredi\u00f3 verbal y f\u00edsicamente a su pareja. Posteriormente se present\u00f3 en el domicilio, incumpliendo la restricci\u00f3n impuesta.&nbsp; El&nbsp;fiscal penal de Rosario de Lerma, Daniel Escalante, imput\u00f3 de manera provisional por la presunta comisi\u00f3n del delito de da\u00f1os, lesiones doblemente agravadas por la relaci\u00f3n de pareja preexistente y por el g\u00e9nero y desobediencia judicial, [&hellip;]<\/p>\n","protected":false},"author":8,"featured_media":5797,"comment_status":"open","ping_status":"open","sticky":false,"template":"","format":"standard","meta":{"_monsterinsights_skip_tracking":false,"_monsterinsights_sitenote_active":false,"_monsterinsights_sitenote_note":"","_monsterinsights_sitenote_category":0,"footnotes":""},"categories":[16],"tags":[1012,100,904],"class_list":["post-5795","post","type-post","status-publish","format-standard","has-post-thumbnail","hentry","category-noticias","tag-imputado","tag-municipio-de-campo-quijano","tag-violencia"],"yoast_head":"<!-- This site is optimized with the Yoast SEO plugin v20.8 - https:\/\/yoast.com\/wordpress\/plugins\/seo\/ -->\n<title>Campo Quijano: Imputado por da\u00f1os y lesiones contra su pareja e incumplir orden judicial. - RQ 99.9<\/title>\n<meta name=\"description\" content=\"Durante la audiencia de imputaci\u00f3n, el acusado se abstuvo de declarar.\" \/>\n<meta name=\"robots\" content=\"index, follow, max-snippet:-1, max-image-preview:large, max-video-preview:-1\" \/>\n<link rel=\"canonical\" href=\"https:\/\/nahuelproducciones.com.ar\/radioquijano\/campo-quijano-imputado-por-danos-y-lesiones-contra-su-pareja-e-incumplir-orden-judicial\/\" \/>\n<meta property=\"og:locale\" content=\"es_ES\" \/>\n<meta property=\"og:type\" content=\"article\" \/>\n<meta property=\"og:title\" content=\"Campo Quijano: Imputado por da\u00f1os y lesiones contra su pareja e incumplir orden judicial. - RQ 99.9\" \/>\n<meta property=\"og:description\" content=\"Durante la audiencia de imputaci\u00f3n, el acusado se abstuvo de declarar.\" \/>\n<meta property=\"og:url\" content=\"https:\/\/nahuelproducciones.com.ar\/radioquijano\/campo-quijano-imputado-por-danos-y-lesiones-contra-su-pareja-e-incumplir-orden-judicial\/\" \/>\n<meta property=\"og:site_name\" content=\"RQ 99.9\" \/>\n<meta property=\"article:publisher\" content=\"https:\/\/www.facebook.com\/nahuelproducciones999\/\" \/>\n<meta property=\"article:published_time\" content=\"2023-08-30T04:55:10+00:00\" \/>\n<meta property=\"og:image\" content=\"https:\/\/nahuelproducciones.com.ar\/radioquijano\/wp-content\/uploads\/2023\/08\/images-e1693371290852.jpeg\" \/>\n\t<meta property=\"og:image:width\" content=\"299\" \/>\n\t<meta property=\"og:image:height\" content=\"168\" \/>\n\t<meta property=\"og:image:type\" content=\"image\/jpeg\" \/>\n<meta name=\"author\" content=\"Cecilia Pastrana\" \/>\n<meta name=\"twitter:card\" content=\"summary_large_image\" \/>\n<meta name=\"twitter:creator\" content=\"@nahuproduciones\" \/>\n<meta name=\"twitter:site\" content=\"@nahuproduciones\" \/>\n<meta name=\"twitter:label1\" content=\"Escrito por\" \/>\n\t<meta name=\"twitter:data1\" content=\"Cecilia Pastrana\" \/>\n\t<meta name=\"twitter:label2\" content=\"Tiempo de lectura\" \/>\n\t<meta name=\"twitter:data2\" content=\"2 minutos\" \/>\n<script type=\"application\/ld+json\" class=\"yoast-schema-graph\">{\"@context\":\"https:\/\/schema.org\",\"@graph\":[{\"@type\":\"WebPage\",\"@id\":\"https:\/\/nahuelproducciones.com.ar\/radioquijano\/campo-quijano-imputado-por-danos-y-lesiones-contra-su-pareja-e-incumplir-orden-judicial\/\",\"url\":\"https:\/\/nahuelproducciones.com.ar\/radioquijano\/campo-quijano-imputado-por-danos-y-lesiones-contra-su-pareja-e-incumplir-orden-judicial\/\",\"name\":\"Campo Quijano: Imputado por da\u00f1os y lesiones contra su pareja e incumplir orden judicial. - RQ 99.9\",\"isPartOf\":{\"@id\":\"https:\/\/nahuelproducciones.com.ar\/radioquijano\/#website\"},\"datePublished\":\"2023-08-30T04:55:10+00:00\",\"dateModified\":\"2023-08-30T04:55:10+00:00\",\"author\":{\"@id\":\"https:\/\/nahuelproducciones.com.ar\/radioquijano\/#\/schema\/person\/e8a4f939e2cb487fe6d0c54042c9d32c\"},\"description\":\"Durante la audiencia de imputaci\u00f3n, el acusado se abstuvo de declarar.\",\"breadcrumb\":{\"@id\":\"https:\/\/nahuelproducciones.com.ar\/radioquijano\/campo-quijano-imputado-por-danos-y-lesiones-contra-su-pareja-e-incumplir-orden-judicial\/#breadcrumb\"},\"inLanguage\":\"es\",\"potentialAction\":[{\"@type\":\"ReadAction\",\"target\":[\"https:\/\/nahuelproducciones.com.ar\/radioquijano\/campo-quijano-imputado-por-danos-y-lesiones-contra-su-pareja-e-incumplir-orden-judicial\/\"]}]},{\"@type\":\"BreadcrumbList\",\"@id\":\"https:\/\/nahuelproducciones.com.ar\/radioquijano\/campo-quijano-imputado-por-danos-y-lesiones-contra-su-pareja-e-incumplir-orden-judicial\/#breadcrumb\",\"itemListElement\":[{\"@type\":\"ListItem\",\"position\":1,\"name\":\"Portada\",\"item\":\"https:\/\/nahuelproducciones.com.ar\/radioquijano\/\"},{\"@type\":\"ListItem\",\"position\":2,\"name\":\"Campo Quijano: Imputado por da\u00f1os y lesiones contra su pareja e incumplir orden judicial.\"}]},{\"@type\":\"WebSite\",\"@id\":\"https:\/\/nahuelproducciones.com.ar\/radioquijano\/#website\",\"url\":\"https:\/\/nahuelproducciones.com.ar\/radioquijano\/\",\"name\":\"RQ 99.9\",\"description\":\"Radio Quijano 99.9 MHz\",\"potentialAction\":[{\"@type\":\"SearchAction\",\"target\":{\"@type\":\"EntryPoint\",\"urlTemplate\":\"https:\/\/nahuelproducciones.com.ar\/radioquijano\/?s={search_term_string}\"},\"query-input\":\"required name=search_term_string\"}],\"inLanguage\":\"es\"},{\"@type\":\"Person\",\"@id\":\"https:\/\/nahuelproducciones.com.ar\/radioquijano\/#\/schema\/person\/e8a4f939e2cb487fe6d0c54042c9d32c\",\"name\":\"Cecilia Pastrana\",\"image\":{\"@type\":\"ImageObject\",\"inLanguage\":\"es\",\"@id\":\"https:\/\/nahuelproducciones.com.ar\/radioquijano\/#\/schema\/person\/image\/\",\"url\":\"https:\/\/secure.gravatar.com\/avatar\/661a3ef63a8488d4f2794ed44af8cf71420f7e106f3072c40125114df5157749?s=96&d=mm&r=g\",\"contentUrl\":\"https:\/\/secure.gravatar.com\/avatar\/661a3ef63a8488d4f2794ed44af8cf71420f7e106f3072c40125114df5157749?s=96&d=mm&r=g\",\"caption\":\"Cecilia Pastrana\"},\"sameAs\":[\"cecy\"],\"url\":\"https:\/\/nahuelproducciones.com.ar\/radioquijano\/author\/cecy\/\"}]}<\/script>\n<!-- \/ Yoast SEO plugin. -->","yoast_head_json":{"title":"Campo Quijano: Imputado por da\u00f1os y lesiones contra su pareja e incumplir orden judicial. - RQ 99.9","description":"Durante la audiencia de imputaci\u00f3n, el acusado se abstuvo de declarar.","robots":{"index":"index","follow":"follow","max-snippet":"max-snippet:-1","max-image-preview":"max-image-preview:large","max-video-preview":"max-video-preview:-1"},"canonical":"https:\/\/nahuelproducciones.com.ar\/radioquijano\/campo-quijano-imputado-por-danos-y-lesiones-contra-su-pareja-e-incumplir-orden-judicial\/","og_locale":"es_ES","og_type":"article","og_title":"Campo Quijano: Imputado por da\u00f1os y lesiones contra su pareja e incumplir orden judicial. - RQ 99.9","og_description":"Durante la audiencia de imputaci\u00f3n, el acusado se abstuvo de declarar.","og_url":"https:\/\/nahuelproducciones.com.ar\/radioquijano\/campo-quijano-imputado-por-danos-y-lesiones-contra-su-pareja-e-incumplir-orden-judicial\/","og_site_name":"RQ 99.9","article_publisher":"https:\/\/www.facebook.com\/nahuelproducciones999\/","article_published_time":"2023-08-30T04:55:10+00:00","og_image":[{"width":299,"height":168,"url":"https:\/\/nahuelproducciones.com.ar\/radioquijano\/wp-content\/uploads\/2023\/08\/images-e1693371290852.jpeg","type":"image\/jpeg"}],"author":"Cecilia Pastrana","twitter_card":"summary_large_image","twitter_creator":"@nahuproduciones","twitter_site":"@nahuproduciones","twitter_misc":{"Escrito por":"Cecilia Pastrana","Tiempo de lectura":"2 minutos"},"schema":{"@context":"https:\/\/schema.org","@graph":[{"@type":"WebPage","@id":"https:\/\/nahuelproducciones.com.ar\/radioquijano\/campo-quijano-imputado-por-danos-y-lesiones-contra-su-pareja-e-incumplir-orden-judicial\/","url":"https:\/\/nahuelproducciones.com.ar\/radioquijano\/campo-quijano-imputado-por-danos-y-lesiones-contra-su-pareja-e-incumplir-orden-judicial\/","name":"Campo Quijano: Imputado por da\u00f1os y lesiones contra su pareja e incumplir orden judicial. - RQ 99.9","isPartOf":{"@id":"https:\/\/nahuelproducciones.com.ar\/radioquijano\/#website"},"datePublished":"2023-08-30T04:55:10+00:00","dateModified":"2023-08-30T04:55:10+00:00","author":{"@id":"https:\/\/nahuelproducciones.com.ar\/radioquijano\/#\/schema\/person\/e8a4f939e2cb487fe6d0c54042c9d32c"},"description":"Durante la audiencia de imputaci\u00f3n, el acusado se abstuvo de declarar.","breadcrumb":{"@id":"https:\/\/nahuelproducciones.com.ar\/radioquijano\/campo-quijano-imputado-por-danos-y-lesiones-contra-su-pareja-e-incumplir-orden-judicial\/#breadcrumb"},"inLanguage":"es","potentialAction":[{"@type":"ReadAction","target":["https:\/\/nahuelproducciones.com.ar\/radioquijano\/campo-quijano-imputado-por-danos-y-lesiones-contra-su-pareja-e-incumplir-orden-judicial\/"]}]},{"@type":"BreadcrumbList","@id":"https:\/\/nahuelproducciones.com.ar\/radioquijano\/campo-quijano-imputado-por-danos-y-lesiones-contra-su-pareja-e-incumplir-orden-judicial\/#breadcrumb","itemListElement":[{"@type":"ListItem","position":1,"name":"Portada","item":"https:\/\/nahuelproducciones.com.ar\/radioquijano\/"},{"@type":"ListItem","position":2,"name":"Campo Quijano: Imputado por da\u00f1os y lesiones contra su pareja e incumplir orden judicial."}]},{"@type":"WebSite","@id":"https:\/\/nahuelproducciones.com.ar\/radioquijano\/#website","url":"https:\/\/nahuelproducciones.com.ar\/radioquijano\/","name":"RQ 99.9","description":"Radio Quijano 99.9 MHz","potentialAction":[{"@type":"SearchAction","target":{"@type":"EntryPoint","urlTemplate":"https:\/\/nahuelproducciones.com.ar\/radioquijano\/?s={search_term_string}"},"query-input":"required name=search_term_string"}],"inLanguage":"es"},{"@type":"Person","@id":"https:\/\/nahuelproducciones.com.ar\/radioquijano\/#\/schema\/person\/e8a4f939e2cb487fe6d0c54042c9d32c","name":"Cecilia Pastrana","image":{"@type":"ImageObject","inLanguage":"es","@id":"https:\/\/nahuelproducciones.com.ar\/radioquijano\/#\/schema\/person\/image\/","url":"https:\/\/secure.gravatar.com\/avatar\/661a3ef63a8488d4f2794ed44af8cf71420f7e106f3072c40125114df5157749?s=96&d=mm&r=g","contentUrl":"https:\/\/secure.gravatar.com\/avatar\/661a3ef63a8488d4f2794ed44af8cf71420f7e106f3072c40125114df5157749?s=96&d=mm&r=g","caption":"Cecilia Pastrana"},"sameAs":["cecy"],"url":"https:\/\/nahuelproducciones.com.ar\/radioquijano\/author\/cecy\/"}]}},"_links":{"self":[{"href":"https:\/\/nahuelproducciones.com.ar\/radioquijano\/wp-json\/wp\/v2\/posts\/5795","targetHints":{"allow":["GET"]}}],"collection":[{"href":"https:\/\/nahuelproducciones.com.ar\/radioquijano\/wp-json\/wp\/v2\/posts"}],"about":[{"href":"https:\/\/nahuelproducciones.com.ar\/radioquijano\/wp-json\/wp\/v2\/types\/post"}],"author":[{"embeddable":true,"href":"https:\/\/nahuelproducciones.com.ar\/radioquijano\/wp-json\/wp\/v2\/users\/8"}],"replies":[{"embeddable":true,"href":"https:\/\/nahuelproducciones.com.ar\/radioquijano\/wp-json\/wp\/v2\/comments?post=5795"}],"version-history":[{"count":1,"href":"https:\/\/nahuelproducciones.com.ar\/radioquijano\/wp-json\/wp\/v2\/posts\/5795\/revisions"}],"predecessor-version":[{"id":5798,"href":"https:\/\/nahuelproducciones.com.ar\/radioquijano\/wp-json\/wp\/v2\/posts\/5795\/revisions\/5798"}],"wp:featuredmedia":[{"embeddable":true,"href":"https:\/\/nahuelproducciones.com.ar\/radioquijano\/wp-json\/wp\/v2\/media\/5797"}],"wp:attachment":[{"href":"https:\/\/nahuelproducciones.com.ar\/radioquijano\/wp-json\/wp\/v2\/media?parent=5795"}],"wp:term":[{"taxonomy":"category","embeddable":true,"href":"https:\/\/nahuelproducciones.com.ar\/radioquijano\/wp-json\/wp\/v2\/categories?post=5795"},{"taxonomy":"post_tag","embeddable":true,"href":"https:\/\/nahuelproducciones.com.ar\/radioquijano\/wp-json\/wp\/v2\/tags?post=5795"}],"curies":[{"name":"wp","href":"https:\/\/api.w.org\/{rel}","templated":true}]}}