{"id":5799,"date":"2023-08-30T15:23:26","date_gmt":"2023-08-30T18:23:26","guid":{"rendered":"https:\/\/nahuelproducciones.com.ar\/radioquijano\/?p=5799"},"modified":"2023-08-30T18:50:15","modified_gmt":"2023-08-30T21:50:15","slug":"festejo-del-dia-del-nino-en-el-barrio-canal-de-campo-quijano","status":"publish","type":"post","link":"https:\/\/nahuelproducciones.com.ar\/radioquijano\/festejo-del-dia-del-nino-en-el-barrio-canal-de-campo-quijano\/","title":{"rendered":"Festejo del D\u00eda del Ni\u00f1o en el barrio Canal de Campo Quijano.\u00a0"},"content":{"rendered":"\n<p>Este s\u00e1bado 26 , se llev\u00f3 a cabo &nbsp;con gran \u00e9xito el festejo del d\u00eda del Ni\u00f1o o d\u00eda de las Infancias.<\/p>\n\n\n\n<p>Los vecinos todos los a\u00f1os brindan su trabajo y tiempo para cada acontecimiento que beneficie a vecinos del barrio y de otros barrios que quieran llegan con ganas de celebrar.<\/p>\n\n\n\n<p>Trabajan todo el a\u00f1o con venta de empanadas, rifas entre otras actividades para juntar los recursos para afrontar los gastos de los encuentros.<\/p>\n\n\n\n<p> RQ99.9Mhz converso con Marcela Ramos y Claudio Diaz referentes de la barriada y agradecieron a los vecinos que aunque  son pocos, tienen una disponibilidad enorme, que logro que el festejo salga hermoso hasta con espect\u00e1culo para toda la familia. <\/p>\n\n\n\n<p>El d\u00eda del ni\u00f1o se concreto en la canchita a lado de la grutita de la Virgen de la Candelaria, a hs 15:00 en calle Mariano Moreno e Ing. Maury . <\/p>\n\n\n\n<p>Se compartieron juegos, dibujos, peloteros, chocolate y golosinas. Adem\u00e1s, hubo bolsitas de regalos sorpresa destinada a los ni\u00f1os. <\/p>\n\n\n\n<p>Numerosas familias concurrieron acompa\u00f1adas de sus ni\u00f1os.<\/p>\n\n\n\n<p>Una invitaci\u00f3n que llego no solo para los ni\u00f1os del barrio, muchos llegaron con sus tacitas y las ganas de divertirse.<\/p>\n\n\n\n<figure class=\"wp-block-gallery has-nested-images columns-default is-cropped wp-block-gallery-1 is-layout-flex wp-block-gallery-is-layout-flex\">\n<figure class=\"wp-block-image size-large\"><img loading=\"lazy\" decoding=\"async\" width=\"959\" height=\"1024\" data-id=\"5800\" src=\"https:\/\/nahuelproducciones.com.ar\/radioquijano\/wp-content\/uploads\/2023\/08\/WhatsApp-Image-2023-08-24-at-11.47.48-AM-959x1024.jpeg\" alt=\"\" class=\"wp-image-5800\" srcset=\"https:\/\/nahuelproducciones.com.ar\/radioquijano\/wp-content\/uploads\/2023\/08\/WhatsApp-Image-2023-08-24-at-11.47.48-AM-959x1024.jpeg 959w, https:\/\/nahuelproducciones.com.ar\/radioquijano\/wp-content\/uploads\/2023\/08\/WhatsApp-Image-2023-08-24-at-11.47.48-AM-281x300.jpeg 281w, https:\/\/nahuelproducciones.com.ar\/radioquijano\/wp-content\/uploads\/2023\/08\/WhatsApp-Image-2023-08-24-at-11.47.48-AM-768x820.jpeg 768w, https:\/\/nahuelproducciones.com.ar\/radioquijano\/wp-content\/uploads\/2023\/08\/WhatsApp-Image-2023-08-24-at-11.47.48-AM-150x160.jpeg 150w, https:\/\/nahuelproducciones.com.ar\/radioquijano\/wp-content\/uploads\/2023\/08\/WhatsApp-Image-2023-08-24-at-11.47.48-AM.jpeg 1080w\" sizes=\"auto, (max-width: 959px) 100vw, 959px\" \/><\/figure>\n\n\n\n<figure class=\"wp-block-image size-large\"><img loading=\"lazy\" decoding=\"async\" width=\"768\" height=\"1024\" data-id=\"5801\" src=\"https:\/\/nahuelproducciones.com.ar\/radioquijano\/wp-content\/uploads\/2023\/08\/WhatsApp-Image-2023-08-24-at-11.47.15-AM-768x1024.jpeg\" alt=\"\" class=\"wp-image-5801\" srcset=\"https:\/\/nahuelproducciones.com.ar\/radioquijano\/wp-content\/uploads\/2023\/08\/WhatsApp-Image-2023-08-24-at-11.47.15-AM-768x1024.jpeg 768w, https:\/\/nahuelproducciones.com.ar\/radioquijano\/wp-content\/uploads\/2023\/08\/WhatsApp-Image-2023-08-24-at-11.47.15-AM-225x300.jpeg 225w, https:\/\/nahuelproducciones.com.ar\/radioquijano\/wp-content\/uploads\/2023\/08\/WhatsApp-Image-2023-08-24-at-11.47.15-AM-640x853.jpeg 640w, https:\/\/nahuelproducciones.com.ar\/radioquijano\/wp-content\/uploads\/2023\/08\/WhatsApp-Image-2023-08-24-at-11.47.15-AM-150x200.jpeg 150w, https:\/\/nahuelproducciones.com.ar\/radioquijano\/wp-content\/uploads\/2023\/08\/WhatsApp-Image-2023-08-24-at-11.47.15-AM.jpeg 960w\" sizes=\"auto, (max-width: 768px) 100vw, 768px\" \/><\/figure>\n\n\n\n<figure class=\"wp-block-image size-large\"><img loading=\"lazy\" decoding=\"async\" width=\"576\" height=\"1024\" data-id=\"5809\" src=\"https:\/\/nahuelproducciones.com.ar\/radioquijano\/wp-content\/uploads\/2023\/08\/WhatsApp-Image-2023-08-26-at-11.52.59-AM-576x1024.jpeg\" alt=\"\" class=\"wp-image-5809\" srcset=\"https:\/\/nahuelproducciones.com.ar\/radioquijano\/wp-content\/uploads\/2023\/08\/WhatsApp-Image-2023-08-26-at-11.52.59-AM-576x1024.jpeg 576w, https:\/\/nahuelproducciones.com.ar\/radioquijano\/wp-content\/uploads\/2023\/08\/WhatsApp-Image-2023-08-26-at-11.52.59-AM-169x300.jpeg 169w, https:\/\/nahuelproducciones.com.ar\/radioquijano\/wp-content\/uploads\/2023\/08\/WhatsApp-Image-2023-08-26-at-11.52.59-AM-150x267.jpeg 150w, https:\/\/nahuelproducciones.com.ar\/radioquijano\/wp-content\/uploads\/2023\/08\/WhatsApp-Image-2023-08-26-at-11.52.59-AM.jpeg 720w\" sizes=\"auto, (max-width: 576px) 100vw, 576px\" \/><\/figure>\n\n\n\n<figure class=\"wp-block-image size-large\"><img loading=\"lazy\" decoding=\"async\" width=\"1024\" height=\"768\" data-id=\"5807\" src=\"https:\/\/nahuelproducciones.com.ar\/radioquijano\/wp-content\/uploads\/2023\/08\/WhatsApp-Image-2023-08-26-at-10.42.43-AM-1024x768.jpeg\" alt=\"\" class=\"wp-image-5807\" srcset=\"https:\/\/nahuelproducciones.com.ar\/radioquijano\/wp-content\/uploads\/2023\/08\/WhatsApp-Image-2023-08-26-at-10.42.43-AM-1024x768.jpeg 1024w, https:\/\/nahuelproducciones.com.ar\/radioquijano\/wp-content\/uploads\/2023\/08\/WhatsApp-Image-2023-08-26-at-10.42.43-AM-300x225.jpeg 300w, https:\/\/nahuelproducciones.com.ar\/radioquijano\/wp-content\/uploads\/2023\/08\/WhatsApp-Image-2023-08-26-at-10.42.43-AM-768x576.jpeg 768w, https:\/\/nahuelproducciones.com.ar\/radioquijano\/wp-content\/uploads\/2023\/08\/WhatsApp-Image-2023-08-26-at-10.42.43-AM-150x113.jpeg 150w, https:\/\/nahuelproducciones.com.ar\/radioquijano\/wp-content\/uploads\/2023\/08\/WhatsApp-Image-2023-08-26-at-10.42.43-AM.jpeg 1280w\" sizes=\"auto, (max-width: 1024px) 100vw, 1024px\" \/><\/figure>\n\n\n\n<figure class=\"wp-block-image size-large\"><img loading=\"lazy\" decoding=\"async\" width=\"576\" height=\"1024\" data-id=\"5808\" src=\"https:\/\/nahuelproducciones.com.ar\/radioquijano\/wp-content\/uploads\/2023\/08\/WhatsApp-Image-2023-08-26-at-11.52.49-AM-576x1024.jpeg\" alt=\"\" class=\"wp-image-5808\" srcset=\"https:\/\/nahuelproducciones.com.ar\/radioquijano\/wp-content\/uploads\/2023\/08\/WhatsApp-Image-2023-08-26-at-11.52.49-AM-576x1024.jpeg 576w, https:\/\/nahuelproducciones.com.ar\/radioquijano\/wp-content\/uploads\/2023\/08\/WhatsApp-Image-2023-08-26-at-11.52.49-AM-169x300.jpeg 169w, https:\/\/nahuelproducciones.com.ar\/radioquijano\/wp-content\/uploads\/2023\/08\/WhatsApp-Image-2023-08-26-at-11.52.49-AM-150x267.jpeg 150w, https:\/\/nahuelproducciones.com.ar\/radioquijano\/wp-content\/uploads\/2023\/08\/WhatsApp-Image-2023-08-26-at-11.52.49-AM.jpeg 720w\" sizes=\"auto, (max-width: 576px) 100vw, 576px\" \/><\/figure>\n\n\n\n<figure class=\"wp-block-image size-large\"><img loading=\"lazy\" decoding=\"async\" width=\"576\" height=\"1024\" data-id=\"5806\" src=\"https:\/\/nahuelproducciones.com.ar\/radioquijano\/wp-content\/uploads\/2023\/08\/WhatsApp-Image-2023-08-26-at-11.52.39-AM-576x1024.jpeg\" alt=\"\" class=\"wp-image-5806\" srcset=\"https:\/\/nahuelproducciones.com.ar\/radioquijano\/wp-content\/uploads\/2023\/08\/WhatsApp-Image-2023-08-26-at-11.52.39-AM-576x1024.jpeg 576w, https:\/\/nahuelproducciones.com.ar\/radioquijano\/wp-content\/uploads\/2023\/08\/WhatsApp-Image-2023-08-26-at-11.52.39-AM-169x300.jpeg 169w, https:\/\/nahuelproducciones.com.ar\/radioquijano\/wp-content\/uploads\/2023\/08\/WhatsApp-Image-2023-08-26-at-11.52.39-AM-150x267.jpeg 150w, https:\/\/nahuelproducciones.com.ar\/radioquijano\/wp-content\/uploads\/2023\/08\/WhatsApp-Image-2023-08-26-at-11.52.39-AM.jpeg 720w\" sizes=\"auto, (max-width: 576px) 100vw, 576px\" \/><\/figure>\n\n\n\n<figure class=\"wp-block-image size-large\"><img loading=\"lazy\" decoding=\"async\" width=\"576\" height=\"1024\" data-id=\"5803\" src=\"https:\/\/nahuelproducciones.com.ar\/radioquijano\/wp-content\/uploads\/2023\/08\/WhatsApp-Image-2023-08-26-at-4.35.22-PM-576x1024.jpeg\" alt=\"\" class=\"wp-image-5803\" srcset=\"https:\/\/nahuelproducciones.com.ar\/radioquijano\/wp-content\/uploads\/2023\/08\/WhatsApp-Image-2023-08-26-at-4.35.22-PM-576x1024.jpeg 576w, https:\/\/nahuelproducciones.com.ar\/radioquijano\/wp-content\/uploads\/2023\/08\/WhatsApp-Image-2023-08-26-at-4.35.22-PM-169x300.jpeg 169w, https:\/\/nahuelproducciones.com.ar\/radioquijano\/wp-content\/uploads\/2023\/08\/WhatsApp-Image-2023-08-26-at-4.35.22-PM-768x1366.jpeg 768w, https:\/\/nahuelproducciones.com.ar\/radioquijano\/wp-content\/uploads\/2023\/08\/WhatsApp-Image-2023-08-26-at-4.35.22-PM-864x1536.jpeg 864w, https:\/\/nahuelproducciones.com.ar\/radioquijano\/wp-content\/uploads\/2023\/08\/WhatsApp-Image-2023-08-26-at-4.35.22-PM-150x267.jpeg 150w, https:\/\/nahuelproducciones.com.ar\/radioquijano\/wp-content\/uploads\/2023\/08\/WhatsApp-Image-2023-08-26-at-4.35.22-PM.jpeg 899w\" sizes=\"auto, (max-width: 576px) 100vw, 576px\" \/><\/figure>\n\n\n\n<figure class=\"wp-block-image size-large\"><img loading=\"lazy\" decoding=\"async\" width=\"576\" height=\"1024\" data-id=\"5804\" src=\"https:\/\/nahuelproducciones.com.ar\/radioquijano\/wp-content\/uploads\/2023\/08\/WhatsApp-Image-2023-08-26-at-4.35.46-PM-576x1024.jpeg\" alt=\"\" class=\"wp-image-5804\" srcset=\"https:\/\/nahuelproducciones.com.ar\/radioquijano\/wp-content\/uploads\/2023\/08\/WhatsApp-Image-2023-08-26-at-4.35.46-PM-576x1024.jpeg 576w, https:\/\/nahuelproducciones.com.ar\/radioquijano\/wp-content\/uploads\/2023\/08\/WhatsApp-Image-2023-08-26-at-4.35.46-PM-169x300.jpeg 169w, https:\/\/nahuelproducciones.com.ar\/radioquijano\/wp-content\/uploads\/2023\/08\/WhatsApp-Image-2023-08-26-at-4.35.46-PM-768x1366.jpeg 768w, https:\/\/nahuelproducciones.com.ar\/radioquijano\/wp-content\/uploads\/2023\/08\/WhatsApp-Image-2023-08-26-at-4.35.46-PM-864x1536.jpeg 864w, https:\/\/nahuelproducciones.com.ar\/radioquijano\/wp-content\/uploads\/2023\/08\/WhatsApp-Image-2023-08-26-at-4.35.46-PM-150x267.jpeg 150w, https:\/\/nahuelproducciones.com.ar\/radioquijano\/wp-content\/uploads\/2023\/08\/WhatsApp-Image-2023-08-26-at-4.35.46-PM.jpeg 899w\" sizes=\"auto, (max-width: 576px) 100vw, 576px\" \/><\/figure>\n\n\n\n<figure class=\"wp-block-image size-large\"><img loading=\"lazy\" decoding=\"async\" width=\"1024\" height=\"576\" data-id=\"5805\" src=\"https:\/\/nahuelproducciones.com.ar\/radioquijano\/wp-content\/uploads\/2023\/08\/WhatsApp-Image-2023-08-26-at-8.52.58-PM-1024x576.jpeg\" alt=\"\" class=\"wp-image-5805\" srcset=\"https:\/\/nahuelproducciones.com.ar\/radioquijano\/wp-content\/uploads\/2023\/08\/WhatsApp-Image-2023-08-26-at-8.52.58-PM-1024x576.jpeg 1024w, https:\/\/nahuelproducciones.com.ar\/radioquijano\/wp-content\/uploads\/2023\/08\/WhatsApp-Image-2023-08-26-at-8.52.58-PM-300x169.jpeg 300w, https:\/\/nahuelproducciones.com.ar\/radioquijano\/wp-content\/uploads\/2023\/08\/WhatsApp-Image-2023-08-26-at-8.52.58-PM-768x432.jpeg 768w, https:\/\/nahuelproducciones.com.ar\/radioquijano\/wp-content\/uploads\/2023\/08\/WhatsApp-Image-2023-08-26-at-8.52.58-PM-1536x864.jpeg 1536w, https:\/\/nahuelproducciones.com.ar\/radioquijano\/wp-content\/uploads\/2023\/08\/WhatsApp-Image-2023-08-26-at-8.52.58-PM-150x84.jpeg 150w, https:\/\/nahuelproducciones.com.ar\/radioquijano\/wp-content\/uploads\/2023\/08\/WhatsApp-Image-2023-08-26-at-8.52.58-PM.jpeg 1599w\" sizes=\"auto, (max-width: 1024px) 100vw, 1024px\" \/><\/figure>\n\n\n\n<figure class=\"wp-block-image size-large\"><img loading=\"lazy\" decoding=\"async\" width=\"1024\" height=\"768\" data-id=\"5802\" src=\"https:\/\/nahuelproducciones.com.ar\/radioquijano\/wp-content\/uploads\/2023\/08\/WhatsApp-Image-2023-08-26-at-8.57.35-PM-1024x768.jpeg\" alt=\"\" class=\"wp-image-5802\"\/><\/figure>\n<\/figure>\n","protected":false},"excerpt":{"rendered":"<p>Este s\u00e1bado 26 , se llev\u00f3 a cabo &nbsp;con gran \u00e9xito el festejo del d\u00eda del Ni\u00f1o o d\u00eda de las Infancias. Los vecinos todos los a\u00f1os brindan su trabajo y tiempo para cada acontecimiento que beneficie a vecinos del barrio y de otros barrios que quieran llegan con ganas de celebrar. Trabajan todo el [&hellip;]<\/p>\n","protected":false},"author":8,"featured_media":5802,"comment_status":"open","ping_status":"open","sticky":false,"template":"","format":"standard","meta":{"_monsterinsights_skip_tracking":false,"_monsterinsights_sitenote_active":false,"_monsterinsights_sitenote_note":"","_monsterinsights_sitenote_category":0,"footnotes":""},"categories":[16],"tags":[838,1212,100],"class_list":["post-5799","post","type-post","status-publish","format-standard","has-post-thumbnail","hentry","category-noticias","tag-barrio-canal","tag-dia-del-nino","tag-municipio-de-campo-quijano"],"yoast_head":"<!-- This site is optimized with the Yoast SEO plugin v20.8 - https:\/\/yoast.com\/wordpress\/plugins\/seo\/ -->\n<title>Festejo del D\u00eda del Ni\u00f1o en el barrio Canal de Campo Quijano.\u00a0 - RQ 99.9<\/title>\n<meta name=\"description\" content=\"Una invitaci\u00f3n que llego no solo para los ni\u00f1os del barrio, muchos llegaron con sus tacitas y las ganas de divertirse.\" \/>\n<meta name=\"robots\" content=\"index, follow, max-snippet:-1, max-image-preview:large, max-video-preview:-1\" \/>\n<link rel=\"canonical\" href=\"https:\/\/nahuelproducciones.com.ar\/radioquijano\/festejo-del-dia-del-nino-en-el-barrio-canal-de-campo-quijano\/\" \/>\n<meta property=\"og:locale\" content=\"es_ES\" \/>\n<meta property=\"og:type\" content=\"article\" \/>\n<meta property=\"og:title\" content=\"Festejo del D\u00eda del Ni\u00f1o en el barrio Canal de Campo Quijano.\u00a0 - RQ 99.9\" \/>\n<meta property=\"og:description\" content=\"Una invitaci\u00f3n que llego no solo para los ni\u00f1os del barrio, muchos llegaron con sus tacitas y las ganas de divertirse.\" \/>\n<meta property=\"og:url\" content=\"https:\/\/nahuelproducciones.com.ar\/radioquijano\/festejo-del-dia-del-nino-en-el-barrio-canal-de-campo-quijano\/\" \/>\n<meta property=\"og:site_name\" content=\"RQ 99.9\" \/>\n<meta property=\"article:publisher\" content=\"https:\/\/www.facebook.com\/nahuelproducciones999\/\" \/>\n<meta property=\"article:published_time\" content=\"2023-08-30T18:23:26+00:00\" \/>\n<meta property=\"article:modified_time\" content=\"2023-08-30T21:50:15+00:00\" \/>\n<meta property=\"og:image\" content=\"https:\/\/nahuelproducciones.com.ar\/radioquijano\/wp-content\/uploads\/2023\/08\/WhatsApp-Image-2023-08-26-at-8.57.35-PM-e1693419797109.jpeg\" \/>\n\t<meta property=\"og:image:width\" content=\"700\" \/>\n\t<meta property=\"og:image:height\" content=\"525\" \/>\n\t<meta property=\"og:image:type\" content=\"image\/jpeg\" \/>\n<meta name=\"author\" content=\"Cecilia Pastrana\" \/>\n<meta name=\"twitter:card\" content=\"summary_large_image\" \/>\n<meta name=\"twitter:creator\" content=\"@nahuproduciones\" \/>\n<meta name=\"twitter:site\" content=\"@nahuproduciones\" \/>\n<meta name=\"twitter:label1\" content=\"Escrito por\" \/>\n\t<meta name=\"twitter:data1\" content=\"Cecilia Pastrana\" \/>\n\t<meta name=\"twitter:label2\" content=\"Tiempo de lectura\" \/>\n\t<meta name=\"twitter:data2\" content=\"3 minutos\" \/>\n<script type=\"application\/ld+json\" class=\"yoast-schema-graph\">{\"@context\":\"https:\/\/schema.org\",\"@graph\":[{\"@type\":\"WebPage\",\"@id\":\"https:\/\/nahuelproducciones.com.ar\/radioquijano\/festejo-del-dia-del-nino-en-el-barrio-canal-de-campo-quijano\/\",\"url\":\"https:\/\/nahuelproducciones.com.ar\/radioquijano\/festejo-del-dia-del-nino-en-el-barrio-canal-de-campo-quijano\/\",\"name\":\"Festejo del D\u00eda del Ni\u00f1o en el barrio Canal de Campo Quijano.\u00a0 - RQ 99.9\",\"isPartOf\":{\"@id\":\"https:\/\/nahuelproducciones.com.ar\/radioquijano\/#website\"},\"datePublished\":\"2023-08-30T18:23:26+00:00\",\"dateModified\":\"2023-08-30T21:50:15+00:00\",\"author\":{\"@id\":\"https:\/\/nahuelproducciones.com.ar\/radioquijano\/#\/schema\/person\/e8a4f939e2cb487fe6d0c54042c9d32c\"},\"description\":\"Una invitaci\u00f3n que llego no solo para los ni\u00f1os del barrio, muchos llegaron con sus tacitas y las ganas de divertirse.\",\"breadcrumb\":{\"@id\":\"https:\/\/nahuelproducciones.com.ar\/radioquijano\/festejo-del-dia-del-nino-en-el-barrio-canal-de-campo-quijano\/#breadcrumb\"},\"inLanguage\":\"es\",\"potentialAction\":[{\"@type\":\"ReadAction\",\"target\":[\"https:\/\/nahuelproducciones.com.ar\/radioquijano\/festejo-del-dia-del-nino-en-el-barrio-canal-de-campo-quijano\/\"]}]},{\"@type\":\"BreadcrumbList\",\"@id\":\"https:\/\/nahuelproducciones.com.ar\/radioquijano\/festejo-del-dia-del-nino-en-el-barrio-canal-de-campo-quijano\/#breadcrumb\",\"itemListElement\":[{\"@type\":\"ListItem\",\"position\":1,\"name\":\"Portada\",\"item\":\"https:\/\/nahuelproducciones.com.ar\/radioquijano\/\"},{\"@type\":\"ListItem\",\"position\":2,\"name\":\"Festejo del D\u00eda del Ni\u00f1o en el barrio Canal de Campo Quijano.\u00a0\"}]},{\"@type\":\"WebSite\",\"@id\":\"https:\/\/nahuelproducciones.com.ar\/radioquijano\/#website\",\"url\":\"https:\/\/nahuelproducciones.com.ar\/radioquijano\/\",\"name\":\"RQ 99.9\",\"description\":\"Radio Quijano 99.9 MHz\",\"potentialAction\":[{\"@type\":\"SearchAction\",\"target\":{\"@type\":\"EntryPoint\",\"urlTemplate\":\"https:\/\/nahuelproducciones.com.ar\/radioquijano\/?s={search_term_string}\"},\"query-input\":\"required name=search_term_string\"}],\"inLanguage\":\"es\"},{\"@type\":\"Person\",\"@id\":\"https:\/\/nahuelproducciones.com.ar\/radioquijano\/#\/schema\/person\/e8a4f939e2cb487fe6d0c54042c9d32c\",\"name\":\"Cecilia Pastrana\",\"image\":{\"@type\":\"ImageObject\",\"inLanguage\":\"es\",\"@id\":\"https:\/\/nahuelproducciones.com.ar\/radioquijano\/#\/schema\/person\/image\/\",\"url\":\"https:\/\/secure.gravatar.com\/avatar\/661a3ef63a8488d4f2794ed44af8cf71420f7e106f3072c40125114df5157749?s=96&d=mm&r=g\",\"contentUrl\":\"https:\/\/secure.gravatar.com\/avatar\/661a3ef63a8488d4f2794ed44af8cf71420f7e106f3072c40125114df5157749?s=96&d=mm&r=g\",\"caption\":\"Cecilia Pastrana\"},\"sameAs\":[\"cecy\"],\"url\":\"https:\/\/nahuelproducciones.com.ar\/radioquijano\/author\/cecy\/\"}]}<\/script>\n<!-- \/ Yoast SEO plugin. -->","yoast_head_json":{"title":"Festejo del D\u00eda del Ni\u00f1o en el barrio Canal de Campo Quijano.\u00a0 - RQ 99.9","description":"Una invitaci\u00f3n que llego no solo para los ni\u00f1os del barrio, muchos llegaron con sus tacitas y las ganas de divertirse.","robots":{"index":"index","follow":"follow","max-snippet":"max-snippet:-1","max-image-preview":"max-image-preview:large","max-video-preview":"max-video-preview:-1"},"canonical":"https:\/\/nahuelproducciones.com.ar\/radioquijano\/festejo-del-dia-del-nino-en-el-barrio-canal-de-campo-quijano\/","og_locale":"es_ES","og_type":"article","og_title":"Festejo del D\u00eda del Ni\u00f1o en el barrio Canal de Campo Quijano.\u00a0 - RQ 99.9","og_description":"Una invitaci\u00f3n que llego no solo para los ni\u00f1os del barrio, muchos llegaron con sus tacitas y las ganas de divertirse.","og_url":"https:\/\/nahuelproducciones.com.ar\/radioquijano\/festejo-del-dia-del-nino-en-el-barrio-canal-de-campo-quijano\/","og_site_name":"RQ 99.9","article_publisher":"https:\/\/www.facebook.com\/nahuelproducciones999\/","article_published_time":"2023-08-30T18:23:26+00:00","article_modified_time":"2023-08-30T21:50:15+00:00","og_image":[{"width":700,"height":525,"url":"https:\/\/nahuelproducciones.com.ar\/radioquijano\/wp-content\/uploads\/2023\/08\/WhatsApp-Image-2023-08-26-at-8.57.35-PM-e1693419797109.jpeg","type":"image\/jpeg"}],"author":"Cecilia Pastrana","twitter_card":"summary_large_image","twitter_creator":"@nahuproduciones","twitter_site":"@nahuproduciones","twitter_misc":{"Escrito por":"Cecilia Pastrana","Tiempo de lectura":"3 minutos"},"schema":{"@context":"https:\/\/schema.org","@graph":[{"@type":"WebPage","@id":"https:\/\/nahuelproducciones.com.ar\/radioquijano\/festejo-del-dia-del-nino-en-el-barrio-canal-de-campo-quijano\/","url":"https:\/\/nahuelproducciones.com.ar\/radioquijano\/festejo-del-dia-del-nino-en-el-barrio-canal-de-campo-quijano\/","name":"Festejo del D\u00eda del Ni\u00f1o en el barrio Canal de Campo Quijano.\u00a0 - RQ 99.9","isPartOf":{"@id":"https:\/\/nahuelproducciones.com.ar\/radioquijano\/#website"},"datePublished":"2023-08-30T18:23:26+00:00","dateModified":"2023-08-30T21:50:15+00:00","author":{"@id":"https:\/\/nahuelproducciones.com.ar\/radioquijano\/#\/schema\/person\/e8a4f939e2cb487fe6d0c54042c9d32c"},"description":"Una invitaci\u00f3n que llego no solo para los ni\u00f1os del barrio, muchos llegaron con sus tacitas y las ganas de divertirse.","breadcrumb":{"@id":"https:\/\/nahuelproducciones.com.ar\/radioquijano\/festejo-del-dia-del-nino-en-el-barrio-canal-de-campo-quijano\/#breadcrumb"},"inLanguage":"es","potentialAction":[{"@type":"ReadAction","target":["https:\/\/nahuelproducciones.com.ar\/radioquijano\/festejo-del-dia-del-nino-en-el-barrio-canal-de-campo-quijano\/"]}]},{"@type":"BreadcrumbList","@id":"https:\/\/nahuelproducciones.com.ar\/radioquijano\/festejo-del-dia-del-nino-en-el-barrio-canal-de-campo-quijano\/#breadcrumb","itemListElement":[{"@type":"ListItem","position":1,"name":"Portada","item":"https:\/\/nahuelproducciones.com.ar\/radioquijano\/"},{"@type":"ListItem","position":2,"name":"Festejo del D\u00eda del Ni\u00f1o en el barrio Canal de Campo Quijano.\u00a0"}]},{"@type":"WebSite","@id":"https:\/\/nahuelproducciones.com.ar\/radioquijano\/#website","url":"https:\/\/nahuelproducciones.com.ar\/radioquijano\/","name":"RQ 99.9","description":"Radio Quijano 99.9 MHz","potentialAction":[{"@type":"SearchAction","target":{"@type":"EntryPoint","urlTemplate":"https:\/\/nahuelproducciones.com.ar\/radioquijano\/?s={search_term_string}"},"query-input":"required name=search_term_string"}],"inLanguage":"es"},{"@type":"Person","@id":"https:\/\/nahuelproducciones.com.ar\/radioquijano\/#\/schema\/person\/e8a4f939e2cb487fe6d0c54042c9d32c","name":"Cecilia Pastrana","image":{"@type":"ImageObject","inLanguage":"es","@id":"https:\/\/nahuelproducciones.com.ar\/radioquijano\/#\/schema\/person\/image\/","url":"https:\/\/secure.gravatar.com\/avatar\/661a3ef63a8488d4f2794ed44af8cf71420f7e106f3072c40125114df5157749?s=96&d=mm&r=g","contentUrl":"https:\/\/secure.gravatar.com\/avatar\/661a3ef63a8488d4f2794ed44af8cf71420f7e106f3072c40125114df5157749?s=96&d=mm&r=g","caption":"Cecilia Pastrana"},"sameAs":["cecy"],"url":"https:\/\/nahuelproducciones.com.ar\/radioquijano\/author\/cecy\/"}]}},"_links":{"self":[{"href":"https:\/\/nahuelproducciones.com.ar\/radioquijano\/wp-json\/wp\/v2\/posts\/5799","targetHints":{"allow":["GET"]}}],"collection":[{"href":"https:\/\/nahuelproducciones.com.ar\/radioquijano\/wp-json\/wp\/v2\/posts"}],"about":[{"href":"https:\/\/nahuelproducciones.com.ar\/radioquijano\/wp-json\/wp\/v2\/types\/post"}],"author":[{"embeddable":true,"href":"https:\/\/nahuelproducciones.com.ar\/radioquijano\/wp-json\/wp\/v2\/users\/8"}],"replies":[{"embeddable":true,"href":"https:\/\/nahuelproducciones.com.ar\/radioquijano\/wp-json\/wp\/v2\/comments?post=5799"}],"version-history":[{"count":2,"href":"https:\/\/nahuelproducciones.com.ar\/radioquijano\/wp-json\/wp\/v2\/posts\/5799\/revisions"}],"predecessor-version":[{"id":5811,"href":"https:\/\/nahuelproducciones.com.ar\/radioquijano\/wp-json\/wp\/v2\/posts\/5799\/revisions\/5811"}],"wp:featuredmedia":[{"embeddable":true,"href":"https:\/\/nahuelproducciones.com.ar\/radioquijano\/wp-json\/wp\/v2\/media\/5802"}],"wp:attachment":[{"href":"https:\/\/nahuelproducciones.com.ar\/radioquijano\/wp-json\/wp\/v2\/media?parent=5799"}],"wp:term":[{"taxonomy":"category","embeddable":true,"href":"https:\/\/nahuelproducciones.com.ar\/radioquijano\/wp-json\/wp\/v2\/categories?post=5799"},{"taxonomy":"post_tag","embeddable":true,"href":"https:\/\/nahuelproducciones.com.ar\/radioquijano\/wp-json\/wp\/v2\/tags?post=5799"}],"curies":[{"name":"wp","href":"https:\/\/api.w.org\/{rel}","templated":true}]}}