{"id":5812,"date":"2023-09-01T10:06:14","date_gmt":"2023-09-01T13:06:14","guid":{"rendered":"https:\/\/nahuelproducciones.com.ar\/radioquijano\/?p=5812"},"modified":"2023-09-01T10:06:17","modified_gmt":"2023-09-01T13:06:17","slug":"el-gobierno-acordo-con-los-gremios-docentes-un-aumento-del-15-a-cobrar-el-sabado","status":"publish","type":"post","link":"https:\/\/nahuelproducciones.com.ar\/radioquijano\/el-gobierno-acordo-con-los-gremios-docentes-un-aumento-del-15-a-cobrar-el-sabado\/","title":{"rendered":"El Gobierno acord\u00f3 con los gremios docentes un aumento del 15% a cobrar el s\u00e1bado"},"content":{"rendered":"\n<p>Este porcentaje se suma al 69,5% otorgado hasta julio. La revisi\u00f3n salarial se realizar\u00e1 de manera mensual.<a href=\"https:\/\/www.salta.gob.ar\/public\/images\/noticias\/91595-el-gobierno-acordo-con-los-gremios-un-aumento-de-15-a-cobrar-el-sabado-ademas-de-una-asignacion-extraordinaria.jpg\"><\/a><\/p>\n\n\n\n<p>El Gobierno acord\u00f3 con los gremios un aumento de 15% a cobrar el s\u00e1bado adem\u00e1s de una asignaci\u00f3n extraordinaria.<\/p>\n\n\n\n<p>El Gobierno de la Provincia y la mesa paritaria docente cerraron un nuevo incremento del 15% al sueldo b\u00e1sico de agosto (que se cobrar\u00e1 este s\u00e1bado), en los c\u00f3digos 449, 649, 690 y 698 de la grilla salarial y un incremento id\u00e9ntico en las asignaciones familiares. Esto implica un aumento de sueldo en lo que va del a\u00f1o del 84,5%.&nbsp;<\/p>\n\n\n\n<p>Adem\u00e1s de una asignaci\u00f3n extraordinaria no remunerativa de $30 mil que ser\u00e1 abonada&nbsp;el 13 de septiembre. Esta se suma a las asignaciones extraordinarias pagadas en enero, febrero, julio y agosto alcanzando con la de septiembre los $150.000.<\/p>\n\n\n\n<p>Esta&nbsp;prevista la revisi\u00f3n de la paritaria&nbsp;en septiembre,&nbsp;una vez publicado el \u00edndice inflacionario de agosto.<\/p>\n\n\n\n<p>En la reuni\u00f3n estuvieron presentes ADP (Asociaci\u00f3n Docente Provincial), AMET (Asociaci\u00f3n del Magisterio de Ense\u00f1anza T\u00e9cnica), ATE (Asociaci\u00f3n de Trabajadores del Estado), SADOP (Sindicato Argentino de Docentes Particulares), UPCN (Uni\u00f3n del Personal Civil de la Naci\u00f3n), UDA (Uni\u00f3n de Docentes Argentinos), junto a otros sectores de docentes y SITEPSA (Sindicato de Trabajadores de la Educaci\u00f3n de la Provincia de Salta).<\/p>\n\n\n\n<hr class=\"wp-block-separator has-alpha-channel-opacity\"\/>\n\n\n\n<h2 class=\"wp-block-heading\">Video Relacionado<\/h2>\n\n\n\n<hr class=\"wp-block-separator has-alpha-channel-opacity\"\/>\n\n\n\n<figure class=\"wp-block-embed is-type-rich is-provider-gestor-del-servicio wp-block-embed-gestor-del-servicio wp-embed-aspect-16-9 wp-has-aspect-ratio\"><div class=\"wp-block-embed__wrapper\">\n<iframe loading=\"lazy\" title=\"El Gobierno acord\u00f3 con gremios docentes un aumento de 15% a pagar el s\u00e1bado\" width=\"640\" height=\"360\" src=\"https:\/\/www.youtube.com\/embed\/85qP27ypa3M?feature=oembed\" frameborder=\"0\" allow=\"accelerometer; autoplay; clipboard-write; encrypted-media; gyroscope; picture-in-picture; web-share\" referrerpolicy=\"strict-origin-when-cross-origin\" allowfullscreen><\/iframe>\n<\/div><\/figure>\n\n\n\n<hr class=\"wp-block-separator has-alpha-channel-opacity\"\/>\n\n\n\n<p>Fuente:&nbsp;<strong>Secretar\u00eda de Prensa y Comunicaci\u00f3n<\/strong><\/p>\n\n\n\n<h2 class=\"wp-block-heading\"><a href=\"https:\/\/www.addtoany.com\/share#url=https%3A%2F%2Fwww.salta.gob.ar%2Fprensa%2Fnoticias%2Fel-gobierno-acordo-con-los-gremios-docentes-un-aumento-del-15-a-cobrar-el-sabado-91595&amp;title=Noticia%3A%20El%20Gobierno%20acord%C3%B3%20con%20los%20gremios%20docentes%20un%20aumento%20del%2015%25%20a%20cobrar%20el%20s%C3%A1bado\"><\/a><\/h2>\n","protected":false},"excerpt":{"rendered":"<p>Este porcentaje se suma al 69,5% otorgado hasta julio. La revisi\u00f3n salarial se realizar\u00e1 de manera mensual. El Gobierno acord\u00f3 con los gremios un aumento de 15% a cobrar el s\u00e1bado adem\u00e1s de una asignaci\u00f3n extraordinaria. El Gobierno de la Provincia y la mesa paritaria docente cerraron un nuevo incremento del 15% al sueldo b\u00e1sico [&hellip;]<\/p>\n","protected":false},"author":8,"featured_media":5814,"comment_status":"open","ping_status":"open","sticky":false,"template":"","format":"standard","meta":{"_monsterinsights_skip_tracking":false,"_monsterinsights_sitenote_active":false,"_monsterinsights_sitenote_note":"","_monsterinsights_sitenote_category":0,"footnotes":""},"categories":[16],"tags":[1221,100,1220],"class_list":["post-5812","post","type-post","status-publish","format-standard","has-post-thumbnail","hentry","category-noticias","tag-aumento-docente","tag-municipio-de-campo-quijano","tag-paritaria"],"yoast_head":"<!-- This site is optimized with the Yoast SEO plugin v20.8 - https:\/\/yoast.com\/wordpress\/plugins\/seo\/ -->\n<title>El Gobierno acord\u00f3 con los gremios docentes un aumento del 15% a cobrar el s\u00e1bado - RQ 99.9<\/title>\n<meta name=\"description\" content=\"Adem\u00e1s de una asignaci\u00f3n extraordinaria no remunerativa de $30 mil que ser\u00e1 abonada\u00a0el 13 de septiembre\" \/>\n<meta name=\"robots\" content=\"index, follow, max-snippet:-1, max-image-preview:large, max-video-preview:-1\" \/>\n<link rel=\"canonical\" href=\"https:\/\/nahuelproducciones.com.ar\/radioquijano\/el-gobierno-acordo-con-los-gremios-docentes-un-aumento-del-15-a-cobrar-el-sabado\/\" \/>\n<meta property=\"og:locale\" content=\"es_ES\" \/>\n<meta property=\"og:type\" content=\"article\" \/>\n<meta property=\"og:title\" content=\"El Gobierno acord\u00f3 con los gremios docentes un aumento del 15% a cobrar el s\u00e1bado - RQ 99.9\" \/>\n<meta property=\"og:description\" content=\"Adem\u00e1s de una asignaci\u00f3n extraordinaria no remunerativa de $30 mil que ser\u00e1 abonada\u00a0el 13 de septiembre\" \/>\n<meta property=\"og:url\" content=\"https:\/\/nahuelproducciones.com.ar\/radioquijano\/el-gobierno-acordo-con-los-gremios-docentes-un-aumento-del-15-a-cobrar-el-sabado\/\" \/>\n<meta property=\"og:site_name\" content=\"RQ 99.9\" \/>\n<meta property=\"article:publisher\" content=\"https:\/\/www.facebook.com\/nahuelproducciones999\/\" \/>\n<meta property=\"article:published_time\" content=\"2023-09-01T13:06:14+00:00\" \/>\n<meta property=\"article:modified_time\" content=\"2023-09-01T13:06:17+00:00\" \/>\n<meta property=\"og:image\" content=\"https:\/\/nahuelproducciones.com.ar\/radioquijano\/wp-content\/uploads\/2023\/09\/8676-el-gobierno-acordo-con-los-gremios-un-aumento-de-15-a-cobrar-el-sabado-ademas-de-una-asignacion-extraordinaria-20230901011605-e1693573565881.jpg\" \/>\n\t<meta property=\"og:image:width\" content=\"700\" \/>\n\t<meta property=\"og:image:height\" content=\"464\" \/>\n\t<meta property=\"og:image:type\" content=\"image\/jpeg\" \/>\n<meta name=\"author\" content=\"Cecilia Pastrana\" \/>\n<meta name=\"twitter:card\" content=\"summary_large_image\" \/>\n<meta name=\"twitter:creator\" content=\"@nahuproduciones\" \/>\n<meta name=\"twitter:site\" content=\"@nahuproduciones\" \/>\n<meta name=\"twitter:label1\" content=\"Escrito por\" \/>\n\t<meta name=\"twitter:data1\" content=\"Cecilia Pastrana\" \/>\n\t<meta name=\"twitter:label2\" content=\"Tiempo de lectura\" \/>\n\t<meta name=\"twitter:data2\" content=\"2 minutos\" \/>\n<script type=\"application\/ld+json\" class=\"yoast-schema-graph\">{\"@context\":\"https:\/\/schema.org\",\"@graph\":[{\"@type\":\"WebPage\",\"@id\":\"https:\/\/nahuelproducciones.com.ar\/radioquijano\/el-gobierno-acordo-con-los-gremios-docentes-un-aumento-del-15-a-cobrar-el-sabado\/\",\"url\":\"https:\/\/nahuelproducciones.com.ar\/radioquijano\/el-gobierno-acordo-con-los-gremios-docentes-un-aumento-del-15-a-cobrar-el-sabado\/\",\"name\":\"El Gobierno acord\u00f3 con los gremios docentes un aumento del 15% a cobrar el s\u00e1bado - RQ 99.9\",\"isPartOf\":{\"@id\":\"https:\/\/nahuelproducciones.com.ar\/radioquijano\/#website\"},\"datePublished\":\"2023-09-01T13:06:14+00:00\",\"dateModified\":\"2023-09-01T13:06:17+00:00\",\"author\":{\"@id\":\"https:\/\/nahuelproducciones.com.ar\/radioquijano\/#\/schema\/person\/e8a4f939e2cb487fe6d0c54042c9d32c\"},\"description\":\"Adem\u00e1s de una asignaci\u00f3n extraordinaria no remunerativa de $30 mil que ser\u00e1 abonada\u00a0el 13 de septiembre\",\"breadcrumb\":{\"@id\":\"https:\/\/nahuelproducciones.com.ar\/radioquijano\/el-gobierno-acordo-con-los-gremios-docentes-un-aumento-del-15-a-cobrar-el-sabado\/#breadcrumb\"},\"inLanguage\":\"es\",\"potentialAction\":[{\"@type\":\"ReadAction\",\"target\":[\"https:\/\/nahuelproducciones.com.ar\/radioquijano\/el-gobierno-acordo-con-los-gremios-docentes-un-aumento-del-15-a-cobrar-el-sabado\/\"]}]},{\"@type\":\"BreadcrumbList\",\"@id\":\"https:\/\/nahuelproducciones.com.ar\/radioquijano\/el-gobierno-acordo-con-los-gremios-docentes-un-aumento-del-15-a-cobrar-el-sabado\/#breadcrumb\",\"itemListElement\":[{\"@type\":\"ListItem\",\"position\":1,\"name\":\"Portada\",\"item\":\"https:\/\/nahuelproducciones.com.ar\/radioquijano\/\"},{\"@type\":\"ListItem\",\"position\":2,\"name\":\"El Gobierno acord\u00f3 con los gremios docentes un aumento del 15% a cobrar el s\u00e1bado\"}]},{\"@type\":\"WebSite\",\"@id\":\"https:\/\/nahuelproducciones.com.ar\/radioquijano\/#website\",\"url\":\"https:\/\/nahuelproducciones.com.ar\/radioquijano\/\",\"name\":\"RQ 99.9\",\"description\":\"Radio Quijano 99.9 MHz\",\"potentialAction\":[{\"@type\":\"SearchAction\",\"target\":{\"@type\":\"EntryPoint\",\"urlTemplate\":\"https:\/\/nahuelproducciones.com.ar\/radioquijano\/?s={search_term_string}\"},\"query-input\":\"required name=search_term_string\"}],\"inLanguage\":\"es\"},{\"@type\":\"Person\",\"@id\":\"https:\/\/nahuelproducciones.com.ar\/radioquijano\/#\/schema\/person\/e8a4f939e2cb487fe6d0c54042c9d32c\",\"name\":\"Cecilia Pastrana\",\"image\":{\"@type\":\"ImageObject\",\"inLanguage\":\"es\",\"@id\":\"https:\/\/nahuelproducciones.com.ar\/radioquijano\/#\/schema\/person\/image\/\",\"url\":\"https:\/\/secure.gravatar.com\/avatar\/661a3ef63a8488d4f2794ed44af8cf71420f7e106f3072c40125114df5157749?s=96&d=mm&r=g\",\"contentUrl\":\"https:\/\/secure.gravatar.com\/avatar\/661a3ef63a8488d4f2794ed44af8cf71420f7e106f3072c40125114df5157749?s=96&d=mm&r=g\",\"caption\":\"Cecilia Pastrana\"},\"sameAs\":[\"cecy\"],\"url\":\"https:\/\/nahuelproducciones.com.ar\/radioquijano\/author\/cecy\/\"}]}<\/script>\n<!-- \/ Yoast SEO plugin. -->","yoast_head_json":{"title":"El Gobierno acord\u00f3 con los gremios docentes un aumento del 15% a cobrar el s\u00e1bado - RQ 99.9","description":"Adem\u00e1s de una asignaci\u00f3n extraordinaria no remunerativa de $30 mil que ser\u00e1 abonada\u00a0el 13 de septiembre","robots":{"index":"index","follow":"follow","max-snippet":"max-snippet:-1","max-image-preview":"max-image-preview:large","max-video-preview":"max-video-preview:-1"},"canonical":"https:\/\/nahuelproducciones.com.ar\/radioquijano\/el-gobierno-acordo-con-los-gremios-docentes-un-aumento-del-15-a-cobrar-el-sabado\/","og_locale":"es_ES","og_type":"article","og_title":"El Gobierno acord\u00f3 con los gremios docentes un aumento del 15% a cobrar el s\u00e1bado - RQ 99.9","og_description":"Adem\u00e1s de una asignaci\u00f3n extraordinaria no remunerativa de $30 mil que ser\u00e1 abonada\u00a0el 13 de septiembre","og_url":"https:\/\/nahuelproducciones.com.ar\/radioquijano\/el-gobierno-acordo-con-los-gremios-docentes-un-aumento-del-15-a-cobrar-el-sabado\/","og_site_name":"RQ 99.9","article_publisher":"https:\/\/www.facebook.com\/nahuelproducciones999\/","article_published_time":"2023-09-01T13:06:14+00:00","article_modified_time":"2023-09-01T13:06:17+00:00","og_image":[{"width":700,"height":464,"url":"https:\/\/nahuelproducciones.com.ar\/radioquijano\/wp-content\/uploads\/2023\/09\/8676-el-gobierno-acordo-con-los-gremios-un-aumento-de-15-a-cobrar-el-sabado-ademas-de-una-asignacion-extraordinaria-20230901011605-e1693573565881.jpg","type":"image\/jpeg"}],"author":"Cecilia Pastrana","twitter_card":"summary_large_image","twitter_creator":"@nahuproduciones","twitter_site":"@nahuproduciones","twitter_misc":{"Escrito por":"Cecilia Pastrana","Tiempo de lectura":"2 minutos"},"schema":{"@context":"https:\/\/schema.org","@graph":[{"@type":"WebPage","@id":"https:\/\/nahuelproducciones.com.ar\/radioquijano\/el-gobierno-acordo-con-los-gremios-docentes-un-aumento-del-15-a-cobrar-el-sabado\/","url":"https:\/\/nahuelproducciones.com.ar\/radioquijano\/el-gobierno-acordo-con-los-gremios-docentes-un-aumento-del-15-a-cobrar-el-sabado\/","name":"El Gobierno acord\u00f3 con los gremios docentes un aumento del 15% a cobrar el s\u00e1bado - RQ 99.9","isPartOf":{"@id":"https:\/\/nahuelproducciones.com.ar\/radioquijano\/#website"},"datePublished":"2023-09-01T13:06:14+00:00","dateModified":"2023-09-01T13:06:17+00:00","author":{"@id":"https:\/\/nahuelproducciones.com.ar\/radioquijano\/#\/schema\/person\/e8a4f939e2cb487fe6d0c54042c9d32c"},"description":"Adem\u00e1s de una asignaci\u00f3n extraordinaria no remunerativa de $30 mil que ser\u00e1 abonada\u00a0el 13 de septiembre","breadcrumb":{"@id":"https:\/\/nahuelproducciones.com.ar\/radioquijano\/el-gobierno-acordo-con-los-gremios-docentes-un-aumento-del-15-a-cobrar-el-sabado\/#breadcrumb"},"inLanguage":"es","potentialAction":[{"@type":"ReadAction","target":["https:\/\/nahuelproducciones.com.ar\/radioquijano\/el-gobierno-acordo-con-los-gremios-docentes-un-aumento-del-15-a-cobrar-el-sabado\/"]}]},{"@type":"BreadcrumbList","@id":"https:\/\/nahuelproducciones.com.ar\/radioquijano\/el-gobierno-acordo-con-los-gremios-docentes-un-aumento-del-15-a-cobrar-el-sabado\/#breadcrumb","itemListElement":[{"@type":"ListItem","position":1,"name":"Portada","item":"https:\/\/nahuelproducciones.com.ar\/radioquijano\/"},{"@type":"ListItem","position":2,"name":"El Gobierno acord\u00f3 con los gremios docentes un aumento del 15% a cobrar el s\u00e1bado"}]},{"@type":"WebSite","@id":"https:\/\/nahuelproducciones.com.ar\/radioquijano\/#website","url":"https:\/\/nahuelproducciones.com.ar\/radioquijano\/","name":"RQ 99.9","description":"Radio Quijano 99.9 MHz","potentialAction":[{"@type":"SearchAction","target":{"@type":"EntryPoint","urlTemplate":"https:\/\/nahuelproducciones.com.ar\/radioquijano\/?s={search_term_string}"},"query-input":"required name=search_term_string"}],"inLanguage":"es"},{"@type":"Person","@id":"https:\/\/nahuelproducciones.com.ar\/radioquijano\/#\/schema\/person\/e8a4f939e2cb487fe6d0c54042c9d32c","name":"Cecilia Pastrana","image":{"@type":"ImageObject","inLanguage":"es","@id":"https:\/\/nahuelproducciones.com.ar\/radioquijano\/#\/schema\/person\/image\/","url":"https:\/\/secure.gravatar.com\/avatar\/661a3ef63a8488d4f2794ed44af8cf71420f7e106f3072c40125114df5157749?s=96&d=mm&r=g","contentUrl":"https:\/\/secure.gravatar.com\/avatar\/661a3ef63a8488d4f2794ed44af8cf71420f7e106f3072c40125114df5157749?s=96&d=mm&r=g","caption":"Cecilia Pastrana"},"sameAs":["cecy"],"url":"https:\/\/nahuelproducciones.com.ar\/radioquijano\/author\/cecy\/"}]}},"_links":{"self":[{"href":"https:\/\/nahuelproducciones.com.ar\/radioquijano\/wp-json\/wp\/v2\/posts\/5812","targetHints":{"allow":["GET"]}}],"collection":[{"href":"https:\/\/nahuelproducciones.com.ar\/radioquijano\/wp-json\/wp\/v2\/posts"}],"about":[{"href":"https:\/\/nahuelproducciones.com.ar\/radioquijano\/wp-json\/wp\/v2\/types\/post"}],"author":[{"embeddable":true,"href":"https:\/\/nahuelproducciones.com.ar\/radioquijano\/wp-json\/wp\/v2\/users\/8"}],"replies":[{"embeddable":true,"href":"https:\/\/nahuelproducciones.com.ar\/radioquijano\/wp-json\/wp\/v2\/comments?post=5812"}],"version-history":[{"count":1,"href":"https:\/\/nahuelproducciones.com.ar\/radioquijano\/wp-json\/wp\/v2\/posts\/5812\/revisions"}],"predecessor-version":[{"id":5815,"href":"https:\/\/nahuelproducciones.com.ar\/radioquijano\/wp-json\/wp\/v2\/posts\/5812\/revisions\/5815"}],"wp:featuredmedia":[{"embeddable":true,"href":"https:\/\/nahuelproducciones.com.ar\/radioquijano\/wp-json\/wp\/v2\/media\/5814"}],"wp:attachment":[{"href":"https:\/\/nahuelproducciones.com.ar\/radioquijano\/wp-json\/wp\/v2\/media?parent=5812"}],"wp:term":[{"taxonomy":"category","embeddable":true,"href":"https:\/\/nahuelproducciones.com.ar\/radioquijano\/wp-json\/wp\/v2\/categories?post=5812"},{"taxonomy":"post_tag","embeddable":true,"href":"https:\/\/nahuelproducciones.com.ar\/radioquijano\/wp-json\/wp\/v2\/tags?post=5812"}],"curies":[{"name":"wp","href":"https:\/\/api.w.org\/{rel}","templated":true}]}}