{"id":5816,"date":"2023-09-01T10:24:38","date_gmt":"2023-09-01T13:24:38","guid":{"rendered":"https:\/\/nahuelproducciones.com.ar\/radioquijano\/?p=5816"},"modified":"2023-09-01T10:24:39","modified_gmt":"2023-09-01T13:24:39","slug":"operativo-de-transito-por-desplazamiento-de-un-camion-de-gran-porte","status":"publish","type":"post","link":"https:\/\/nahuelproducciones.com.ar\/radioquijano\/operativo-de-transito-por-desplazamiento-de-un-camion-de-gran-porte\/","title":{"rendered":"Operativo de tr\u00e1nsito por desplazamiento de un cami\u00f3n de gran porte."},"content":{"rendered":"\n<p><strong>Se dispuso un diagrama especial para el acompa\u00f1amiento de este veh\u00edculo pesado que atravesar\u00e1, hoy viernes 1 de septiembre la ruta N\u00b051 Campo Quijano.<\/strong><\/p>\n\n\n\n<p>ransito municipal desplega un amplio dispositivo de seguridad, destinado al acompa\u00f1amiento de camiones de gran porte que ingresan a Campo Quijano.<\/p>\n\n\n\n<p>Se encuentra el Dr Farf\u00e1n y la inspectora Padilla Matilde en el operativo.<\/p>\n\n\n\n<p>Se <a><\/a>recomienda extremar los cuidados, no realizar sobrepasos, reducir velocidad y atender indicaciones de personal uniformado.<\/p>\n\n\n\n<figure class=\"wp-block-gallery has-nested-images columns-default is-cropped wp-block-gallery-1 is-layout-flex wp-block-gallery-is-layout-flex\">\n<figure class=\"wp-block-image size-large\"><img loading=\"lazy\" decoding=\"async\" width=\"461\" height=\"1024\" data-id=\"5821\" src=\"https:\/\/nahuelproducciones.com.ar\/radioquijano\/wp-content\/uploads\/2023\/09\/WhatsApp-Image-2023-09-01-at-9.55.24-AM-1-461x1024.jpeg\" alt=\"\" class=\"wp-image-5821\" srcset=\"https:\/\/nahuelproducciones.com.ar\/radioquijano\/wp-content\/uploads\/2023\/09\/WhatsApp-Image-2023-09-01-at-9.55.24-AM-1-461x1024.jpeg 461w, https:\/\/nahuelproducciones.com.ar\/radioquijano\/wp-content\/uploads\/2023\/09\/WhatsApp-Image-2023-09-01-at-9.55.24-AM-1-135x300.jpeg 135w, https:\/\/nahuelproducciones.com.ar\/radioquijano\/wp-content\/uploads\/2023\/09\/WhatsApp-Image-2023-09-01-at-9.55.24-AM-1-691x1536.jpeg 691w, https:\/\/nahuelproducciones.com.ar\/radioquijano\/wp-content\/uploads\/2023\/09\/WhatsApp-Image-2023-09-01-at-9.55.24-AM-1-150x333.jpeg 150w, https:\/\/nahuelproducciones.com.ar\/radioquijano\/wp-content\/uploads\/2023\/09\/WhatsApp-Image-2023-09-01-at-9.55.24-AM-1.jpeg 720w\" sizes=\"auto, (max-width: 461px) 100vw, 461px\" \/><\/figure>\n\n\n\n<figure class=\"wp-block-image size-large\"><img loading=\"lazy\" decoding=\"async\" width=\"1024\" height=\"768\" data-id=\"5818\" src=\"https:\/\/nahuelproducciones.com.ar\/radioquijano\/wp-content\/uploads\/2023\/09\/WhatsApp-Image-2023-09-01-at-9.55.24-AM-1024x768.jpeg\" alt=\"\" class=\"wp-image-5818\" srcset=\"https:\/\/nahuelproducciones.com.ar\/radioquijano\/wp-content\/uploads\/2023\/09\/WhatsApp-Image-2023-09-01-at-9.55.24-AM-1024x768.jpeg 1024w, https:\/\/nahuelproducciones.com.ar\/radioquijano\/wp-content\/uploads\/2023\/09\/WhatsApp-Image-2023-09-01-at-9.55.24-AM-300x225.jpeg 300w, https:\/\/nahuelproducciones.com.ar\/radioquijano\/wp-content\/uploads\/2023\/09\/WhatsApp-Image-2023-09-01-at-9.55.24-AM-768x576.jpeg 768w, https:\/\/nahuelproducciones.com.ar\/radioquijano\/wp-content\/uploads\/2023\/09\/WhatsApp-Image-2023-09-01-at-9.55.24-AM-1536x1152.jpeg 1536w, https:\/\/nahuelproducciones.com.ar\/radioquijano\/wp-content\/uploads\/2023\/09\/WhatsApp-Image-2023-09-01-at-9.55.24-AM-150x113.jpeg 150w, https:\/\/nahuelproducciones.com.ar\/radioquijano\/wp-content\/uploads\/2023\/09\/WhatsApp-Image-2023-09-01-at-9.55.24-AM.jpeg 1600w\" sizes=\"auto, (max-width: 1024px) 100vw, 1024px\" \/><\/figure>\n\n\n\n<figure class=\"wp-block-image size-large\"><img loading=\"lazy\" decoding=\"async\" width=\"461\" height=\"1024\" data-id=\"5820\" src=\"https:\/\/nahuelproducciones.com.ar\/radioquijano\/wp-content\/uploads\/2023\/09\/WhatsApp-Image-2023-09-01-at-9.55.25-AM-1-461x1024.jpeg\" alt=\"\" class=\"wp-image-5820\" srcset=\"https:\/\/nahuelproducciones.com.ar\/radioquijano\/wp-content\/uploads\/2023\/09\/WhatsApp-Image-2023-09-01-at-9.55.25-AM-1-461x1024.jpeg 461w, https:\/\/nahuelproducciones.com.ar\/radioquijano\/wp-content\/uploads\/2023\/09\/WhatsApp-Image-2023-09-01-at-9.55.25-AM-1-135x300.jpeg 135w, https:\/\/nahuelproducciones.com.ar\/radioquijano\/wp-content\/uploads\/2023\/09\/WhatsApp-Image-2023-09-01-at-9.55.25-AM-1-691x1536.jpeg 691w, https:\/\/nahuelproducciones.com.ar\/radioquijano\/wp-content\/uploads\/2023\/09\/WhatsApp-Image-2023-09-01-at-9.55.25-AM-1-150x333.jpeg 150w, https:\/\/nahuelproducciones.com.ar\/radioquijano\/wp-content\/uploads\/2023\/09\/WhatsApp-Image-2023-09-01-at-9.55.25-AM-1.jpeg 720w\" sizes=\"auto, (max-width: 461px) 100vw, 461px\" \/><\/figure>\n\n\n\n<figure class=\"wp-block-image size-large\"><img loading=\"lazy\" decoding=\"async\" width=\"461\" height=\"1024\" data-id=\"5819\" src=\"https:\/\/nahuelproducciones.com.ar\/radioquijano\/wp-content\/uploads\/2023\/09\/WhatsApp-Image-2023-09-01-at-9.55.25-AM-461x1024.jpeg\" alt=\"\" class=\"wp-image-5819\" srcset=\"https:\/\/nahuelproducciones.com.ar\/radioquijano\/wp-content\/uploads\/2023\/09\/WhatsApp-Image-2023-09-01-at-9.55.25-AM-461x1024.jpeg 461w, https:\/\/nahuelproducciones.com.ar\/radioquijano\/wp-content\/uploads\/2023\/09\/WhatsApp-Image-2023-09-01-at-9.55.25-AM-135x300.jpeg 135w, https:\/\/nahuelproducciones.com.ar\/radioquijano\/wp-content\/uploads\/2023\/09\/WhatsApp-Image-2023-09-01-at-9.55.25-AM-691x1536.jpeg 691w, https:\/\/nahuelproducciones.com.ar\/radioquijano\/wp-content\/uploads\/2023\/09\/WhatsApp-Image-2023-09-01-at-9.55.25-AM-150x333.jpeg 150w, https:\/\/nahuelproducciones.com.ar\/radioquijano\/wp-content\/uploads\/2023\/09\/WhatsApp-Image-2023-09-01-at-9.55.25-AM.jpeg 720w\" sizes=\"auto, (max-width: 461px) 100vw, 461px\" \/><\/figure>\n\n\n\n<figure class=\"wp-block-image size-large\"><img loading=\"lazy\" decoding=\"async\" width=\"1024\" height=\"576\" data-id=\"5822\" src=\"https:\/\/nahuelproducciones.com.ar\/radioquijano\/wp-content\/uploads\/2023\/09\/WhatsApp-Image-2023-09-01-at-9.56.59-AM-1024x576.jpeg\" alt=\"\" class=\"wp-image-5822\"\/><\/figure>\n<\/figure>\n","protected":false},"excerpt":{"rendered":"<p>Se dispuso un diagrama especial para el acompa\u00f1amiento de este veh\u00edculo pesado que atravesar\u00e1, hoy viernes 1 de septiembre la ruta N\u00b051 Campo Quijano. ransito municipal desplega un amplio dispositivo de seguridad, destinado al acompa\u00f1amiento de camiones de gran porte que ingresan a Campo Quijano. Se encuentra el Dr Farf\u00e1n y la inspectora Padilla Matilde [&hellip;]<\/p>\n","protected":false},"author":8,"featured_media":5822,"comment_status":"open","ping_status":"open","sticky":false,"template":"","format":"standard","meta":{"_monsterinsights_skip_tracking":false,"_monsterinsights_sitenote_active":false,"_monsterinsights_sitenote_note":"","_monsterinsights_sitenote_category":0,"footnotes":""},"categories":[16],"tags":[1223,308,100,1222],"class_list":["post-5816","post","type-post","status-publish","format-standard","has-post-thumbnail","hentry","category-noticias","tag-camion-gran-porte","tag-dr-farfan","tag-municipio-de-campo-quijano","tag-transito"],"yoast_head":"<!-- This site is optimized with the Yoast SEO plugin v20.8 - https:\/\/yoast.com\/wordpress\/plugins\/seo\/ -->\n<title>Operativo de tr\u00e1nsito por desplazamiento de un cami\u00f3n de gran porte. - RQ 99.9<\/title>\n<meta name=\"description\" content=\"Se recomienda extremar los cuidados, no realizar sobrepasos, reducir velocidad y atender indicaciones de personal uniformado.\" \/>\n<meta name=\"robots\" content=\"index, follow, max-snippet:-1, max-image-preview:large, max-video-preview:-1\" \/>\n<link rel=\"canonical\" href=\"https:\/\/nahuelproducciones.com.ar\/radioquijano\/operativo-de-transito-por-desplazamiento-de-un-camion-de-gran-porte\/\" \/>\n<meta property=\"og:locale\" content=\"es_ES\" \/>\n<meta property=\"og:type\" content=\"article\" \/>\n<meta property=\"og:title\" content=\"Operativo de tr\u00e1nsito por desplazamiento de un cami\u00f3n de gran porte. - RQ 99.9\" \/>\n<meta property=\"og:description\" content=\"Se recomienda extremar los cuidados, no realizar sobrepasos, reducir velocidad y atender indicaciones de personal uniformado.\" \/>\n<meta property=\"og:url\" content=\"https:\/\/nahuelproducciones.com.ar\/radioquijano\/operativo-de-transito-por-desplazamiento-de-un-camion-de-gran-porte\/\" \/>\n<meta property=\"og:site_name\" content=\"RQ 99.9\" \/>\n<meta property=\"article:publisher\" content=\"https:\/\/www.facebook.com\/nahuelproducciones999\/\" \/>\n<meta property=\"article:published_time\" content=\"2023-09-01T13:24:38+00:00\" \/>\n<meta property=\"article:modified_time\" content=\"2023-09-01T13:24:39+00:00\" \/>\n<meta property=\"og:image\" content=\"https:\/\/nahuelproducciones.com.ar\/radioquijano\/wp-content\/uploads\/2023\/09\/WhatsApp-Image-2023-09-01-at-9.56.59-AM-e1693574671556.jpeg\" \/>\n\t<meta property=\"og:image:width\" content=\"700\" \/>\n\t<meta property=\"og:image:height\" content=\"394\" \/>\n\t<meta property=\"og:image:type\" content=\"image\/jpeg\" \/>\n<meta name=\"author\" content=\"Cecilia Pastrana\" \/>\n<meta name=\"twitter:card\" content=\"summary_large_image\" \/>\n<meta name=\"twitter:creator\" content=\"@nahuproduciones\" \/>\n<meta name=\"twitter:site\" content=\"@nahuproduciones\" \/>\n<meta name=\"twitter:label1\" content=\"Escrito por\" \/>\n\t<meta name=\"twitter:data1\" content=\"Cecilia Pastrana\" \/>\n\t<meta name=\"twitter:label2\" content=\"Tiempo de lectura\" \/>\n\t<meta name=\"twitter:data2\" content=\"2 minutos\" \/>\n<script type=\"application\/ld+json\" class=\"yoast-schema-graph\">{\"@context\":\"https:\/\/schema.org\",\"@graph\":[{\"@type\":\"WebPage\",\"@id\":\"https:\/\/nahuelproducciones.com.ar\/radioquijano\/operativo-de-transito-por-desplazamiento-de-un-camion-de-gran-porte\/\",\"url\":\"https:\/\/nahuelproducciones.com.ar\/radioquijano\/operativo-de-transito-por-desplazamiento-de-un-camion-de-gran-porte\/\",\"name\":\"Operativo de tr\u00e1nsito por desplazamiento de un cami\u00f3n de gran porte. - RQ 99.9\",\"isPartOf\":{\"@id\":\"https:\/\/nahuelproducciones.com.ar\/radioquijano\/#website\"},\"datePublished\":\"2023-09-01T13:24:38+00:00\",\"dateModified\":\"2023-09-01T13:24:39+00:00\",\"author\":{\"@id\":\"https:\/\/nahuelproducciones.com.ar\/radioquijano\/#\/schema\/person\/e8a4f939e2cb487fe6d0c54042c9d32c\"},\"description\":\"Se recomienda extremar los cuidados, no realizar sobrepasos, reducir velocidad y atender indicaciones de personal uniformado.\",\"breadcrumb\":{\"@id\":\"https:\/\/nahuelproducciones.com.ar\/radioquijano\/operativo-de-transito-por-desplazamiento-de-un-camion-de-gran-porte\/#breadcrumb\"},\"inLanguage\":\"es\",\"potentialAction\":[{\"@type\":\"ReadAction\",\"target\":[\"https:\/\/nahuelproducciones.com.ar\/radioquijano\/operativo-de-transito-por-desplazamiento-de-un-camion-de-gran-porte\/\"]}]},{\"@type\":\"BreadcrumbList\",\"@id\":\"https:\/\/nahuelproducciones.com.ar\/radioquijano\/operativo-de-transito-por-desplazamiento-de-un-camion-de-gran-porte\/#breadcrumb\",\"itemListElement\":[{\"@type\":\"ListItem\",\"position\":1,\"name\":\"Portada\",\"item\":\"https:\/\/nahuelproducciones.com.ar\/radioquijano\/\"},{\"@type\":\"ListItem\",\"position\":2,\"name\":\"Operativo de tr\u00e1nsito por desplazamiento de un cami\u00f3n de gran porte.\"}]},{\"@type\":\"WebSite\",\"@id\":\"https:\/\/nahuelproducciones.com.ar\/radioquijano\/#website\",\"url\":\"https:\/\/nahuelproducciones.com.ar\/radioquijano\/\",\"name\":\"RQ 99.9\",\"description\":\"Radio Quijano 99.9 MHz\",\"potentialAction\":[{\"@type\":\"SearchAction\",\"target\":{\"@type\":\"EntryPoint\",\"urlTemplate\":\"https:\/\/nahuelproducciones.com.ar\/radioquijano\/?s={search_term_string}\"},\"query-input\":\"required name=search_term_string\"}],\"inLanguage\":\"es\"},{\"@type\":\"Person\",\"@id\":\"https:\/\/nahuelproducciones.com.ar\/radioquijano\/#\/schema\/person\/e8a4f939e2cb487fe6d0c54042c9d32c\",\"name\":\"Cecilia Pastrana\",\"image\":{\"@type\":\"ImageObject\",\"inLanguage\":\"es\",\"@id\":\"https:\/\/nahuelproducciones.com.ar\/radioquijano\/#\/schema\/person\/image\/\",\"url\":\"https:\/\/secure.gravatar.com\/avatar\/661a3ef63a8488d4f2794ed44af8cf71420f7e106f3072c40125114df5157749?s=96&d=mm&r=g\",\"contentUrl\":\"https:\/\/secure.gravatar.com\/avatar\/661a3ef63a8488d4f2794ed44af8cf71420f7e106f3072c40125114df5157749?s=96&d=mm&r=g\",\"caption\":\"Cecilia Pastrana\"},\"sameAs\":[\"cecy\"],\"url\":\"https:\/\/nahuelproducciones.com.ar\/radioquijano\/author\/cecy\/\"}]}<\/script>\n<!-- \/ Yoast SEO plugin. -->","yoast_head_json":{"title":"Operativo de tr\u00e1nsito por desplazamiento de un cami\u00f3n de gran porte. - RQ 99.9","description":"Se recomienda extremar los cuidados, no realizar sobrepasos, reducir velocidad y atender indicaciones de personal uniformado.","robots":{"index":"index","follow":"follow","max-snippet":"max-snippet:-1","max-image-preview":"max-image-preview:large","max-video-preview":"max-video-preview:-1"},"canonical":"https:\/\/nahuelproducciones.com.ar\/radioquijano\/operativo-de-transito-por-desplazamiento-de-un-camion-de-gran-porte\/","og_locale":"es_ES","og_type":"article","og_title":"Operativo de tr\u00e1nsito por desplazamiento de un cami\u00f3n de gran porte. - RQ 99.9","og_description":"Se recomienda extremar los cuidados, no realizar sobrepasos, reducir velocidad y atender indicaciones de personal uniformado.","og_url":"https:\/\/nahuelproducciones.com.ar\/radioquijano\/operativo-de-transito-por-desplazamiento-de-un-camion-de-gran-porte\/","og_site_name":"RQ 99.9","article_publisher":"https:\/\/www.facebook.com\/nahuelproducciones999\/","article_published_time":"2023-09-01T13:24:38+00:00","article_modified_time":"2023-09-01T13:24:39+00:00","og_image":[{"width":700,"height":394,"url":"https:\/\/nahuelproducciones.com.ar\/radioquijano\/wp-content\/uploads\/2023\/09\/WhatsApp-Image-2023-09-01-at-9.56.59-AM-e1693574671556.jpeg","type":"image\/jpeg"}],"author":"Cecilia Pastrana","twitter_card":"summary_large_image","twitter_creator":"@nahuproduciones","twitter_site":"@nahuproduciones","twitter_misc":{"Escrito por":"Cecilia Pastrana","Tiempo de lectura":"2 minutos"},"schema":{"@context":"https:\/\/schema.org","@graph":[{"@type":"WebPage","@id":"https:\/\/nahuelproducciones.com.ar\/radioquijano\/operativo-de-transito-por-desplazamiento-de-un-camion-de-gran-porte\/","url":"https:\/\/nahuelproducciones.com.ar\/radioquijano\/operativo-de-transito-por-desplazamiento-de-un-camion-de-gran-porte\/","name":"Operativo de tr\u00e1nsito por desplazamiento de un cami\u00f3n de gran porte. - RQ 99.9","isPartOf":{"@id":"https:\/\/nahuelproducciones.com.ar\/radioquijano\/#website"},"datePublished":"2023-09-01T13:24:38+00:00","dateModified":"2023-09-01T13:24:39+00:00","author":{"@id":"https:\/\/nahuelproducciones.com.ar\/radioquijano\/#\/schema\/person\/e8a4f939e2cb487fe6d0c54042c9d32c"},"description":"Se recomienda extremar los cuidados, no realizar sobrepasos, reducir velocidad y atender indicaciones de personal uniformado.","breadcrumb":{"@id":"https:\/\/nahuelproducciones.com.ar\/radioquijano\/operativo-de-transito-por-desplazamiento-de-un-camion-de-gran-porte\/#breadcrumb"},"inLanguage":"es","potentialAction":[{"@type":"ReadAction","target":["https:\/\/nahuelproducciones.com.ar\/radioquijano\/operativo-de-transito-por-desplazamiento-de-un-camion-de-gran-porte\/"]}]},{"@type":"BreadcrumbList","@id":"https:\/\/nahuelproducciones.com.ar\/radioquijano\/operativo-de-transito-por-desplazamiento-de-un-camion-de-gran-porte\/#breadcrumb","itemListElement":[{"@type":"ListItem","position":1,"name":"Portada","item":"https:\/\/nahuelproducciones.com.ar\/radioquijano\/"},{"@type":"ListItem","position":2,"name":"Operativo de tr\u00e1nsito por desplazamiento de un cami\u00f3n de gran porte."}]},{"@type":"WebSite","@id":"https:\/\/nahuelproducciones.com.ar\/radioquijano\/#website","url":"https:\/\/nahuelproducciones.com.ar\/radioquijano\/","name":"RQ 99.9","description":"Radio Quijano 99.9 MHz","potentialAction":[{"@type":"SearchAction","target":{"@type":"EntryPoint","urlTemplate":"https:\/\/nahuelproducciones.com.ar\/radioquijano\/?s={search_term_string}"},"query-input":"required name=search_term_string"}],"inLanguage":"es"},{"@type":"Person","@id":"https:\/\/nahuelproducciones.com.ar\/radioquijano\/#\/schema\/person\/e8a4f939e2cb487fe6d0c54042c9d32c","name":"Cecilia Pastrana","image":{"@type":"ImageObject","inLanguage":"es","@id":"https:\/\/nahuelproducciones.com.ar\/radioquijano\/#\/schema\/person\/image\/","url":"https:\/\/secure.gravatar.com\/avatar\/661a3ef63a8488d4f2794ed44af8cf71420f7e106f3072c40125114df5157749?s=96&d=mm&r=g","contentUrl":"https:\/\/secure.gravatar.com\/avatar\/661a3ef63a8488d4f2794ed44af8cf71420f7e106f3072c40125114df5157749?s=96&d=mm&r=g","caption":"Cecilia Pastrana"},"sameAs":["cecy"],"url":"https:\/\/nahuelproducciones.com.ar\/radioquijano\/author\/cecy\/"}]}},"_links":{"self":[{"href":"https:\/\/nahuelproducciones.com.ar\/radioquijano\/wp-json\/wp\/v2\/posts\/5816","targetHints":{"allow":["GET"]}}],"collection":[{"href":"https:\/\/nahuelproducciones.com.ar\/radioquijano\/wp-json\/wp\/v2\/posts"}],"about":[{"href":"https:\/\/nahuelproducciones.com.ar\/radioquijano\/wp-json\/wp\/v2\/types\/post"}],"author":[{"embeddable":true,"href":"https:\/\/nahuelproducciones.com.ar\/radioquijano\/wp-json\/wp\/v2\/users\/8"}],"replies":[{"embeddable":true,"href":"https:\/\/nahuelproducciones.com.ar\/radioquijano\/wp-json\/wp\/v2\/comments?post=5816"}],"version-history":[{"count":1,"href":"https:\/\/nahuelproducciones.com.ar\/radioquijano\/wp-json\/wp\/v2\/posts\/5816\/revisions"}],"predecessor-version":[{"id":5823,"href":"https:\/\/nahuelproducciones.com.ar\/radioquijano\/wp-json\/wp\/v2\/posts\/5816\/revisions\/5823"}],"wp:featuredmedia":[{"embeddable":true,"href":"https:\/\/nahuelproducciones.com.ar\/radioquijano\/wp-json\/wp\/v2\/media\/5822"}],"wp:attachment":[{"href":"https:\/\/nahuelproducciones.com.ar\/radioquijano\/wp-json\/wp\/v2\/media?parent=5816"}],"wp:term":[{"taxonomy":"category","embeddable":true,"href":"https:\/\/nahuelproducciones.com.ar\/radioquijano\/wp-json\/wp\/v2\/categories?post=5816"},{"taxonomy":"post_tag","embeddable":true,"href":"https:\/\/nahuelproducciones.com.ar\/radioquijano\/wp-json\/wp\/v2\/tags?post=5816"}],"curies":[{"name":"wp","href":"https:\/\/api.w.org\/{rel}","templated":true}]}}