{"id":5828,"date":"2023-09-02T15:07:36","date_gmt":"2023-09-02T18:07:36","guid":{"rendered":"https:\/\/nahuelproducciones.com.ar\/radioquijano\/?p=5828"},"modified":"2023-09-02T15:07:37","modified_gmt":"2023-09-02T18:07:37","slug":"actividades-escolares-durante-la-semana-del-11-al-15-de-septiembre","status":"publish","type":"post","link":"https:\/\/nahuelproducciones.com.ar\/radioquijano\/actividades-escolares-durante-la-semana-del-11-al-15-de-septiembre\/","title":{"rendered":"Actividades escolares durante la semana del 11 al 15 de septiembre"},"content":{"rendered":"\n<p>El pr\u00f3ximo lunes 11 habr\u00e1 actividades escolares habituales y el acto por el D\u00eda del Maestro se realizar\u00e1 en forma 2, es decir, en la \u00faltima hora de clases y con la participaci\u00f3n de toda la comunidad educativa.<\/p>\n\n\n\n<p>El Ministerio de Educaci\u00f3n, Cultura, Ciencia y Tecnolog\u00eda &nbsp;brind\u00f3 detalles sobre los d\u00edas sin actividades escolares comprendidos en la semana que va del lunes 11 al viernes 15 de septiembre, oportunidad en que Salta conmemora la Fiesta del Se\u00f1or y la Virgen del Milagro.<\/p>\n\n\n\n<p>En este sentido, la cartera educativa provincial inform\u00f3 que el lunes 11 se trabajar\u00e1 normalmente y se realizar\u00e1 el acto por el D\u00eda del Maestro en la \u00faltima hora de clases en forma 2. El martes 12 no habr\u00e1 actividades.<\/p>\n\n\n\n<p>Cabe mencionar que los d\u00edas 13, 14 y 15 de septiembre corresponden al feriado provincial enmarcado en los festejos anteriormente mencionados.<\/p>\n\n\n\n<hr class=\"wp-block-separator has-alpha-channel-opacity\"\/>\n\n\n\n<p>Fuente:&nbsp;<strong>Secretaria de Prensa y Comunicaci\u00f3n<\/strong><\/p>\n","protected":false},"excerpt":{"rendered":"<p>El pr\u00f3ximo lunes 11 habr\u00e1 actividades escolares habituales y el acto por el D\u00eda del Maestro se realizar\u00e1 en forma 2, es decir, en la \u00faltima hora de clases y con la participaci\u00f3n de toda la comunidad educativa. El Ministerio de Educaci\u00f3n, Cultura, Ciencia y Tecnolog\u00eda &nbsp;brind\u00f3 detalles sobre los d\u00edas sin actividades escolares comprendidos [&hellip;]<\/p>\n","protected":false},"author":8,"featured_media":5829,"comment_status":"open","ping_status":"open","sticky":false,"template":"","format":"standard","meta":{"_monsterinsights_skip_tracking":false,"_monsterinsights_sitenote_active":false,"_monsterinsights_sitenote_note":"","_monsterinsights_sitenote_category":0,"footnotes":""},"categories":[16],"tags":[630,629,1225,100,657,1224],"class_list":["post-5828","post","type-post","status-publish","format-standard","has-post-thumbnail","hentry","category-noticias","tag-ciencia-y-tecnologia","tag-cultura","tag-el-ministerio-de-educacion","tag-municipio-de-campo-quijano","tag-provincia-de-salta","tag-septiembre"],"yoast_head":"<!-- This site is optimized with the Yoast SEO plugin v20.8 - https:\/\/yoast.com\/wordpress\/plugins\/seo\/ -->\n<title>Actividades escolares durante la semana del 11 al 15 de septiembre - RQ 99.9<\/title>\n<meta name=\"description\" content=\"El pr\u00f3ximo lunes 11 habr\u00e1 actividades escolares habituales .\" \/>\n<meta name=\"robots\" content=\"index, follow, max-snippet:-1, max-image-preview:large, max-video-preview:-1\" \/>\n<link rel=\"canonical\" href=\"https:\/\/nahuelproducciones.com.ar\/radioquijano\/actividades-escolares-durante-la-semana-del-11-al-15-de-septiembre\/\" \/>\n<meta property=\"og:locale\" content=\"es_ES\" \/>\n<meta property=\"og:type\" content=\"article\" \/>\n<meta property=\"og:title\" content=\"Actividades escolares durante la semana del 11 al 15 de septiembre - RQ 99.9\" \/>\n<meta property=\"og:description\" content=\"El pr\u00f3ximo lunes 11 habr\u00e1 actividades escolares habituales .\" \/>\n<meta property=\"og:url\" content=\"https:\/\/nahuelproducciones.com.ar\/radioquijano\/actividades-escolares-durante-la-semana-del-11-al-15-de-septiembre\/\" \/>\n<meta property=\"og:site_name\" content=\"RQ 99.9\" \/>\n<meta property=\"article:publisher\" content=\"https:\/\/www.facebook.com\/nahuelproducciones999\/\" \/>\n<meta property=\"article:published_time\" content=\"2023-09-02T18:07:36+00:00\" \/>\n<meta property=\"article:modified_time\" content=\"2023-09-02T18:07:37+00:00\" \/>\n<meta property=\"og:image\" content=\"https:\/\/nahuelproducciones.com.ar\/radioquijano\/wp-content\/uploads\/2023\/09\/91390-actividades-escolares-durante-la-semana-del-11-al-15-de-septiembre-e1693678041571.jpg\" \/>\n\t<meta property=\"og:image:width\" content=\"560\" \/>\n\t<meta property=\"og:image:height\" content=\"370\" \/>\n\t<meta property=\"og:image:type\" content=\"image\/jpeg\" \/>\n<meta name=\"author\" content=\"Cecilia Pastrana\" \/>\n<meta name=\"twitter:card\" content=\"summary_large_image\" \/>\n<meta name=\"twitter:creator\" content=\"@nahuproduciones\" \/>\n<meta name=\"twitter:site\" content=\"@nahuproduciones\" \/>\n<meta name=\"twitter:label1\" content=\"Escrito por\" \/>\n\t<meta name=\"twitter:data1\" content=\"Cecilia Pastrana\" \/>\n\t<meta name=\"twitter:label2\" content=\"Tiempo de lectura\" \/>\n\t<meta name=\"twitter:data2\" content=\"1 minuto\" \/>\n<script type=\"application\/ld+json\" class=\"yoast-schema-graph\">{\"@context\":\"https:\/\/schema.org\",\"@graph\":[{\"@type\":\"WebPage\",\"@id\":\"https:\/\/nahuelproducciones.com.ar\/radioquijano\/actividades-escolares-durante-la-semana-del-11-al-15-de-septiembre\/\",\"url\":\"https:\/\/nahuelproducciones.com.ar\/radioquijano\/actividades-escolares-durante-la-semana-del-11-al-15-de-septiembre\/\",\"name\":\"Actividades escolares durante la semana del 11 al 15 de septiembre - RQ 99.9\",\"isPartOf\":{\"@id\":\"https:\/\/nahuelproducciones.com.ar\/radioquijano\/#website\"},\"datePublished\":\"2023-09-02T18:07:36+00:00\",\"dateModified\":\"2023-09-02T18:07:37+00:00\",\"author\":{\"@id\":\"https:\/\/nahuelproducciones.com.ar\/radioquijano\/#\/schema\/person\/e8a4f939e2cb487fe6d0c54042c9d32c\"},\"description\":\"El pr\u00f3ximo lunes 11 habr\u00e1 actividades escolares habituales .\",\"breadcrumb\":{\"@id\":\"https:\/\/nahuelproducciones.com.ar\/radioquijano\/actividades-escolares-durante-la-semana-del-11-al-15-de-septiembre\/#breadcrumb\"},\"inLanguage\":\"es\",\"potentialAction\":[{\"@type\":\"ReadAction\",\"target\":[\"https:\/\/nahuelproducciones.com.ar\/radioquijano\/actividades-escolares-durante-la-semana-del-11-al-15-de-septiembre\/\"]}]},{\"@type\":\"BreadcrumbList\",\"@id\":\"https:\/\/nahuelproducciones.com.ar\/radioquijano\/actividades-escolares-durante-la-semana-del-11-al-15-de-septiembre\/#breadcrumb\",\"itemListElement\":[{\"@type\":\"ListItem\",\"position\":1,\"name\":\"Portada\",\"item\":\"https:\/\/nahuelproducciones.com.ar\/radioquijano\/\"},{\"@type\":\"ListItem\",\"position\":2,\"name\":\"Actividades escolares durante la semana del 11 al 15 de septiembre\"}]},{\"@type\":\"WebSite\",\"@id\":\"https:\/\/nahuelproducciones.com.ar\/radioquijano\/#website\",\"url\":\"https:\/\/nahuelproducciones.com.ar\/radioquijano\/\",\"name\":\"RQ 99.9\",\"description\":\"Radio Quijano 99.9 MHz\",\"potentialAction\":[{\"@type\":\"SearchAction\",\"target\":{\"@type\":\"EntryPoint\",\"urlTemplate\":\"https:\/\/nahuelproducciones.com.ar\/radioquijano\/?s={search_term_string}\"},\"query-input\":\"required name=search_term_string\"}],\"inLanguage\":\"es\"},{\"@type\":\"Person\",\"@id\":\"https:\/\/nahuelproducciones.com.ar\/radioquijano\/#\/schema\/person\/e8a4f939e2cb487fe6d0c54042c9d32c\",\"name\":\"Cecilia Pastrana\",\"image\":{\"@type\":\"ImageObject\",\"inLanguage\":\"es\",\"@id\":\"https:\/\/nahuelproducciones.com.ar\/radioquijano\/#\/schema\/person\/image\/\",\"url\":\"https:\/\/secure.gravatar.com\/avatar\/661a3ef63a8488d4f2794ed44af8cf71420f7e106f3072c40125114df5157749?s=96&d=mm&r=g\",\"contentUrl\":\"https:\/\/secure.gravatar.com\/avatar\/661a3ef63a8488d4f2794ed44af8cf71420f7e106f3072c40125114df5157749?s=96&d=mm&r=g\",\"caption\":\"Cecilia Pastrana\"},\"sameAs\":[\"cecy\"],\"url\":\"https:\/\/nahuelproducciones.com.ar\/radioquijano\/author\/cecy\/\"}]}<\/script>\n<!-- \/ Yoast SEO plugin. -->","yoast_head_json":{"title":"Actividades escolares durante la semana del 11 al 15 de septiembre - RQ 99.9","description":"El pr\u00f3ximo lunes 11 habr\u00e1 actividades escolares habituales .","robots":{"index":"index","follow":"follow","max-snippet":"max-snippet:-1","max-image-preview":"max-image-preview:large","max-video-preview":"max-video-preview:-1"},"canonical":"https:\/\/nahuelproducciones.com.ar\/radioquijano\/actividades-escolares-durante-la-semana-del-11-al-15-de-septiembre\/","og_locale":"es_ES","og_type":"article","og_title":"Actividades escolares durante la semana del 11 al 15 de septiembre - RQ 99.9","og_description":"El pr\u00f3ximo lunes 11 habr\u00e1 actividades escolares habituales .","og_url":"https:\/\/nahuelproducciones.com.ar\/radioquijano\/actividades-escolares-durante-la-semana-del-11-al-15-de-septiembre\/","og_site_name":"RQ 99.9","article_publisher":"https:\/\/www.facebook.com\/nahuelproducciones999\/","article_published_time":"2023-09-02T18:07:36+00:00","article_modified_time":"2023-09-02T18:07:37+00:00","og_image":[{"width":560,"height":370,"url":"https:\/\/nahuelproducciones.com.ar\/radioquijano\/wp-content\/uploads\/2023\/09\/91390-actividades-escolares-durante-la-semana-del-11-al-15-de-septiembre-e1693678041571.jpg","type":"image\/jpeg"}],"author":"Cecilia Pastrana","twitter_card":"summary_large_image","twitter_creator":"@nahuproduciones","twitter_site":"@nahuproduciones","twitter_misc":{"Escrito por":"Cecilia Pastrana","Tiempo de lectura":"1 minuto"},"schema":{"@context":"https:\/\/schema.org","@graph":[{"@type":"WebPage","@id":"https:\/\/nahuelproducciones.com.ar\/radioquijano\/actividades-escolares-durante-la-semana-del-11-al-15-de-septiembre\/","url":"https:\/\/nahuelproducciones.com.ar\/radioquijano\/actividades-escolares-durante-la-semana-del-11-al-15-de-septiembre\/","name":"Actividades escolares durante la semana del 11 al 15 de septiembre - RQ 99.9","isPartOf":{"@id":"https:\/\/nahuelproducciones.com.ar\/radioquijano\/#website"},"datePublished":"2023-09-02T18:07:36+00:00","dateModified":"2023-09-02T18:07:37+00:00","author":{"@id":"https:\/\/nahuelproducciones.com.ar\/radioquijano\/#\/schema\/person\/e8a4f939e2cb487fe6d0c54042c9d32c"},"description":"El pr\u00f3ximo lunes 11 habr\u00e1 actividades escolares habituales .","breadcrumb":{"@id":"https:\/\/nahuelproducciones.com.ar\/radioquijano\/actividades-escolares-durante-la-semana-del-11-al-15-de-septiembre\/#breadcrumb"},"inLanguage":"es","potentialAction":[{"@type":"ReadAction","target":["https:\/\/nahuelproducciones.com.ar\/radioquijano\/actividades-escolares-durante-la-semana-del-11-al-15-de-septiembre\/"]}]},{"@type":"BreadcrumbList","@id":"https:\/\/nahuelproducciones.com.ar\/radioquijano\/actividades-escolares-durante-la-semana-del-11-al-15-de-septiembre\/#breadcrumb","itemListElement":[{"@type":"ListItem","position":1,"name":"Portada","item":"https:\/\/nahuelproducciones.com.ar\/radioquijano\/"},{"@type":"ListItem","position":2,"name":"Actividades escolares durante la semana del 11 al 15 de septiembre"}]},{"@type":"WebSite","@id":"https:\/\/nahuelproducciones.com.ar\/radioquijano\/#website","url":"https:\/\/nahuelproducciones.com.ar\/radioquijano\/","name":"RQ 99.9","description":"Radio Quijano 99.9 MHz","potentialAction":[{"@type":"SearchAction","target":{"@type":"EntryPoint","urlTemplate":"https:\/\/nahuelproducciones.com.ar\/radioquijano\/?s={search_term_string}"},"query-input":"required name=search_term_string"}],"inLanguage":"es"},{"@type":"Person","@id":"https:\/\/nahuelproducciones.com.ar\/radioquijano\/#\/schema\/person\/e8a4f939e2cb487fe6d0c54042c9d32c","name":"Cecilia Pastrana","image":{"@type":"ImageObject","inLanguage":"es","@id":"https:\/\/nahuelproducciones.com.ar\/radioquijano\/#\/schema\/person\/image\/","url":"https:\/\/secure.gravatar.com\/avatar\/661a3ef63a8488d4f2794ed44af8cf71420f7e106f3072c40125114df5157749?s=96&d=mm&r=g","contentUrl":"https:\/\/secure.gravatar.com\/avatar\/661a3ef63a8488d4f2794ed44af8cf71420f7e106f3072c40125114df5157749?s=96&d=mm&r=g","caption":"Cecilia Pastrana"},"sameAs":["cecy"],"url":"https:\/\/nahuelproducciones.com.ar\/radioquijano\/author\/cecy\/"}]}},"_links":{"self":[{"href":"https:\/\/nahuelproducciones.com.ar\/radioquijano\/wp-json\/wp\/v2\/posts\/5828","targetHints":{"allow":["GET"]}}],"collection":[{"href":"https:\/\/nahuelproducciones.com.ar\/radioquijano\/wp-json\/wp\/v2\/posts"}],"about":[{"href":"https:\/\/nahuelproducciones.com.ar\/radioquijano\/wp-json\/wp\/v2\/types\/post"}],"author":[{"embeddable":true,"href":"https:\/\/nahuelproducciones.com.ar\/radioquijano\/wp-json\/wp\/v2\/users\/8"}],"replies":[{"embeddable":true,"href":"https:\/\/nahuelproducciones.com.ar\/radioquijano\/wp-json\/wp\/v2\/comments?post=5828"}],"version-history":[{"count":1,"href":"https:\/\/nahuelproducciones.com.ar\/radioquijano\/wp-json\/wp\/v2\/posts\/5828\/revisions"}],"predecessor-version":[{"id":5830,"href":"https:\/\/nahuelproducciones.com.ar\/radioquijano\/wp-json\/wp\/v2\/posts\/5828\/revisions\/5830"}],"wp:featuredmedia":[{"embeddable":true,"href":"https:\/\/nahuelproducciones.com.ar\/radioquijano\/wp-json\/wp\/v2\/media\/5829"}],"wp:attachment":[{"href":"https:\/\/nahuelproducciones.com.ar\/radioquijano\/wp-json\/wp\/v2\/media?parent=5828"}],"wp:term":[{"taxonomy":"category","embeddable":true,"href":"https:\/\/nahuelproducciones.com.ar\/radioquijano\/wp-json\/wp\/v2\/categories?post=5828"},{"taxonomy":"post_tag","embeddable":true,"href":"https:\/\/nahuelproducciones.com.ar\/radioquijano\/wp-json\/wp\/v2\/tags?post=5828"}],"curies":[{"name":"wp","href":"https:\/\/api.w.org\/{rel}","templated":true}]}}