{"id":5831,"date":"2023-09-02T23:35:35","date_gmt":"2023-09-03T02:35:35","guid":{"rendered":"https:\/\/nahuelproducciones.com.ar\/radioquijano\/?p=5831"},"modified":"2023-09-02T23:51:22","modified_gmt":"2023-09-03T02:51:22","slug":"denuncian-a-gobernador-gustavo-saenz","status":"publish","type":"post","link":"https:\/\/nahuelproducciones.com.ar\/radioquijano\/denuncian-a-gobernador-gustavo-saenz\/","title":{"rendered":"Denuncian al gobernador Gustavo Saenz"},"content":{"rendered":"\n<p>La Docente Celia Alejandra Alancay efectu\u00f3 una denuncia contra el gobernador de la provincia de Salta por \u201cabandono de persona e incumplimiento de los deberes de funcionario p\u00fablico\u201d.<\/p>\n\n\n\n<p>La denuncia se origin\u00f3 a causa de la falta de respuesta de las autoridades competentes y el no acercamiento a los docentes que a\u00fan contin\u00faan de paro en el acampe, en Plaza 9 de julio de la ciudad capital desde el 3 de mayo del corriente a\u00f1o.<\/p>\n\n\n\n<p>Recuerda que no solo est\u00e1n solicitando mejorar los sueldos magros, que seg\u00fan el gobernador los docentes son los mejores pagos, est\u00e1n pidiendo entre otras cosas que vean a las instituciones que est\u00e1n en una situaci\u00f3n lamentable.<\/p>\n\n\n\n<p>Alancay expone en RQ99.9Mhz que considera que han sufrido el abandono por parte del Estado provincial, nadie les da respuestas, ni explicaciones, los docentes presentan en estos momentos un desgaste f\u00edsico, emocional y por ello, y otros motivos hace cargo al Gobernador por ser la m\u00e1xima autoridad y al ser elegido por el voto de la gente es el \u00fanico responsable de dar una soluci\u00f3n<\/p>\n\n\n\n<p>La denuncia penal  fue realizada hoy s\u00e1bado 2 de septiembre en UR11-SUBCRIA- LOS ALAMOS-DEPARTAMENTO CERRILLOS.<\/p>\n\n\n\n<p><strong>Celia<\/strong>, posteo en su perfil de facebook:<\/p>\n\n\n\n<blockquote class=\"wp-block-quote is-layout-flow wp-block-quote-is-layout-flow\">\n<p>Nadie en el mundo merece ser humillado!!! Nadie en el mundo merece que no lo valoren!!<\/p>\n\n\n\n<p>Ni tampoco que cuando deban escucharte te denigren ni te pongan en boca de insultos!!<\/p>\n\n\n\n<p>Cansada del abandono de la pol\u00edtica educativa!! De qui\u00e9n nos debe escuchar y estar para el servicio de la sociedad sea individual o masiva!!<\/p>\n\n\n\n<p>Sr gobernador solo queremos que escuche nuestra realidad !! El da\u00f1o que ocasiona es irreparable!!<\/p>\n<\/blockquote>\n\n\n\n<p>Escucha la entrevista:<\/p>\n\n\n\n<figure class=\"wp-block-audio\"><audio controls src=\"https:\/\/nahuelproducciones.com.ar\/radioquijano\/wp-content\/uploads\/2023\/09\/02-09-2023-Celia-Alejandra-Alancay-docente-que-denuncia-al-gobernador-gustavo-Saenz.mp3\"><\/audio><\/figure>\n\n\n<div class=\"wp-block-image\">\n<figure class=\"aligncenter size-full is-resized\"><img loading=\"lazy\" decoding=\"async\" src=\"https:\/\/nahuelproducciones.com.ar\/radioquijano\/wp-content\/uploads\/2023\/09\/WhatsApp-Image-2023-09-02-at-11.26.32-PM.jpeg\" alt=\"\" class=\"wp-image-5833\" width=\"456\" height=\"527\" srcset=\"https:\/\/nahuelproducciones.com.ar\/radioquijano\/wp-content\/uploads\/2023\/09\/WhatsApp-Image-2023-09-02-at-11.26.32-PM.jpeg 496w, https:\/\/nahuelproducciones.com.ar\/radioquijano\/wp-content\/uploads\/2023\/09\/WhatsApp-Image-2023-09-02-at-11.26.32-PM-260x300.jpeg 260w, https:\/\/nahuelproducciones.com.ar\/radioquijano\/wp-content\/uploads\/2023\/09\/WhatsApp-Image-2023-09-02-at-11.26.32-PM-150x173.jpeg 150w\" sizes=\"auto, (max-width: 456px) 100vw, 456px\" \/><\/figure><\/div>\n\n\n<figure class=\"wp-block-gallery has-nested-images columns-default is-cropped wp-block-gallery-1 is-layout-flex wp-block-gallery-is-layout-flex\">\n<figure class=\"wp-block-image size-large\"><img loading=\"lazy\" decoding=\"async\" width=\"682\" height=\"1024\" data-id=\"5838\" src=\"https:\/\/nahuelproducciones.com.ar\/radioquijano\/wp-content\/uploads\/2023\/09\/WhatsApp-Image-2023-09-02-at-12.51.25-PM-2-682x1024.jpeg\" alt=\"\" class=\"wp-image-5838\" srcset=\"https:\/\/nahuelproducciones.com.ar\/radioquijano\/wp-content\/uploads\/2023\/09\/WhatsApp-Image-2023-09-02-at-12.51.25-PM-2-682x1024.jpeg 682w, https:\/\/nahuelproducciones.com.ar\/radioquijano\/wp-content\/uploads\/2023\/09\/WhatsApp-Image-2023-09-02-at-12.51.25-PM-2-200x300.jpeg 200w, https:\/\/nahuelproducciones.com.ar\/radioquijano\/wp-content\/uploads\/2023\/09\/WhatsApp-Image-2023-09-02-at-12.51.25-PM-2-150x225.jpeg 150w, https:\/\/nahuelproducciones.com.ar\/radioquijano\/wp-content\/uploads\/2023\/09\/WhatsApp-Image-2023-09-02-at-12.51.25-PM-2.jpeg 707w\" sizes=\"auto, (max-width: 682px) 100vw, 682px\" \/><\/figure>\n\n\n\n<figure class=\"wp-block-image size-large\"><img loading=\"lazy\" decoding=\"async\" width=\"653\" height=\"1024\" data-id=\"5837\" src=\"https:\/\/nahuelproducciones.com.ar\/radioquijano\/wp-content\/uploads\/2023\/09\/WhatsApp-Image-2023-09-02-at-12.51.25-PM-1-1-653x1024.jpeg\" alt=\"\" class=\"wp-image-5837\" srcset=\"https:\/\/nahuelproducciones.com.ar\/radioquijano\/wp-content\/uploads\/2023\/09\/WhatsApp-Image-2023-09-02-at-12.51.25-PM-1-1-653x1024.jpeg 653w, https:\/\/nahuelproducciones.com.ar\/radioquijano\/wp-content\/uploads\/2023\/09\/WhatsApp-Image-2023-09-02-at-12.51.25-PM-1-1-191x300.jpeg 191w, https:\/\/nahuelproducciones.com.ar\/radioquijano\/wp-content\/uploads\/2023\/09\/WhatsApp-Image-2023-09-02-at-12.51.25-PM-1-1-150x235.jpeg 150w, https:\/\/nahuelproducciones.com.ar\/radioquijano\/wp-content\/uploads\/2023\/09\/WhatsApp-Image-2023-09-02-at-12.51.25-PM-1-1.jpeg 720w\" sizes=\"auto, (max-width: 653px) 100vw, 653px\" \/><\/figure>\n<\/figure>\n","protected":false},"excerpt":{"rendered":"<p>La Docente Celia Alejandra Alancay efectu\u00f3 una denuncia contra el gobernador de la provincia de Salta por \u201cabandono de persona e incumplimiento de los deberes de funcionario p\u00fablico\u201d. La denuncia se origin\u00f3 a causa de la falta de respuesta de las autoridades competentes y el no acercamiento a los docentes que a\u00fan contin\u00faan de paro [&hellip;]<\/p>\n","protected":false},"author":8,"featured_media":5834,"comment_status":"open","ping_status":"open","sticky":false,"template":"","format":"standard","meta":{"_monsterinsights_skip_tracking":false,"_monsterinsights_sitenote_active":false,"_monsterinsights_sitenote_note":"","_monsterinsights_sitenote_category":0,"footnotes":""},"categories":[2,16],"tags":[1227,597,1226,1228,100],"class_list":["post-5831","post","type-post","status-publish","format-standard","has-post-thumbnail","hentry","category-cultura","category-noticias","tag-abandono-de-persona","tag-cerrillos","tag-denuncia-al-gobernador-saenz","tag-incumplimiento-de-los-deberes-de-funcionario-publico","tag-municipio-de-campo-quijano"],"yoast_head":"<!-- This site is optimized with the Yoast SEO plugin v20.8 - https:\/\/yoast.com\/wordpress\/plugins\/seo\/ -->\n<title>Denuncian al gobernador Gustavo Saenz - RQ 99.9<\/title>\n<meta name=\"description\" content=\"Es denunciado por \u201cabandono de persona e incumplimiento de los deberes de funcionario p\u00fablico\u201d.\" \/>\n<meta name=\"robots\" content=\"index, follow, max-snippet:-1, max-image-preview:large, max-video-preview:-1\" \/>\n<link rel=\"canonical\" href=\"https:\/\/nahuelproducciones.com.ar\/radioquijano\/denuncian-a-gobernador-gustavo-saenz\/\" \/>\n<meta property=\"og:locale\" content=\"es_ES\" \/>\n<meta property=\"og:type\" content=\"article\" \/>\n<meta property=\"og:title\" content=\"Denuncian al gobernador Gustavo Saenz - RQ 99.9\" \/>\n<meta property=\"og:description\" content=\"Es denunciado por \u201cabandono de persona e incumplimiento de los deberes de funcionario p\u00fablico\u201d.\" \/>\n<meta property=\"og:url\" content=\"https:\/\/nahuelproducciones.com.ar\/radioquijano\/denuncian-a-gobernador-gustavo-saenz\/\" \/>\n<meta property=\"og:site_name\" content=\"RQ 99.9\" \/>\n<meta property=\"article:publisher\" content=\"https:\/\/www.facebook.com\/nahuelproducciones999\/\" \/>\n<meta property=\"article:published_time\" content=\"2023-09-03T02:35:35+00:00\" \/>\n<meta property=\"article:modified_time\" content=\"2023-09-03T02:51:22+00:00\" \/>\n<meta property=\"og:image\" content=\"https:\/\/nahuelproducciones.com.ar\/radioquijano\/wp-content\/uploads\/2023\/09\/denuncia-e1693708336356.jpg\" \/>\n\t<meta property=\"og:image:width\" content=\"700\" \/>\n\t<meta property=\"og:image:height\" content=\"208\" \/>\n\t<meta property=\"og:image:type\" content=\"image\/jpeg\" \/>\n<meta name=\"author\" content=\"Cecilia Pastrana\" \/>\n<meta name=\"twitter:card\" content=\"summary_large_image\" \/>\n<meta name=\"twitter:creator\" content=\"@nahuproduciones\" \/>\n<meta name=\"twitter:site\" content=\"@nahuproduciones\" \/>\n<meta name=\"twitter:label1\" content=\"Escrito por\" \/>\n\t<meta name=\"twitter:data1\" content=\"Cecilia Pastrana\" \/>\n\t<meta name=\"twitter:label2\" content=\"Tiempo de lectura\" \/>\n\t<meta name=\"twitter:data2\" content=\"2 minutos\" \/>\n<script type=\"application\/ld+json\" class=\"yoast-schema-graph\">{\"@context\":\"https:\/\/schema.org\",\"@graph\":[{\"@type\":\"WebPage\",\"@id\":\"https:\/\/nahuelproducciones.com.ar\/radioquijano\/denuncian-a-gobernador-gustavo-saenz\/\",\"url\":\"https:\/\/nahuelproducciones.com.ar\/radioquijano\/denuncian-a-gobernador-gustavo-saenz\/\",\"name\":\"Denuncian al gobernador Gustavo Saenz - RQ 99.9\",\"isPartOf\":{\"@id\":\"https:\/\/nahuelproducciones.com.ar\/radioquijano\/#website\"},\"datePublished\":\"2023-09-03T02:35:35+00:00\",\"dateModified\":\"2023-09-03T02:51:22+00:00\",\"author\":{\"@id\":\"https:\/\/nahuelproducciones.com.ar\/radioquijano\/#\/schema\/person\/e8a4f939e2cb487fe6d0c54042c9d32c\"},\"description\":\"Es denunciado por \u201cabandono de persona e incumplimiento de los deberes de funcionario p\u00fablico\u201d.\",\"breadcrumb\":{\"@id\":\"https:\/\/nahuelproducciones.com.ar\/radioquijano\/denuncian-a-gobernador-gustavo-saenz\/#breadcrumb\"},\"inLanguage\":\"es\",\"potentialAction\":[{\"@type\":\"ReadAction\",\"target\":[\"https:\/\/nahuelproducciones.com.ar\/radioquijano\/denuncian-a-gobernador-gustavo-saenz\/\"]}]},{\"@type\":\"BreadcrumbList\",\"@id\":\"https:\/\/nahuelproducciones.com.ar\/radioquijano\/denuncian-a-gobernador-gustavo-saenz\/#breadcrumb\",\"itemListElement\":[{\"@type\":\"ListItem\",\"position\":1,\"name\":\"Portada\",\"item\":\"https:\/\/nahuelproducciones.com.ar\/radioquijano\/\"},{\"@type\":\"ListItem\",\"position\":2,\"name\":\"Denuncian al gobernador Gustavo Saenz\"}]},{\"@type\":\"WebSite\",\"@id\":\"https:\/\/nahuelproducciones.com.ar\/radioquijano\/#website\",\"url\":\"https:\/\/nahuelproducciones.com.ar\/radioquijano\/\",\"name\":\"RQ 99.9\",\"description\":\"Radio Quijano 99.9 MHz\",\"potentialAction\":[{\"@type\":\"SearchAction\",\"target\":{\"@type\":\"EntryPoint\",\"urlTemplate\":\"https:\/\/nahuelproducciones.com.ar\/radioquijano\/?s={search_term_string}\"},\"query-input\":\"required name=search_term_string\"}],\"inLanguage\":\"es\"},{\"@type\":\"Person\",\"@id\":\"https:\/\/nahuelproducciones.com.ar\/radioquijano\/#\/schema\/person\/e8a4f939e2cb487fe6d0c54042c9d32c\",\"name\":\"Cecilia Pastrana\",\"image\":{\"@type\":\"ImageObject\",\"inLanguage\":\"es\",\"@id\":\"https:\/\/nahuelproducciones.com.ar\/radioquijano\/#\/schema\/person\/image\/\",\"url\":\"https:\/\/secure.gravatar.com\/avatar\/661a3ef63a8488d4f2794ed44af8cf71420f7e106f3072c40125114df5157749?s=96&d=mm&r=g\",\"contentUrl\":\"https:\/\/secure.gravatar.com\/avatar\/661a3ef63a8488d4f2794ed44af8cf71420f7e106f3072c40125114df5157749?s=96&d=mm&r=g\",\"caption\":\"Cecilia Pastrana\"},\"sameAs\":[\"cecy\"],\"url\":\"https:\/\/nahuelproducciones.com.ar\/radioquijano\/author\/cecy\/\"}]}<\/script>\n<!-- \/ Yoast SEO plugin. -->","yoast_head_json":{"title":"Denuncian al gobernador Gustavo Saenz - RQ 99.9","description":"Es denunciado por \u201cabandono de persona e incumplimiento de los deberes de funcionario p\u00fablico\u201d.","robots":{"index":"index","follow":"follow","max-snippet":"max-snippet:-1","max-image-preview":"max-image-preview:large","max-video-preview":"max-video-preview:-1"},"canonical":"https:\/\/nahuelproducciones.com.ar\/radioquijano\/denuncian-a-gobernador-gustavo-saenz\/","og_locale":"es_ES","og_type":"article","og_title":"Denuncian al gobernador Gustavo Saenz - RQ 99.9","og_description":"Es denunciado por \u201cabandono de persona e incumplimiento de los deberes de funcionario p\u00fablico\u201d.","og_url":"https:\/\/nahuelproducciones.com.ar\/radioquijano\/denuncian-a-gobernador-gustavo-saenz\/","og_site_name":"RQ 99.9","article_publisher":"https:\/\/www.facebook.com\/nahuelproducciones999\/","article_published_time":"2023-09-03T02:35:35+00:00","article_modified_time":"2023-09-03T02:51:22+00:00","og_image":[{"width":700,"height":208,"url":"https:\/\/nahuelproducciones.com.ar\/radioquijano\/wp-content\/uploads\/2023\/09\/denuncia-e1693708336356.jpg","type":"image\/jpeg"}],"author":"Cecilia Pastrana","twitter_card":"summary_large_image","twitter_creator":"@nahuproduciones","twitter_site":"@nahuproduciones","twitter_misc":{"Escrito por":"Cecilia Pastrana","Tiempo de lectura":"2 minutos"},"schema":{"@context":"https:\/\/schema.org","@graph":[{"@type":"WebPage","@id":"https:\/\/nahuelproducciones.com.ar\/radioquijano\/denuncian-a-gobernador-gustavo-saenz\/","url":"https:\/\/nahuelproducciones.com.ar\/radioquijano\/denuncian-a-gobernador-gustavo-saenz\/","name":"Denuncian al gobernador Gustavo Saenz - RQ 99.9","isPartOf":{"@id":"https:\/\/nahuelproducciones.com.ar\/radioquijano\/#website"},"datePublished":"2023-09-03T02:35:35+00:00","dateModified":"2023-09-03T02:51:22+00:00","author":{"@id":"https:\/\/nahuelproducciones.com.ar\/radioquijano\/#\/schema\/person\/e8a4f939e2cb487fe6d0c54042c9d32c"},"description":"Es denunciado por \u201cabandono de persona e incumplimiento de los deberes de funcionario p\u00fablico\u201d.","breadcrumb":{"@id":"https:\/\/nahuelproducciones.com.ar\/radioquijano\/denuncian-a-gobernador-gustavo-saenz\/#breadcrumb"},"inLanguage":"es","potentialAction":[{"@type":"ReadAction","target":["https:\/\/nahuelproducciones.com.ar\/radioquijano\/denuncian-a-gobernador-gustavo-saenz\/"]}]},{"@type":"BreadcrumbList","@id":"https:\/\/nahuelproducciones.com.ar\/radioquijano\/denuncian-a-gobernador-gustavo-saenz\/#breadcrumb","itemListElement":[{"@type":"ListItem","position":1,"name":"Portada","item":"https:\/\/nahuelproducciones.com.ar\/radioquijano\/"},{"@type":"ListItem","position":2,"name":"Denuncian al gobernador Gustavo Saenz"}]},{"@type":"WebSite","@id":"https:\/\/nahuelproducciones.com.ar\/radioquijano\/#website","url":"https:\/\/nahuelproducciones.com.ar\/radioquijano\/","name":"RQ 99.9","description":"Radio Quijano 99.9 MHz","potentialAction":[{"@type":"SearchAction","target":{"@type":"EntryPoint","urlTemplate":"https:\/\/nahuelproducciones.com.ar\/radioquijano\/?s={search_term_string}"},"query-input":"required name=search_term_string"}],"inLanguage":"es"},{"@type":"Person","@id":"https:\/\/nahuelproducciones.com.ar\/radioquijano\/#\/schema\/person\/e8a4f939e2cb487fe6d0c54042c9d32c","name":"Cecilia Pastrana","image":{"@type":"ImageObject","inLanguage":"es","@id":"https:\/\/nahuelproducciones.com.ar\/radioquijano\/#\/schema\/person\/image\/","url":"https:\/\/secure.gravatar.com\/avatar\/661a3ef63a8488d4f2794ed44af8cf71420f7e106f3072c40125114df5157749?s=96&d=mm&r=g","contentUrl":"https:\/\/secure.gravatar.com\/avatar\/661a3ef63a8488d4f2794ed44af8cf71420f7e106f3072c40125114df5157749?s=96&d=mm&r=g","caption":"Cecilia Pastrana"},"sameAs":["cecy"],"url":"https:\/\/nahuelproducciones.com.ar\/radioquijano\/author\/cecy\/"}]}},"_links":{"self":[{"href":"https:\/\/nahuelproducciones.com.ar\/radioquijano\/wp-json\/wp\/v2\/posts\/5831","targetHints":{"allow":["GET"]}}],"collection":[{"href":"https:\/\/nahuelproducciones.com.ar\/radioquijano\/wp-json\/wp\/v2\/posts"}],"about":[{"href":"https:\/\/nahuelproducciones.com.ar\/radioquijano\/wp-json\/wp\/v2\/types\/post"}],"author":[{"embeddable":true,"href":"https:\/\/nahuelproducciones.com.ar\/radioquijano\/wp-json\/wp\/v2\/users\/8"}],"replies":[{"embeddable":true,"href":"https:\/\/nahuelproducciones.com.ar\/radioquijano\/wp-json\/wp\/v2\/comments?post=5831"}],"version-history":[{"count":4,"href":"https:\/\/nahuelproducciones.com.ar\/radioquijano\/wp-json\/wp\/v2\/posts\/5831\/revisions"}],"predecessor-version":[{"id":5845,"href":"https:\/\/nahuelproducciones.com.ar\/radioquijano\/wp-json\/wp\/v2\/posts\/5831\/revisions\/5845"}],"wp:featuredmedia":[{"embeddable":true,"href":"https:\/\/nahuelproducciones.com.ar\/radioquijano\/wp-json\/wp\/v2\/media\/5834"}],"wp:attachment":[{"href":"https:\/\/nahuelproducciones.com.ar\/radioquijano\/wp-json\/wp\/v2\/media?parent=5831"}],"wp:term":[{"taxonomy":"category","embeddable":true,"href":"https:\/\/nahuelproducciones.com.ar\/radioquijano\/wp-json\/wp\/v2\/categories?post=5831"},{"taxonomy":"post_tag","embeddable":true,"href":"https:\/\/nahuelproducciones.com.ar\/radioquijano\/wp-json\/wp\/v2\/tags?post=5831"}],"curies":[{"name":"wp","href":"https:\/\/api.w.org\/{rel}","templated":true}]}}