{"id":5846,"date":"2023-09-06T10:51:43","date_gmt":"2023-09-06T13:51:43","guid":{"rendered":"https:\/\/nahuelproducciones.com.ar\/radioquijano\/?p=5846"},"modified":"2023-09-06T10:51:44","modified_gmt":"2023-09-06T13:51:44","slug":"peregrinan-desde-la-capilla-virgen-de-lujan-por-segundo-ano","status":"publish","type":"post","link":"https:\/\/nahuelproducciones.com.ar\/radioquijano\/peregrinan-desde-la-capilla-virgen-de-lujan-por-segundo-ano\/","title":{"rendered":"Peregrinan desde la Capilla Virgen de Lujan por segundo a\u00f1o."},"content":{"rendered":"\n<blockquote class=\"wp-block-quote is-layout-flow wp-block-quote-is-layout-flow\">\n<p>Comunicado:<\/p>\n\n\n\n<p>Los vecinos y amigos , el pr\u00f3ximo s\u00e1bado 9 de septiembre salimos peregrinando a pie, al Santuario, desde la Capilla Virgen de Lujan, para encontrarnos con el Se\u00f1or y la Virgen del Milagro y celebrar juntos la Misa en la C\u00e1tedral Bas\u00edlica a las 21:00hs.<\/p>\n\n\n\n<p><br>Nos juntamos a las 14 en el atrio y salimos a las 14:30.&#x1f6b6;&#x1f3fb;&#x200d;&#x2640;&#xfe0f;&#x1f6b6;&#x1f3fe;&#x200d;&#x2642;&#xfe0f;<\/p>\n\n\n\n<p>El 1er descanso en la Capilla de San Luis y 2do descanso y merienda &#x1f375;en el oratorio San Cayetano de Estaci\u00f3n Alvarado a las 18:00hs.<\/p>\n\n\n\n<p><br>Peregrinemos hasta nuestros santos patronos juntos en comunidad bajo el lema: \u00abMilagro, camino que renueva nuestra fe y nuestro bautismo\u00bb.<\/p>\n\n\n\n<p>La peregrinaci\u00f3n desde la gruta Virgen de Lujan, aclara, que no esta pidiendo colaboraci\u00f3n. Mejor s\u00ed, pedimos oraciones para que todos estemos mejor y bien.<\/p>\n<\/blockquote>\n\n\n<div class=\"wp-block-image\">\n<figure class=\"aligncenter size-large is-resized\"><img loading=\"lazy\" decoding=\"async\" src=\"https:\/\/nahuelproducciones.com.ar\/radioquijano\/wp-content\/uploads\/2023\/09\/a621003a-b92c-4dc1-82e6-12f8c9a1836f-558x1024.jpeg\" alt=\"\" class=\"wp-image-5847\" width=\"275\" height=\"504\" srcset=\"https:\/\/nahuelproducciones.com.ar\/radioquijano\/wp-content\/uploads\/2023\/09\/a621003a-b92c-4dc1-82e6-12f8c9a1836f-558x1024.jpeg 558w, https:\/\/nahuelproducciones.com.ar\/radioquijano\/wp-content\/uploads\/2023\/09\/a621003a-b92c-4dc1-82e6-12f8c9a1836f-164x300.jpeg 164w, https:\/\/nahuelproducciones.com.ar\/radioquijano\/wp-content\/uploads\/2023\/09\/a621003a-b92c-4dc1-82e6-12f8c9a1836f-150x275.jpeg 150w, https:\/\/nahuelproducciones.com.ar\/radioquijano\/wp-content\/uploads\/2023\/09\/a621003a-b92c-4dc1-82e6-12f8c9a1836f.jpeg 709w\" sizes=\"auto, (max-width: 275px) 100vw, 275px\" \/><\/figure><\/div>","protected":false},"excerpt":{"rendered":"<p>Comunicado: Los vecinos y amigos , el pr\u00f3ximo s\u00e1bado 9 de septiembre salimos peregrinando a pie, al Santuario, desde la Capilla Virgen de Lujan, para encontrarnos con el Se\u00f1or y la Virgen del Milagro y celebrar juntos la Misa en la C\u00e1tedral Bas\u00edlica a las 21:00hs. Nos juntamos a las 14 en el atrio y [&hellip;]<\/p>\n","protected":false},"author":8,"featured_media":5848,"comment_status":"open","ping_status":"open","sticky":false,"template":"","format":"standard","meta":{"_monsterinsights_skip_tracking":false,"_monsterinsights_sitenote_active":false,"_monsterinsights_sitenote_note":"","_monsterinsights_sitenote_category":0,"footnotes":""},"categories":[16],"tags":[1229,176,100],"class_list":["post-5846","post","type-post","status-publish","format-standard","has-post-thumbnail","hentry","category-noticias","tag-la-capilla-virgen-de-lujan","tag-milagro-salteno","tag-municipio-de-campo-quijano"],"yoast_head":"<!-- This site is optimized with the Yoast SEO plugin v20.8 - https:\/\/yoast.com\/wordpress\/plugins\/seo\/ -->\n<title>Peregrinan desde la Capilla Virgen de Lujan por segundo a\u00f1o. - RQ 99.9<\/title>\n<meta name=\"description\" content=\"Nos juntamos el 9 de septiembre a las 14 en el atrio y salimos a las 14:30\" \/>\n<meta name=\"robots\" content=\"index, follow, max-snippet:-1, max-image-preview:large, max-video-preview:-1\" \/>\n<link rel=\"canonical\" href=\"https:\/\/nahuelproducciones.com.ar\/radioquijano\/peregrinan-desde-la-capilla-virgen-de-lujan-por-segundo-ano\/\" \/>\n<meta property=\"og:locale\" content=\"es_ES\" \/>\n<meta property=\"og:type\" content=\"article\" \/>\n<meta property=\"og:title\" content=\"Peregrinan desde la Capilla Virgen de Lujan por segundo a\u00f1o. - RQ 99.9\" \/>\n<meta property=\"og:description\" content=\"Nos juntamos el 9 de septiembre a las 14 en el atrio y salimos a las 14:30\" \/>\n<meta property=\"og:url\" content=\"https:\/\/nahuelproducciones.com.ar\/radioquijano\/peregrinan-desde-la-capilla-virgen-de-lujan-por-segundo-ano\/\" \/>\n<meta property=\"og:site_name\" content=\"RQ 99.9\" \/>\n<meta property=\"article:publisher\" content=\"https:\/\/www.facebook.com\/nahuelproducciones999\/\" \/>\n<meta property=\"article:published_time\" content=\"2023-09-06T13:51:43+00:00\" \/>\n<meta property=\"article:modified_time\" content=\"2023-09-06T13:51:44+00:00\" \/>\n<meta property=\"og:image\" content=\"https:\/\/nahuelproducciones.com.ar\/radioquijano\/wp-content\/uploads\/2023\/09\/32a7e7a6-43d2-48eb-bd9f-b2cc43b5d973.jpeg\" \/>\n\t<meta property=\"og:image:width\" content=\"979\" \/>\n\t<meta property=\"og:image:height\" content=\"978\" \/>\n\t<meta property=\"og:image:type\" content=\"image\/jpeg\" \/>\n<meta name=\"author\" content=\"Cecilia Pastrana\" \/>\n<meta name=\"twitter:card\" content=\"summary_large_image\" \/>\n<meta name=\"twitter:creator\" content=\"@nahuproduciones\" \/>\n<meta name=\"twitter:site\" content=\"@nahuproduciones\" \/>\n<meta name=\"twitter:label1\" content=\"Escrito por\" \/>\n\t<meta name=\"twitter:data1\" content=\"Cecilia Pastrana\" \/>\n\t<meta name=\"twitter:label2\" content=\"Tiempo de lectura\" \/>\n\t<meta name=\"twitter:data2\" content=\"1 minuto\" \/>\n<script type=\"application\/ld+json\" class=\"yoast-schema-graph\">{\"@context\":\"https:\/\/schema.org\",\"@graph\":[{\"@type\":\"WebPage\",\"@id\":\"https:\/\/nahuelproducciones.com.ar\/radioquijano\/peregrinan-desde-la-capilla-virgen-de-lujan-por-segundo-ano\/\",\"url\":\"https:\/\/nahuelproducciones.com.ar\/radioquijano\/peregrinan-desde-la-capilla-virgen-de-lujan-por-segundo-ano\/\",\"name\":\"Peregrinan desde la Capilla Virgen de Lujan por segundo a\u00f1o. - RQ 99.9\",\"isPartOf\":{\"@id\":\"https:\/\/nahuelproducciones.com.ar\/radioquijano\/#website\"},\"datePublished\":\"2023-09-06T13:51:43+00:00\",\"dateModified\":\"2023-09-06T13:51:44+00:00\",\"author\":{\"@id\":\"https:\/\/nahuelproducciones.com.ar\/radioquijano\/#\/schema\/person\/e8a4f939e2cb487fe6d0c54042c9d32c\"},\"description\":\"Nos juntamos el 9 de septiembre a las 14 en el atrio y salimos a las 14:30\",\"breadcrumb\":{\"@id\":\"https:\/\/nahuelproducciones.com.ar\/radioquijano\/peregrinan-desde-la-capilla-virgen-de-lujan-por-segundo-ano\/#breadcrumb\"},\"inLanguage\":\"es\",\"potentialAction\":[{\"@type\":\"ReadAction\",\"target\":[\"https:\/\/nahuelproducciones.com.ar\/radioquijano\/peregrinan-desde-la-capilla-virgen-de-lujan-por-segundo-ano\/\"]}]},{\"@type\":\"BreadcrumbList\",\"@id\":\"https:\/\/nahuelproducciones.com.ar\/radioquijano\/peregrinan-desde-la-capilla-virgen-de-lujan-por-segundo-ano\/#breadcrumb\",\"itemListElement\":[{\"@type\":\"ListItem\",\"position\":1,\"name\":\"Portada\",\"item\":\"https:\/\/nahuelproducciones.com.ar\/radioquijano\/\"},{\"@type\":\"ListItem\",\"position\":2,\"name\":\"Peregrinan desde la Capilla Virgen de Lujan por segundo a\u00f1o.\"}]},{\"@type\":\"WebSite\",\"@id\":\"https:\/\/nahuelproducciones.com.ar\/radioquijano\/#website\",\"url\":\"https:\/\/nahuelproducciones.com.ar\/radioquijano\/\",\"name\":\"RQ 99.9\",\"description\":\"Radio Quijano 99.9 MHz\",\"potentialAction\":[{\"@type\":\"SearchAction\",\"target\":{\"@type\":\"EntryPoint\",\"urlTemplate\":\"https:\/\/nahuelproducciones.com.ar\/radioquijano\/?s={search_term_string}\"},\"query-input\":\"required name=search_term_string\"}],\"inLanguage\":\"es\"},{\"@type\":\"Person\",\"@id\":\"https:\/\/nahuelproducciones.com.ar\/radioquijano\/#\/schema\/person\/e8a4f939e2cb487fe6d0c54042c9d32c\",\"name\":\"Cecilia Pastrana\",\"image\":{\"@type\":\"ImageObject\",\"inLanguage\":\"es\",\"@id\":\"https:\/\/nahuelproducciones.com.ar\/radioquijano\/#\/schema\/person\/image\/\",\"url\":\"https:\/\/secure.gravatar.com\/avatar\/661a3ef63a8488d4f2794ed44af8cf71420f7e106f3072c40125114df5157749?s=96&d=mm&r=g\",\"contentUrl\":\"https:\/\/secure.gravatar.com\/avatar\/661a3ef63a8488d4f2794ed44af8cf71420f7e106f3072c40125114df5157749?s=96&d=mm&r=g\",\"caption\":\"Cecilia Pastrana\"},\"sameAs\":[\"cecy\"],\"url\":\"https:\/\/nahuelproducciones.com.ar\/radioquijano\/author\/cecy\/\"}]}<\/script>\n<!-- \/ Yoast SEO plugin. -->","yoast_head_json":{"title":"Peregrinan desde la Capilla Virgen de Lujan por segundo a\u00f1o. - RQ 99.9","description":"Nos juntamos el 9 de septiembre a las 14 en el atrio y salimos a las 14:30","robots":{"index":"index","follow":"follow","max-snippet":"max-snippet:-1","max-image-preview":"max-image-preview:large","max-video-preview":"max-video-preview:-1"},"canonical":"https:\/\/nahuelproducciones.com.ar\/radioquijano\/peregrinan-desde-la-capilla-virgen-de-lujan-por-segundo-ano\/","og_locale":"es_ES","og_type":"article","og_title":"Peregrinan desde la Capilla Virgen de Lujan por segundo a\u00f1o. - RQ 99.9","og_description":"Nos juntamos el 9 de septiembre a las 14 en el atrio y salimos a las 14:30","og_url":"https:\/\/nahuelproducciones.com.ar\/radioquijano\/peregrinan-desde-la-capilla-virgen-de-lujan-por-segundo-ano\/","og_site_name":"RQ 99.9","article_publisher":"https:\/\/www.facebook.com\/nahuelproducciones999\/","article_published_time":"2023-09-06T13:51:43+00:00","article_modified_time":"2023-09-06T13:51:44+00:00","og_image":[{"width":979,"height":978,"url":"https:\/\/nahuelproducciones.com.ar\/radioquijano\/wp-content\/uploads\/2023\/09\/32a7e7a6-43d2-48eb-bd9f-b2cc43b5d973.jpeg","type":"image\/jpeg"}],"author":"Cecilia Pastrana","twitter_card":"summary_large_image","twitter_creator":"@nahuproduciones","twitter_site":"@nahuproduciones","twitter_misc":{"Escrito por":"Cecilia Pastrana","Tiempo de lectura":"1 minuto"},"schema":{"@context":"https:\/\/schema.org","@graph":[{"@type":"WebPage","@id":"https:\/\/nahuelproducciones.com.ar\/radioquijano\/peregrinan-desde-la-capilla-virgen-de-lujan-por-segundo-ano\/","url":"https:\/\/nahuelproducciones.com.ar\/radioquijano\/peregrinan-desde-la-capilla-virgen-de-lujan-por-segundo-ano\/","name":"Peregrinan desde la Capilla Virgen de Lujan por segundo a\u00f1o. - RQ 99.9","isPartOf":{"@id":"https:\/\/nahuelproducciones.com.ar\/radioquijano\/#website"},"datePublished":"2023-09-06T13:51:43+00:00","dateModified":"2023-09-06T13:51:44+00:00","author":{"@id":"https:\/\/nahuelproducciones.com.ar\/radioquijano\/#\/schema\/person\/e8a4f939e2cb487fe6d0c54042c9d32c"},"description":"Nos juntamos el 9 de septiembre a las 14 en el atrio y salimos a las 14:30","breadcrumb":{"@id":"https:\/\/nahuelproducciones.com.ar\/radioquijano\/peregrinan-desde-la-capilla-virgen-de-lujan-por-segundo-ano\/#breadcrumb"},"inLanguage":"es","potentialAction":[{"@type":"ReadAction","target":["https:\/\/nahuelproducciones.com.ar\/radioquijano\/peregrinan-desde-la-capilla-virgen-de-lujan-por-segundo-ano\/"]}]},{"@type":"BreadcrumbList","@id":"https:\/\/nahuelproducciones.com.ar\/radioquijano\/peregrinan-desde-la-capilla-virgen-de-lujan-por-segundo-ano\/#breadcrumb","itemListElement":[{"@type":"ListItem","position":1,"name":"Portada","item":"https:\/\/nahuelproducciones.com.ar\/radioquijano\/"},{"@type":"ListItem","position":2,"name":"Peregrinan desde la Capilla Virgen de Lujan por segundo a\u00f1o."}]},{"@type":"WebSite","@id":"https:\/\/nahuelproducciones.com.ar\/radioquijano\/#website","url":"https:\/\/nahuelproducciones.com.ar\/radioquijano\/","name":"RQ 99.9","description":"Radio Quijano 99.9 MHz","potentialAction":[{"@type":"SearchAction","target":{"@type":"EntryPoint","urlTemplate":"https:\/\/nahuelproducciones.com.ar\/radioquijano\/?s={search_term_string}"},"query-input":"required name=search_term_string"}],"inLanguage":"es"},{"@type":"Person","@id":"https:\/\/nahuelproducciones.com.ar\/radioquijano\/#\/schema\/person\/e8a4f939e2cb487fe6d0c54042c9d32c","name":"Cecilia Pastrana","image":{"@type":"ImageObject","inLanguage":"es","@id":"https:\/\/nahuelproducciones.com.ar\/radioquijano\/#\/schema\/person\/image\/","url":"https:\/\/secure.gravatar.com\/avatar\/661a3ef63a8488d4f2794ed44af8cf71420f7e106f3072c40125114df5157749?s=96&d=mm&r=g","contentUrl":"https:\/\/secure.gravatar.com\/avatar\/661a3ef63a8488d4f2794ed44af8cf71420f7e106f3072c40125114df5157749?s=96&d=mm&r=g","caption":"Cecilia Pastrana"},"sameAs":["cecy"],"url":"https:\/\/nahuelproducciones.com.ar\/radioquijano\/author\/cecy\/"}]}},"_links":{"self":[{"href":"https:\/\/nahuelproducciones.com.ar\/radioquijano\/wp-json\/wp\/v2\/posts\/5846","targetHints":{"allow":["GET"]}}],"collection":[{"href":"https:\/\/nahuelproducciones.com.ar\/radioquijano\/wp-json\/wp\/v2\/posts"}],"about":[{"href":"https:\/\/nahuelproducciones.com.ar\/radioquijano\/wp-json\/wp\/v2\/types\/post"}],"author":[{"embeddable":true,"href":"https:\/\/nahuelproducciones.com.ar\/radioquijano\/wp-json\/wp\/v2\/users\/8"}],"replies":[{"embeddable":true,"href":"https:\/\/nahuelproducciones.com.ar\/radioquijano\/wp-json\/wp\/v2\/comments?post=5846"}],"version-history":[{"count":1,"href":"https:\/\/nahuelproducciones.com.ar\/radioquijano\/wp-json\/wp\/v2\/posts\/5846\/revisions"}],"predecessor-version":[{"id":5849,"href":"https:\/\/nahuelproducciones.com.ar\/radioquijano\/wp-json\/wp\/v2\/posts\/5846\/revisions\/5849"}],"wp:featuredmedia":[{"embeddable":true,"href":"https:\/\/nahuelproducciones.com.ar\/radioquijano\/wp-json\/wp\/v2\/media\/5848"}],"wp:attachment":[{"href":"https:\/\/nahuelproducciones.com.ar\/radioquijano\/wp-json\/wp\/v2\/media?parent=5846"}],"wp:term":[{"taxonomy":"category","embeddable":true,"href":"https:\/\/nahuelproducciones.com.ar\/radioquijano\/wp-json\/wp\/v2\/categories?post=5846"},{"taxonomy":"post_tag","embeddable":true,"href":"https:\/\/nahuelproducciones.com.ar\/radioquijano\/wp-json\/wp\/v2\/tags?post=5846"}],"curies":[{"name":"wp","href":"https:\/\/api.w.org\/{rel}","templated":true}]}}