{"id":596,"date":"2020-09-04T01:59:08","date_gmt":"2020-09-04T04:59:08","guid":{"rendered":"https:\/\/nahuelproducciones.com.ar\/radioquijano\/?p=596"},"modified":"2020-09-04T21:12:26","modified_gmt":"2020-09-05T00:12:26","slug":"alquilara-un-hotel-para-pacientes-de-covid-en-estado-leve-en-rosario-de-lerma","status":"publish","type":"post","link":"https:\/\/nahuelproducciones.com.ar\/radioquijano\/alquilara-un-hotel-para-pacientes-de-covid-en-estado-leve-en-rosario-de-lerma\/","title":{"rendered":"Alquilar\u00e1 un hotel para pacientes de covid en estado leve en Rosario de Lerma."},"content":{"rendered":"\n<p>El gobierno provincial alquilar\u00e1 un hotel en Rosario porque algunas personas no pueden hacer la cuarentena en su casa, cont\u00f3 el Senador Sergio Ramos a <a href=\"https:\/\/nahuelproducciones.com.ar\/\">RQ99.9.<\/a><\/p>\n\n\n\n<p>Ramos dijo que Quijano en cambio, no tiene problemas ya que tiene un lugar como el \u201cCura Brochero\u201d donde puede dar asistencia a pacientes positivos.<\/p>\n\n\n\n<p> A la Ministra de Salud le planteamos las necesidades de los gerentes generales de los hospitales de Quijano y Rosario como enfermeros, personal de limpieza y m\u00e9dicos , record\u00f3. <\/p>\n\n\n\n<p>Se mostr\u00f3 preocupado por el manejo de los residuos y como evitar el contagio de los recolectores, m\u00e9dicos, un tema que esta estudiando y que despu\u00e9s ampliara.<\/p>\n\n\n\n<p>Menciono en <a href=\"https:\/\/www.facebook.com\/Radio-Quijano-999-102294874524832\/\">RQ99.9<\/a> que los informes pedidos a diputados de la naci\u00f3n aun no llegaron para saber el monto destinado a covid-19. Al municipio de Quijano, a acci\u00f3n social debe que llegar doscientos mil pesos mensuales .<\/p>\n\n\n\n<p>Al despedirse, pidi\u00f3 a los vecinos mayor responsabilidad, muchos casos  se registraron por juntadas , fechas claves como d\u00eda del amigo, pachamama y por eso es necesario tomar conciencia de la situaci\u00f3n que atraviesan los municipios.<\/p>\n\n\n\n<p><\/p>\n","protected":false},"excerpt":{"rendered":"<p>Muchos casos  se registraron por juntadas , fechas claves como d\u00eda del amigo, pachamama y por eso es necesario tomar conciencia de la situaci\u00f3n que atraviesan los municipios.<\/p>\n","protected":false},"author":8,"featured_media":598,"comment_status":"open","ping_status":"open","sticky":false,"template":"","format":"standard","meta":{"_monsterinsights_skip_tracking":false,"_monsterinsights_sitenote_active":false,"_monsterinsights_sitenote_note":"","_monsterinsights_sitenote_category":0,"footnotes":""},"categories":[18,16],"tags":[],"class_list":["post-596","post","type-post","status-publish","format-standard","has-post-thumbnail","hentry","category-covid-19","category-noticias"],"yoast_head":"<!-- This site is optimized with the Yoast SEO plugin v20.8 - https:\/\/yoast.com\/wordpress\/plugins\/seo\/ -->\n<title>Alquilar\u00e1 un hotel para pacientes de covid en estado leve en Rosario de Lerma. - RQ 99.9<\/title>\n<meta name=\"robots\" content=\"index, follow, max-snippet:-1, max-image-preview:large, max-video-preview:-1\" \/>\n<link rel=\"canonical\" href=\"https:\/\/nahuelproducciones.com.ar\/radioquijano\/alquilara-un-hotel-para-pacientes-de-covid-en-estado-leve-en-rosario-de-lerma\/\" \/>\n<meta property=\"og:locale\" content=\"es_ES\" \/>\n<meta property=\"og:type\" content=\"article\" \/>\n<meta property=\"og:title\" content=\"Alquilar\u00e1 un hotel para pacientes de covid en estado leve en Rosario de Lerma. - RQ 99.9\" \/>\n<meta property=\"og:description\" content=\"Muchos casos se registraron por juntadas , fechas claves como d\u00eda del amigo, pachamama y por eso es necesario tomar conciencia de la situaci\u00f3n que atraviesan los municipios.\" \/>\n<meta property=\"og:url\" content=\"https:\/\/nahuelproducciones.com.ar\/radioquijano\/alquilara-un-hotel-para-pacientes-de-covid-en-estado-leve-en-rosario-de-lerma\/\" \/>\n<meta property=\"og:site_name\" content=\"RQ 99.9\" \/>\n<meta property=\"article:publisher\" content=\"https:\/\/www.facebook.com\/nahuelproducciones999\/\" \/>\n<meta property=\"article:published_time\" content=\"2020-09-04T04:59:08+00:00\" \/>\n<meta property=\"article:modified_time\" content=\"2020-09-05T00:12:26+00:00\" \/>\n<meta property=\"og:image\" content=\"https:\/\/nahuelproducciones.com.ar\/radioquijano\/wp-content\/uploads\/2020\/09\/senador-Sergio-Omar-Ramos.png\" \/>\n\t<meta property=\"og:image:width\" content=\"228\" \/>\n\t<meta property=\"og:image:height\" content=\"370\" \/>\n\t<meta property=\"og:image:type\" content=\"image\/png\" \/>\n<meta name=\"author\" content=\"Cecilia Pastrana\" \/>\n<meta name=\"twitter:card\" content=\"summary_large_image\" \/>\n<meta name=\"twitter:creator\" content=\"@nahuproduciones\" \/>\n<meta name=\"twitter:site\" content=\"@nahuproduciones\" \/>\n<meta name=\"twitter:label1\" content=\"Escrito por\" \/>\n\t<meta name=\"twitter:data1\" content=\"Cecilia Pastrana\" \/>\n\t<meta name=\"twitter:label2\" content=\"Tiempo de lectura\" \/>\n\t<meta name=\"twitter:data2\" content=\"1 minuto\" \/>\n<script type=\"application\/ld+json\" class=\"yoast-schema-graph\">{\"@context\":\"https:\/\/schema.org\",\"@graph\":[{\"@type\":\"WebPage\",\"@id\":\"https:\/\/nahuelproducciones.com.ar\/radioquijano\/alquilara-un-hotel-para-pacientes-de-covid-en-estado-leve-en-rosario-de-lerma\/\",\"url\":\"https:\/\/nahuelproducciones.com.ar\/radioquijano\/alquilara-un-hotel-para-pacientes-de-covid-en-estado-leve-en-rosario-de-lerma\/\",\"name\":\"Alquilar\u00e1 un hotel para pacientes de covid en estado leve en Rosario de Lerma. - RQ 99.9\",\"isPartOf\":{\"@id\":\"https:\/\/nahuelproducciones.com.ar\/radioquijano\/#website\"},\"datePublished\":\"2020-09-04T04:59:08+00:00\",\"dateModified\":\"2020-09-05T00:12:26+00:00\",\"author\":{\"@id\":\"https:\/\/nahuelproducciones.com.ar\/radioquijano\/#\/schema\/person\/e8a4f939e2cb487fe6d0c54042c9d32c\"},\"breadcrumb\":{\"@id\":\"https:\/\/nahuelproducciones.com.ar\/radioquijano\/alquilara-un-hotel-para-pacientes-de-covid-en-estado-leve-en-rosario-de-lerma\/#breadcrumb\"},\"inLanguage\":\"es\",\"potentialAction\":[{\"@type\":\"ReadAction\",\"target\":[\"https:\/\/nahuelproducciones.com.ar\/radioquijano\/alquilara-un-hotel-para-pacientes-de-covid-en-estado-leve-en-rosario-de-lerma\/\"]}]},{\"@type\":\"BreadcrumbList\",\"@id\":\"https:\/\/nahuelproducciones.com.ar\/radioquijano\/alquilara-un-hotel-para-pacientes-de-covid-en-estado-leve-en-rosario-de-lerma\/#breadcrumb\",\"itemListElement\":[{\"@type\":\"ListItem\",\"position\":1,\"name\":\"Portada\",\"item\":\"https:\/\/nahuelproducciones.com.ar\/radioquijano\/\"},{\"@type\":\"ListItem\",\"position\":2,\"name\":\"Alquilar\u00e1 un hotel para pacientes de covid en estado leve en Rosario de Lerma.\"}]},{\"@type\":\"WebSite\",\"@id\":\"https:\/\/nahuelproducciones.com.ar\/radioquijano\/#website\",\"url\":\"https:\/\/nahuelproducciones.com.ar\/radioquijano\/\",\"name\":\"RQ 99.9\",\"description\":\"Radio Quijano 99.9 MHz\",\"potentialAction\":[{\"@type\":\"SearchAction\",\"target\":{\"@type\":\"EntryPoint\",\"urlTemplate\":\"https:\/\/nahuelproducciones.com.ar\/radioquijano\/?s={search_term_string}\"},\"query-input\":\"required name=search_term_string\"}],\"inLanguage\":\"es\"},{\"@type\":\"Person\",\"@id\":\"https:\/\/nahuelproducciones.com.ar\/radioquijano\/#\/schema\/person\/e8a4f939e2cb487fe6d0c54042c9d32c\",\"name\":\"Cecilia Pastrana\",\"image\":{\"@type\":\"ImageObject\",\"inLanguage\":\"es\",\"@id\":\"https:\/\/nahuelproducciones.com.ar\/radioquijano\/#\/schema\/person\/image\/\",\"url\":\"https:\/\/secure.gravatar.com\/avatar\/661a3ef63a8488d4f2794ed44af8cf71420f7e106f3072c40125114df5157749?s=96&d=mm&r=g\",\"contentUrl\":\"https:\/\/secure.gravatar.com\/avatar\/661a3ef63a8488d4f2794ed44af8cf71420f7e106f3072c40125114df5157749?s=96&d=mm&r=g\",\"caption\":\"Cecilia Pastrana\"},\"sameAs\":[\"cecy\"],\"url\":\"https:\/\/nahuelproducciones.com.ar\/radioquijano\/author\/cecy\/\"}]}<\/script>\n<!-- \/ Yoast SEO plugin. -->","yoast_head_json":{"title":"Alquilar\u00e1 un hotel para pacientes de covid en estado leve en Rosario de Lerma. - RQ 99.9","robots":{"index":"index","follow":"follow","max-snippet":"max-snippet:-1","max-image-preview":"max-image-preview:large","max-video-preview":"max-video-preview:-1"},"canonical":"https:\/\/nahuelproducciones.com.ar\/radioquijano\/alquilara-un-hotel-para-pacientes-de-covid-en-estado-leve-en-rosario-de-lerma\/","og_locale":"es_ES","og_type":"article","og_title":"Alquilar\u00e1 un hotel para pacientes de covid en estado leve en Rosario de Lerma. - RQ 99.9","og_description":"Muchos casos se registraron por juntadas , fechas claves como d\u00eda del amigo, pachamama y por eso es necesario tomar conciencia de la situaci\u00f3n que atraviesan los municipios.","og_url":"https:\/\/nahuelproducciones.com.ar\/radioquijano\/alquilara-un-hotel-para-pacientes-de-covid-en-estado-leve-en-rosario-de-lerma\/","og_site_name":"RQ 99.9","article_publisher":"https:\/\/www.facebook.com\/nahuelproducciones999\/","article_published_time":"2020-09-04T04:59:08+00:00","article_modified_time":"2020-09-05T00:12:26+00:00","og_image":[{"width":228,"height":370,"url":"https:\/\/nahuelproducciones.com.ar\/radioquijano\/wp-content\/uploads\/2020\/09\/senador-Sergio-Omar-Ramos.png","type":"image\/png"}],"author":"Cecilia Pastrana","twitter_card":"summary_large_image","twitter_creator":"@nahuproduciones","twitter_site":"@nahuproduciones","twitter_misc":{"Escrito por":"Cecilia Pastrana","Tiempo de lectura":"1 minuto"},"schema":{"@context":"https:\/\/schema.org","@graph":[{"@type":"WebPage","@id":"https:\/\/nahuelproducciones.com.ar\/radioquijano\/alquilara-un-hotel-para-pacientes-de-covid-en-estado-leve-en-rosario-de-lerma\/","url":"https:\/\/nahuelproducciones.com.ar\/radioquijano\/alquilara-un-hotel-para-pacientes-de-covid-en-estado-leve-en-rosario-de-lerma\/","name":"Alquilar\u00e1 un hotel para pacientes de covid en estado leve en Rosario de Lerma. - RQ 99.9","isPartOf":{"@id":"https:\/\/nahuelproducciones.com.ar\/radioquijano\/#website"},"datePublished":"2020-09-04T04:59:08+00:00","dateModified":"2020-09-05T00:12:26+00:00","author":{"@id":"https:\/\/nahuelproducciones.com.ar\/radioquijano\/#\/schema\/person\/e8a4f939e2cb487fe6d0c54042c9d32c"},"breadcrumb":{"@id":"https:\/\/nahuelproducciones.com.ar\/radioquijano\/alquilara-un-hotel-para-pacientes-de-covid-en-estado-leve-en-rosario-de-lerma\/#breadcrumb"},"inLanguage":"es","potentialAction":[{"@type":"ReadAction","target":["https:\/\/nahuelproducciones.com.ar\/radioquijano\/alquilara-un-hotel-para-pacientes-de-covid-en-estado-leve-en-rosario-de-lerma\/"]}]},{"@type":"BreadcrumbList","@id":"https:\/\/nahuelproducciones.com.ar\/radioquijano\/alquilara-un-hotel-para-pacientes-de-covid-en-estado-leve-en-rosario-de-lerma\/#breadcrumb","itemListElement":[{"@type":"ListItem","position":1,"name":"Portada","item":"https:\/\/nahuelproducciones.com.ar\/radioquijano\/"},{"@type":"ListItem","position":2,"name":"Alquilar\u00e1 un hotel para pacientes de covid en estado leve en Rosario de Lerma."}]},{"@type":"WebSite","@id":"https:\/\/nahuelproducciones.com.ar\/radioquijano\/#website","url":"https:\/\/nahuelproducciones.com.ar\/radioquijano\/","name":"RQ 99.9","description":"Radio Quijano 99.9 MHz","potentialAction":[{"@type":"SearchAction","target":{"@type":"EntryPoint","urlTemplate":"https:\/\/nahuelproducciones.com.ar\/radioquijano\/?s={search_term_string}"},"query-input":"required name=search_term_string"}],"inLanguage":"es"},{"@type":"Person","@id":"https:\/\/nahuelproducciones.com.ar\/radioquijano\/#\/schema\/person\/e8a4f939e2cb487fe6d0c54042c9d32c","name":"Cecilia Pastrana","image":{"@type":"ImageObject","inLanguage":"es","@id":"https:\/\/nahuelproducciones.com.ar\/radioquijano\/#\/schema\/person\/image\/","url":"https:\/\/secure.gravatar.com\/avatar\/661a3ef63a8488d4f2794ed44af8cf71420f7e106f3072c40125114df5157749?s=96&d=mm&r=g","contentUrl":"https:\/\/secure.gravatar.com\/avatar\/661a3ef63a8488d4f2794ed44af8cf71420f7e106f3072c40125114df5157749?s=96&d=mm&r=g","caption":"Cecilia Pastrana"},"sameAs":["cecy"],"url":"https:\/\/nahuelproducciones.com.ar\/radioquijano\/author\/cecy\/"}]}},"_links":{"self":[{"href":"https:\/\/nahuelproducciones.com.ar\/radioquijano\/wp-json\/wp\/v2\/posts\/596","targetHints":{"allow":["GET"]}}],"collection":[{"href":"https:\/\/nahuelproducciones.com.ar\/radioquijano\/wp-json\/wp\/v2\/posts"}],"about":[{"href":"https:\/\/nahuelproducciones.com.ar\/radioquijano\/wp-json\/wp\/v2\/types\/post"}],"author":[{"embeddable":true,"href":"https:\/\/nahuelproducciones.com.ar\/radioquijano\/wp-json\/wp\/v2\/users\/8"}],"replies":[{"embeddable":true,"href":"https:\/\/nahuelproducciones.com.ar\/radioquijano\/wp-json\/wp\/v2\/comments?post=596"}],"version-history":[{"count":2,"href":"https:\/\/nahuelproducciones.com.ar\/radioquijano\/wp-json\/wp\/v2\/posts\/596\/revisions"}],"predecessor-version":[{"id":604,"href":"https:\/\/nahuelproducciones.com.ar\/radioquijano\/wp-json\/wp\/v2\/posts\/596\/revisions\/604"}],"wp:featuredmedia":[{"embeddable":true,"href":"https:\/\/nahuelproducciones.com.ar\/radioquijano\/wp-json\/wp\/v2\/media\/598"}],"wp:attachment":[{"href":"https:\/\/nahuelproducciones.com.ar\/radioquijano\/wp-json\/wp\/v2\/media?parent=596"}],"wp:term":[{"taxonomy":"category","embeddable":true,"href":"https:\/\/nahuelproducciones.com.ar\/radioquijano\/wp-json\/wp\/v2\/categories?post=596"},{"taxonomy":"post_tag","embeddable":true,"href":"https:\/\/nahuelproducciones.com.ar\/radioquijano\/wp-json\/wp\/v2\/tags?post=596"}],"curies":[{"name":"wp","href":"https:\/\/api.w.org\/{rel}","templated":true}]}}