{"id":6116,"date":"2023-10-18T09:53:05","date_gmt":"2023-10-18T12:53:05","guid":{"rendered":"https:\/\/nahuelproducciones.com.ar\/radioquijano\/?p=6116"},"modified":"2023-10-18T09:53:06","modified_gmt":"2023-10-18T12:53:06","slug":"exigen-agua-para-la-comunidad-del-paraje-de-las-cuevas","status":"publish","type":"post","link":"https:\/\/nahuelproducciones.com.ar\/radioquijano\/exigen-agua-para-la-comunidad-del-paraje-de-las-cuevas\/","title":{"rendered":"Exigen agua para la Comunidad del Paraje de Las Cuevas."},"content":{"rendered":"\n<p>Una vecina  de la Comunidad del Paraje de Las Cuevas del Municipio de Campo Quijano exigen al intendente Folloni que solucione el suministro de Agua en la zona.<\/p>\n\n\n\n<p>En el Paraje Las Cuevas los vecinos tienen agua ya que la fundaci\u00f3n los ni\u00f1os de San Juan tiene instalado el lugar una bomba de agua, est\u00e1 bomba sufri\u00f3 un desperfecto y desde el jueves pasado no tiene agua y por ello la Escuela 4474 de Las Cuevas tampoco.<\/p>\n\n\n\n<p>La escuela no tiene un sistema de capacitaci\u00f3n propia,  y  la supervisora le autoriz\u00f3 a la direcci\u00f3n a suspender las clases.<\/p>\n\n\n\n<p>El intendente no concreto obras en la escuela aunque recibi\u00f3 presupuesto destinado para escuelas de la zona, se espera que desde el municipio lleguen al lugar y puedan solucionar este problema.<\/p>\n\n\n\n<p>En un audio comenta la situaci\u00f3n que est\u00e1n afrontando.<\/p>\n\n\n\n<p>Escucha el audio:<\/p>\n\n\n\n\n\n<p><\/p>\n","protected":false},"excerpt":{"rendered":"<p>Una vecina de la Comunidad del Paraje de Las Cuevas del Municipio de Campo Quijano exigen al intendente Folloni que solucione el suministro de Agua en la zona. En el Paraje Las Cuevas los vecinos tienen agua ya que la fundaci\u00f3n los ni\u00f1os de San Juan tiene instalado el lugar una bomba de agua, est\u00e1 [&hellip;]<\/p>\n","protected":false},"author":8,"featured_media":6117,"comment_status":"open","ping_status":"open","sticky":false,"template":"","format":"standard","meta":{"_monsterinsights_skip_tracking":false,"_monsterinsights_sitenote_active":false,"_monsterinsights_sitenote_note":"","_monsterinsights_sitenote_category":0,"footnotes":""},"categories":[16],"tags":[802,100,1286],"class_list":["post-6116","post","type-post","status-publish","format-standard","has-post-thumbnail","hentry","category-noticias","tag-falta-agua","tag-municipio-de-campo-quijano","tag-paraje-las-cuevas"],"yoast_head":"<!-- This site is optimized with the Yoast SEO plugin v20.8 - https:\/\/yoast.com\/wordpress\/plugins\/seo\/ -->\n<title>Exigen agua para la Comunidad del Paraje de Las Cuevas. - RQ 99.9<\/title>\n<meta name=\"description\" content=\"Desde el jueves pasado no tiene agua y por ello la Escuela 4474 de Las Cuevas tampoco.\" \/>\n<meta name=\"robots\" content=\"index, follow, max-snippet:-1, max-image-preview:large, max-video-preview:-1\" \/>\n<link rel=\"canonical\" href=\"https:\/\/nahuelproducciones.com.ar\/radioquijano\/exigen-agua-para-la-comunidad-del-paraje-de-las-cuevas\/\" \/>\n<meta property=\"og:locale\" content=\"es_ES\" \/>\n<meta property=\"og:type\" content=\"article\" \/>\n<meta property=\"og:title\" content=\"Exigen agua para la Comunidad del Paraje de Las Cuevas. - RQ 99.9\" \/>\n<meta property=\"og:description\" content=\"Desde el jueves pasado no tiene agua y por ello la Escuela 4474 de Las Cuevas tampoco.\" \/>\n<meta property=\"og:url\" content=\"https:\/\/nahuelproducciones.com.ar\/radioquijano\/exigen-agua-para-la-comunidad-del-paraje-de-las-cuevas\/\" \/>\n<meta property=\"og:site_name\" content=\"RQ 99.9\" \/>\n<meta property=\"article:publisher\" content=\"https:\/\/www.facebook.com\/nahuelproducciones999\/\" \/>\n<meta property=\"article:published_time\" content=\"2023-10-18T12:53:05+00:00\" \/>\n<meta property=\"article:modified_time\" content=\"2023-10-18T12:53:06+00:00\" \/>\n<meta property=\"og:image\" content=\"https:\/\/nahuelproducciones.com.ar\/radioquijano\/wp-content\/uploads\/2023\/10\/images-1-e1697633547532.jpeg\" \/>\n\t<meta property=\"og:image:width\" content=\"283\" \/>\n\t<meta property=\"og:image:height\" content=\"178\" \/>\n\t<meta property=\"og:image:type\" content=\"image\/jpeg\" \/>\n<meta name=\"author\" content=\"Cecilia Pastrana\" \/>\n<meta name=\"twitter:card\" content=\"summary_large_image\" \/>\n<meta name=\"twitter:creator\" content=\"@nahuproduciones\" \/>\n<meta name=\"twitter:site\" content=\"@nahuproduciones\" \/>\n<meta name=\"twitter:label1\" content=\"Escrito por\" \/>\n\t<meta name=\"twitter:data1\" content=\"Cecilia Pastrana\" \/>\n\t<meta name=\"twitter:label2\" content=\"Tiempo de lectura\" \/>\n\t<meta name=\"twitter:data2\" content=\"1 minuto\" \/>\n<script type=\"application\/ld+json\" class=\"yoast-schema-graph\">{\"@context\":\"https:\/\/schema.org\",\"@graph\":[{\"@type\":\"WebPage\",\"@id\":\"https:\/\/nahuelproducciones.com.ar\/radioquijano\/exigen-agua-para-la-comunidad-del-paraje-de-las-cuevas\/\",\"url\":\"https:\/\/nahuelproducciones.com.ar\/radioquijano\/exigen-agua-para-la-comunidad-del-paraje-de-las-cuevas\/\",\"name\":\"Exigen agua para la Comunidad del Paraje de Las Cuevas. - RQ 99.9\",\"isPartOf\":{\"@id\":\"https:\/\/nahuelproducciones.com.ar\/radioquijano\/#website\"},\"datePublished\":\"2023-10-18T12:53:05+00:00\",\"dateModified\":\"2023-10-18T12:53:06+00:00\",\"author\":{\"@id\":\"https:\/\/nahuelproducciones.com.ar\/radioquijano\/#\/schema\/person\/e8a4f939e2cb487fe6d0c54042c9d32c\"},\"description\":\"Desde el jueves pasado no tiene agua y por ello la Escuela 4474 de Las Cuevas tampoco.\",\"breadcrumb\":{\"@id\":\"https:\/\/nahuelproducciones.com.ar\/radioquijano\/exigen-agua-para-la-comunidad-del-paraje-de-las-cuevas\/#breadcrumb\"},\"inLanguage\":\"es\",\"potentialAction\":[{\"@type\":\"ReadAction\",\"target\":[\"https:\/\/nahuelproducciones.com.ar\/radioquijano\/exigen-agua-para-la-comunidad-del-paraje-de-las-cuevas\/\"]}]},{\"@type\":\"BreadcrumbList\",\"@id\":\"https:\/\/nahuelproducciones.com.ar\/radioquijano\/exigen-agua-para-la-comunidad-del-paraje-de-las-cuevas\/#breadcrumb\",\"itemListElement\":[{\"@type\":\"ListItem\",\"position\":1,\"name\":\"Portada\",\"item\":\"https:\/\/nahuelproducciones.com.ar\/radioquijano\/\"},{\"@type\":\"ListItem\",\"position\":2,\"name\":\"Exigen agua para la Comunidad del Paraje de Las Cuevas.\"}]},{\"@type\":\"WebSite\",\"@id\":\"https:\/\/nahuelproducciones.com.ar\/radioquijano\/#website\",\"url\":\"https:\/\/nahuelproducciones.com.ar\/radioquijano\/\",\"name\":\"RQ 99.9\",\"description\":\"Radio Quijano 99.9 MHz\",\"potentialAction\":[{\"@type\":\"SearchAction\",\"target\":{\"@type\":\"EntryPoint\",\"urlTemplate\":\"https:\/\/nahuelproducciones.com.ar\/radioquijano\/?s={search_term_string}\"},\"query-input\":\"required name=search_term_string\"}],\"inLanguage\":\"es\"},{\"@type\":\"Person\",\"@id\":\"https:\/\/nahuelproducciones.com.ar\/radioquijano\/#\/schema\/person\/e8a4f939e2cb487fe6d0c54042c9d32c\",\"name\":\"Cecilia Pastrana\",\"image\":{\"@type\":\"ImageObject\",\"inLanguage\":\"es\",\"@id\":\"https:\/\/nahuelproducciones.com.ar\/radioquijano\/#\/schema\/person\/image\/\",\"url\":\"https:\/\/secure.gravatar.com\/avatar\/661a3ef63a8488d4f2794ed44af8cf71420f7e106f3072c40125114df5157749?s=96&d=mm&r=g\",\"contentUrl\":\"https:\/\/secure.gravatar.com\/avatar\/661a3ef63a8488d4f2794ed44af8cf71420f7e106f3072c40125114df5157749?s=96&d=mm&r=g\",\"caption\":\"Cecilia Pastrana\"},\"sameAs\":[\"cecy\"],\"url\":\"https:\/\/nahuelproducciones.com.ar\/radioquijano\/author\/cecy\/\"}]}<\/script>\n<!-- \/ Yoast SEO plugin. -->","yoast_head_json":{"title":"Exigen agua para la Comunidad del Paraje de Las Cuevas. - RQ 99.9","description":"Desde el jueves pasado no tiene agua y por ello la Escuela 4474 de Las Cuevas tampoco.","robots":{"index":"index","follow":"follow","max-snippet":"max-snippet:-1","max-image-preview":"max-image-preview:large","max-video-preview":"max-video-preview:-1"},"canonical":"https:\/\/nahuelproducciones.com.ar\/radioquijano\/exigen-agua-para-la-comunidad-del-paraje-de-las-cuevas\/","og_locale":"es_ES","og_type":"article","og_title":"Exigen agua para la Comunidad del Paraje de Las Cuevas. - RQ 99.9","og_description":"Desde el jueves pasado no tiene agua y por ello la Escuela 4474 de Las Cuevas tampoco.","og_url":"https:\/\/nahuelproducciones.com.ar\/radioquijano\/exigen-agua-para-la-comunidad-del-paraje-de-las-cuevas\/","og_site_name":"RQ 99.9","article_publisher":"https:\/\/www.facebook.com\/nahuelproducciones999\/","article_published_time":"2023-10-18T12:53:05+00:00","article_modified_time":"2023-10-18T12:53:06+00:00","og_image":[{"width":283,"height":178,"url":"https:\/\/nahuelproducciones.com.ar\/radioquijano\/wp-content\/uploads\/2023\/10\/images-1-e1697633547532.jpeg","type":"image\/jpeg"}],"author":"Cecilia Pastrana","twitter_card":"summary_large_image","twitter_creator":"@nahuproduciones","twitter_site":"@nahuproduciones","twitter_misc":{"Escrito por":"Cecilia Pastrana","Tiempo de lectura":"1 minuto"},"schema":{"@context":"https:\/\/schema.org","@graph":[{"@type":"WebPage","@id":"https:\/\/nahuelproducciones.com.ar\/radioquijano\/exigen-agua-para-la-comunidad-del-paraje-de-las-cuevas\/","url":"https:\/\/nahuelproducciones.com.ar\/radioquijano\/exigen-agua-para-la-comunidad-del-paraje-de-las-cuevas\/","name":"Exigen agua para la Comunidad del Paraje de Las Cuevas. - RQ 99.9","isPartOf":{"@id":"https:\/\/nahuelproducciones.com.ar\/radioquijano\/#website"},"datePublished":"2023-10-18T12:53:05+00:00","dateModified":"2023-10-18T12:53:06+00:00","author":{"@id":"https:\/\/nahuelproducciones.com.ar\/radioquijano\/#\/schema\/person\/e8a4f939e2cb487fe6d0c54042c9d32c"},"description":"Desde el jueves pasado no tiene agua y por ello la Escuela 4474 de Las Cuevas tampoco.","breadcrumb":{"@id":"https:\/\/nahuelproducciones.com.ar\/radioquijano\/exigen-agua-para-la-comunidad-del-paraje-de-las-cuevas\/#breadcrumb"},"inLanguage":"es","potentialAction":[{"@type":"ReadAction","target":["https:\/\/nahuelproducciones.com.ar\/radioquijano\/exigen-agua-para-la-comunidad-del-paraje-de-las-cuevas\/"]}]},{"@type":"BreadcrumbList","@id":"https:\/\/nahuelproducciones.com.ar\/radioquijano\/exigen-agua-para-la-comunidad-del-paraje-de-las-cuevas\/#breadcrumb","itemListElement":[{"@type":"ListItem","position":1,"name":"Portada","item":"https:\/\/nahuelproducciones.com.ar\/radioquijano\/"},{"@type":"ListItem","position":2,"name":"Exigen agua para la Comunidad del Paraje de Las Cuevas."}]},{"@type":"WebSite","@id":"https:\/\/nahuelproducciones.com.ar\/radioquijano\/#website","url":"https:\/\/nahuelproducciones.com.ar\/radioquijano\/","name":"RQ 99.9","description":"Radio Quijano 99.9 MHz","potentialAction":[{"@type":"SearchAction","target":{"@type":"EntryPoint","urlTemplate":"https:\/\/nahuelproducciones.com.ar\/radioquijano\/?s={search_term_string}"},"query-input":"required name=search_term_string"}],"inLanguage":"es"},{"@type":"Person","@id":"https:\/\/nahuelproducciones.com.ar\/radioquijano\/#\/schema\/person\/e8a4f939e2cb487fe6d0c54042c9d32c","name":"Cecilia Pastrana","image":{"@type":"ImageObject","inLanguage":"es","@id":"https:\/\/nahuelproducciones.com.ar\/radioquijano\/#\/schema\/person\/image\/","url":"https:\/\/secure.gravatar.com\/avatar\/661a3ef63a8488d4f2794ed44af8cf71420f7e106f3072c40125114df5157749?s=96&d=mm&r=g","contentUrl":"https:\/\/secure.gravatar.com\/avatar\/661a3ef63a8488d4f2794ed44af8cf71420f7e106f3072c40125114df5157749?s=96&d=mm&r=g","caption":"Cecilia Pastrana"},"sameAs":["cecy"],"url":"https:\/\/nahuelproducciones.com.ar\/radioquijano\/author\/cecy\/"}]}},"_links":{"self":[{"href":"https:\/\/nahuelproducciones.com.ar\/radioquijano\/wp-json\/wp\/v2\/posts\/6116","targetHints":{"allow":["GET"]}}],"collection":[{"href":"https:\/\/nahuelproducciones.com.ar\/radioquijano\/wp-json\/wp\/v2\/posts"}],"about":[{"href":"https:\/\/nahuelproducciones.com.ar\/radioquijano\/wp-json\/wp\/v2\/types\/post"}],"author":[{"embeddable":true,"href":"https:\/\/nahuelproducciones.com.ar\/radioquijano\/wp-json\/wp\/v2\/users\/8"}],"replies":[{"embeddable":true,"href":"https:\/\/nahuelproducciones.com.ar\/radioquijano\/wp-json\/wp\/v2\/comments?post=6116"}],"version-history":[{"count":1,"href":"https:\/\/nahuelproducciones.com.ar\/radioquijano\/wp-json\/wp\/v2\/posts\/6116\/revisions"}],"predecessor-version":[{"id":6118,"href":"https:\/\/nahuelproducciones.com.ar\/radioquijano\/wp-json\/wp\/v2\/posts\/6116\/revisions\/6118"}],"wp:featuredmedia":[{"embeddable":true,"href":"https:\/\/nahuelproducciones.com.ar\/radioquijano\/wp-json\/wp\/v2\/media\/6117"}],"wp:attachment":[{"href":"https:\/\/nahuelproducciones.com.ar\/radioquijano\/wp-json\/wp\/v2\/media?parent=6116"}],"wp:term":[{"taxonomy":"category","embeddable":true,"href":"https:\/\/nahuelproducciones.com.ar\/radioquijano\/wp-json\/wp\/v2\/categories?post=6116"},{"taxonomy":"post_tag","embeddable":true,"href":"https:\/\/nahuelproducciones.com.ar\/radioquijano\/wp-json\/wp\/v2\/tags?post=6116"}],"curies":[{"name":"wp","href":"https:\/\/api.w.org\/{rel}","templated":true}]}}