{"id":6119,"date":"2023-10-18T16:44:39","date_gmt":"2023-10-18T19:44:39","guid":{"rendered":"https:\/\/nahuelproducciones.com.ar\/radioquijano\/?p=6119"},"modified":"2023-10-20T01:49:28","modified_gmt":"2023-10-20T04:49:28","slug":"donde-voto-consulta-el-padron-electoral-definitivo-para-las-elecciones-2023","status":"publish","type":"post","link":"https:\/\/nahuelproducciones.com.ar\/radioquijano\/donde-voto-consulta-el-padron-electoral-definitivo-para-las-elecciones-2023\/","title":{"rendered":"D\u00f3nde voto: consulta el padr\u00f3n electoral definitivo para las elecciones 2023"},"content":{"rendered":"\n<p>Todos los ciudadanos argentinos a partir de los 16 a\u00f1os de edad tendr\u00e1n el derecho de votar el<strong>&nbsp;domingo de 22 de octubre.<\/strong><\/p>\n\n\n\n<p>La C\u00e1mara Nacional Electoral habilit\u00f3 un sitio web donde los ciudadanos pueden&nbsp;<strong>consultar d\u00f3nde votan<\/strong>. La p\u00e1gina volver\u00e1 a estar actualizada con la informaci\u00f3n de las mesas electorales y los establecimientos a los que tendr\u00e1 que acudir la ciudadan\u00eda este domingo para poder emitir el voto.<\/p>\n\n\n\n<p>Para realizar la&nbsp;consulta por internet&nbsp;deber\u00e1s ingresar al sitio de la Justicia Nacional Electoral, da clic en la opci\u00f3n \u00abpadr\u00f3n definitivo\u00bb y ah\u00ed tendr\u00e1s que completar un formulario con los siguientes datos:<\/p>\n\n\n\n<ul class=\"wp-block-list\">\n<li>Documento: tu n\u00famero DNI, sin puntos<\/li>\n\n\n\n<li>G\u00e9nero: elige la opci\u00f3n que aparezca en tu DNI<\/li>\n\n\n\n<li>Distrito: elige la provincia donde votas, de acuerdo con el domicilio que aparece en tu DNI<\/li>\n\n\n\n<li>Verificador: escribe los n\u00fameros y letras que aparecen en el verificador<\/li>\n<\/ul>\n\n\n\n<p> A continuaci\u00f3n, se obtendr\u00e1n los datos necesarios para el momento del sufragio: la direcci\u00f3n del establecimiento de votaci\u00f3n, el n\u00famero de mesa y de orden.<\/p>\n\n\n\n<p class=\"has-text-align-center\"><a href=\"https:\/\/www.padron.gob.ar\/\" target=\"_blank\" rel=\"noreferrer noopener\"><strong>https:\/\/www.padron.gob.ar\/<\/strong><\/a><\/p>\n\n\n\n<p>.<\/p>\n","protected":false},"excerpt":{"rendered":"<p>Todos los ciudadanos argentinos a partir de los 16 a\u00f1os de edad tendr\u00e1n el derecho de votar el&nbsp;domingo de 22 de octubre. La C\u00e1mara Nacional Electoral habilit\u00f3 un sitio web donde los ciudadanos pueden&nbsp;consultar d\u00f3nde votan. La p\u00e1gina volver\u00e1 a estar actualizada con la informaci\u00f3n de las mesas electorales y los establecimientos a los que [&hellip;]<\/p>\n","protected":false},"author":8,"featured_media":6120,"comment_status":"open","ping_status":"open","sticky":false,"template":"","format":"standard","meta":{"_monsterinsights_skip_tracking":false,"_monsterinsights_sitenote_active":false,"_monsterinsights_sitenote_note":"","_monsterinsights_sitenote_category":0,"footnotes":""},"categories":[16],"tags":[928,100,136],"class_list":["post-6119","post","type-post","status-publish","format-standard","has-post-thumbnail","hentry","category-noticias","tag-elecciones","tag-municipio-de-campo-quijano","tag-padron-electoral"],"yoast_head":"<!-- This site is optimized with the Yoast SEO plugin v20.8 - https:\/\/yoast.com\/wordpress\/plugins\/seo\/ -->\n<title>D\u00f3nde voto: consulta el padr\u00f3n electoral definitivo para las elecciones 2023 - RQ 99.9<\/title>\n<meta name=\"description\" content=\"Todos los ciudadanos argentinos a partir de los 16 a\u00f1os de edad tendr\u00e1n el derecho de votar el\u00a0domingo de 22 de octubre.\" \/>\n<meta name=\"robots\" content=\"index, follow, max-snippet:-1, max-image-preview:large, max-video-preview:-1\" \/>\n<link rel=\"canonical\" href=\"https:\/\/nahuelproducciones.com.ar\/radioquijano\/donde-voto-consulta-el-padron-electoral-definitivo-para-las-elecciones-2023\/\" \/>\n<meta property=\"og:locale\" content=\"es_ES\" \/>\n<meta property=\"og:type\" content=\"article\" \/>\n<meta property=\"og:title\" content=\"D\u00f3nde voto: consulta el padr\u00f3n electoral definitivo para las elecciones 2023 - RQ 99.9\" \/>\n<meta property=\"og:description\" content=\"Todos los ciudadanos argentinos a partir de los 16 a\u00f1os de edad tendr\u00e1n el derecho de votar el\u00a0domingo de 22 de octubre.\" \/>\n<meta property=\"og:url\" content=\"https:\/\/nahuelproducciones.com.ar\/radioquijano\/donde-voto-consulta-el-padron-electoral-definitivo-para-las-elecciones-2023\/\" \/>\n<meta property=\"og:site_name\" content=\"RQ 99.9\" \/>\n<meta property=\"article:publisher\" content=\"https:\/\/www.facebook.com\/nahuelproducciones999\/\" \/>\n<meta property=\"article:published_time\" content=\"2023-10-18T19:44:39+00:00\" \/>\n<meta property=\"article:modified_time\" content=\"2023-10-20T04:49:28+00:00\" \/>\n<meta property=\"og:image\" content=\"https:\/\/nahuelproducciones.com.ar\/radioquijano\/wp-content\/uploads\/2023\/10\/WhatsApp-Image-2023-10-18-at-4.39.29-PM-e1697658243632.jpeg\" \/>\n\t<meta property=\"og:image:width\" content=\"700\" \/>\n\t<meta property=\"og:image:height\" content=\"403\" \/>\n\t<meta property=\"og:image:type\" content=\"image\/jpeg\" \/>\n<meta name=\"author\" content=\"Cecilia Pastrana\" \/>\n<meta name=\"twitter:card\" content=\"summary_large_image\" \/>\n<meta name=\"twitter:creator\" content=\"@nahuproduciones\" \/>\n<meta name=\"twitter:site\" content=\"@nahuproduciones\" \/>\n<meta name=\"twitter:label1\" content=\"Escrito por\" \/>\n\t<meta name=\"twitter:data1\" content=\"Cecilia Pastrana\" \/>\n\t<meta name=\"twitter:label2\" content=\"Tiempo de lectura\" \/>\n\t<meta name=\"twitter:data2\" content=\"1 minuto\" \/>\n<script type=\"application\/ld+json\" class=\"yoast-schema-graph\">{\"@context\":\"https:\/\/schema.org\",\"@graph\":[{\"@type\":\"WebPage\",\"@id\":\"https:\/\/nahuelproducciones.com.ar\/radioquijano\/donde-voto-consulta-el-padron-electoral-definitivo-para-las-elecciones-2023\/\",\"url\":\"https:\/\/nahuelproducciones.com.ar\/radioquijano\/donde-voto-consulta-el-padron-electoral-definitivo-para-las-elecciones-2023\/\",\"name\":\"D\u00f3nde voto: consulta el padr\u00f3n electoral definitivo para las elecciones 2023 - RQ 99.9\",\"isPartOf\":{\"@id\":\"https:\/\/nahuelproducciones.com.ar\/radioquijano\/#website\"},\"datePublished\":\"2023-10-18T19:44:39+00:00\",\"dateModified\":\"2023-10-20T04:49:28+00:00\",\"author\":{\"@id\":\"https:\/\/nahuelproducciones.com.ar\/radioquijano\/#\/schema\/person\/e8a4f939e2cb487fe6d0c54042c9d32c\"},\"description\":\"Todos los ciudadanos argentinos a partir de los 16 a\u00f1os de edad tendr\u00e1n el derecho de votar el\u00a0domingo de 22 de octubre.\",\"breadcrumb\":{\"@id\":\"https:\/\/nahuelproducciones.com.ar\/radioquijano\/donde-voto-consulta-el-padron-electoral-definitivo-para-las-elecciones-2023\/#breadcrumb\"},\"inLanguage\":\"es\",\"potentialAction\":[{\"@type\":\"ReadAction\",\"target\":[\"https:\/\/nahuelproducciones.com.ar\/radioquijano\/donde-voto-consulta-el-padron-electoral-definitivo-para-las-elecciones-2023\/\"]}]},{\"@type\":\"BreadcrumbList\",\"@id\":\"https:\/\/nahuelproducciones.com.ar\/radioquijano\/donde-voto-consulta-el-padron-electoral-definitivo-para-las-elecciones-2023\/#breadcrumb\",\"itemListElement\":[{\"@type\":\"ListItem\",\"position\":1,\"name\":\"Portada\",\"item\":\"https:\/\/nahuelproducciones.com.ar\/radioquijano\/\"},{\"@type\":\"ListItem\",\"position\":2,\"name\":\"D\u00f3nde voto: consulta el padr\u00f3n electoral definitivo para las elecciones 2023\"}]},{\"@type\":\"WebSite\",\"@id\":\"https:\/\/nahuelproducciones.com.ar\/radioquijano\/#website\",\"url\":\"https:\/\/nahuelproducciones.com.ar\/radioquijano\/\",\"name\":\"RQ 99.9\",\"description\":\"Radio Quijano 99.9 MHz\",\"potentialAction\":[{\"@type\":\"SearchAction\",\"target\":{\"@type\":\"EntryPoint\",\"urlTemplate\":\"https:\/\/nahuelproducciones.com.ar\/radioquijano\/?s={search_term_string}\"},\"query-input\":\"required name=search_term_string\"}],\"inLanguage\":\"es\"},{\"@type\":\"Person\",\"@id\":\"https:\/\/nahuelproducciones.com.ar\/radioquijano\/#\/schema\/person\/e8a4f939e2cb487fe6d0c54042c9d32c\",\"name\":\"Cecilia Pastrana\",\"image\":{\"@type\":\"ImageObject\",\"inLanguage\":\"es\",\"@id\":\"https:\/\/nahuelproducciones.com.ar\/radioquijano\/#\/schema\/person\/image\/\",\"url\":\"https:\/\/secure.gravatar.com\/avatar\/661a3ef63a8488d4f2794ed44af8cf71420f7e106f3072c40125114df5157749?s=96&d=mm&r=g\",\"contentUrl\":\"https:\/\/secure.gravatar.com\/avatar\/661a3ef63a8488d4f2794ed44af8cf71420f7e106f3072c40125114df5157749?s=96&d=mm&r=g\",\"caption\":\"Cecilia Pastrana\"},\"sameAs\":[\"cecy\"],\"url\":\"https:\/\/nahuelproducciones.com.ar\/radioquijano\/author\/cecy\/\"}]}<\/script>\n<!-- \/ Yoast SEO plugin. -->","yoast_head_json":{"title":"D\u00f3nde voto: consulta el padr\u00f3n electoral definitivo para las elecciones 2023 - RQ 99.9","description":"Todos los ciudadanos argentinos a partir de los 16 a\u00f1os de edad tendr\u00e1n el derecho de votar el\u00a0domingo de 22 de octubre.","robots":{"index":"index","follow":"follow","max-snippet":"max-snippet:-1","max-image-preview":"max-image-preview:large","max-video-preview":"max-video-preview:-1"},"canonical":"https:\/\/nahuelproducciones.com.ar\/radioquijano\/donde-voto-consulta-el-padron-electoral-definitivo-para-las-elecciones-2023\/","og_locale":"es_ES","og_type":"article","og_title":"D\u00f3nde voto: consulta el padr\u00f3n electoral definitivo para las elecciones 2023 - RQ 99.9","og_description":"Todos los ciudadanos argentinos a partir de los 16 a\u00f1os de edad tendr\u00e1n el derecho de votar el\u00a0domingo de 22 de octubre.","og_url":"https:\/\/nahuelproducciones.com.ar\/radioquijano\/donde-voto-consulta-el-padron-electoral-definitivo-para-las-elecciones-2023\/","og_site_name":"RQ 99.9","article_publisher":"https:\/\/www.facebook.com\/nahuelproducciones999\/","article_published_time":"2023-10-18T19:44:39+00:00","article_modified_time":"2023-10-20T04:49:28+00:00","og_image":[{"width":700,"height":403,"url":"https:\/\/nahuelproducciones.com.ar\/radioquijano\/wp-content\/uploads\/2023\/10\/WhatsApp-Image-2023-10-18-at-4.39.29-PM-e1697658243632.jpeg","type":"image\/jpeg"}],"author":"Cecilia Pastrana","twitter_card":"summary_large_image","twitter_creator":"@nahuproduciones","twitter_site":"@nahuproduciones","twitter_misc":{"Escrito por":"Cecilia Pastrana","Tiempo de lectura":"1 minuto"},"schema":{"@context":"https:\/\/schema.org","@graph":[{"@type":"WebPage","@id":"https:\/\/nahuelproducciones.com.ar\/radioquijano\/donde-voto-consulta-el-padron-electoral-definitivo-para-las-elecciones-2023\/","url":"https:\/\/nahuelproducciones.com.ar\/radioquijano\/donde-voto-consulta-el-padron-electoral-definitivo-para-las-elecciones-2023\/","name":"D\u00f3nde voto: consulta el padr\u00f3n electoral definitivo para las elecciones 2023 - RQ 99.9","isPartOf":{"@id":"https:\/\/nahuelproducciones.com.ar\/radioquijano\/#website"},"datePublished":"2023-10-18T19:44:39+00:00","dateModified":"2023-10-20T04:49:28+00:00","author":{"@id":"https:\/\/nahuelproducciones.com.ar\/radioquijano\/#\/schema\/person\/e8a4f939e2cb487fe6d0c54042c9d32c"},"description":"Todos los ciudadanos argentinos a partir de los 16 a\u00f1os de edad tendr\u00e1n el derecho de votar el\u00a0domingo de 22 de octubre.","breadcrumb":{"@id":"https:\/\/nahuelproducciones.com.ar\/radioquijano\/donde-voto-consulta-el-padron-electoral-definitivo-para-las-elecciones-2023\/#breadcrumb"},"inLanguage":"es","potentialAction":[{"@type":"ReadAction","target":["https:\/\/nahuelproducciones.com.ar\/radioquijano\/donde-voto-consulta-el-padron-electoral-definitivo-para-las-elecciones-2023\/"]}]},{"@type":"BreadcrumbList","@id":"https:\/\/nahuelproducciones.com.ar\/radioquijano\/donde-voto-consulta-el-padron-electoral-definitivo-para-las-elecciones-2023\/#breadcrumb","itemListElement":[{"@type":"ListItem","position":1,"name":"Portada","item":"https:\/\/nahuelproducciones.com.ar\/radioquijano\/"},{"@type":"ListItem","position":2,"name":"D\u00f3nde voto: consulta el padr\u00f3n electoral definitivo para las elecciones 2023"}]},{"@type":"WebSite","@id":"https:\/\/nahuelproducciones.com.ar\/radioquijano\/#website","url":"https:\/\/nahuelproducciones.com.ar\/radioquijano\/","name":"RQ 99.9","description":"Radio Quijano 99.9 MHz","potentialAction":[{"@type":"SearchAction","target":{"@type":"EntryPoint","urlTemplate":"https:\/\/nahuelproducciones.com.ar\/radioquijano\/?s={search_term_string}"},"query-input":"required name=search_term_string"}],"inLanguage":"es"},{"@type":"Person","@id":"https:\/\/nahuelproducciones.com.ar\/radioquijano\/#\/schema\/person\/e8a4f939e2cb487fe6d0c54042c9d32c","name":"Cecilia Pastrana","image":{"@type":"ImageObject","inLanguage":"es","@id":"https:\/\/nahuelproducciones.com.ar\/radioquijano\/#\/schema\/person\/image\/","url":"https:\/\/secure.gravatar.com\/avatar\/661a3ef63a8488d4f2794ed44af8cf71420f7e106f3072c40125114df5157749?s=96&d=mm&r=g","contentUrl":"https:\/\/secure.gravatar.com\/avatar\/661a3ef63a8488d4f2794ed44af8cf71420f7e106f3072c40125114df5157749?s=96&d=mm&r=g","caption":"Cecilia Pastrana"},"sameAs":["cecy"],"url":"https:\/\/nahuelproducciones.com.ar\/radioquijano\/author\/cecy\/"}]}},"_links":{"self":[{"href":"https:\/\/nahuelproducciones.com.ar\/radioquijano\/wp-json\/wp\/v2\/posts\/6119","targetHints":{"allow":["GET"]}}],"collection":[{"href":"https:\/\/nahuelproducciones.com.ar\/radioquijano\/wp-json\/wp\/v2\/posts"}],"about":[{"href":"https:\/\/nahuelproducciones.com.ar\/radioquijano\/wp-json\/wp\/v2\/types\/post"}],"author":[{"embeddable":true,"href":"https:\/\/nahuelproducciones.com.ar\/radioquijano\/wp-json\/wp\/v2\/users\/8"}],"replies":[{"embeddable":true,"href":"https:\/\/nahuelproducciones.com.ar\/radioquijano\/wp-json\/wp\/v2\/comments?post=6119"}],"version-history":[{"count":4,"href":"https:\/\/nahuelproducciones.com.ar\/radioquijano\/wp-json\/wp\/v2\/posts\/6119\/revisions"}],"predecessor-version":[{"id":6151,"href":"https:\/\/nahuelproducciones.com.ar\/radioquijano\/wp-json\/wp\/v2\/posts\/6119\/revisions\/6151"}],"wp:featuredmedia":[{"embeddable":true,"href":"https:\/\/nahuelproducciones.com.ar\/radioquijano\/wp-json\/wp\/v2\/media\/6120"}],"wp:attachment":[{"href":"https:\/\/nahuelproducciones.com.ar\/radioquijano\/wp-json\/wp\/v2\/media?parent=6119"}],"wp:term":[{"taxonomy":"category","embeddable":true,"href":"https:\/\/nahuelproducciones.com.ar\/radioquijano\/wp-json\/wp\/v2\/categories?post=6119"},{"taxonomy":"post_tag","embeddable":true,"href":"https:\/\/nahuelproducciones.com.ar\/radioquijano\/wp-json\/wp\/v2\/tags?post=6119"}],"curies":[{"name":"wp","href":"https:\/\/api.w.org\/{rel}","templated":true}]}}