{"id":6126,"date":"2023-10-18T16:54:48","date_gmt":"2023-10-18T19:54:48","guid":{"rendered":"https:\/\/nahuelproducciones.com.ar\/radioquijano\/?p=6126"},"modified":"2023-10-18T16:54:48","modified_gmt":"2023-10-18T19:54:48","slug":"campo-quijano-trece-anos-y-medio-de-prision-para-un-padrastro-abusador","status":"publish","type":"post","link":"https:\/\/nahuelproducciones.com.ar\/radioquijano\/campo-quijano-trece-anos-y-medio-de-prision-para-un-padrastro-abusador\/","title":{"rendered":"Campo Quijano: Trece a\u00f1os y medio de prisi\u00f3n para un padrastro abusador."},"content":{"rendered":"\n<p>Un hombre de 37 a\u00f1os fue condenado a trece a\u00f1os y seis meses de prisi\u00f3n efectiva por resultar autor material y penalmente responsable del delito de abuso sexual con acceso carnal agravado por la guarda y la convivencia preexistente con una menor de dieciocho a\u00f1os (continuado), en perjuicio de su hijastra menor de edad.<\/p>\n\n\n\n<p>El juez Jos\u00e9 Luis Riera, vocal de la Sala VI del Tribunal de Juicio, orden\u00f3 que el sujeto sea trasladado a la Unidad Carcelaria. Dispuso que se le realice extracci\u00f3n de material gen\u00e9tico para su incorporaci\u00f3n al banco de datos correspondiente.<\/p>\n\n\n\n<p>Recomend\u00f3 al director del Servicio Penitenciario de&nbsp; la Provincia que el condenado&nbsp; realice tratamiento psicoterap\u00e9utico.<\/p>\n\n\n\n<p>Los abusos salieron a la luz cuando la v\u00edctima le cont\u00f3 a la preceptora, en el colegio, que su padrastro le hab\u00eda pegado y que abusaba de ella. La menor lleg\u00f3 al establecimiento dolorida porque el acusado la hab\u00eda golpeado el d\u00eda anterior con un cinto cuando se enter\u00f3 de que ella \u201cse hab\u00eda hecho la yuta\u201d.<\/p>\n\n\n\n<p>La preceptora advirti\u00f3 que la alumna no pod\u00eda caminar y le pregunt\u00f3 qu\u00e9 le pasaba. Entonces la menor decidi\u00f3 mostrarle los moretones que ten\u00eda en las piernas y brazos, y le cont\u00f3 que el imputado abusaba de ella desde que ten\u00eda diez a\u00f1os de edad.<\/p>\n\n\n\n<p>Expres\u00f3 que no sab\u00eda c\u00f3mo contarle a su mam\u00e1 porque su padrastro la amenazaba dici\u00e9ndole que, si ella hablaba, las iba a matar a las dos y que \u00e9l no ten\u00eda miedo de ir preso.<\/p>\n\n\n\n<p>Luego de lo sucedido en el colegio, la v\u00edctima decidi\u00f3 contarle a su madre acerca de los abusos. Ese d\u00eda el acusado se fue a Campo Quijano y ella le pidi\u00f3 a su mam\u00e1 que se separe y, llorando, le dijo lo que su padrastro le hac\u00eda desde peque\u00f1a.<\/p>\n\n\n\n<p>La denunciante llam\u00f3 al acusado por tel\u00e9fono para reclamarle y \u00e9l neg\u00f3 todo. Al rato lleg\u00f3 a la casa, enfurecido, y le orden\u00f3 a la v\u00edctima que reconociera que hab\u00eda mentido. Primero le ofreci\u00f3 comprarle cosas y luego comenz\u00f3 a amenazarla haciendo se\u00f1as con la mano, como advirti\u00e9ndole que la iba a ahorcar. Tambi\u00e9n intent\u00f3 intimidarla record\u00e1ndole que \u00e9l era el sost\u00e9n de la casa y, que si lo llevaban preso, la familia iba a quedar en la calle.<\/p>\n\n\n\n<p>La v\u00edctima relat\u00f3 que el acusado primero comenz\u00f3 a tocarla en sus partes \u00edntimas. Cuando ten\u00eda 13 a\u00f1os \u00e9l la llev\u00f3 un d\u00eda a El Carril, a un curandero. Cuando volv\u00edan, a la noche, detuvo el auto en la ruta y la accedi\u00f3 carnalmente en el asiento de atr\u00e1s. A partir de ese momento los abusos continuaron. Pasaba cuando se quedaban solos en la casa.<\/p>\n\n\n\n<p>La v\u00edctima cont\u00f3 que a veces el acusado los mandaba a sus hermanos a comprar para poder abusar de ella. Tambi\u00e9n le sacaba fotos desnuda, con su celular.<\/p>\n\n\n\n<p>Nota: Se omiti\u00f3 el nombre completo de las personas involucradas para preservar la identidad de la menor y su derecho a la intimidad y confidencialidad, en virtud de la Convenci\u00f3n de los Derechos del Ni\u00f1o (art\u00edculo 75, inciso 22 de la Constituci\u00f3n Nacional, Ley 23849) y las Leyes 26061 de Protecci\u00f3n Integral de los Derechos de Ni\u00f1as, Ni\u00f1os y Adolescentes, y 26522 de Servicio de Comunicaci\u00f3n Audiovisual.<\/p>\n\n\n\n<p>Fuente: NOTICIAS JUDICIALES DE SALTA<\/p>\n","protected":false},"excerpt":{"rendered":"<p>Un hombre de 37 a\u00f1os fue condenado a trece a\u00f1os y seis meses de prisi\u00f3n efectiva por resultar autor material y penalmente responsable del delito de abuso sexual con acceso carnal agravado por la guarda y la convivencia preexistente con una menor de dieciocho a\u00f1os (continuado), en perjuicio de su hijastra menor de edad. El [&hellip;]<\/p>\n","protected":false},"author":8,"featured_media":6127,"comment_status":"open","ping_status":"open","sticky":false,"template":"","format":"standard","meta":{"_monsterinsights_skip_tracking":false,"_monsterinsights_sitenote_active":false,"_monsterinsights_sitenote_note":"","_monsterinsights_sitenote_category":0,"footnotes":""},"categories":[16],"tags":[36,100,1287,1288],"class_list":["post-6126","post","type-post","status-publish","format-standard","has-post-thumbnail","hentry","category-noticias","tag-campo-quijano","tag-municipio-de-campo-quijano","tag-noticias-judiciales-de-salta","tag-padrastro-abusador"],"yoast_head":"<!-- This site is optimized with the Yoast SEO plugin v20.8 - https:\/\/yoast.com\/wordpress\/plugins\/seo\/ -->\n<title>Campo Quijano: Trece a\u00f1os y medio de prisi\u00f3n para un padrastro abusador. - RQ 99.9<\/title>\n<meta name=\"description\" content=\"Los abusos salieron a la luz cuando la v\u00edctima le cont\u00f3 a la preceptora, en el colegio de Campo Quijano, que su padrastro le hab\u00eda pegado y que abusaba de ella.\" \/>\n<meta name=\"robots\" content=\"index, follow, max-snippet:-1, max-image-preview:large, max-video-preview:-1\" \/>\n<link rel=\"canonical\" href=\"https:\/\/nahuelproducciones.com.ar\/radioquijano\/campo-quijano-trece-anos-y-medio-de-prision-para-un-padrastro-abusador\/\" \/>\n<meta property=\"og:locale\" content=\"es_ES\" \/>\n<meta property=\"og:type\" content=\"article\" \/>\n<meta property=\"og:title\" content=\"Campo Quijano: Trece a\u00f1os y medio de prisi\u00f3n para un padrastro abusador. - RQ 99.9\" \/>\n<meta property=\"og:description\" content=\"Los abusos salieron a la luz cuando la v\u00edctima le cont\u00f3 a la preceptora, en el colegio de Campo Quijano, que su padrastro le hab\u00eda pegado y que abusaba de ella.\" \/>\n<meta property=\"og:url\" content=\"https:\/\/nahuelproducciones.com.ar\/radioquijano\/campo-quijano-trece-anos-y-medio-de-prision-para-un-padrastro-abusador\/\" \/>\n<meta property=\"og:site_name\" content=\"RQ 99.9\" \/>\n<meta property=\"article:publisher\" content=\"https:\/\/www.facebook.com\/nahuelproducciones999\/\" \/>\n<meta property=\"article:published_time\" content=\"2023-10-18T19:54:48+00:00\" \/>\n<meta property=\"og:image\" content=\"https:\/\/nahuelproducciones.com.ar\/radioquijano\/wp-content\/uploads\/2023\/10\/hombre-ira-a-prision-por-abusar-de-adolescente-que-mantuvo-oculto-dos-anos-en-un-armario-700x366-1.jpg\" \/>\n\t<meta property=\"og:image:width\" content=\"700\" \/>\n\t<meta property=\"og:image:height\" content=\"366\" \/>\n\t<meta property=\"og:image:type\" content=\"image\/jpeg\" \/>\n<meta name=\"author\" content=\"Cecilia Pastrana\" \/>\n<meta name=\"twitter:card\" content=\"summary_large_image\" \/>\n<meta name=\"twitter:creator\" content=\"@nahuproduciones\" \/>\n<meta name=\"twitter:site\" content=\"@nahuproduciones\" \/>\n<meta name=\"twitter:label1\" content=\"Escrito por\" \/>\n\t<meta name=\"twitter:data1\" content=\"Cecilia Pastrana\" \/>\n\t<meta name=\"twitter:label2\" content=\"Tiempo de lectura\" \/>\n\t<meta name=\"twitter:data2\" content=\"3 minutos\" \/>\n<script type=\"application\/ld+json\" class=\"yoast-schema-graph\">{\"@context\":\"https:\/\/schema.org\",\"@graph\":[{\"@type\":\"WebPage\",\"@id\":\"https:\/\/nahuelproducciones.com.ar\/radioquijano\/campo-quijano-trece-anos-y-medio-de-prision-para-un-padrastro-abusador\/\",\"url\":\"https:\/\/nahuelproducciones.com.ar\/radioquijano\/campo-quijano-trece-anos-y-medio-de-prision-para-un-padrastro-abusador\/\",\"name\":\"Campo Quijano: Trece a\u00f1os y medio de prisi\u00f3n para un padrastro abusador. - RQ 99.9\",\"isPartOf\":{\"@id\":\"https:\/\/nahuelproducciones.com.ar\/radioquijano\/#website\"},\"datePublished\":\"2023-10-18T19:54:48+00:00\",\"dateModified\":\"2023-10-18T19:54:48+00:00\",\"author\":{\"@id\":\"https:\/\/nahuelproducciones.com.ar\/radioquijano\/#\/schema\/person\/e8a4f939e2cb487fe6d0c54042c9d32c\"},\"description\":\"Los abusos salieron a la luz cuando la v\u00edctima le cont\u00f3 a la preceptora, en el colegio de Campo Quijano, que su padrastro le hab\u00eda pegado y que abusaba de ella.\",\"breadcrumb\":{\"@id\":\"https:\/\/nahuelproducciones.com.ar\/radioquijano\/campo-quijano-trece-anos-y-medio-de-prision-para-un-padrastro-abusador\/#breadcrumb\"},\"inLanguage\":\"es\",\"potentialAction\":[{\"@type\":\"ReadAction\",\"target\":[\"https:\/\/nahuelproducciones.com.ar\/radioquijano\/campo-quijano-trece-anos-y-medio-de-prision-para-un-padrastro-abusador\/\"]}]},{\"@type\":\"BreadcrumbList\",\"@id\":\"https:\/\/nahuelproducciones.com.ar\/radioquijano\/campo-quijano-trece-anos-y-medio-de-prision-para-un-padrastro-abusador\/#breadcrumb\",\"itemListElement\":[{\"@type\":\"ListItem\",\"position\":1,\"name\":\"Portada\",\"item\":\"https:\/\/nahuelproducciones.com.ar\/radioquijano\/\"},{\"@type\":\"ListItem\",\"position\":2,\"name\":\"Campo Quijano: Trece a\u00f1os y medio de prisi\u00f3n para un padrastro abusador.\"}]},{\"@type\":\"WebSite\",\"@id\":\"https:\/\/nahuelproducciones.com.ar\/radioquijano\/#website\",\"url\":\"https:\/\/nahuelproducciones.com.ar\/radioquijano\/\",\"name\":\"RQ 99.9\",\"description\":\"Radio Quijano 99.9 MHz\",\"potentialAction\":[{\"@type\":\"SearchAction\",\"target\":{\"@type\":\"EntryPoint\",\"urlTemplate\":\"https:\/\/nahuelproducciones.com.ar\/radioquijano\/?s={search_term_string}\"},\"query-input\":\"required name=search_term_string\"}],\"inLanguage\":\"es\"},{\"@type\":\"Person\",\"@id\":\"https:\/\/nahuelproducciones.com.ar\/radioquijano\/#\/schema\/person\/e8a4f939e2cb487fe6d0c54042c9d32c\",\"name\":\"Cecilia Pastrana\",\"image\":{\"@type\":\"ImageObject\",\"inLanguage\":\"es\",\"@id\":\"https:\/\/nahuelproducciones.com.ar\/radioquijano\/#\/schema\/person\/image\/\",\"url\":\"https:\/\/secure.gravatar.com\/avatar\/661a3ef63a8488d4f2794ed44af8cf71420f7e106f3072c40125114df5157749?s=96&d=mm&r=g\",\"contentUrl\":\"https:\/\/secure.gravatar.com\/avatar\/661a3ef63a8488d4f2794ed44af8cf71420f7e106f3072c40125114df5157749?s=96&d=mm&r=g\",\"caption\":\"Cecilia Pastrana\"},\"sameAs\":[\"cecy\"],\"url\":\"https:\/\/nahuelproducciones.com.ar\/radioquijano\/author\/cecy\/\"}]}<\/script>\n<!-- \/ Yoast SEO plugin. -->","yoast_head_json":{"title":"Campo Quijano: Trece a\u00f1os y medio de prisi\u00f3n para un padrastro abusador. - RQ 99.9","description":"Los abusos salieron a la luz cuando la v\u00edctima le cont\u00f3 a la preceptora, en el colegio de Campo Quijano, que su padrastro le hab\u00eda pegado y que abusaba de ella.","robots":{"index":"index","follow":"follow","max-snippet":"max-snippet:-1","max-image-preview":"max-image-preview:large","max-video-preview":"max-video-preview:-1"},"canonical":"https:\/\/nahuelproducciones.com.ar\/radioquijano\/campo-quijano-trece-anos-y-medio-de-prision-para-un-padrastro-abusador\/","og_locale":"es_ES","og_type":"article","og_title":"Campo Quijano: Trece a\u00f1os y medio de prisi\u00f3n para un padrastro abusador. - RQ 99.9","og_description":"Los abusos salieron a la luz cuando la v\u00edctima le cont\u00f3 a la preceptora, en el colegio de Campo Quijano, que su padrastro le hab\u00eda pegado y que abusaba de ella.","og_url":"https:\/\/nahuelproducciones.com.ar\/radioquijano\/campo-quijano-trece-anos-y-medio-de-prision-para-un-padrastro-abusador\/","og_site_name":"RQ 99.9","article_publisher":"https:\/\/www.facebook.com\/nahuelproducciones999\/","article_published_time":"2023-10-18T19:54:48+00:00","og_image":[{"width":700,"height":366,"url":"https:\/\/nahuelproducciones.com.ar\/radioquijano\/wp-content\/uploads\/2023\/10\/hombre-ira-a-prision-por-abusar-de-adolescente-que-mantuvo-oculto-dos-anos-en-un-armario-700x366-1.jpg","type":"image\/jpeg"}],"author":"Cecilia Pastrana","twitter_card":"summary_large_image","twitter_creator":"@nahuproduciones","twitter_site":"@nahuproduciones","twitter_misc":{"Escrito por":"Cecilia Pastrana","Tiempo de lectura":"3 minutos"},"schema":{"@context":"https:\/\/schema.org","@graph":[{"@type":"WebPage","@id":"https:\/\/nahuelproducciones.com.ar\/radioquijano\/campo-quijano-trece-anos-y-medio-de-prision-para-un-padrastro-abusador\/","url":"https:\/\/nahuelproducciones.com.ar\/radioquijano\/campo-quijano-trece-anos-y-medio-de-prision-para-un-padrastro-abusador\/","name":"Campo Quijano: Trece a\u00f1os y medio de prisi\u00f3n para un padrastro abusador. - RQ 99.9","isPartOf":{"@id":"https:\/\/nahuelproducciones.com.ar\/radioquijano\/#website"},"datePublished":"2023-10-18T19:54:48+00:00","dateModified":"2023-10-18T19:54:48+00:00","author":{"@id":"https:\/\/nahuelproducciones.com.ar\/radioquijano\/#\/schema\/person\/e8a4f939e2cb487fe6d0c54042c9d32c"},"description":"Los abusos salieron a la luz cuando la v\u00edctima le cont\u00f3 a la preceptora, en el colegio de Campo Quijano, que su padrastro le hab\u00eda pegado y que abusaba de ella.","breadcrumb":{"@id":"https:\/\/nahuelproducciones.com.ar\/radioquijano\/campo-quijano-trece-anos-y-medio-de-prision-para-un-padrastro-abusador\/#breadcrumb"},"inLanguage":"es","potentialAction":[{"@type":"ReadAction","target":["https:\/\/nahuelproducciones.com.ar\/radioquijano\/campo-quijano-trece-anos-y-medio-de-prision-para-un-padrastro-abusador\/"]}]},{"@type":"BreadcrumbList","@id":"https:\/\/nahuelproducciones.com.ar\/radioquijano\/campo-quijano-trece-anos-y-medio-de-prision-para-un-padrastro-abusador\/#breadcrumb","itemListElement":[{"@type":"ListItem","position":1,"name":"Portada","item":"https:\/\/nahuelproducciones.com.ar\/radioquijano\/"},{"@type":"ListItem","position":2,"name":"Campo Quijano: Trece a\u00f1os y medio de prisi\u00f3n para un padrastro abusador."}]},{"@type":"WebSite","@id":"https:\/\/nahuelproducciones.com.ar\/radioquijano\/#website","url":"https:\/\/nahuelproducciones.com.ar\/radioquijano\/","name":"RQ 99.9","description":"Radio Quijano 99.9 MHz","potentialAction":[{"@type":"SearchAction","target":{"@type":"EntryPoint","urlTemplate":"https:\/\/nahuelproducciones.com.ar\/radioquijano\/?s={search_term_string}"},"query-input":"required name=search_term_string"}],"inLanguage":"es"},{"@type":"Person","@id":"https:\/\/nahuelproducciones.com.ar\/radioquijano\/#\/schema\/person\/e8a4f939e2cb487fe6d0c54042c9d32c","name":"Cecilia Pastrana","image":{"@type":"ImageObject","inLanguage":"es","@id":"https:\/\/nahuelproducciones.com.ar\/radioquijano\/#\/schema\/person\/image\/","url":"https:\/\/secure.gravatar.com\/avatar\/661a3ef63a8488d4f2794ed44af8cf71420f7e106f3072c40125114df5157749?s=96&d=mm&r=g","contentUrl":"https:\/\/secure.gravatar.com\/avatar\/661a3ef63a8488d4f2794ed44af8cf71420f7e106f3072c40125114df5157749?s=96&d=mm&r=g","caption":"Cecilia Pastrana"},"sameAs":["cecy"],"url":"https:\/\/nahuelproducciones.com.ar\/radioquijano\/author\/cecy\/"}]}},"_links":{"self":[{"href":"https:\/\/nahuelproducciones.com.ar\/radioquijano\/wp-json\/wp\/v2\/posts\/6126","targetHints":{"allow":["GET"]}}],"collection":[{"href":"https:\/\/nahuelproducciones.com.ar\/radioquijano\/wp-json\/wp\/v2\/posts"}],"about":[{"href":"https:\/\/nahuelproducciones.com.ar\/radioquijano\/wp-json\/wp\/v2\/types\/post"}],"author":[{"embeddable":true,"href":"https:\/\/nahuelproducciones.com.ar\/radioquijano\/wp-json\/wp\/v2\/users\/8"}],"replies":[{"embeddable":true,"href":"https:\/\/nahuelproducciones.com.ar\/radioquijano\/wp-json\/wp\/v2\/comments?post=6126"}],"version-history":[{"count":1,"href":"https:\/\/nahuelproducciones.com.ar\/radioquijano\/wp-json\/wp\/v2\/posts\/6126\/revisions"}],"predecessor-version":[{"id":6128,"href":"https:\/\/nahuelproducciones.com.ar\/radioquijano\/wp-json\/wp\/v2\/posts\/6126\/revisions\/6128"}],"wp:featuredmedia":[{"embeddable":true,"href":"https:\/\/nahuelproducciones.com.ar\/radioquijano\/wp-json\/wp\/v2\/media\/6127"}],"wp:attachment":[{"href":"https:\/\/nahuelproducciones.com.ar\/radioquijano\/wp-json\/wp\/v2\/media?parent=6126"}],"wp:term":[{"taxonomy":"category","embeddable":true,"href":"https:\/\/nahuelproducciones.com.ar\/radioquijano\/wp-json\/wp\/v2\/categories?post=6126"},{"taxonomy":"post_tag","embeddable":true,"href":"https:\/\/nahuelproducciones.com.ar\/radioquijano\/wp-json\/wp\/v2\/tags?post=6126"}],"curies":[{"name":"wp","href":"https:\/\/api.w.org\/{rel}","templated":true}]}}