{"id":6129,"date":"2023-10-18T17:46:01","date_gmt":"2023-10-18T20:46:01","guid":{"rendered":"https:\/\/nahuelproducciones.com.ar\/radioquijano\/?p=6129"},"modified":"2023-10-18T17:52:54","modified_gmt":"2023-10-18T20:52:54","slug":"6129-2","status":"publish","type":"post","link":"https:\/\/nahuelproducciones.com.ar\/radioquijano\/6129-2\/","title":{"rendered":"Los n\u00fameros que public\u00f3 el Concejal Gallardo en sus redes sociales, ante la falta de Agua en Las Cuevas."},"content":{"rendered":"\n<p>A trav\u00e9s de sus redes sociales, el Concejal Ariel Gallardo comparti\u00f3 informaci\u00f3n vinculada con la falta de agua en el Paraje de Las Cuevas y del dinero que no fue a Obras desde el municipio de Campo Quijano.<\/p>\n\n\n\n<p>Gallardo escribi\u00f3: <\/p>\n\n\n\n<blockquote class=\"wp-block-quote is-layout-flow wp-block-quote-is-layout-flow\">\n<p>CON EL ESFUERZO DE LA FUNDACI\u00d3N Y DE LOS VECINOS NO ALCANZA&#8230;&#8230;<\/p>\n\n\n\n<p>Los ni\u00f1os del Paraje de Las Cuevas (departamento Rosario de Lerma &#8211; Municipio de Campo Quijano)&#8230;. No pueden asistir a clases ya que en la Escuela N\u00b0 4474 de Las Cuevas no hay provisi\u00f3n de agua potable, si se suspendieron las clases por falta de agua&#8230;&#8230;<\/p>\n\n\n\n<p>Otra vez lo volvi\u00f3 a hacer CARLOS FOLLONI, el actual intendente de Campo Quijano, entre los a\u00f1os 2021 y 2022 recibi\u00f3 del gobierno de la provincia $ <a><\/a>4.790.028,57 para refacciones y lograr brindar en la escuela la provisi\u00f3n (red de agua) de agua de manera continua y constante para el establecimiento educativo, pero del municipio solamente fueron a destrancar un ca\u00f1o y nunca logro hacer la red de agua para la escuela<\/p>\n\n\n\n<p>Es la realidad de la Quebrada del Toro, la realidad de los vecinos que en ella viven.<\/p>\n\n\n\n<p>Gracias a la Fundaci\u00f3n Los Ni\u00f1os de San Juan, el pueblito de las Cuevas tiene agua, por una red y bombeo de agua se brinda la provisi\u00f3n de agua, como as\u00ed tambi\u00e9n a la Escuela N\u00b0 4474 del lugar. Desde el jueves la bomba de agua no funciona y los vecinos y los alumnos de Las Cuevas est\u00e1n sin agua.<\/p>\n\n\n\n<p>Es grande el malestar de los vecinos, de los padre y del personal docente de la escuela&#8230;.. Pero con eso NO ALCANZA, &#8230;.. se\u00f1or MINISTERIO DE EDUCACI\u00d3N y se\u00f1or GOBERNADOR <a href=\"https:\/\/www.facebook.com\/frente.saltatienefuturo?__cft__[0]=AZWMuva9Di5Zch5XYWONJQFsKvzB3J4p2atHYVE30bvLxit9L3mzmvzU8vx7FCrXOtKRcEeWr8kGZQGPsVdQdAw8zAJGpdhwY6EjaLiy_FslJgMpR5wI1YGYERa-y_oPrm_uASFRS-TFSrWyrhmWNGMmVpV04_q5lxSoREesiMhxIA&amp;__tn__=-]K-R\">Frente S\u00e1enz Gobernador<\/a> den soluci\u00f3n a los alumnos y vecinos de Las Cuevas y EXIJAMOS al intendente Folloni la devoluci\u00f3n del dinero que NUNCA destino para nuestros vecinos de la quebrada.<\/p>\n\n\n\n<p>C\u00f3mo algo anecdotario&#8230;. Esos $ 4.790.028,57 hoy al valor o convertido al:<\/p>\n\n\n\n<p>D\u00f3lar blue representan $ 24.072.337,45 o al<\/p>\n\n\n\n<p>D\u00f3lar oficial representan $ 15.915.958,56&#8230;&#8230;.<\/p>\n\n\n\n<p>D\u00d3NDE ESTA EL DINERO DE LA EDUCACI\u00d3N DE NUESTROS NI\u00d1OS&#8230;&#8230;&#8230;.<\/p>\n\n\n\n<p>JUNTOS POR EL CAMBIO<\/p>\n<\/blockquote>\n\n\n\n<p>El concejal en RQ99.9Mhz hablo de \u00e9ste y otros temas, escuchalo:<\/p>\n\n\n\n<figure class=\"wp-block-audio\"><audio controls src=\"https:\/\/nahuelproducciones.com.ar\/radioquijano\/wp-content\/uploads\/2023\/10\/18-10-2023-ariel-gallardo-tema-falta-de-agua-del-paraje-las-cuevas-y-resumen-de-la-sesion.mp3\"><\/audio><\/figure>\n\n\n\n<figure class=\"wp-block-gallery has-nested-images columns-default is-cropped wp-block-gallery-1 is-layout-flex wp-block-gallery-is-layout-flex\">\n<figure class=\"wp-block-image size-large\"><img loading=\"lazy\" decoding=\"async\" width=\"270\" height=\"1025\" data-id=\"6141\" src=\"https:\/\/nahuelproducciones.com.ar\/radioquijano\/wp-content\/uploads\/2023\/10\/WhatsApp-Image-2023-10-18-at-5.34.29-PM-2.jpeg\" alt=\"\" class=\"wp-image-6141\" srcset=\"https:\/\/nahuelproducciones.com.ar\/radioquijano\/wp-content\/uploads\/2023\/10\/WhatsApp-Image-2023-10-18-at-5.34.29-PM-2.jpeg 270w, https:\/\/nahuelproducciones.com.ar\/radioquijano\/wp-content\/uploads\/2023\/10\/WhatsApp-Image-2023-10-18-at-5.34.29-PM-2-79x300.jpeg 79w, https:\/\/nahuelproducciones.com.ar\/radioquijano\/wp-content\/uploads\/2023\/10\/WhatsApp-Image-2023-10-18-at-5.34.29-PM-2-150x569.jpeg 150w\" sizes=\"auto, (max-width: 270px) 100vw, 270px\" \/><\/figure>\n\n\n\n<figure class=\"wp-block-image size-large\"><img loading=\"lazy\" decoding=\"async\" width=\"1024\" height=\"576\" data-id=\"6133\" src=\"https:\/\/nahuelproducciones.com.ar\/radioquijano\/wp-content\/uploads\/2023\/10\/391691032_6854214081307268_756907015809624728_n-1024x576.jpg\" alt=\"\" class=\"wp-image-6133\" srcset=\"https:\/\/nahuelproducciones.com.ar\/radioquijano\/wp-content\/uploads\/2023\/10\/391691032_6854214081307268_756907015809624728_n-1024x576.jpg 1024w, https:\/\/nahuelproducciones.com.ar\/radioquijano\/wp-content\/uploads\/2023\/10\/391691032_6854214081307268_756907015809624728_n-300x169.jpg 300w, https:\/\/nahuelproducciones.com.ar\/radioquijano\/wp-content\/uploads\/2023\/10\/391691032_6854214081307268_756907015809624728_n-768x432.jpg 768w, https:\/\/nahuelproducciones.com.ar\/radioquijano\/wp-content\/uploads\/2023\/10\/391691032_6854214081307268_756907015809624728_n-150x84.jpg 150w, https:\/\/nahuelproducciones.com.ar\/radioquijano\/wp-content\/uploads\/2023\/10\/391691032_6854214081307268_756907015809624728_n.jpg 1280w\" sizes=\"auto, (max-width: 1024px) 100vw, 1024px\" \/><\/figure>\n\n\n\n<figure class=\"wp-block-image size-large\"><img loading=\"lazy\" decoding=\"async\" width=\"576\" height=\"1024\" data-id=\"6134\" src=\"https:\/\/nahuelproducciones.com.ar\/radioquijano\/wp-content\/uploads\/2023\/10\/393222833_6854219721306704_7036102436375025949_n-576x1024.jpg\" alt=\"\" class=\"wp-image-6134\" srcset=\"https:\/\/nahuelproducciones.com.ar\/radioquijano\/wp-content\/uploads\/2023\/10\/393222833_6854219721306704_7036102436375025949_n-576x1024.jpg 576w, https:\/\/nahuelproducciones.com.ar\/radioquijano\/wp-content\/uploads\/2023\/10\/393222833_6854219721306704_7036102436375025949_n-169x300.jpg 169w, https:\/\/nahuelproducciones.com.ar\/radioquijano\/wp-content\/uploads\/2023\/10\/393222833_6854219721306704_7036102436375025949_n-768x1365.jpg 768w, https:\/\/nahuelproducciones.com.ar\/radioquijano\/wp-content\/uploads\/2023\/10\/393222833_6854219721306704_7036102436375025949_n-864x1536.jpg 864w, https:\/\/nahuelproducciones.com.ar\/radioquijano\/wp-content\/uploads\/2023\/10\/393222833_6854219721306704_7036102436375025949_n-150x267.jpg 150w, https:\/\/nahuelproducciones.com.ar\/radioquijano\/wp-content\/uploads\/2023\/10\/393222833_6854219721306704_7036102436375025949_n.jpg 1152w\" sizes=\"auto, (max-width: 576px) 100vw, 576px\" \/><\/figure>\n\n\n\n<figure class=\"wp-block-image size-large\"><img loading=\"lazy\" decoding=\"async\" width=\"576\" height=\"1024\" data-id=\"6136\" src=\"https:\/\/nahuelproducciones.com.ar\/radioquijano\/wp-content\/uploads\/2023\/10\/393434879_6854220201306656_9218902248909408501_n-576x1024.jpg\" alt=\"\" class=\"wp-image-6136\" srcset=\"https:\/\/nahuelproducciones.com.ar\/radioquijano\/wp-content\/uploads\/2023\/10\/393434879_6854220201306656_9218902248909408501_n-576x1024.jpg 576w, https:\/\/nahuelproducciones.com.ar\/radioquijano\/wp-content\/uploads\/2023\/10\/393434879_6854220201306656_9218902248909408501_n-169x300.jpg 169w, https:\/\/nahuelproducciones.com.ar\/radioquijano\/wp-content\/uploads\/2023\/10\/393434879_6854220201306656_9218902248909408501_n-768x1365.jpg 768w, https:\/\/nahuelproducciones.com.ar\/radioquijano\/wp-content\/uploads\/2023\/10\/393434879_6854220201306656_9218902248909408501_n-864x1536.jpg 864w, https:\/\/nahuelproducciones.com.ar\/radioquijano\/wp-content\/uploads\/2023\/10\/393434879_6854220201306656_9218902248909408501_n-150x267.jpg 150w, https:\/\/nahuelproducciones.com.ar\/radioquijano\/wp-content\/uploads\/2023\/10\/393434879_6854220201306656_9218902248909408501_n.jpg 1152w\" sizes=\"auto, (max-width: 576px) 100vw, 576px\" \/><\/figure>\n\n\n\n<figure class=\"wp-block-image size-large\"><img loading=\"lazy\" decoding=\"async\" width=\"1024\" height=\"576\" data-id=\"6135\" src=\"https:\/\/nahuelproducciones.com.ar\/radioquijano\/wp-content\/uploads\/2023\/10\/393236725_6854214661307210_1830594280933698346_n-1024x576.jpg\" alt=\"\" class=\"wp-image-6135\"\/><\/figure>\n<\/figure>\n\n\n\n<p><\/p>\n","protected":false},"excerpt":{"rendered":"<p>A trav\u00e9s de sus redes sociales, el Concejal Ariel Gallardo comparti\u00f3 informaci\u00f3n vinculada con la falta de agua en el Paraje de Las Cuevas y del dinero que no fue a Obras desde el municipio de Campo Quijano. Gallardo escribi\u00f3: CON EL ESFUERZO DE LA FUNDACI\u00d3N Y DE LOS VECINOS NO ALCANZA&#8230;&#8230; Los ni\u00f1os del [&hellip;]<\/p>\n","protected":false},"author":8,"featured_media":6135,"comment_status":"open","ping_status":"open","sticky":false,"template":"","format":"standard","meta":{"_monsterinsights_skip_tracking":false,"_monsterinsights_sitenote_active":false,"_monsterinsights_sitenote_note":"","_monsterinsights_sitenote_category":0,"footnotes":""},"categories":[16],"tags":[36,58,802,603,100,1286],"class_list":["post-6129","post","type-post","status-publish","format-standard","has-post-thumbnail","hentry","category-noticias","tag-campo-quijano","tag-carlos-folloni","tag-falta-agua","tag-ministerio-de-educacion","tag-municipio-de-campo-quijano","tag-paraje-las-cuevas"],"yoast_head":"<!-- This site is optimized with the Yoast SEO plugin v20.8 - https:\/\/yoast.com\/wordpress\/plugins\/seo\/ -->\n<title>Los n\u00fameros que public\u00f3 el Concejal Gallardo en sus redes sociales, ante la falta de Agua en Las Cuevas. - RQ 99.9<\/title>\n<meta name=\"description\" content=\"\u00bfD\u00d3NDE ESTA EL DINERO DE LA EDUCACI\u00d3N DE NUESTROS NI\u00d1OS?\" \/>\n<meta name=\"robots\" content=\"index, follow, max-snippet:-1, max-image-preview:large, max-video-preview:-1\" \/>\n<link rel=\"canonical\" href=\"https:\/\/nahuelproducciones.com.ar\/radioquijano\/6129-2\/\" \/>\n<meta property=\"og:locale\" content=\"es_ES\" \/>\n<meta property=\"og:type\" content=\"article\" \/>\n<meta property=\"og:title\" content=\"Los n\u00fameros que public\u00f3 el Concejal Gallardo en sus redes sociales, ante la falta de Agua en Las Cuevas. - RQ 99.9\" \/>\n<meta property=\"og:description\" content=\"\u00bfD\u00d3NDE ESTA EL DINERO DE LA EDUCACI\u00d3N DE NUESTROS NI\u00d1OS?\" \/>\n<meta property=\"og:url\" content=\"https:\/\/nahuelproducciones.com.ar\/radioquijano\/6129-2\/\" \/>\n<meta property=\"og:site_name\" content=\"RQ 99.9\" \/>\n<meta property=\"article:publisher\" content=\"https:\/\/www.facebook.com\/nahuelproducciones999\/\" \/>\n<meta property=\"article:published_time\" content=\"2023-10-18T20:46:01+00:00\" \/>\n<meta property=\"article:modified_time\" content=\"2023-10-18T20:52:54+00:00\" \/>\n<meta property=\"og:image\" content=\"https:\/\/nahuelproducciones.com.ar\/radioquijano\/wp-content\/uploads\/2023\/10\/393236725_6854214661307210_1830594280933698346_n-e1697661934538.jpg\" \/>\n\t<meta property=\"og:image:width\" content=\"700\" \/>\n\t<meta property=\"og:image:height\" content=\"394\" \/>\n\t<meta property=\"og:image:type\" content=\"image\/jpeg\" \/>\n<meta name=\"author\" content=\"Cecilia Pastrana\" \/>\n<meta name=\"twitter:card\" content=\"summary_large_image\" \/>\n<meta name=\"twitter:creator\" content=\"@nahuproduciones\" \/>\n<meta name=\"twitter:site\" content=\"@nahuproduciones\" \/>\n<meta name=\"twitter:label1\" content=\"Escrito por\" \/>\n\t<meta name=\"twitter:data1\" content=\"Cecilia Pastrana\" \/>\n\t<meta name=\"twitter:label2\" content=\"Tiempo de lectura\" \/>\n\t<meta name=\"twitter:data2\" content=\"3 minutos\" \/>\n<script type=\"application\/ld+json\" class=\"yoast-schema-graph\">{\"@context\":\"https:\/\/schema.org\",\"@graph\":[{\"@type\":\"WebPage\",\"@id\":\"https:\/\/nahuelproducciones.com.ar\/radioquijano\/6129-2\/\",\"url\":\"https:\/\/nahuelproducciones.com.ar\/radioquijano\/6129-2\/\",\"name\":\"Los n\u00fameros que public\u00f3 el Concejal Gallardo en sus redes sociales, ante la falta de Agua en Las Cuevas. - RQ 99.9\",\"isPartOf\":{\"@id\":\"https:\/\/nahuelproducciones.com.ar\/radioquijano\/#website\"},\"datePublished\":\"2023-10-18T20:46:01+00:00\",\"dateModified\":\"2023-10-18T20:52:54+00:00\",\"author\":{\"@id\":\"https:\/\/nahuelproducciones.com.ar\/radioquijano\/#\/schema\/person\/e8a4f939e2cb487fe6d0c54042c9d32c\"},\"description\":\"\u00bfD\u00d3NDE ESTA EL DINERO DE LA EDUCACI\u00d3N DE NUESTROS NI\u00d1OS?\",\"breadcrumb\":{\"@id\":\"https:\/\/nahuelproducciones.com.ar\/radioquijano\/6129-2\/#breadcrumb\"},\"inLanguage\":\"es\",\"potentialAction\":[{\"@type\":\"ReadAction\",\"target\":[\"https:\/\/nahuelproducciones.com.ar\/radioquijano\/6129-2\/\"]}]},{\"@type\":\"BreadcrumbList\",\"@id\":\"https:\/\/nahuelproducciones.com.ar\/radioquijano\/6129-2\/#breadcrumb\",\"itemListElement\":[{\"@type\":\"ListItem\",\"position\":1,\"name\":\"Portada\",\"item\":\"https:\/\/nahuelproducciones.com.ar\/radioquijano\/\"},{\"@type\":\"ListItem\",\"position\":2,\"name\":\"Los n\u00fameros que public\u00f3 el Concejal Gallardo en sus redes sociales, ante la falta de Agua en Las Cuevas.\"}]},{\"@type\":\"WebSite\",\"@id\":\"https:\/\/nahuelproducciones.com.ar\/radioquijano\/#website\",\"url\":\"https:\/\/nahuelproducciones.com.ar\/radioquijano\/\",\"name\":\"RQ 99.9\",\"description\":\"Radio Quijano 99.9 MHz\",\"potentialAction\":[{\"@type\":\"SearchAction\",\"target\":{\"@type\":\"EntryPoint\",\"urlTemplate\":\"https:\/\/nahuelproducciones.com.ar\/radioquijano\/?s={search_term_string}\"},\"query-input\":\"required name=search_term_string\"}],\"inLanguage\":\"es\"},{\"@type\":\"Person\",\"@id\":\"https:\/\/nahuelproducciones.com.ar\/radioquijano\/#\/schema\/person\/e8a4f939e2cb487fe6d0c54042c9d32c\",\"name\":\"Cecilia Pastrana\",\"image\":{\"@type\":\"ImageObject\",\"inLanguage\":\"es\",\"@id\":\"https:\/\/nahuelproducciones.com.ar\/radioquijano\/#\/schema\/person\/image\/\",\"url\":\"https:\/\/secure.gravatar.com\/avatar\/661a3ef63a8488d4f2794ed44af8cf71420f7e106f3072c40125114df5157749?s=96&d=mm&r=g\",\"contentUrl\":\"https:\/\/secure.gravatar.com\/avatar\/661a3ef63a8488d4f2794ed44af8cf71420f7e106f3072c40125114df5157749?s=96&d=mm&r=g\",\"caption\":\"Cecilia Pastrana\"},\"sameAs\":[\"cecy\"],\"url\":\"https:\/\/nahuelproducciones.com.ar\/radioquijano\/author\/cecy\/\"}]}<\/script>\n<!-- \/ Yoast SEO plugin. -->","yoast_head_json":{"title":"Los n\u00fameros que public\u00f3 el Concejal Gallardo en sus redes sociales, ante la falta de Agua en Las Cuevas. - RQ 99.9","description":"\u00bfD\u00d3NDE ESTA EL DINERO DE LA EDUCACI\u00d3N DE NUESTROS NI\u00d1OS?","robots":{"index":"index","follow":"follow","max-snippet":"max-snippet:-1","max-image-preview":"max-image-preview:large","max-video-preview":"max-video-preview:-1"},"canonical":"https:\/\/nahuelproducciones.com.ar\/radioquijano\/6129-2\/","og_locale":"es_ES","og_type":"article","og_title":"Los n\u00fameros que public\u00f3 el Concejal Gallardo en sus redes sociales, ante la falta de Agua en Las Cuevas. - RQ 99.9","og_description":"\u00bfD\u00d3NDE ESTA EL DINERO DE LA EDUCACI\u00d3N DE NUESTROS NI\u00d1OS?","og_url":"https:\/\/nahuelproducciones.com.ar\/radioquijano\/6129-2\/","og_site_name":"RQ 99.9","article_publisher":"https:\/\/www.facebook.com\/nahuelproducciones999\/","article_published_time":"2023-10-18T20:46:01+00:00","article_modified_time":"2023-10-18T20:52:54+00:00","og_image":[{"width":700,"height":394,"url":"https:\/\/nahuelproducciones.com.ar\/radioquijano\/wp-content\/uploads\/2023\/10\/393236725_6854214661307210_1830594280933698346_n-e1697661934538.jpg","type":"image\/jpeg"}],"author":"Cecilia Pastrana","twitter_card":"summary_large_image","twitter_creator":"@nahuproduciones","twitter_site":"@nahuproduciones","twitter_misc":{"Escrito por":"Cecilia Pastrana","Tiempo de lectura":"3 minutos"},"schema":{"@context":"https:\/\/schema.org","@graph":[{"@type":"WebPage","@id":"https:\/\/nahuelproducciones.com.ar\/radioquijano\/6129-2\/","url":"https:\/\/nahuelproducciones.com.ar\/radioquijano\/6129-2\/","name":"Los n\u00fameros que public\u00f3 el Concejal Gallardo en sus redes sociales, ante la falta de Agua en Las Cuevas. - RQ 99.9","isPartOf":{"@id":"https:\/\/nahuelproducciones.com.ar\/radioquijano\/#website"},"datePublished":"2023-10-18T20:46:01+00:00","dateModified":"2023-10-18T20:52:54+00:00","author":{"@id":"https:\/\/nahuelproducciones.com.ar\/radioquijano\/#\/schema\/person\/e8a4f939e2cb487fe6d0c54042c9d32c"},"description":"\u00bfD\u00d3NDE ESTA EL DINERO DE LA EDUCACI\u00d3N DE NUESTROS NI\u00d1OS?","breadcrumb":{"@id":"https:\/\/nahuelproducciones.com.ar\/radioquijano\/6129-2\/#breadcrumb"},"inLanguage":"es","potentialAction":[{"@type":"ReadAction","target":["https:\/\/nahuelproducciones.com.ar\/radioquijano\/6129-2\/"]}]},{"@type":"BreadcrumbList","@id":"https:\/\/nahuelproducciones.com.ar\/radioquijano\/6129-2\/#breadcrumb","itemListElement":[{"@type":"ListItem","position":1,"name":"Portada","item":"https:\/\/nahuelproducciones.com.ar\/radioquijano\/"},{"@type":"ListItem","position":2,"name":"Los n\u00fameros que public\u00f3 el Concejal Gallardo en sus redes sociales, ante la falta de Agua en Las Cuevas."}]},{"@type":"WebSite","@id":"https:\/\/nahuelproducciones.com.ar\/radioquijano\/#website","url":"https:\/\/nahuelproducciones.com.ar\/radioquijano\/","name":"RQ 99.9","description":"Radio Quijano 99.9 MHz","potentialAction":[{"@type":"SearchAction","target":{"@type":"EntryPoint","urlTemplate":"https:\/\/nahuelproducciones.com.ar\/radioquijano\/?s={search_term_string}"},"query-input":"required name=search_term_string"}],"inLanguage":"es"},{"@type":"Person","@id":"https:\/\/nahuelproducciones.com.ar\/radioquijano\/#\/schema\/person\/e8a4f939e2cb487fe6d0c54042c9d32c","name":"Cecilia Pastrana","image":{"@type":"ImageObject","inLanguage":"es","@id":"https:\/\/nahuelproducciones.com.ar\/radioquijano\/#\/schema\/person\/image\/","url":"https:\/\/secure.gravatar.com\/avatar\/661a3ef63a8488d4f2794ed44af8cf71420f7e106f3072c40125114df5157749?s=96&d=mm&r=g","contentUrl":"https:\/\/secure.gravatar.com\/avatar\/661a3ef63a8488d4f2794ed44af8cf71420f7e106f3072c40125114df5157749?s=96&d=mm&r=g","caption":"Cecilia Pastrana"},"sameAs":["cecy"],"url":"https:\/\/nahuelproducciones.com.ar\/radioquijano\/author\/cecy\/"}]}},"_links":{"self":[{"href":"https:\/\/nahuelproducciones.com.ar\/radioquijano\/wp-json\/wp\/v2\/posts\/6129","targetHints":{"allow":["GET"]}}],"collection":[{"href":"https:\/\/nahuelproducciones.com.ar\/radioquijano\/wp-json\/wp\/v2\/posts"}],"about":[{"href":"https:\/\/nahuelproducciones.com.ar\/radioquijano\/wp-json\/wp\/v2\/types\/post"}],"author":[{"embeddable":true,"href":"https:\/\/nahuelproducciones.com.ar\/radioquijano\/wp-json\/wp\/v2\/users\/8"}],"replies":[{"embeddable":true,"href":"https:\/\/nahuelproducciones.com.ar\/radioquijano\/wp-json\/wp\/v2\/comments?post=6129"}],"version-history":[{"count":4,"href":"https:\/\/nahuelproducciones.com.ar\/radioquijano\/wp-json\/wp\/v2\/posts\/6129\/revisions"}],"predecessor-version":[{"id":6149,"href":"https:\/\/nahuelproducciones.com.ar\/radioquijano\/wp-json\/wp\/v2\/posts\/6129\/revisions\/6149"}],"wp:featuredmedia":[{"embeddable":true,"href":"https:\/\/nahuelproducciones.com.ar\/radioquijano\/wp-json\/wp\/v2\/media\/6135"}],"wp:attachment":[{"href":"https:\/\/nahuelproducciones.com.ar\/radioquijano\/wp-json\/wp\/v2\/media?parent=6129"}],"wp:term":[{"taxonomy":"category","embeddable":true,"href":"https:\/\/nahuelproducciones.com.ar\/radioquijano\/wp-json\/wp\/v2\/categories?post=6129"},{"taxonomy":"post_tag","embeddable":true,"href":"https:\/\/nahuelproducciones.com.ar\/radioquijano\/wp-json\/wp\/v2\/tags?post=6129"}],"curies":[{"name":"wp","href":"https:\/\/api.w.org\/{rel}","templated":true}]}}