{"id":614,"date":"2020-09-08T02:05:40","date_gmt":"2020-09-08T05:05:40","guid":{"rendered":"https:\/\/nahuelproducciones.com.ar\/radioquijano\/?p=614"},"modified":"2020-09-08T02:10:54","modified_gmt":"2020-09-08T05:10:54","slug":"quijano-peregrina-virtualmente","status":"publish","type":"post","link":"https:\/\/nahuelproducciones.com.ar\/radioquijano\/quijano-peregrina-virtualmente\/","title":{"rendered":"Quijano peregrina virtualmente"},"content":{"rendered":"\n<p><strong>Este a\u00f1o por primera vez en la historia,  peregrinaran los fieles en forma virtual<\/strong>, porque \u00abSomos tuyos, somos de Mar\u00eda , Somos hermanos.\u00bb<\/p>\n\n\n\n<p>La Parroquia Santiago Ap\u00f3stol de <a href=\"https:\/\/nahuelproducciones.com.ar\/radioquijano\/\" target=\"_blank\" rel=\"noreferrer noopener\">Campo Quijano<\/a> invit\u00f3 a participar a la Peregrinaci\u00f3n Virtual 2020 enviando sus intenciones particulares y  fotograf\u00edas para armar un v\u00eddeo emotivo.<\/p>\n\n\n\n<p>Para la ocasi\u00f3n se creo el  himno Peregrino con letra y m\u00fasica de Osvaldo Ag\u00faero, interpretaci\u00f3n del grupo de m\u00fasica Andina INTI SUMA, en la segunda voz Griselda Puca, realizado en el estudio de grabaci\u00f3n y mezcla de Armandito Guitia.<\/p>\n\n\n\n<p><strong> El d\u00eda 13 a las 22:00 hs ser\u00e1 transmitida la peregrinaci\u00f3n virtual por  el canal de youtube y facebook de la <strong><a href=\"https:\/\/www.facebook.com\/Parroquia-Santiago-Ap%C3%B3stol-Campo-Quijano-Oficial-100321614690027\/?__cft__[0]=AZXHOO0ksTfGAaqzHlaqTvqaJMUWKfYormEEamscH6f3OTYZVK1DXL2B0MyCTaD_sozjIjpz8EfjNjQW5km5bAqukVUGFKU0oHEZIcqWoCQEIaLjU9tGbBaemHy1Ow1WhW0PuyLssU8QdNkSn9dgo6D6Fzp7qICG_MEtDNeQBiEaMIURdb-11ZXhURHUcgLWGpA&amp;__tn__=-UC%2CP-R\" target=\"_blank\" rel=\"noreferrer noopener\">Parroquia Santiago Ap\u00f3stol &#8211; Campo Quijano &#8211; Oficial<\/a><\/strong>, por 107.5 Radio  Andes y <a href=\"https:\/\/play.google.com\/store\/apps\/details?id=argentinastream.com.radioquijanook\" target=\"_blank\" rel=\"noreferrer noopener\">Radio Quijano 99.9Mhz.<\/a><\/strong><\/p>\n\n\n\n<h2 class=\"wp-block-heading\">Historia<\/h2>\n\n\n\n<p>Desde Campo Quijano todos los a\u00f1os el 13 de septiembre sal\u00edan con mucha fe al encuentro del Sr y Virgen del Milagro .<\/p>\n\n\n\n<p>Este a\u00f1o se cumplen seis a\u00f1os de caminar cantando, orando, pidiendo y agradeciendo. El encuentro siempre fue en la Vicaria de la Eucarist\u00eda a las 21 :00 hs y  en la Cruz de Ruta Nac. 51 esquina Calle Gral G\u00fcemes esperaban a los que de otros lugares del Pa\u00eds llegaban a sumarse al grupo.<\/p>\n\n\n\n<p>Todos los 14 de septiembre a las 7:30 hs aproximadamente pod\u00edan ingresar a la Catedral Bas\u00edlica de Salta para llegar a los pies de las im\u00e1genes del Milagro.<\/p>\n\n\n\n<p>En el caminar siempre hicieron varias paradas, la primera en la familia Valdez, pasando el cementerio de la Silleta unos 20 o 25 minutos. <\/p>\n\n\n\n<p>La familia Velazquez, pasando el puente en el Prado, los esperaba con mucha alegr\u00eda para que pudieran  descansar otro ratito y continuar su peregrinar hasta la Rotonda de la estaci\u00f3n de servicio Shell que les brindo siempre el uso de los ba\u00f1os .<\/p>\n\n\n\n<p>Siempre estuvieron acompa\u00f1ados por la polic\u00eda de Quijano y transito municipal hasta San Luis donde transito de Salta har\u00eda con los fieles el trayecto final hasta la catedral.<\/p>\n\n\n\n<h2 class=\"wp-block-heading\">Milagro 2020<\/h2>\n\n\n\n<p>Ya est\u00e1 todo preparado  para vivir uno de los momentos m\u00e1s emotivos del a\u00f1o, donde no se dejara de peregrinar y cada uno podr\u00e1 acompa\u00f1ar con su coraz\u00f3n agradecido y sus peticiones desde la casa.<\/p>\n\n\n\n<p>Viv\u00ed el milagro qued\u00e1ndote en casa, vivi el milagro con mucha fe. <\/p>\n\n\n\n<p><\/p>\n","protected":false},"excerpt":{"rendered":"<p>Este a\u00f1o por primera vez en la historia, peregrinaran los fieles en forma virtual, porque \u00abSomos tuyos, somos de Mar\u00eda , Somos hermanos.\u00bb La Parroquia Santiago Ap\u00f3stol de Campo Quijano invit\u00f3 a participar a la Peregrinaci\u00f3n Virtual 2020 enviando sus intenciones particulares y fotograf\u00edas para armar un v\u00eddeo emotivo. Para la ocasi\u00f3n se creo el [&hellip;]<\/p>\n","protected":false},"author":8,"featured_media":616,"comment_status":"open","ping_status":"open","sticky":false,"template":"","format":"standard","meta":{"_monsterinsights_skip_tracking":false,"_monsterinsights_sitenote_active":false,"_monsterinsights_sitenote_note":"","_monsterinsights_sitenote_category":0,"footnotes":""},"categories":[16],"tags":[],"class_list":["post-614","post","type-post","status-publish","format-standard","has-post-thumbnail","hentry","category-noticias"],"yoast_head":"<!-- This site is optimized with the Yoast SEO plugin v20.8 - https:\/\/yoast.com\/wordpress\/plugins\/seo\/ -->\n<title>Quijano peregrina virtualmente - RQ 99.9<\/title>\n<meta name=\"description\" content=\"El d\u00eda 13 a las 22:00 hs ser\u00e1 transmitida la peregrinaci\u00f3n virtual por el canal de youtube y facebook de la Parroquia Santiago Ap\u00f3stol - Campo Quijano - Oficial, por 107.5 Radio Andes y Radio Quijano 99.9Mhz.\" \/>\n<meta name=\"robots\" content=\"index, follow, max-snippet:-1, max-image-preview:large, max-video-preview:-1\" \/>\n<link rel=\"canonical\" href=\"https:\/\/nahuelproducciones.com.ar\/radioquijano\/quijano-peregrina-virtualmente\/\" \/>\n<meta property=\"og:locale\" content=\"es_ES\" \/>\n<meta property=\"og:type\" content=\"article\" \/>\n<meta property=\"og:title\" content=\"Quijano peregrina virtualmente - RQ 99.9\" \/>\n<meta property=\"og:description\" content=\"El d\u00eda 13 a las 22:00 hs ser\u00e1 transmitida la peregrinaci\u00f3n virtual por el canal de youtube y facebook de la Parroquia Santiago Ap\u00f3stol - Campo Quijano - Oficial, por 107.5 Radio Andes y Radio Quijano 99.9Mhz.\" \/>\n<meta property=\"og:url\" content=\"https:\/\/nahuelproducciones.com.ar\/radioquijano\/quijano-peregrina-virtualmente\/\" \/>\n<meta property=\"og:site_name\" content=\"RQ 99.9\" \/>\n<meta property=\"article:publisher\" content=\"https:\/\/www.facebook.com\/nahuelproducciones999\/\" \/>\n<meta property=\"article:published_time\" content=\"2020-09-08T05:05:40+00:00\" \/>\n<meta property=\"article:modified_time\" content=\"2020-09-08T05:10:54+00:00\" \/>\n<meta property=\"og:image\" content=\"https:\/\/nahuelproducciones.com.ar\/radioquijano\/wp-content\/uploads\/2020\/09\/milagro-e1599541476907.jpg\" \/>\n\t<meta property=\"og:image:width\" content=\"512\" \/>\n\t<meta property=\"og:image:height\" content=\"313\" \/>\n\t<meta property=\"og:image:type\" content=\"image\/jpeg\" \/>\n<meta name=\"author\" content=\"Cecilia Pastrana\" \/>\n<meta name=\"twitter:card\" content=\"summary_large_image\" \/>\n<meta name=\"twitter:creator\" content=\"@nahuproduciones\" \/>\n<meta name=\"twitter:site\" content=\"@nahuproduciones\" \/>\n<meta name=\"twitter:label1\" content=\"Escrito por\" \/>\n\t<meta name=\"twitter:data1\" content=\"Cecilia Pastrana\" \/>\n\t<meta name=\"twitter:label2\" content=\"Tiempo de lectura\" \/>\n\t<meta name=\"twitter:data2\" content=\"2 minutos\" \/>\n<script type=\"application\/ld+json\" class=\"yoast-schema-graph\">{\"@context\":\"https:\/\/schema.org\",\"@graph\":[{\"@type\":\"WebPage\",\"@id\":\"https:\/\/nahuelproducciones.com.ar\/radioquijano\/quijano-peregrina-virtualmente\/\",\"url\":\"https:\/\/nahuelproducciones.com.ar\/radioquijano\/quijano-peregrina-virtualmente\/\",\"name\":\"Quijano peregrina virtualmente - RQ 99.9\",\"isPartOf\":{\"@id\":\"https:\/\/nahuelproducciones.com.ar\/radioquijano\/#website\"},\"datePublished\":\"2020-09-08T05:05:40+00:00\",\"dateModified\":\"2020-09-08T05:10:54+00:00\",\"author\":{\"@id\":\"https:\/\/nahuelproducciones.com.ar\/radioquijano\/#\/schema\/person\/e8a4f939e2cb487fe6d0c54042c9d32c\"},\"description\":\"El d\u00eda 13 a las 22:00 hs ser\u00e1 transmitida la peregrinaci\u00f3n virtual por el canal de youtube y facebook de la Parroquia Santiago Ap\u00f3stol - Campo Quijano - Oficial, por 107.5 Radio Andes y Radio Quijano 99.9Mhz.\",\"breadcrumb\":{\"@id\":\"https:\/\/nahuelproducciones.com.ar\/radioquijano\/quijano-peregrina-virtualmente\/#breadcrumb\"},\"inLanguage\":\"es\",\"potentialAction\":[{\"@type\":\"ReadAction\",\"target\":[\"https:\/\/nahuelproducciones.com.ar\/radioquijano\/quijano-peregrina-virtualmente\/\"]}]},{\"@type\":\"BreadcrumbList\",\"@id\":\"https:\/\/nahuelproducciones.com.ar\/radioquijano\/quijano-peregrina-virtualmente\/#breadcrumb\",\"itemListElement\":[{\"@type\":\"ListItem\",\"position\":1,\"name\":\"Portada\",\"item\":\"https:\/\/nahuelproducciones.com.ar\/radioquijano\/\"},{\"@type\":\"ListItem\",\"position\":2,\"name\":\"Quijano peregrina virtualmente\"}]},{\"@type\":\"WebSite\",\"@id\":\"https:\/\/nahuelproducciones.com.ar\/radioquijano\/#website\",\"url\":\"https:\/\/nahuelproducciones.com.ar\/radioquijano\/\",\"name\":\"RQ 99.9\",\"description\":\"Radio Quijano 99.9 MHz\",\"potentialAction\":[{\"@type\":\"SearchAction\",\"target\":{\"@type\":\"EntryPoint\",\"urlTemplate\":\"https:\/\/nahuelproducciones.com.ar\/radioquijano\/?s={search_term_string}\"},\"query-input\":\"required name=search_term_string\"}],\"inLanguage\":\"es\"},{\"@type\":\"Person\",\"@id\":\"https:\/\/nahuelproducciones.com.ar\/radioquijano\/#\/schema\/person\/e8a4f939e2cb487fe6d0c54042c9d32c\",\"name\":\"Cecilia Pastrana\",\"image\":{\"@type\":\"ImageObject\",\"inLanguage\":\"es\",\"@id\":\"https:\/\/nahuelproducciones.com.ar\/radioquijano\/#\/schema\/person\/image\/\",\"url\":\"https:\/\/secure.gravatar.com\/avatar\/661a3ef63a8488d4f2794ed44af8cf71420f7e106f3072c40125114df5157749?s=96&d=mm&r=g\",\"contentUrl\":\"https:\/\/secure.gravatar.com\/avatar\/661a3ef63a8488d4f2794ed44af8cf71420f7e106f3072c40125114df5157749?s=96&d=mm&r=g\",\"caption\":\"Cecilia Pastrana\"},\"sameAs\":[\"cecy\"],\"url\":\"https:\/\/nahuelproducciones.com.ar\/radioquijano\/author\/cecy\/\"}]}<\/script>\n<!-- \/ Yoast SEO plugin. -->","yoast_head_json":{"title":"Quijano peregrina virtualmente - RQ 99.9","description":"El d\u00eda 13 a las 22:00 hs ser\u00e1 transmitida la peregrinaci\u00f3n virtual por el canal de youtube y facebook de la Parroquia Santiago Ap\u00f3stol - Campo Quijano - Oficial, por 107.5 Radio Andes y Radio Quijano 99.9Mhz.","robots":{"index":"index","follow":"follow","max-snippet":"max-snippet:-1","max-image-preview":"max-image-preview:large","max-video-preview":"max-video-preview:-1"},"canonical":"https:\/\/nahuelproducciones.com.ar\/radioquijano\/quijano-peregrina-virtualmente\/","og_locale":"es_ES","og_type":"article","og_title":"Quijano peregrina virtualmente - RQ 99.9","og_description":"El d\u00eda 13 a las 22:00 hs ser\u00e1 transmitida la peregrinaci\u00f3n virtual por el canal de youtube y facebook de la Parroquia Santiago Ap\u00f3stol - Campo Quijano - Oficial, por 107.5 Radio Andes y Radio Quijano 99.9Mhz.","og_url":"https:\/\/nahuelproducciones.com.ar\/radioquijano\/quijano-peregrina-virtualmente\/","og_site_name":"RQ 99.9","article_publisher":"https:\/\/www.facebook.com\/nahuelproducciones999\/","article_published_time":"2020-09-08T05:05:40+00:00","article_modified_time":"2020-09-08T05:10:54+00:00","og_image":[{"width":512,"height":313,"url":"https:\/\/nahuelproducciones.com.ar\/radioquijano\/wp-content\/uploads\/2020\/09\/milagro-e1599541476907.jpg","type":"image\/jpeg"}],"author":"Cecilia Pastrana","twitter_card":"summary_large_image","twitter_creator":"@nahuproduciones","twitter_site":"@nahuproduciones","twitter_misc":{"Escrito por":"Cecilia Pastrana","Tiempo de lectura":"2 minutos"},"schema":{"@context":"https:\/\/schema.org","@graph":[{"@type":"WebPage","@id":"https:\/\/nahuelproducciones.com.ar\/radioquijano\/quijano-peregrina-virtualmente\/","url":"https:\/\/nahuelproducciones.com.ar\/radioquijano\/quijano-peregrina-virtualmente\/","name":"Quijano peregrina virtualmente - RQ 99.9","isPartOf":{"@id":"https:\/\/nahuelproducciones.com.ar\/radioquijano\/#website"},"datePublished":"2020-09-08T05:05:40+00:00","dateModified":"2020-09-08T05:10:54+00:00","author":{"@id":"https:\/\/nahuelproducciones.com.ar\/radioquijano\/#\/schema\/person\/e8a4f939e2cb487fe6d0c54042c9d32c"},"description":"El d\u00eda 13 a las 22:00 hs ser\u00e1 transmitida la peregrinaci\u00f3n virtual por el canal de youtube y facebook de la Parroquia Santiago Ap\u00f3stol - Campo Quijano - Oficial, por 107.5 Radio Andes y Radio Quijano 99.9Mhz.","breadcrumb":{"@id":"https:\/\/nahuelproducciones.com.ar\/radioquijano\/quijano-peregrina-virtualmente\/#breadcrumb"},"inLanguage":"es","potentialAction":[{"@type":"ReadAction","target":["https:\/\/nahuelproducciones.com.ar\/radioquijano\/quijano-peregrina-virtualmente\/"]}]},{"@type":"BreadcrumbList","@id":"https:\/\/nahuelproducciones.com.ar\/radioquijano\/quijano-peregrina-virtualmente\/#breadcrumb","itemListElement":[{"@type":"ListItem","position":1,"name":"Portada","item":"https:\/\/nahuelproducciones.com.ar\/radioquijano\/"},{"@type":"ListItem","position":2,"name":"Quijano peregrina virtualmente"}]},{"@type":"WebSite","@id":"https:\/\/nahuelproducciones.com.ar\/radioquijano\/#website","url":"https:\/\/nahuelproducciones.com.ar\/radioquijano\/","name":"RQ 99.9","description":"Radio Quijano 99.9 MHz","potentialAction":[{"@type":"SearchAction","target":{"@type":"EntryPoint","urlTemplate":"https:\/\/nahuelproducciones.com.ar\/radioquijano\/?s={search_term_string}"},"query-input":"required name=search_term_string"}],"inLanguage":"es"},{"@type":"Person","@id":"https:\/\/nahuelproducciones.com.ar\/radioquijano\/#\/schema\/person\/e8a4f939e2cb487fe6d0c54042c9d32c","name":"Cecilia Pastrana","image":{"@type":"ImageObject","inLanguage":"es","@id":"https:\/\/nahuelproducciones.com.ar\/radioquijano\/#\/schema\/person\/image\/","url":"https:\/\/secure.gravatar.com\/avatar\/661a3ef63a8488d4f2794ed44af8cf71420f7e106f3072c40125114df5157749?s=96&d=mm&r=g","contentUrl":"https:\/\/secure.gravatar.com\/avatar\/661a3ef63a8488d4f2794ed44af8cf71420f7e106f3072c40125114df5157749?s=96&d=mm&r=g","caption":"Cecilia Pastrana"},"sameAs":["cecy"],"url":"https:\/\/nahuelproducciones.com.ar\/radioquijano\/author\/cecy\/"}]}},"_links":{"self":[{"href":"https:\/\/nahuelproducciones.com.ar\/radioquijano\/wp-json\/wp\/v2\/posts\/614","targetHints":{"allow":["GET"]}}],"collection":[{"href":"https:\/\/nahuelproducciones.com.ar\/radioquijano\/wp-json\/wp\/v2\/posts"}],"about":[{"href":"https:\/\/nahuelproducciones.com.ar\/radioquijano\/wp-json\/wp\/v2\/types\/post"}],"author":[{"embeddable":true,"href":"https:\/\/nahuelproducciones.com.ar\/radioquijano\/wp-json\/wp\/v2\/users\/8"}],"replies":[{"embeddable":true,"href":"https:\/\/nahuelproducciones.com.ar\/radioquijano\/wp-json\/wp\/v2\/comments?post=614"}],"version-history":[{"count":1,"href":"https:\/\/nahuelproducciones.com.ar\/radioquijano\/wp-json\/wp\/v2\/posts\/614\/revisions"}],"predecessor-version":[{"id":618,"href":"https:\/\/nahuelproducciones.com.ar\/radioquijano\/wp-json\/wp\/v2\/posts\/614\/revisions\/618"}],"wp:featuredmedia":[{"embeddable":true,"href":"https:\/\/nahuelproducciones.com.ar\/radioquijano\/wp-json\/wp\/v2\/media\/616"}],"wp:attachment":[{"href":"https:\/\/nahuelproducciones.com.ar\/radioquijano\/wp-json\/wp\/v2\/media?parent=614"}],"wp:term":[{"taxonomy":"category","embeddable":true,"href":"https:\/\/nahuelproducciones.com.ar\/radioquijano\/wp-json\/wp\/v2\/categories?post=614"},{"taxonomy":"post_tag","embeddable":true,"href":"https:\/\/nahuelproducciones.com.ar\/radioquijano\/wp-json\/wp\/v2\/tags?post=614"}],"curies":[{"name":"wp","href":"https:\/\/api.w.org\/{rel}","templated":true}]}}