{"id":6196,"date":"2023-10-28T13:22:04","date_gmt":"2023-10-28T16:22:04","guid":{"rendered":"https:\/\/nahuelproducciones.com.ar\/radioquijano\/?p=6196"},"modified":"2023-10-28T13:22:05","modified_gmt":"2023-10-28T16:22:05","slug":"del-31-de-octubre-al-3-de-noviembre-se-depositara-incentivo-y-sueldos-a-la-administracion-provincial","status":"publish","type":"post","link":"https:\/\/nahuelproducciones.com.ar\/radioquijano\/del-31-de-octubre-al-3-de-noviembre-se-depositara-incentivo-y-sueldos-a-la-administracion-provincial\/","title":{"rendered":"Del 31 de octubre al 3 de \u00a0noviembre se depositar\u00e1 \u00a0incentivo y sueldos a la Administraci\u00f3n Provincial."},"content":{"rendered":"\n<p>El Ministerio de Econom\u00eda y Servicios P\u00fablicos inform\u00f3 el cronograma de pagos correspondiente a octubre de 2023.<\/p>\n\n\n\n<p>El 31 de octubre se cobrar\u00e1 incentivo, &nbsp;el 1 de noviembre se depositar\u00e1n los haberes para los sectores de salud y seguridad; el &nbsp;2 para educaci\u00f3n y 3, para organismos centralizados y descentralizados.<\/p>\n\n\n\n<p>La totalidad del sector p\u00fablico provincial incluye: Poder Ejecutivo, Legislativo y Judicial, organismos dependientes de estos poderes, organismos descentralizados, aut\u00e1rquicos y otros entes.<\/p>\n\n\n\n<p>Fuente:&nbsp;<strong>Secretar\u00eda de Prensa y Comunicaci\u00f3n<\/strong><\/p>\n","protected":false},"excerpt":{"rendered":"<p>El Ministerio de Econom\u00eda y Servicios P\u00fablicos inform\u00f3 el cronograma de pagos correspondiente a octubre de 2023. El 31 de octubre se cobrar\u00e1 incentivo, &nbsp;el 1 de noviembre se depositar\u00e1n los haberes para los sectores de salud y seguridad; el &nbsp;2 para educaci\u00f3n y 3, para organismos centralizados y descentralizados. La totalidad del sector p\u00fablico [&hellip;]<\/p>\n","protected":false},"author":8,"featured_media":5617,"comment_status":"open","ping_status":"open","sticky":false,"template":"","format":"standard","meta":{"_monsterinsights_skip_tracking":false,"_monsterinsights_sitenote_active":false,"_monsterinsights_sitenote_note":"","_monsterinsights_sitenote_category":0,"footnotes":""},"categories":[16],"tags":[1305,100],"class_list":["post-6196","post","type-post","status-publish","format-standard","has-post-thumbnail","hentry","category-noticias","tag-cronograma-de-pagos","tag-municipio-de-campo-quijano"],"yoast_head":"<!-- This site is optimized with the Yoast SEO plugin v20.8 - https:\/\/yoast.com\/wordpress\/plugins\/seo\/ -->\n<title>Del 31 de octubre al 3 de \u00a0noviembre se depositar\u00e1 \u00a0incentivo y sueldos a la Administraci\u00f3n Provincial. - RQ 99.9<\/title>\n<meta name=\"description\" content=\"El Ministerio de Econom\u00eda y Servicios P\u00fablicos inform\u00f3 el cronograma de pagos correspondiente a octubre de 2023.\" \/>\n<meta name=\"robots\" content=\"index, follow, max-snippet:-1, max-image-preview:large, max-video-preview:-1\" \/>\n<link rel=\"canonical\" href=\"https:\/\/nahuelproducciones.com.ar\/radioquijano\/del-31-de-octubre-al-3-de-noviembre-se-depositara-incentivo-y-sueldos-a-la-administracion-provincial\/\" \/>\n<meta property=\"og:locale\" content=\"es_ES\" \/>\n<meta property=\"og:type\" content=\"article\" \/>\n<meta property=\"og:title\" content=\"Del 31 de octubre al 3 de \u00a0noviembre se depositar\u00e1 \u00a0incentivo y sueldos a la Administraci\u00f3n Provincial. - RQ 99.9\" \/>\n<meta property=\"og:description\" content=\"El Ministerio de Econom\u00eda y Servicios P\u00fablicos inform\u00f3 el cronograma de pagos correspondiente a octubre de 2023.\" \/>\n<meta property=\"og:url\" content=\"https:\/\/nahuelproducciones.com.ar\/radioquijano\/del-31-de-octubre-al-3-de-noviembre-se-depositara-incentivo-y-sueldos-a-la-administracion-provincial\/\" \/>\n<meta property=\"og:site_name\" content=\"RQ 99.9\" \/>\n<meta property=\"article:publisher\" content=\"https:\/\/www.facebook.com\/nahuelproducciones999\/\" \/>\n<meta property=\"article:published_time\" content=\"2023-10-28T16:22:04+00:00\" \/>\n<meta property=\"article:modified_time\" content=\"2023-10-28T16:22:05+00:00\" \/>\n<meta property=\"og:image\" content=\"https:\/\/nahuelproducciones.com.ar\/radioquijano\/wp-content\/uploads\/2023\/07\/90890-del-29-de-julio-al-3-de-agosto-se-depositaran-incentivo-y-sueldos-a-la-administracion-publica-provincial-e1690491394204.jpg\" \/>\n\t<meta property=\"og:image:width\" content=\"560\" \/>\n\t<meta property=\"og:image:height\" content=\"373\" \/>\n\t<meta property=\"og:image:type\" content=\"image\/jpeg\" \/>\n<meta name=\"author\" content=\"Cecilia Pastrana\" \/>\n<meta name=\"twitter:card\" content=\"summary_large_image\" \/>\n<meta name=\"twitter:creator\" content=\"@nahuproduciones\" \/>\n<meta name=\"twitter:site\" content=\"@nahuproduciones\" \/>\n<meta name=\"twitter:label1\" content=\"Escrito por\" \/>\n\t<meta name=\"twitter:data1\" content=\"Cecilia Pastrana\" \/>\n\t<meta name=\"twitter:label2\" content=\"Tiempo de lectura\" \/>\n\t<meta name=\"twitter:data2\" content=\"1 minuto\" \/>\n<script type=\"application\/ld+json\" class=\"yoast-schema-graph\">{\"@context\":\"https:\/\/schema.org\",\"@graph\":[{\"@type\":\"WebPage\",\"@id\":\"https:\/\/nahuelproducciones.com.ar\/radioquijano\/del-31-de-octubre-al-3-de-noviembre-se-depositara-incentivo-y-sueldos-a-la-administracion-provincial\/\",\"url\":\"https:\/\/nahuelproducciones.com.ar\/radioquijano\/del-31-de-octubre-al-3-de-noviembre-se-depositara-incentivo-y-sueldos-a-la-administracion-provincial\/\",\"name\":\"Del 31 de octubre al 3 de \u00a0noviembre se depositar\u00e1 \u00a0incentivo y sueldos a la Administraci\u00f3n Provincial. - RQ 99.9\",\"isPartOf\":{\"@id\":\"https:\/\/nahuelproducciones.com.ar\/radioquijano\/#website\"},\"datePublished\":\"2023-10-28T16:22:04+00:00\",\"dateModified\":\"2023-10-28T16:22:05+00:00\",\"author\":{\"@id\":\"https:\/\/nahuelproducciones.com.ar\/radioquijano\/#\/schema\/person\/e8a4f939e2cb487fe6d0c54042c9d32c\"},\"description\":\"El Ministerio de Econom\u00eda y Servicios P\u00fablicos inform\u00f3 el cronograma de pagos correspondiente a octubre de 2023.\",\"breadcrumb\":{\"@id\":\"https:\/\/nahuelproducciones.com.ar\/radioquijano\/del-31-de-octubre-al-3-de-noviembre-se-depositara-incentivo-y-sueldos-a-la-administracion-provincial\/#breadcrumb\"},\"inLanguage\":\"es\",\"potentialAction\":[{\"@type\":\"ReadAction\",\"target\":[\"https:\/\/nahuelproducciones.com.ar\/radioquijano\/del-31-de-octubre-al-3-de-noviembre-se-depositara-incentivo-y-sueldos-a-la-administracion-provincial\/\"]}]},{\"@type\":\"BreadcrumbList\",\"@id\":\"https:\/\/nahuelproducciones.com.ar\/radioquijano\/del-31-de-octubre-al-3-de-noviembre-se-depositara-incentivo-y-sueldos-a-la-administracion-provincial\/#breadcrumb\",\"itemListElement\":[{\"@type\":\"ListItem\",\"position\":1,\"name\":\"Portada\",\"item\":\"https:\/\/nahuelproducciones.com.ar\/radioquijano\/\"},{\"@type\":\"ListItem\",\"position\":2,\"name\":\"Del 31 de octubre al 3 de \u00a0noviembre se depositar\u00e1 \u00a0incentivo y sueldos a la Administraci\u00f3n Provincial.\"}]},{\"@type\":\"WebSite\",\"@id\":\"https:\/\/nahuelproducciones.com.ar\/radioquijano\/#website\",\"url\":\"https:\/\/nahuelproducciones.com.ar\/radioquijano\/\",\"name\":\"RQ 99.9\",\"description\":\"Radio Quijano 99.9 MHz\",\"potentialAction\":[{\"@type\":\"SearchAction\",\"target\":{\"@type\":\"EntryPoint\",\"urlTemplate\":\"https:\/\/nahuelproducciones.com.ar\/radioquijano\/?s={search_term_string}\"},\"query-input\":\"required name=search_term_string\"}],\"inLanguage\":\"es\"},{\"@type\":\"Person\",\"@id\":\"https:\/\/nahuelproducciones.com.ar\/radioquijano\/#\/schema\/person\/e8a4f939e2cb487fe6d0c54042c9d32c\",\"name\":\"Cecilia Pastrana\",\"image\":{\"@type\":\"ImageObject\",\"inLanguage\":\"es\",\"@id\":\"https:\/\/nahuelproducciones.com.ar\/radioquijano\/#\/schema\/person\/image\/\",\"url\":\"https:\/\/secure.gravatar.com\/avatar\/661a3ef63a8488d4f2794ed44af8cf71420f7e106f3072c40125114df5157749?s=96&d=mm&r=g\",\"contentUrl\":\"https:\/\/secure.gravatar.com\/avatar\/661a3ef63a8488d4f2794ed44af8cf71420f7e106f3072c40125114df5157749?s=96&d=mm&r=g\",\"caption\":\"Cecilia Pastrana\"},\"sameAs\":[\"cecy\"],\"url\":\"https:\/\/nahuelproducciones.com.ar\/radioquijano\/author\/cecy\/\"}]}<\/script>\n<!-- \/ Yoast SEO plugin. -->","yoast_head_json":{"title":"Del 31 de octubre al 3 de \u00a0noviembre se depositar\u00e1 \u00a0incentivo y sueldos a la Administraci\u00f3n Provincial. - RQ 99.9","description":"El Ministerio de Econom\u00eda y Servicios P\u00fablicos inform\u00f3 el cronograma de pagos correspondiente a octubre de 2023.","robots":{"index":"index","follow":"follow","max-snippet":"max-snippet:-1","max-image-preview":"max-image-preview:large","max-video-preview":"max-video-preview:-1"},"canonical":"https:\/\/nahuelproducciones.com.ar\/radioquijano\/del-31-de-octubre-al-3-de-noviembre-se-depositara-incentivo-y-sueldos-a-la-administracion-provincial\/","og_locale":"es_ES","og_type":"article","og_title":"Del 31 de octubre al 3 de \u00a0noviembre se depositar\u00e1 \u00a0incentivo y sueldos a la Administraci\u00f3n Provincial. - RQ 99.9","og_description":"El Ministerio de Econom\u00eda y Servicios P\u00fablicos inform\u00f3 el cronograma de pagos correspondiente a octubre de 2023.","og_url":"https:\/\/nahuelproducciones.com.ar\/radioquijano\/del-31-de-octubre-al-3-de-noviembre-se-depositara-incentivo-y-sueldos-a-la-administracion-provincial\/","og_site_name":"RQ 99.9","article_publisher":"https:\/\/www.facebook.com\/nahuelproducciones999\/","article_published_time":"2023-10-28T16:22:04+00:00","article_modified_time":"2023-10-28T16:22:05+00:00","og_image":[{"width":560,"height":373,"url":"https:\/\/nahuelproducciones.com.ar\/radioquijano\/wp-content\/uploads\/2023\/07\/90890-del-29-de-julio-al-3-de-agosto-se-depositaran-incentivo-y-sueldos-a-la-administracion-publica-provincial-e1690491394204.jpg","type":"image\/jpeg"}],"author":"Cecilia Pastrana","twitter_card":"summary_large_image","twitter_creator":"@nahuproduciones","twitter_site":"@nahuproduciones","twitter_misc":{"Escrito por":"Cecilia Pastrana","Tiempo de lectura":"1 minuto"},"schema":{"@context":"https:\/\/schema.org","@graph":[{"@type":"WebPage","@id":"https:\/\/nahuelproducciones.com.ar\/radioquijano\/del-31-de-octubre-al-3-de-noviembre-se-depositara-incentivo-y-sueldos-a-la-administracion-provincial\/","url":"https:\/\/nahuelproducciones.com.ar\/radioquijano\/del-31-de-octubre-al-3-de-noviembre-se-depositara-incentivo-y-sueldos-a-la-administracion-provincial\/","name":"Del 31 de octubre al 3 de \u00a0noviembre se depositar\u00e1 \u00a0incentivo y sueldos a la Administraci\u00f3n Provincial. - RQ 99.9","isPartOf":{"@id":"https:\/\/nahuelproducciones.com.ar\/radioquijano\/#website"},"datePublished":"2023-10-28T16:22:04+00:00","dateModified":"2023-10-28T16:22:05+00:00","author":{"@id":"https:\/\/nahuelproducciones.com.ar\/radioquijano\/#\/schema\/person\/e8a4f939e2cb487fe6d0c54042c9d32c"},"description":"El Ministerio de Econom\u00eda y Servicios P\u00fablicos inform\u00f3 el cronograma de pagos correspondiente a octubre de 2023.","breadcrumb":{"@id":"https:\/\/nahuelproducciones.com.ar\/radioquijano\/del-31-de-octubre-al-3-de-noviembre-se-depositara-incentivo-y-sueldos-a-la-administracion-provincial\/#breadcrumb"},"inLanguage":"es","potentialAction":[{"@type":"ReadAction","target":["https:\/\/nahuelproducciones.com.ar\/radioquijano\/del-31-de-octubre-al-3-de-noviembre-se-depositara-incentivo-y-sueldos-a-la-administracion-provincial\/"]}]},{"@type":"BreadcrumbList","@id":"https:\/\/nahuelproducciones.com.ar\/radioquijano\/del-31-de-octubre-al-3-de-noviembre-se-depositara-incentivo-y-sueldos-a-la-administracion-provincial\/#breadcrumb","itemListElement":[{"@type":"ListItem","position":1,"name":"Portada","item":"https:\/\/nahuelproducciones.com.ar\/radioquijano\/"},{"@type":"ListItem","position":2,"name":"Del 31 de octubre al 3 de \u00a0noviembre se depositar\u00e1 \u00a0incentivo y sueldos a la Administraci\u00f3n Provincial."}]},{"@type":"WebSite","@id":"https:\/\/nahuelproducciones.com.ar\/radioquijano\/#website","url":"https:\/\/nahuelproducciones.com.ar\/radioquijano\/","name":"RQ 99.9","description":"Radio Quijano 99.9 MHz","potentialAction":[{"@type":"SearchAction","target":{"@type":"EntryPoint","urlTemplate":"https:\/\/nahuelproducciones.com.ar\/radioquijano\/?s={search_term_string}"},"query-input":"required name=search_term_string"}],"inLanguage":"es"},{"@type":"Person","@id":"https:\/\/nahuelproducciones.com.ar\/radioquijano\/#\/schema\/person\/e8a4f939e2cb487fe6d0c54042c9d32c","name":"Cecilia Pastrana","image":{"@type":"ImageObject","inLanguage":"es","@id":"https:\/\/nahuelproducciones.com.ar\/radioquijano\/#\/schema\/person\/image\/","url":"https:\/\/secure.gravatar.com\/avatar\/661a3ef63a8488d4f2794ed44af8cf71420f7e106f3072c40125114df5157749?s=96&d=mm&r=g","contentUrl":"https:\/\/secure.gravatar.com\/avatar\/661a3ef63a8488d4f2794ed44af8cf71420f7e106f3072c40125114df5157749?s=96&d=mm&r=g","caption":"Cecilia Pastrana"},"sameAs":["cecy"],"url":"https:\/\/nahuelproducciones.com.ar\/radioquijano\/author\/cecy\/"}]}},"_links":{"self":[{"href":"https:\/\/nahuelproducciones.com.ar\/radioquijano\/wp-json\/wp\/v2\/posts\/6196","targetHints":{"allow":["GET"]}}],"collection":[{"href":"https:\/\/nahuelproducciones.com.ar\/radioquijano\/wp-json\/wp\/v2\/posts"}],"about":[{"href":"https:\/\/nahuelproducciones.com.ar\/radioquijano\/wp-json\/wp\/v2\/types\/post"}],"author":[{"embeddable":true,"href":"https:\/\/nahuelproducciones.com.ar\/radioquijano\/wp-json\/wp\/v2\/users\/8"}],"replies":[{"embeddable":true,"href":"https:\/\/nahuelproducciones.com.ar\/radioquijano\/wp-json\/wp\/v2\/comments?post=6196"}],"version-history":[{"count":1,"href":"https:\/\/nahuelproducciones.com.ar\/radioquijano\/wp-json\/wp\/v2\/posts\/6196\/revisions"}],"predecessor-version":[{"id":6197,"href":"https:\/\/nahuelproducciones.com.ar\/radioquijano\/wp-json\/wp\/v2\/posts\/6196\/revisions\/6197"}],"wp:featuredmedia":[{"embeddable":true,"href":"https:\/\/nahuelproducciones.com.ar\/radioquijano\/wp-json\/wp\/v2\/media\/5617"}],"wp:attachment":[{"href":"https:\/\/nahuelproducciones.com.ar\/radioquijano\/wp-json\/wp\/v2\/media?parent=6196"}],"wp:term":[{"taxonomy":"category","embeddable":true,"href":"https:\/\/nahuelproducciones.com.ar\/radioquijano\/wp-json\/wp\/v2\/categories?post=6196"},{"taxonomy":"post_tag","embeddable":true,"href":"https:\/\/nahuelproducciones.com.ar\/radioquijano\/wp-json\/wp\/v2\/tags?post=6196"}],"curies":[{"name":"wp","href":"https:\/\/api.w.org\/{rel}","templated":true}]}}