{"id":6210,"date":"2023-10-31T00:59:26","date_gmt":"2023-10-31T03:59:26","guid":{"rendered":"https:\/\/nahuelproducciones.com.ar\/radioquijano\/?p=6210"},"modified":"2023-10-31T00:59:26","modified_gmt":"2023-10-31T03:59:26","slug":"la-modificacion-de-una-ley-presentada-por-la-diputada-rigo-dejaria-a-mas-de-30-mil-familias-del-rubro-de-la-cosmetologia-y-esteticistas-sin-trabajo","status":"publish","type":"post","link":"https:\/\/nahuelproducciones.com.ar\/radioquijano\/la-modificacion-de-una-ley-presentada-por-la-diputada-rigo-dejaria-a-mas-de-30-mil-familias-del-rubro-de-la-cosmetologia-y-esteticistas-sin-trabajo\/","title":{"rendered":"LA MODIFICACI\u00d3N DE UNA LEY PRESENTADA POR LA DIPUTADA RIGO DEJAR\u00cdA A M\u00c1S DE 30 MIL FAMILIAS DEL RUBRO DE LA COSMETOLOG\u00cdA Y ESTETICISTAS SIN TRABAJO"},"content":{"rendered":"\n<blockquote class=\"wp-block-quote is-layout-flow wp-block-quote-is-layout-flow\">\n<blockquote class=\"wp-block-quote is-layout-flow wp-block-quote-is-layout-flow\">\n<p>Comunicado:<\/p>\n\n\n\n<p>Desde la Asociaci\u00f3n de Dermatocosmiatria y Est\u00e9tica de la Provincia de Salta, queremos informar que en el d\u00eda de ayer nos dimos con la desagradable sorpresa de la presentaci\u00f3n de la modificaci\u00f3n de la ley 7032, presentada por la Diputada Provincial, Noelia Rigo. <\/p>\n\n\n\n<p>De ser aprobada como se pretende la misma excluir\u00eda a m\u00e1s de 30 mil familias del rubro de los Cosmet\u00f3logos y Esteticistas, pudiendo llegar a afectar incluso hasta al rubro de las manicuristas.<\/p>\n\n\n\n<p><br>Este proyecto habla de una exclusividad en t\u00e9cnicas y maniobras realizadas a las personas, como as\u00ed tambi\u00e9n el empleo de cualquier aparatolog\u00eda, donde se proh\u00edbe el ejercicio de nuestro trabajo, dejando a este sector de la est\u00e9tica vulnerables, y quedando, si llegara a promulgarse dicha ley, como ilegales e intrusistas.<\/p>\n\n\n\n<p><br>En la Provincia de Tierra del Fuego ya intentaron esta avanzada present\u00e1ndose la misma ley y tuvieron que vetarla por declararse inconstitucional, ya que una ley provincial no puede pasar por encima de una ley Nacional, donde un sector se declare con derechos exclusivos o proh\u00edba el ejercicio de ciertos trabajos a otros sectores.<\/p>\n\n\n\n<p><br>La presidente de la Asociaci\u00f3n Marcela Zelaya mantuvo reuni\u00f3n en la ma\u00f1ana de ayer con la Diputada Rigo para conocer sobre las modificaciones pertinentes y se logr\u00f3 saber que la misma legisladora tiene un claro desconocimiento sobre nuestro oficio y de las distintas aristas relacionadas a nuestro rubro de las cuales adem\u00e1s desconoce claramente la comisi\u00f3n de Salud.<\/p>\n\n\n\n<p><br>Ante esta situaci\u00f3n es que solicitamos se declare nulo o se modifique el art\u00edculo que habla sobre la exclusividad de los kinesiologos en el rubro de la Est\u00e9tica y la Cosmetolog\u00eda, ya que ellos le llaman Kinesiolog\u00eda dermatofuncional a lo que todos conocemos por Cosmetolog\u00eda y Est\u00e9tica y por ello es el inter\u00e9s creado para que se promulgue de manera urgente esta ley.<\/p>\n\n\n\n<p><br>Estamos a la espera de una nueva reuni\u00f3n con la Comisi\u00f3n de Salud para explicarle los argumentos legales en los cuales nos basamos para ir en contra de ese proyecto.<\/p>\n\n\n\n<p><br>No pedimos planes sociales, no pedimos caridad, no pedimos ayuda econ\u00f3mica\u2026.pedimos que se visibilice nuestra problem\u00e1tica y no que se avance en contra de la fuente laboral de miles de personas que en su mayor\u00eda son mujeres sost\u00e9n de su hogar.<\/p>\n\n\n\n<h4 class=\"wp-block-heading\">#Marchaatrasconlaley<\/h4>\n\n\n\n<p>Asociaci\u00f3n de Dermatocosmiatria y Est\u00e9tica de la Provincia de Salta, Marcela Zelaya<\/p>\n<\/blockquote>\n<\/blockquote>\n","protected":false},"excerpt":{"rendered":"","protected":false},"author":8,"featured_media":6211,"comment_status":"open","ping_status":"open","sticky":false,"template":"","format":"standard","meta":{"_monsterinsights_skip_tracking":false,"_monsterinsights_sitenote_active":false,"_monsterinsights_sitenote_note":"","_monsterinsights_sitenote_category":0,"footnotes":""},"categories":[16],"tags":[1309,1308,1310,1307],"class_list":["post-6210","post","type-post","status-publish","format-standard","has-post-thumbnail","hentry","category-noticias","tag-asociacion-de-dermatocosmiatria-y-estetica-de-la-provincia-de-salta","tag-cosmetologia-y-estetica","tag-kinesiologos","tag-modificacion-de-ley"],"yoast_head":"<!-- This site is optimized with the Yoast SEO plugin v20.8 - https:\/\/yoast.com\/wordpress\/plugins\/seo\/ -->\n<title>LA MODIFICACI\u00d3N DE UNA LEY PRESENTADA POR LA DIPUTADA RIGO DEJAR\u00cdA A M\u00c1S DE 30 MIL FAMILIAS DEL RUBRO DE LA COSMETOLOG\u00cdA Y ESTETICISTAS SIN TRABAJO - RQ 99.9<\/title>\n<meta name=\"description\" content=\"Estamos a la espera de una nueva reuni\u00f3n con la Comisi\u00f3n de Salud para explicarle los argumentos legales en los cuales nos basamos para ir en contra de ese proyecto.\" \/>\n<meta name=\"robots\" content=\"index, follow, max-snippet:-1, max-image-preview:large, max-video-preview:-1\" \/>\n<link rel=\"canonical\" href=\"https:\/\/nahuelproducciones.com.ar\/radioquijano\/la-modificacion-de-una-ley-presentada-por-la-diputada-rigo-dejaria-a-mas-de-30-mil-familias-del-rubro-de-la-cosmetologia-y-esteticistas-sin-trabajo\/\" \/>\n<meta property=\"og:locale\" content=\"es_ES\" \/>\n<meta property=\"og:type\" content=\"article\" \/>\n<meta property=\"og:title\" content=\"LA MODIFICACI\u00d3N DE UNA LEY PRESENTADA POR LA DIPUTADA RIGO DEJAR\u00cdA A M\u00c1S DE 30 MIL FAMILIAS DEL RUBRO DE LA COSMETOLOG\u00cdA Y ESTETICISTAS SIN TRABAJO - RQ 99.9\" \/>\n<meta property=\"og:description\" content=\"Estamos a la espera de una nueva reuni\u00f3n con la Comisi\u00f3n de Salud para explicarle los argumentos legales en los cuales nos basamos para ir en contra de ese proyecto.\" \/>\n<meta property=\"og:url\" content=\"https:\/\/nahuelproducciones.com.ar\/radioquijano\/la-modificacion-de-una-ley-presentada-por-la-diputada-rigo-dejaria-a-mas-de-30-mil-familias-del-rubro-de-la-cosmetologia-y-esteticistas-sin-trabajo\/\" \/>\n<meta property=\"og:site_name\" content=\"RQ 99.9\" \/>\n<meta property=\"article:publisher\" content=\"https:\/\/www.facebook.com\/nahuelproducciones999\/\" \/>\n<meta property=\"article:published_time\" content=\"2023-10-31T03:59:26+00:00\" \/>\n<meta property=\"og:image\" content=\"https:\/\/nahuelproducciones.com.ar\/radioquijano\/wp-content\/uploads\/2023\/10\/maxresdefault-e1698724755154.jpg\" \/>\n\t<meta property=\"og:image:width\" content=\"700\" \/>\n\t<meta property=\"og:image:height\" content=\"394\" \/>\n\t<meta property=\"og:image:type\" content=\"image\/jpeg\" \/>\n<meta name=\"author\" content=\"Cecilia Pastrana\" \/>\n<meta name=\"twitter:card\" content=\"summary_large_image\" \/>\n<meta name=\"twitter:creator\" content=\"@nahuproduciones\" \/>\n<meta name=\"twitter:site\" content=\"@nahuproduciones\" \/>\n<meta name=\"twitter:label1\" content=\"Escrito por\" \/>\n\t<meta name=\"twitter:data1\" content=\"Cecilia Pastrana\" \/>\n\t<meta name=\"twitter:label2\" content=\"Tiempo de lectura\" \/>\n\t<meta name=\"twitter:data2\" content=\"2 minutos\" \/>\n<script type=\"application\/ld+json\" class=\"yoast-schema-graph\">{\"@context\":\"https:\/\/schema.org\",\"@graph\":[{\"@type\":\"WebPage\",\"@id\":\"https:\/\/nahuelproducciones.com.ar\/radioquijano\/la-modificacion-de-una-ley-presentada-por-la-diputada-rigo-dejaria-a-mas-de-30-mil-familias-del-rubro-de-la-cosmetologia-y-esteticistas-sin-trabajo\/\",\"url\":\"https:\/\/nahuelproducciones.com.ar\/radioquijano\/la-modificacion-de-una-ley-presentada-por-la-diputada-rigo-dejaria-a-mas-de-30-mil-familias-del-rubro-de-la-cosmetologia-y-esteticistas-sin-trabajo\/\",\"name\":\"LA MODIFICACI\u00d3N DE UNA LEY PRESENTADA POR LA DIPUTADA RIGO DEJAR\u00cdA A M\u00c1S DE 30 MIL FAMILIAS DEL RUBRO DE LA COSMETOLOG\u00cdA Y ESTETICISTAS SIN TRABAJO - RQ 99.9\",\"isPartOf\":{\"@id\":\"https:\/\/nahuelproducciones.com.ar\/radioquijano\/#website\"},\"datePublished\":\"2023-10-31T03:59:26+00:00\",\"dateModified\":\"2023-10-31T03:59:26+00:00\",\"author\":{\"@id\":\"https:\/\/nahuelproducciones.com.ar\/radioquijano\/#\/schema\/person\/e8a4f939e2cb487fe6d0c54042c9d32c\"},\"description\":\"Estamos a la espera de una nueva reuni\u00f3n con la Comisi\u00f3n de Salud para explicarle los argumentos legales en los cuales nos basamos para ir en contra de ese proyecto.\",\"breadcrumb\":{\"@id\":\"https:\/\/nahuelproducciones.com.ar\/radioquijano\/la-modificacion-de-una-ley-presentada-por-la-diputada-rigo-dejaria-a-mas-de-30-mil-familias-del-rubro-de-la-cosmetologia-y-esteticistas-sin-trabajo\/#breadcrumb\"},\"inLanguage\":\"es\",\"potentialAction\":[{\"@type\":\"ReadAction\",\"target\":[\"https:\/\/nahuelproducciones.com.ar\/radioquijano\/la-modificacion-de-una-ley-presentada-por-la-diputada-rigo-dejaria-a-mas-de-30-mil-familias-del-rubro-de-la-cosmetologia-y-esteticistas-sin-trabajo\/\"]}]},{\"@type\":\"BreadcrumbList\",\"@id\":\"https:\/\/nahuelproducciones.com.ar\/radioquijano\/la-modificacion-de-una-ley-presentada-por-la-diputada-rigo-dejaria-a-mas-de-30-mil-familias-del-rubro-de-la-cosmetologia-y-esteticistas-sin-trabajo\/#breadcrumb\",\"itemListElement\":[{\"@type\":\"ListItem\",\"position\":1,\"name\":\"Portada\",\"item\":\"https:\/\/nahuelproducciones.com.ar\/radioquijano\/\"},{\"@type\":\"ListItem\",\"position\":2,\"name\":\"LA MODIFICACI\u00d3N DE UNA LEY PRESENTADA POR LA DIPUTADA RIGO DEJAR\u00cdA A M\u00c1S DE 30 MIL FAMILIAS DEL RUBRO DE LA COSMETOLOG\u00cdA Y ESTETICISTAS SIN TRABAJO\"}]},{\"@type\":\"WebSite\",\"@id\":\"https:\/\/nahuelproducciones.com.ar\/radioquijano\/#website\",\"url\":\"https:\/\/nahuelproducciones.com.ar\/radioquijano\/\",\"name\":\"RQ 99.9\",\"description\":\"Radio Quijano 99.9 MHz\",\"potentialAction\":[{\"@type\":\"SearchAction\",\"target\":{\"@type\":\"EntryPoint\",\"urlTemplate\":\"https:\/\/nahuelproducciones.com.ar\/radioquijano\/?s={search_term_string}\"},\"query-input\":\"required name=search_term_string\"}],\"inLanguage\":\"es\"},{\"@type\":\"Person\",\"@id\":\"https:\/\/nahuelproducciones.com.ar\/radioquijano\/#\/schema\/person\/e8a4f939e2cb487fe6d0c54042c9d32c\",\"name\":\"Cecilia Pastrana\",\"image\":{\"@type\":\"ImageObject\",\"inLanguage\":\"es\",\"@id\":\"https:\/\/nahuelproducciones.com.ar\/radioquijano\/#\/schema\/person\/image\/\",\"url\":\"https:\/\/secure.gravatar.com\/avatar\/661a3ef63a8488d4f2794ed44af8cf71420f7e106f3072c40125114df5157749?s=96&d=mm&r=g\",\"contentUrl\":\"https:\/\/secure.gravatar.com\/avatar\/661a3ef63a8488d4f2794ed44af8cf71420f7e106f3072c40125114df5157749?s=96&d=mm&r=g\",\"caption\":\"Cecilia Pastrana\"},\"sameAs\":[\"cecy\"],\"url\":\"https:\/\/nahuelproducciones.com.ar\/radioquijano\/author\/cecy\/\"}]}<\/script>\n<!-- \/ Yoast SEO plugin. -->","yoast_head_json":{"title":"LA MODIFICACI\u00d3N DE UNA LEY PRESENTADA POR LA DIPUTADA RIGO DEJAR\u00cdA A M\u00c1S DE 30 MIL FAMILIAS DEL RUBRO DE LA COSMETOLOG\u00cdA Y ESTETICISTAS SIN TRABAJO - RQ 99.9","description":"Estamos a la espera de una nueva reuni\u00f3n con la Comisi\u00f3n de Salud para explicarle los argumentos legales en los cuales nos basamos para ir en contra de ese proyecto.","robots":{"index":"index","follow":"follow","max-snippet":"max-snippet:-1","max-image-preview":"max-image-preview:large","max-video-preview":"max-video-preview:-1"},"canonical":"https:\/\/nahuelproducciones.com.ar\/radioquijano\/la-modificacion-de-una-ley-presentada-por-la-diputada-rigo-dejaria-a-mas-de-30-mil-familias-del-rubro-de-la-cosmetologia-y-esteticistas-sin-trabajo\/","og_locale":"es_ES","og_type":"article","og_title":"LA MODIFICACI\u00d3N DE UNA LEY PRESENTADA POR LA DIPUTADA RIGO DEJAR\u00cdA A M\u00c1S DE 30 MIL FAMILIAS DEL RUBRO DE LA COSMETOLOG\u00cdA Y ESTETICISTAS SIN TRABAJO - RQ 99.9","og_description":"Estamos a la espera de una nueva reuni\u00f3n con la Comisi\u00f3n de Salud para explicarle los argumentos legales en los cuales nos basamos para ir en contra de ese proyecto.","og_url":"https:\/\/nahuelproducciones.com.ar\/radioquijano\/la-modificacion-de-una-ley-presentada-por-la-diputada-rigo-dejaria-a-mas-de-30-mil-familias-del-rubro-de-la-cosmetologia-y-esteticistas-sin-trabajo\/","og_site_name":"RQ 99.9","article_publisher":"https:\/\/www.facebook.com\/nahuelproducciones999\/","article_published_time":"2023-10-31T03:59:26+00:00","og_image":[{"width":700,"height":394,"url":"https:\/\/nahuelproducciones.com.ar\/radioquijano\/wp-content\/uploads\/2023\/10\/maxresdefault-e1698724755154.jpg","type":"image\/jpeg"}],"author":"Cecilia Pastrana","twitter_card":"summary_large_image","twitter_creator":"@nahuproduciones","twitter_site":"@nahuproduciones","twitter_misc":{"Escrito por":"Cecilia Pastrana","Tiempo de lectura":"2 minutos"},"schema":{"@context":"https:\/\/schema.org","@graph":[{"@type":"WebPage","@id":"https:\/\/nahuelproducciones.com.ar\/radioquijano\/la-modificacion-de-una-ley-presentada-por-la-diputada-rigo-dejaria-a-mas-de-30-mil-familias-del-rubro-de-la-cosmetologia-y-esteticistas-sin-trabajo\/","url":"https:\/\/nahuelproducciones.com.ar\/radioquijano\/la-modificacion-de-una-ley-presentada-por-la-diputada-rigo-dejaria-a-mas-de-30-mil-familias-del-rubro-de-la-cosmetologia-y-esteticistas-sin-trabajo\/","name":"LA MODIFICACI\u00d3N DE UNA LEY PRESENTADA POR LA DIPUTADA RIGO DEJAR\u00cdA A M\u00c1S DE 30 MIL FAMILIAS DEL RUBRO DE LA COSMETOLOG\u00cdA Y ESTETICISTAS SIN TRABAJO - RQ 99.9","isPartOf":{"@id":"https:\/\/nahuelproducciones.com.ar\/radioquijano\/#website"},"datePublished":"2023-10-31T03:59:26+00:00","dateModified":"2023-10-31T03:59:26+00:00","author":{"@id":"https:\/\/nahuelproducciones.com.ar\/radioquijano\/#\/schema\/person\/e8a4f939e2cb487fe6d0c54042c9d32c"},"description":"Estamos a la espera de una nueva reuni\u00f3n con la Comisi\u00f3n de Salud para explicarle los argumentos legales en los cuales nos basamos para ir en contra de ese proyecto.","breadcrumb":{"@id":"https:\/\/nahuelproducciones.com.ar\/radioquijano\/la-modificacion-de-una-ley-presentada-por-la-diputada-rigo-dejaria-a-mas-de-30-mil-familias-del-rubro-de-la-cosmetologia-y-esteticistas-sin-trabajo\/#breadcrumb"},"inLanguage":"es","potentialAction":[{"@type":"ReadAction","target":["https:\/\/nahuelproducciones.com.ar\/radioquijano\/la-modificacion-de-una-ley-presentada-por-la-diputada-rigo-dejaria-a-mas-de-30-mil-familias-del-rubro-de-la-cosmetologia-y-esteticistas-sin-trabajo\/"]}]},{"@type":"BreadcrumbList","@id":"https:\/\/nahuelproducciones.com.ar\/radioquijano\/la-modificacion-de-una-ley-presentada-por-la-diputada-rigo-dejaria-a-mas-de-30-mil-familias-del-rubro-de-la-cosmetologia-y-esteticistas-sin-trabajo\/#breadcrumb","itemListElement":[{"@type":"ListItem","position":1,"name":"Portada","item":"https:\/\/nahuelproducciones.com.ar\/radioquijano\/"},{"@type":"ListItem","position":2,"name":"LA MODIFICACI\u00d3N DE UNA LEY PRESENTADA POR LA DIPUTADA RIGO DEJAR\u00cdA A M\u00c1S DE 30 MIL FAMILIAS DEL RUBRO DE LA COSMETOLOG\u00cdA Y ESTETICISTAS SIN TRABAJO"}]},{"@type":"WebSite","@id":"https:\/\/nahuelproducciones.com.ar\/radioquijano\/#website","url":"https:\/\/nahuelproducciones.com.ar\/radioquijano\/","name":"RQ 99.9","description":"Radio Quijano 99.9 MHz","potentialAction":[{"@type":"SearchAction","target":{"@type":"EntryPoint","urlTemplate":"https:\/\/nahuelproducciones.com.ar\/radioquijano\/?s={search_term_string}"},"query-input":"required name=search_term_string"}],"inLanguage":"es"},{"@type":"Person","@id":"https:\/\/nahuelproducciones.com.ar\/radioquijano\/#\/schema\/person\/e8a4f939e2cb487fe6d0c54042c9d32c","name":"Cecilia Pastrana","image":{"@type":"ImageObject","inLanguage":"es","@id":"https:\/\/nahuelproducciones.com.ar\/radioquijano\/#\/schema\/person\/image\/","url":"https:\/\/secure.gravatar.com\/avatar\/661a3ef63a8488d4f2794ed44af8cf71420f7e106f3072c40125114df5157749?s=96&d=mm&r=g","contentUrl":"https:\/\/secure.gravatar.com\/avatar\/661a3ef63a8488d4f2794ed44af8cf71420f7e106f3072c40125114df5157749?s=96&d=mm&r=g","caption":"Cecilia Pastrana"},"sameAs":["cecy"],"url":"https:\/\/nahuelproducciones.com.ar\/radioquijano\/author\/cecy\/"}]}},"_links":{"self":[{"href":"https:\/\/nahuelproducciones.com.ar\/radioquijano\/wp-json\/wp\/v2\/posts\/6210","targetHints":{"allow":["GET"]}}],"collection":[{"href":"https:\/\/nahuelproducciones.com.ar\/radioquijano\/wp-json\/wp\/v2\/posts"}],"about":[{"href":"https:\/\/nahuelproducciones.com.ar\/radioquijano\/wp-json\/wp\/v2\/types\/post"}],"author":[{"embeddable":true,"href":"https:\/\/nahuelproducciones.com.ar\/radioquijano\/wp-json\/wp\/v2\/users\/8"}],"replies":[{"embeddable":true,"href":"https:\/\/nahuelproducciones.com.ar\/radioquijano\/wp-json\/wp\/v2\/comments?post=6210"}],"version-history":[{"count":1,"href":"https:\/\/nahuelproducciones.com.ar\/radioquijano\/wp-json\/wp\/v2\/posts\/6210\/revisions"}],"predecessor-version":[{"id":6212,"href":"https:\/\/nahuelproducciones.com.ar\/radioquijano\/wp-json\/wp\/v2\/posts\/6210\/revisions\/6212"}],"wp:featuredmedia":[{"embeddable":true,"href":"https:\/\/nahuelproducciones.com.ar\/radioquijano\/wp-json\/wp\/v2\/media\/6211"}],"wp:attachment":[{"href":"https:\/\/nahuelproducciones.com.ar\/radioquijano\/wp-json\/wp\/v2\/media?parent=6210"}],"wp:term":[{"taxonomy":"category","embeddable":true,"href":"https:\/\/nahuelproducciones.com.ar\/radioquijano\/wp-json\/wp\/v2\/categories?post=6210"},{"taxonomy":"post_tag","embeddable":true,"href":"https:\/\/nahuelproducciones.com.ar\/radioquijano\/wp-json\/wp\/v2\/tags?post=6210"}],"curies":[{"name":"wp","href":"https:\/\/api.w.org\/{rel}","templated":true}]}}