{"id":6215,"date":"2023-10-31T07:25:47","date_gmt":"2023-10-31T10:25:47","guid":{"rendered":"https:\/\/nahuelproducciones.com.ar\/radioquijano\/?p=6215"},"modified":"2023-10-31T07:27:47","modified_gmt":"2023-10-31T10:27:47","slug":"61o-fiesta-provincial-de-la-tradicion-en-campo-quijano","status":"publish","type":"post","link":"https:\/\/nahuelproducciones.com.ar\/radioquijano\/61o-fiesta-provincial-de-la-tradicion-en-campo-quijano\/","title":{"rendered":"61\u00ba Fiesta Provincial de la tradici\u00f3n en Campo Quijano."},"content":{"rendered":"\n<p>El Programa de la Fiesta Provincial de la Tradici\u00f3n y elecci\u00f3n de la paisana se desarrollar\u00e1 desde el 1 al 12 de noviembre en Campo Quijano.<\/p>\n\n\n\n<p>Las actividades est\u00e1n organizadas por la Agrupaci\u00f3n Gauchos de G\u00fcemes \u00abRodeo Antenor S\u00e1nchez\u00bby Fortin La Higuerita.<\/p>\n\n\n\n<blockquote class=\"wp-block-quote is-layout-flow wp-block-quote-is-layout-flow\">\n<p>Programa de Actividades:<\/p>\n\n\n\n<p> <p>MI\u00c9RCOLES 1:<\/p>   <p>D\u00eda de  \u00abTodos los Santos\u00bb a cargo de la Direcci\u00f3n de Cultura de Municipalidad de Campo Quijano.<\/p>   <p>JUEVES 2:<\/p>   <p>D\u00eda de \u00abLas Almas-Ceremonia de Levantar los Ofrendas.<\/p>   <p>VIERNES 3:<\/p>   <p>Disertaci\u00f3n sobre \u00abDanzas Tradicionales o cargo del Profesor Miguel \u00c1ngel C\u00e1seres (Casa de La Cultura).<\/p>   <p>Domingo 5:<\/p>   <p>Elecci\u00f3n de La Mini Paisana \u00abLa Flor del Ceibo\u00bb.<\/p>   <p>MARTES 7:<\/p>   <p>Muestra de \u00abENSILLADO\u00bb en la Escuela Mitre y Dody &#8211; Turno Ma\u00f1ana<\/p>   <p>MI\u00c9RCOLES 8:<\/p>   <p>Muestra de \u00abENSILLADO\u00bb en la Escuela Mitre y Dody-Turno Tarde.<\/p>   <p>JUEVES 9:<\/p>   <p>Proyecci\u00f3n de un Documental sobre La Tradici\u00f3n.<\/p>   <p>VIERNES 10:<\/p>   <p>11:00 Hs. Acto en la Plaza Martin Fierro (Busto de Jos\u00e9 Hern\u00e1ndez, concentraci\u00f3n de Autoridades, Agrupaciones Gauchas de la zona, Instituciones Deportivas, Escuelas, Colegios y Pueblo en General. Izamiento de la Ense\u00f1a Patria, Entonaci\u00f3n del Himno Nacional Argentino y Marcha de Las Malvinas.<\/p>   <p>13:00 Hs. Agasajo por el D\u00eda de La Tradici\u00f3n en la Sede del Fort\u00edn \u00abLos Higueritas\u00bb.<\/p>   <p>20.00 Hs. Festival \u00abEntrelazando Culturas\u00bb a cargo del Profesor Viveros.<\/p>   <p>S\u00c1BADO 11:<\/p>   <p>15:00 Hs. Elecci\u00f3n de La Paisana de La Tradici\u00f3n (Picadero Santiago Ap\u00f3stol).<\/p>   <p>20:00 Hs. Baile del Peric\u00f3n Nacional con todas las Academias de Campo Quijano, junto a Delegaciones Nacionales e Internacionales.<\/p>   <p>Desfile de Carrosas aleg\u00f3ricas a La Tradici\u00f3n &#8211; Elecci\u00f3n de La Paisana.<\/p>   <p>DOMINGO 12:<\/p>   <p>10:00 Hs.  Acto en la Plaza Martin Fierro, concentraci\u00f3n de Autoridades, Agrupaciones Gauchas de la zona, Instituciones Deportivas, Escuelas, Colegios y Pueblo en General, izamiento de la Ense\u00f1a Patria, Entonaci\u00f3n del Himno Nacional y Marcha de Las Malvinas Argentina <\/p>   <p>10.30 DESFILE C\u00cdVICO-Instituciones Deportivas, Escuelas, Colegios, Academias  Folcl\u00f3ricas y Delegaciones invitadas.<\/p>   <p>Desfile de Carrozas, Desfile de Agrupaciones Gauchos de la zona y de la provincia.<\/p>   <p>14:00 Hs. Picadero Santiago Ap\u00f3stol, Concurso del Pial con Hacienda de Coronel Moldes.<\/p>   <p>Gran Jineteada con la Tropilla \u00abLa Nochera de Marinaro\u00bb.<\/p>   <p>GRAN BAILE CARPERO: Actuar\u00e1n Los del Cerro, Palmas Arriba, N\u00e9stor Saavedra, la Banda del Negro Milo, Los Super Chavos y Lirios\u00a0Salte\u00f1os.<\/p> <\/p>\n<\/blockquote>\n","protected":false},"excerpt":{"rendered":"<p>El Programa de la Fiesta Provincial de la Tradici\u00f3n y elecci\u00f3n de la paisana se desarrollar\u00e1 desde el 1 al 12 de noviembre en Campo Quijano. Las actividades est\u00e1n organizadas por la Agrupaci\u00f3n Gauchos de G\u00fcemes \u00abRodeo Antenor S\u00e1nchez\u00bby Fortin La Higuerita. Programa de Actividades: MI\u00c9RCOLES 1: D\u00eda de \u00abTodos los Santos\u00bb a cargo de [&hellip;]<\/p>\n","protected":false},"author":8,"featured_media":6078,"comment_status":"open","ping_status":"open","sticky":false,"template":"","format":"standard","meta":{"_monsterinsights_skip_tracking":false,"_monsterinsights_sitenote_active":false,"_monsterinsights_sitenote_note":"","_monsterinsights_sitenote_category":0,"footnotes":""},"categories":[16],"tags":[1311,691,100],"class_list":["post-6215","post","type-post","status-publish","format-standard","has-post-thumbnail","hentry","category-noticias","tag-eleccion-de-la-paisana","tag-fiesta-provincial-de-la-tradicion","tag-municipio-de-campo-quijano"],"yoast_head":"<!-- This site is optimized with the Yoast SEO plugin v20.8 - https:\/\/yoast.com\/wordpress\/plugins\/seo\/ -->\n<title>61\u00ba Fiesta Provincial de la tradici\u00f3n en Campo Quijano. - RQ 99.9<\/title>\n<meta name=\"description\" content=\"Actividades libre y gratuita. Solo se abona la entrada al Baile Carpero.\" \/>\n<meta name=\"robots\" content=\"index, follow, max-snippet:-1, max-image-preview:large, max-video-preview:-1\" \/>\n<link rel=\"canonical\" href=\"https:\/\/nahuelproducciones.com.ar\/radioquijano\/61o-fiesta-provincial-de-la-tradicion-en-campo-quijano\/\" \/>\n<meta property=\"og:locale\" content=\"es_ES\" \/>\n<meta property=\"og:type\" content=\"article\" \/>\n<meta property=\"og:title\" content=\"61\u00ba Fiesta Provincial de la tradici\u00f3n en Campo Quijano. - RQ 99.9\" \/>\n<meta property=\"og:description\" content=\"Actividades libre y gratuita. Solo se abona la entrada al Baile Carpero.\" \/>\n<meta property=\"og:url\" content=\"https:\/\/nahuelproducciones.com.ar\/radioquijano\/61o-fiesta-provincial-de-la-tradicion-en-campo-quijano\/\" \/>\n<meta property=\"og:site_name\" content=\"RQ 99.9\" \/>\n<meta property=\"article:publisher\" content=\"https:\/\/www.facebook.com\/nahuelproducciones999\/\" \/>\n<meta property=\"article:published_time\" content=\"2023-10-31T10:25:47+00:00\" \/>\n<meta property=\"article:modified_time\" content=\"2023-10-31T10:27:47+00:00\" \/>\n<meta property=\"og:image\" content=\"https:\/\/nahuelproducciones.com.ar\/radioquijano\/wp-content\/uploads\/2023\/10\/Imagen-de-WhatsApp-2023-10-12-a-las-21.27.33_372410ec-e1697157112236.jpg\" \/>\n\t<meta property=\"og:image:width\" content=\"700\" \/>\n\t<meta property=\"og:image:height\" content=\"1007\" \/>\n\t<meta property=\"og:image:type\" content=\"image\/jpeg\" \/>\n<meta name=\"author\" content=\"Cecilia Pastrana\" \/>\n<meta name=\"twitter:card\" content=\"summary_large_image\" \/>\n<meta name=\"twitter:creator\" content=\"@nahuproduciones\" \/>\n<meta name=\"twitter:site\" content=\"@nahuproduciones\" \/>\n<meta name=\"twitter:label1\" content=\"Escrito por\" \/>\n\t<meta name=\"twitter:data1\" content=\"Cecilia Pastrana\" \/>\n\t<meta name=\"twitter:label2\" content=\"Tiempo de lectura\" \/>\n\t<meta name=\"twitter:data2\" content=\"2 minutos\" \/>\n<script type=\"application\/ld+json\" class=\"yoast-schema-graph\">{\"@context\":\"https:\/\/schema.org\",\"@graph\":[{\"@type\":\"WebPage\",\"@id\":\"https:\/\/nahuelproducciones.com.ar\/radioquijano\/61o-fiesta-provincial-de-la-tradicion-en-campo-quijano\/\",\"url\":\"https:\/\/nahuelproducciones.com.ar\/radioquijano\/61o-fiesta-provincial-de-la-tradicion-en-campo-quijano\/\",\"name\":\"61\u00ba Fiesta Provincial de la tradici\u00f3n en Campo Quijano. - RQ 99.9\",\"isPartOf\":{\"@id\":\"https:\/\/nahuelproducciones.com.ar\/radioquijano\/#website\"},\"datePublished\":\"2023-10-31T10:25:47+00:00\",\"dateModified\":\"2023-10-31T10:27:47+00:00\",\"author\":{\"@id\":\"https:\/\/nahuelproducciones.com.ar\/radioquijano\/#\/schema\/person\/e8a4f939e2cb487fe6d0c54042c9d32c\"},\"description\":\"Actividades libre y gratuita. Solo se abona la entrada al Baile Carpero.\",\"breadcrumb\":{\"@id\":\"https:\/\/nahuelproducciones.com.ar\/radioquijano\/61o-fiesta-provincial-de-la-tradicion-en-campo-quijano\/#breadcrumb\"},\"inLanguage\":\"es\",\"potentialAction\":[{\"@type\":\"ReadAction\",\"target\":[\"https:\/\/nahuelproducciones.com.ar\/radioquijano\/61o-fiesta-provincial-de-la-tradicion-en-campo-quijano\/\"]}]},{\"@type\":\"BreadcrumbList\",\"@id\":\"https:\/\/nahuelproducciones.com.ar\/radioquijano\/61o-fiesta-provincial-de-la-tradicion-en-campo-quijano\/#breadcrumb\",\"itemListElement\":[{\"@type\":\"ListItem\",\"position\":1,\"name\":\"Portada\",\"item\":\"https:\/\/nahuelproducciones.com.ar\/radioquijano\/\"},{\"@type\":\"ListItem\",\"position\":2,\"name\":\"61\u00ba Fiesta Provincial de la tradici\u00f3n en Campo Quijano.\"}]},{\"@type\":\"WebSite\",\"@id\":\"https:\/\/nahuelproducciones.com.ar\/radioquijano\/#website\",\"url\":\"https:\/\/nahuelproducciones.com.ar\/radioquijano\/\",\"name\":\"RQ 99.9\",\"description\":\"Radio Quijano 99.9 MHz\",\"potentialAction\":[{\"@type\":\"SearchAction\",\"target\":{\"@type\":\"EntryPoint\",\"urlTemplate\":\"https:\/\/nahuelproducciones.com.ar\/radioquijano\/?s={search_term_string}\"},\"query-input\":\"required name=search_term_string\"}],\"inLanguage\":\"es\"},{\"@type\":\"Person\",\"@id\":\"https:\/\/nahuelproducciones.com.ar\/radioquijano\/#\/schema\/person\/e8a4f939e2cb487fe6d0c54042c9d32c\",\"name\":\"Cecilia Pastrana\",\"image\":{\"@type\":\"ImageObject\",\"inLanguage\":\"es\",\"@id\":\"https:\/\/nahuelproducciones.com.ar\/radioquijano\/#\/schema\/person\/image\/\",\"url\":\"https:\/\/secure.gravatar.com\/avatar\/661a3ef63a8488d4f2794ed44af8cf71420f7e106f3072c40125114df5157749?s=96&d=mm&r=g\",\"contentUrl\":\"https:\/\/secure.gravatar.com\/avatar\/661a3ef63a8488d4f2794ed44af8cf71420f7e106f3072c40125114df5157749?s=96&d=mm&r=g\",\"caption\":\"Cecilia Pastrana\"},\"sameAs\":[\"cecy\"],\"url\":\"https:\/\/nahuelproducciones.com.ar\/radioquijano\/author\/cecy\/\"}]}<\/script>\n<!-- \/ Yoast SEO plugin. -->","yoast_head_json":{"title":"61\u00ba Fiesta Provincial de la tradici\u00f3n en Campo Quijano. - RQ 99.9","description":"Actividades libre y gratuita. Solo se abona la entrada al Baile Carpero.","robots":{"index":"index","follow":"follow","max-snippet":"max-snippet:-1","max-image-preview":"max-image-preview:large","max-video-preview":"max-video-preview:-1"},"canonical":"https:\/\/nahuelproducciones.com.ar\/radioquijano\/61o-fiesta-provincial-de-la-tradicion-en-campo-quijano\/","og_locale":"es_ES","og_type":"article","og_title":"61\u00ba Fiesta Provincial de la tradici\u00f3n en Campo Quijano. - RQ 99.9","og_description":"Actividades libre y gratuita. Solo se abona la entrada al Baile Carpero.","og_url":"https:\/\/nahuelproducciones.com.ar\/radioquijano\/61o-fiesta-provincial-de-la-tradicion-en-campo-quijano\/","og_site_name":"RQ 99.9","article_publisher":"https:\/\/www.facebook.com\/nahuelproducciones999\/","article_published_time":"2023-10-31T10:25:47+00:00","article_modified_time":"2023-10-31T10:27:47+00:00","og_image":[{"width":700,"height":1007,"url":"https:\/\/nahuelproducciones.com.ar\/radioquijano\/wp-content\/uploads\/2023\/10\/Imagen-de-WhatsApp-2023-10-12-a-las-21.27.33_372410ec-e1697157112236.jpg","type":"image\/jpeg"}],"author":"Cecilia Pastrana","twitter_card":"summary_large_image","twitter_creator":"@nahuproduciones","twitter_site":"@nahuproduciones","twitter_misc":{"Escrito por":"Cecilia Pastrana","Tiempo de lectura":"2 minutos"},"schema":{"@context":"https:\/\/schema.org","@graph":[{"@type":"WebPage","@id":"https:\/\/nahuelproducciones.com.ar\/radioquijano\/61o-fiesta-provincial-de-la-tradicion-en-campo-quijano\/","url":"https:\/\/nahuelproducciones.com.ar\/radioquijano\/61o-fiesta-provincial-de-la-tradicion-en-campo-quijano\/","name":"61\u00ba Fiesta Provincial de la tradici\u00f3n en Campo Quijano. - RQ 99.9","isPartOf":{"@id":"https:\/\/nahuelproducciones.com.ar\/radioquijano\/#website"},"datePublished":"2023-10-31T10:25:47+00:00","dateModified":"2023-10-31T10:27:47+00:00","author":{"@id":"https:\/\/nahuelproducciones.com.ar\/radioquijano\/#\/schema\/person\/e8a4f939e2cb487fe6d0c54042c9d32c"},"description":"Actividades libre y gratuita. Solo se abona la entrada al Baile Carpero.","breadcrumb":{"@id":"https:\/\/nahuelproducciones.com.ar\/radioquijano\/61o-fiesta-provincial-de-la-tradicion-en-campo-quijano\/#breadcrumb"},"inLanguage":"es","potentialAction":[{"@type":"ReadAction","target":["https:\/\/nahuelproducciones.com.ar\/radioquijano\/61o-fiesta-provincial-de-la-tradicion-en-campo-quijano\/"]}]},{"@type":"BreadcrumbList","@id":"https:\/\/nahuelproducciones.com.ar\/radioquijano\/61o-fiesta-provincial-de-la-tradicion-en-campo-quijano\/#breadcrumb","itemListElement":[{"@type":"ListItem","position":1,"name":"Portada","item":"https:\/\/nahuelproducciones.com.ar\/radioquijano\/"},{"@type":"ListItem","position":2,"name":"61\u00ba Fiesta Provincial de la tradici\u00f3n en Campo Quijano."}]},{"@type":"WebSite","@id":"https:\/\/nahuelproducciones.com.ar\/radioquijano\/#website","url":"https:\/\/nahuelproducciones.com.ar\/radioquijano\/","name":"RQ 99.9","description":"Radio Quijano 99.9 MHz","potentialAction":[{"@type":"SearchAction","target":{"@type":"EntryPoint","urlTemplate":"https:\/\/nahuelproducciones.com.ar\/radioquijano\/?s={search_term_string}"},"query-input":"required name=search_term_string"}],"inLanguage":"es"},{"@type":"Person","@id":"https:\/\/nahuelproducciones.com.ar\/radioquijano\/#\/schema\/person\/e8a4f939e2cb487fe6d0c54042c9d32c","name":"Cecilia Pastrana","image":{"@type":"ImageObject","inLanguage":"es","@id":"https:\/\/nahuelproducciones.com.ar\/radioquijano\/#\/schema\/person\/image\/","url":"https:\/\/secure.gravatar.com\/avatar\/661a3ef63a8488d4f2794ed44af8cf71420f7e106f3072c40125114df5157749?s=96&d=mm&r=g","contentUrl":"https:\/\/secure.gravatar.com\/avatar\/661a3ef63a8488d4f2794ed44af8cf71420f7e106f3072c40125114df5157749?s=96&d=mm&r=g","caption":"Cecilia Pastrana"},"sameAs":["cecy"],"url":"https:\/\/nahuelproducciones.com.ar\/radioquijano\/author\/cecy\/"}]}},"_links":{"self":[{"href":"https:\/\/nahuelproducciones.com.ar\/radioquijano\/wp-json\/wp\/v2\/posts\/6215","targetHints":{"allow":["GET"]}}],"collection":[{"href":"https:\/\/nahuelproducciones.com.ar\/radioquijano\/wp-json\/wp\/v2\/posts"}],"about":[{"href":"https:\/\/nahuelproducciones.com.ar\/radioquijano\/wp-json\/wp\/v2\/types\/post"}],"author":[{"embeddable":true,"href":"https:\/\/nahuelproducciones.com.ar\/radioquijano\/wp-json\/wp\/v2\/users\/8"}],"replies":[{"embeddable":true,"href":"https:\/\/nahuelproducciones.com.ar\/radioquijano\/wp-json\/wp\/v2\/comments?post=6215"}],"version-history":[{"count":1,"href":"https:\/\/nahuelproducciones.com.ar\/radioquijano\/wp-json\/wp\/v2\/posts\/6215\/revisions"}],"predecessor-version":[{"id":6217,"href":"https:\/\/nahuelproducciones.com.ar\/radioquijano\/wp-json\/wp\/v2\/posts\/6215\/revisions\/6217"}],"wp:featuredmedia":[{"embeddable":true,"href":"https:\/\/nahuelproducciones.com.ar\/radioquijano\/wp-json\/wp\/v2\/media\/6078"}],"wp:attachment":[{"href":"https:\/\/nahuelproducciones.com.ar\/radioquijano\/wp-json\/wp\/v2\/media?parent=6215"}],"wp:term":[{"taxonomy":"category","embeddable":true,"href":"https:\/\/nahuelproducciones.com.ar\/radioquijano\/wp-json\/wp\/v2\/categories?post=6215"},{"taxonomy":"post_tag","embeddable":true,"href":"https:\/\/nahuelproducciones.com.ar\/radioquijano\/wp-json\/wp\/v2\/tags?post=6215"}],"curies":[{"name":"wp","href":"https:\/\/api.w.org\/{rel}","templated":true}]}}