{"id":6218,"date":"2023-10-31T07:37:52","date_gmt":"2023-10-31T10:37:52","guid":{"rendered":"https:\/\/nahuelproducciones.com.ar\/radioquijano\/?p=6218"},"modified":"2023-11-03T10:50:00","modified_gmt":"2023-11-03T13:50:00","slug":"11-gran-festival-solidario-baldo-el-ojoroso-diaz","status":"publish","type":"post","link":"https:\/\/nahuelproducciones.com.ar\/radioquijano\/11-gran-festival-solidario-baldo-el-ojoroso-diaz\/","title":{"rendered":"11\u00b0 Gran Festival Solidario \u00abBaldo el Ojoroso Diaz\u00bb"},"content":{"rendered":"\n<p>Todo listo para que disfrutes el Viernes 3 de Noviembre la presentaci\u00f3n de Importantes Artistas.<\/p>\n\n\n\n<p>Te esperan en Plaza Barrio 24 de Septiembre a hs. 20:00.<\/p>\n\n\n\n<blockquote class=\"wp-block-quote is-layout-flow wp-block-quote-is-layout-flow\">\n<p>\u00abBaldo el Ojoroso Diaz\u00bb<\/p>\n\n\n\n<p>Cantor de los boliches!<\/p>\n\n\n\n<p>Cantorcito del Alisal<\/p>\n\n\n\n<p>Tu recuerdo, siempre vive!!<\/p>\n\n\n\n<p>En los que nunca te olvidaran.<\/p>\n\n\n\n<p>De <a><\/a>los cerros, era tu escencia<\/p>\n\n\n\n<p>De los r\u00edos, tu cantar&#8230;<\/p>\n\n\n\n<p>Tu guitarra amanecida<\/p>\n\n\n\n<p>Muchos ,la extra\u00f1aran.<\/p>\n<\/blockquote>\n\n\n\n<p>La invitaci\u00f3n es abierta para todo p\u00fablico. Se solicita llevar un alimento no perecedero que se destinar\u00e1n a la Escuelita Rep\u00fablica de Venezuela  de C\u00e1mara.<\/p>\n\n\n<div class=\"wp-block-image\">\n<figure class=\"aligncenter size-large is-resized\"><img loading=\"lazy\" decoding=\"async\" src=\"https:\/\/nahuelproducciones.com.ar\/radioquijano\/wp-content\/uploads\/2023\/10\/397515475_1468939287283719_250727192418464273_n-724x1024.jpg\" alt=\"\" class=\"wp-image-6219\" width=\"488\" height=\"691\" srcset=\"https:\/\/nahuelproducciones.com.ar\/radioquijano\/wp-content\/uploads\/2023\/10\/397515475_1468939287283719_250727192418464273_n-724x1024.jpg 724w, https:\/\/nahuelproducciones.com.ar\/radioquijano\/wp-content\/uploads\/2023\/10\/397515475_1468939287283719_250727192418464273_n-212x300.jpg 212w, https:\/\/nahuelproducciones.com.ar\/radioquijano\/wp-content\/uploads\/2023\/10\/397515475_1468939287283719_250727192418464273_n-768x1086.jpg 768w, https:\/\/nahuelproducciones.com.ar\/radioquijano\/wp-content\/uploads\/2023\/10\/397515475_1468939287283719_250727192418464273_n-1086x1536.jpg 1086w, https:\/\/nahuelproducciones.com.ar\/radioquijano\/wp-content\/uploads\/2023\/10\/397515475_1468939287283719_250727192418464273_n-150x212.jpg 150w, https:\/\/nahuelproducciones.com.ar\/radioquijano\/wp-content\/uploads\/2023\/10\/397515475_1468939287283719_250727192418464273_n.jpg 1131w\" sizes=\"auto, (max-width: 488px) 100vw, 488px\" \/><\/figure><\/div>","protected":false},"excerpt":{"rendered":"<p>Todo listo para que disfrutes el Viernes 3 de Noviembre la presentaci\u00f3n de Importantes Artistas. Te esperan en Plaza Barrio 24 de Septiembre a hs. 20:00. \u00abBaldo el Ojoroso Diaz\u00bb Cantor de los boliches! Cantorcito del Alisal Tu recuerdo, siempre vive!! En los que nunca te olvidaran. De los cerros, era tu escencia De los [&hellip;]<\/p>\n","protected":false},"author":8,"featured_media":6097,"comment_status":"open","ping_status":"open","sticky":false,"template":"","format":"standard","meta":{"_monsterinsights_skip_tracking":false,"_monsterinsights_sitenote_active":false,"_monsterinsights_sitenote_note":"","_monsterinsights_sitenote_category":0,"footnotes":""},"categories":[16],"tags":[228,100],"class_list":["post-6218","post","type-post","status-publish","format-standard","has-post-thumbnail","hentry","category-noticias","tag-festival-solidariobaldo-el-ojoroso-diaz","tag-municipio-de-campo-quijano"],"yoast_head":"<!-- This site is optimized with the Yoast SEO plugin v20.8 - https:\/\/yoast.com\/wordpress\/plugins\/seo\/ -->\n<title>11\u00b0 Gran Festival Solidario &quot;Baldo el Ojoroso Diaz&quot; - RQ 99.9<\/title>\n<meta name=\"description\" content=\"Se solicita llevar un alimento no perecedero que se destinar\u00e1n a la Escuelita de C\u00e1mara.\" \/>\n<meta name=\"robots\" content=\"index, follow, max-snippet:-1, max-image-preview:large, max-video-preview:-1\" \/>\n<link rel=\"canonical\" href=\"https:\/\/nahuelproducciones.com.ar\/radioquijano\/11-gran-festival-solidario-baldo-el-ojoroso-diaz\/\" \/>\n<meta property=\"og:locale\" content=\"es_ES\" \/>\n<meta property=\"og:type\" content=\"article\" \/>\n<meta property=\"og:title\" content=\"11\u00b0 Gran Festival Solidario &quot;Baldo el Ojoroso Diaz&quot; - RQ 99.9\" \/>\n<meta property=\"og:description\" content=\"Se solicita llevar un alimento no perecedero que se destinar\u00e1n a la Escuelita de C\u00e1mara.\" \/>\n<meta property=\"og:url\" content=\"https:\/\/nahuelproducciones.com.ar\/radioquijano\/11-gran-festival-solidario-baldo-el-ojoroso-diaz\/\" \/>\n<meta property=\"og:site_name\" content=\"RQ 99.9\" \/>\n<meta property=\"article:publisher\" content=\"https:\/\/www.facebook.com\/nahuelproducciones999\/\" \/>\n<meta property=\"article:published_time\" content=\"2023-10-31T10:37:52+00:00\" \/>\n<meta property=\"article:modified_time\" content=\"2023-11-03T13:50:00+00:00\" \/>\n<meta property=\"og:image\" content=\"https:\/\/nahuelproducciones.com.ar\/radioquijano\/wp-content\/uploads\/2023\/10\/Imagen-de-WhatsApp-2023-10-12-a-las-23.01.26_24f72cc2.jpg\" \/>\n\t<meta property=\"og:image:width\" content=\"519\" \/>\n\t<meta property=\"og:image:height\" content=\"540\" \/>\n\t<meta property=\"og:image:type\" content=\"image\/jpeg\" \/>\n<meta name=\"author\" content=\"Cecilia Pastrana\" \/>\n<meta name=\"twitter:card\" content=\"summary_large_image\" \/>\n<meta name=\"twitter:creator\" content=\"@nahuproduciones\" \/>\n<meta name=\"twitter:site\" content=\"@nahuproduciones\" \/>\n<meta name=\"twitter:label1\" content=\"Escrito por\" \/>\n\t<meta name=\"twitter:data1\" content=\"Cecilia Pastrana\" \/>\n\t<meta name=\"twitter:label2\" content=\"Tiempo de lectura\" \/>\n\t<meta name=\"twitter:data2\" content=\"1 minuto\" \/>\n<script type=\"application\/ld+json\" class=\"yoast-schema-graph\">{\"@context\":\"https:\/\/schema.org\",\"@graph\":[{\"@type\":\"WebPage\",\"@id\":\"https:\/\/nahuelproducciones.com.ar\/radioquijano\/11-gran-festival-solidario-baldo-el-ojoroso-diaz\/\",\"url\":\"https:\/\/nahuelproducciones.com.ar\/radioquijano\/11-gran-festival-solidario-baldo-el-ojoroso-diaz\/\",\"name\":\"11\u00b0 Gran Festival Solidario \\\"Baldo el Ojoroso Diaz\\\" - RQ 99.9\",\"isPartOf\":{\"@id\":\"https:\/\/nahuelproducciones.com.ar\/radioquijano\/#website\"},\"datePublished\":\"2023-10-31T10:37:52+00:00\",\"dateModified\":\"2023-11-03T13:50:00+00:00\",\"author\":{\"@id\":\"https:\/\/nahuelproducciones.com.ar\/radioquijano\/#\/schema\/person\/e8a4f939e2cb487fe6d0c54042c9d32c\"},\"description\":\"Se solicita llevar un alimento no perecedero que se destinar\u00e1n a la Escuelita de C\u00e1mara.\",\"breadcrumb\":{\"@id\":\"https:\/\/nahuelproducciones.com.ar\/radioquijano\/11-gran-festival-solidario-baldo-el-ojoroso-diaz\/#breadcrumb\"},\"inLanguage\":\"es\",\"potentialAction\":[{\"@type\":\"ReadAction\",\"target\":[\"https:\/\/nahuelproducciones.com.ar\/radioquijano\/11-gran-festival-solidario-baldo-el-ojoroso-diaz\/\"]}]},{\"@type\":\"BreadcrumbList\",\"@id\":\"https:\/\/nahuelproducciones.com.ar\/radioquijano\/11-gran-festival-solidario-baldo-el-ojoroso-diaz\/#breadcrumb\",\"itemListElement\":[{\"@type\":\"ListItem\",\"position\":1,\"name\":\"Portada\",\"item\":\"https:\/\/nahuelproducciones.com.ar\/radioquijano\/\"},{\"@type\":\"ListItem\",\"position\":2,\"name\":\"11\u00b0 Gran Festival Solidario &#8220;Baldo el Ojoroso Diaz&#8221;\"}]},{\"@type\":\"WebSite\",\"@id\":\"https:\/\/nahuelproducciones.com.ar\/radioquijano\/#website\",\"url\":\"https:\/\/nahuelproducciones.com.ar\/radioquijano\/\",\"name\":\"RQ 99.9\",\"description\":\"Radio Quijano 99.9 MHz\",\"potentialAction\":[{\"@type\":\"SearchAction\",\"target\":{\"@type\":\"EntryPoint\",\"urlTemplate\":\"https:\/\/nahuelproducciones.com.ar\/radioquijano\/?s={search_term_string}\"},\"query-input\":\"required name=search_term_string\"}],\"inLanguage\":\"es\"},{\"@type\":\"Person\",\"@id\":\"https:\/\/nahuelproducciones.com.ar\/radioquijano\/#\/schema\/person\/e8a4f939e2cb487fe6d0c54042c9d32c\",\"name\":\"Cecilia Pastrana\",\"image\":{\"@type\":\"ImageObject\",\"inLanguage\":\"es\",\"@id\":\"https:\/\/nahuelproducciones.com.ar\/radioquijano\/#\/schema\/person\/image\/\",\"url\":\"https:\/\/secure.gravatar.com\/avatar\/661a3ef63a8488d4f2794ed44af8cf71420f7e106f3072c40125114df5157749?s=96&d=mm&r=g\",\"contentUrl\":\"https:\/\/secure.gravatar.com\/avatar\/661a3ef63a8488d4f2794ed44af8cf71420f7e106f3072c40125114df5157749?s=96&d=mm&r=g\",\"caption\":\"Cecilia Pastrana\"},\"sameAs\":[\"cecy\"],\"url\":\"https:\/\/nahuelproducciones.com.ar\/radioquijano\/author\/cecy\/\"}]}<\/script>\n<!-- \/ Yoast SEO plugin. -->","yoast_head_json":{"title":"11\u00b0 Gran Festival Solidario \"Baldo el Ojoroso Diaz\" - RQ 99.9","description":"Se solicita llevar un alimento no perecedero que se destinar\u00e1n a la Escuelita de C\u00e1mara.","robots":{"index":"index","follow":"follow","max-snippet":"max-snippet:-1","max-image-preview":"max-image-preview:large","max-video-preview":"max-video-preview:-1"},"canonical":"https:\/\/nahuelproducciones.com.ar\/radioquijano\/11-gran-festival-solidario-baldo-el-ojoroso-diaz\/","og_locale":"es_ES","og_type":"article","og_title":"11\u00b0 Gran Festival Solidario \"Baldo el Ojoroso Diaz\" - RQ 99.9","og_description":"Se solicita llevar un alimento no perecedero que se destinar\u00e1n a la Escuelita de C\u00e1mara.","og_url":"https:\/\/nahuelproducciones.com.ar\/radioquijano\/11-gran-festival-solidario-baldo-el-ojoroso-diaz\/","og_site_name":"RQ 99.9","article_publisher":"https:\/\/www.facebook.com\/nahuelproducciones999\/","article_published_time":"2023-10-31T10:37:52+00:00","article_modified_time":"2023-11-03T13:50:00+00:00","og_image":[{"width":519,"height":540,"url":"https:\/\/nahuelproducciones.com.ar\/radioquijano\/wp-content\/uploads\/2023\/10\/Imagen-de-WhatsApp-2023-10-12-a-las-23.01.26_24f72cc2.jpg","type":"image\/jpeg"}],"author":"Cecilia Pastrana","twitter_card":"summary_large_image","twitter_creator":"@nahuproduciones","twitter_site":"@nahuproduciones","twitter_misc":{"Escrito por":"Cecilia Pastrana","Tiempo de lectura":"1 minuto"},"schema":{"@context":"https:\/\/schema.org","@graph":[{"@type":"WebPage","@id":"https:\/\/nahuelproducciones.com.ar\/radioquijano\/11-gran-festival-solidario-baldo-el-ojoroso-diaz\/","url":"https:\/\/nahuelproducciones.com.ar\/radioquijano\/11-gran-festival-solidario-baldo-el-ojoroso-diaz\/","name":"11\u00b0 Gran Festival Solidario \"Baldo el Ojoroso Diaz\" - RQ 99.9","isPartOf":{"@id":"https:\/\/nahuelproducciones.com.ar\/radioquijano\/#website"},"datePublished":"2023-10-31T10:37:52+00:00","dateModified":"2023-11-03T13:50:00+00:00","author":{"@id":"https:\/\/nahuelproducciones.com.ar\/radioquijano\/#\/schema\/person\/e8a4f939e2cb487fe6d0c54042c9d32c"},"description":"Se solicita llevar un alimento no perecedero que se destinar\u00e1n a la Escuelita de C\u00e1mara.","breadcrumb":{"@id":"https:\/\/nahuelproducciones.com.ar\/radioquijano\/11-gran-festival-solidario-baldo-el-ojoroso-diaz\/#breadcrumb"},"inLanguage":"es","potentialAction":[{"@type":"ReadAction","target":["https:\/\/nahuelproducciones.com.ar\/radioquijano\/11-gran-festival-solidario-baldo-el-ojoroso-diaz\/"]}]},{"@type":"BreadcrumbList","@id":"https:\/\/nahuelproducciones.com.ar\/radioquijano\/11-gran-festival-solidario-baldo-el-ojoroso-diaz\/#breadcrumb","itemListElement":[{"@type":"ListItem","position":1,"name":"Portada","item":"https:\/\/nahuelproducciones.com.ar\/radioquijano\/"},{"@type":"ListItem","position":2,"name":"11\u00b0 Gran Festival Solidario &#8220;Baldo el Ojoroso Diaz&#8221;"}]},{"@type":"WebSite","@id":"https:\/\/nahuelproducciones.com.ar\/radioquijano\/#website","url":"https:\/\/nahuelproducciones.com.ar\/radioquijano\/","name":"RQ 99.9","description":"Radio Quijano 99.9 MHz","potentialAction":[{"@type":"SearchAction","target":{"@type":"EntryPoint","urlTemplate":"https:\/\/nahuelproducciones.com.ar\/radioquijano\/?s={search_term_string}"},"query-input":"required name=search_term_string"}],"inLanguage":"es"},{"@type":"Person","@id":"https:\/\/nahuelproducciones.com.ar\/radioquijano\/#\/schema\/person\/e8a4f939e2cb487fe6d0c54042c9d32c","name":"Cecilia Pastrana","image":{"@type":"ImageObject","inLanguage":"es","@id":"https:\/\/nahuelproducciones.com.ar\/radioquijano\/#\/schema\/person\/image\/","url":"https:\/\/secure.gravatar.com\/avatar\/661a3ef63a8488d4f2794ed44af8cf71420f7e106f3072c40125114df5157749?s=96&d=mm&r=g","contentUrl":"https:\/\/secure.gravatar.com\/avatar\/661a3ef63a8488d4f2794ed44af8cf71420f7e106f3072c40125114df5157749?s=96&d=mm&r=g","caption":"Cecilia Pastrana"},"sameAs":["cecy"],"url":"https:\/\/nahuelproducciones.com.ar\/radioquijano\/author\/cecy\/"}]}},"_links":{"self":[{"href":"https:\/\/nahuelproducciones.com.ar\/radioquijano\/wp-json\/wp\/v2\/posts\/6218","targetHints":{"allow":["GET"]}}],"collection":[{"href":"https:\/\/nahuelproducciones.com.ar\/radioquijano\/wp-json\/wp\/v2\/posts"}],"about":[{"href":"https:\/\/nahuelproducciones.com.ar\/radioquijano\/wp-json\/wp\/v2\/types\/post"}],"author":[{"embeddable":true,"href":"https:\/\/nahuelproducciones.com.ar\/radioquijano\/wp-json\/wp\/v2\/users\/8"}],"replies":[{"embeddable":true,"href":"https:\/\/nahuelproducciones.com.ar\/radioquijano\/wp-json\/wp\/v2\/comments?post=6218"}],"version-history":[{"count":3,"href":"https:\/\/nahuelproducciones.com.ar\/radioquijano\/wp-json\/wp\/v2\/posts\/6218\/revisions"}],"predecessor-version":[{"id":6233,"href":"https:\/\/nahuelproducciones.com.ar\/radioquijano\/wp-json\/wp\/v2\/posts\/6218\/revisions\/6233"}],"wp:featuredmedia":[{"embeddable":true,"href":"https:\/\/nahuelproducciones.com.ar\/radioquijano\/wp-json\/wp\/v2\/media\/6097"}],"wp:attachment":[{"href":"https:\/\/nahuelproducciones.com.ar\/radioquijano\/wp-json\/wp\/v2\/media?parent=6218"}],"wp:term":[{"taxonomy":"category","embeddable":true,"href":"https:\/\/nahuelproducciones.com.ar\/radioquijano\/wp-json\/wp\/v2\/categories?post=6218"},{"taxonomy":"post_tag","embeddable":true,"href":"https:\/\/nahuelproducciones.com.ar\/radioquijano\/wp-json\/wp\/v2\/tags?post=6218"}],"curies":[{"name":"wp","href":"https:\/\/api.w.org\/{rel}","templated":true}]}}