{"id":6234,"date":"2023-11-03T11:16:49","date_gmt":"2023-11-03T14:16:49","guid":{"rendered":"https:\/\/nahuelproducciones.com.ar\/radioquijano\/?p=6234"},"modified":"2023-11-03T11:16:49","modified_gmt":"2023-11-03T14:16:49","slug":"hoy-11-gran-festival-solidario-baldo-el-ojoroso-diazen-casa-de-la-cultura","status":"publish","type":"post","link":"https:\/\/nahuelproducciones.com.ar\/radioquijano\/hoy-11-gran-festival-solidario-baldo-el-ojoroso-diazen-casa-de-la-cultura\/","title":{"rendered":"Hoy, 11\u00b0 Gran Festival Solidario \u00abBaldo el Ojoroso Diaz\u00bben Casa de la Cultura"},"content":{"rendered":"\n<p>Todo listo para que disfrutes el Viernes 3 de Noviembre la presentaci\u00f3n de Importantes Artistas.<\/p>\n\n\n\n<p>Te esperan en Casa de la Cultura de Campo Quijano a hs. 20:00.<\/p>\n\n\n\n<p>La invitaci\u00f3n es abierta para todo p\u00fablico. Se solicita llevar un alimento no perecedero que se destinar\u00e1n a la Escuelita Rep\u00fablica de Venezuela  de C\u00e1mara.<\/p>\n\n\n\n<p>El festival, se traslada a Casa de la Cultura, se espera mucho fri\u00f3 para est\u00e1 noche, estaba previsto para hacerlo en la Plaza del Barrio 24 de Septiembre .<\/p>\n\n\n\n<blockquote class=\"wp-block-quote is-layout-flow wp-block-quote-is-layout-flow\">\n<p>Porque lo hacemos&#8230;&#8230;??<\/p>\n\n\n\n<p>Porque quer\u00edamos recordarte siempre!!<\/p>\n\n\n\n<p>Con esa humildad que te caracteriz\u00f3<\/p>\n\n\n\n<p>Por la simpleza de tus acordes&#8230;<\/p>\n\n\n\n<p>Y la ternura de tu voz<\/p>\n\n\n\n<p>Son <a><\/a>11 a\u00f1os, mucha gente acompa\u00f1a<\/p>\n\n\n\n<p>Mucha gente, nos acompa\u00f1ano..<\/p>\n\n\n\n<p>Por cari\u00f1o, por respeto, por tener un gran coraz\u00f3n solidario&#8230;&#8230;<\/p>\n\n\n\n<p>No alcanzan las palabras para agradecer!!<\/p>\n\n\n\n<p>El cari\u00f1o recibido, la sonrisa de los ni\u00f1os,<\/p>\n\n\n\n<p>Las palabras de un maestro,..<\/p>\n\n\n\n<p>Nos hacen ,fuertes y con ganas de crecer!!<\/p>\n\n\n\n<p>Despacio&#8230;. como tu andar, Baldomero Diaz!!!<\/p>\n\n\n\n<p>Que lindo es recordarte, toda la vida!!!<\/p>\n\n\n\n<p>Dejaste una huella, en cada cantor, que te conoci\u00f3, que comparti\u00f3 un vaso del vino de la amistad, esa amistad que nos brindaste desde lo m\u00e1s profundo de tu alma&#8230;.<\/p>\n\n\n\n<p>Todav\u00eda escucho tu voz, all\u00e1 por el picadero ,por el palenque, en acordate de la vieja, y en cualquier rinc\u00f3n del pago, donde te habrieron la puerta ,para ofrecerte un plato de comida&#8230;.<\/p>\n\n\n\n<p>Yo se que ahora tu alma aventurera, tu alma bohemia, recorre al galope por tu alisal querido. Pago de mis abuelos, como solias decir&#8230;.<\/p>\n\n\n\n<p>Gracias a todos los que de una u otra forma colaboran y hacen posible este festival<\/p>\n\n\n\n<p>Eternamente agradecido!!!!<\/p>\n\n\n\n<p>BALDO EL OJOROSO DIAZ<\/p>\n\n\n\n<p>NUNCA TE OLVIDAREMOS!!!!!<\/p>\n\n\n\n<figure class=\"wp-block-audio\"><audio controls src=\"https:\/\/nahuelproducciones.com.ar\/radioquijano\/wp-content\/uploads\/2023\/11\/03-11-2023-cui-bautista-11-festival-BALDO-OJOROSO-DIAZ-TRASLADADO-A-CASA-DE-LA-CULTURA.mp3\"><\/audio><\/figure>\n<\/blockquote>\n","protected":false},"excerpt":{"rendered":"<p>Todo listo para que disfrutes el Viernes 3 de Noviembre la presentaci\u00f3n de Importantes Artistas. Te esperan en Casa de la Cultura de Campo Quijano a hs. 20:00. La invitaci\u00f3n es abierta para todo p\u00fablico. Se solicita llevar un alimento no perecedero que se destinar\u00e1n a la Escuelita Rep\u00fablica de Venezuela de C\u00e1mara. El festival, [&hellip;]<\/p>\n","protected":false},"author":8,"featured_media":6235,"comment_status":"open","ping_status":"open","sticky":false,"template":"","format":"standard","meta":{"_monsterinsights_skip_tracking":false,"_monsterinsights_sitenote_active":false,"_monsterinsights_sitenote_note":"","_monsterinsights_sitenote_category":0,"footnotes":""},"categories":[16],"tags":[225,100],"class_list":["post-6234","post","type-post","status-publish","format-standard","has-post-thumbnail","hentry","category-noticias","tag-casa-de-la-cultura-de-campo-quijano","tag-municipio-de-campo-quijano"],"yoast_head":"<!-- This site is optimized with the Yoast SEO plugin v20.8 - https:\/\/yoast.com\/wordpress\/plugins\/seo\/ -->\n<title>Hoy, 11\u00b0 Gran Festival Solidario &quot;Baldo el Ojoroso Diaz&quot;en Casa de la Cultura - RQ 99.9<\/title>\n<meta name=\"description\" content=\"El festival, se traslada a Casa de la Cultura, se espera mucho fri\u00f3 para est\u00e1 noche, estaba previsto para hacerlo en la Plaza del Barrio 24 de Septiembre .\" \/>\n<meta name=\"robots\" content=\"index, follow, max-snippet:-1, max-image-preview:large, max-video-preview:-1\" \/>\n<link rel=\"canonical\" href=\"https:\/\/nahuelproducciones.com.ar\/radioquijano\/hoy-11-gran-festival-solidario-baldo-el-ojoroso-diazen-casa-de-la-cultura\/\" \/>\n<meta property=\"og:locale\" content=\"es_ES\" \/>\n<meta property=\"og:type\" content=\"article\" \/>\n<meta property=\"og:title\" content=\"Hoy, 11\u00b0 Gran Festival Solidario &quot;Baldo el Ojoroso Diaz&quot;en Casa de la Cultura - RQ 99.9\" \/>\n<meta property=\"og:description\" content=\"El festival, se traslada a Casa de la Cultura, se espera mucho fri\u00f3 para est\u00e1 noche, estaba previsto para hacerlo en la Plaza del Barrio 24 de Septiembre .\" \/>\n<meta property=\"og:url\" content=\"https:\/\/nahuelproducciones.com.ar\/radioquijano\/hoy-11-gran-festival-solidario-baldo-el-ojoroso-diazen-casa-de-la-cultura\/\" \/>\n<meta property=\"og:site_name\" content=\"RQ 99.9\" \/>\n<meta property=\"article:publisher\" content=\"https:\/\/www.facebook.com\/nahuelproducciones999\/\" \/>\n<meta property=\"article:published_time\" content=\"2023-11-03T14:16:49+00:00\" \/>\n<meta property=\"og:image\" content=\"https:\/\/nahuelproducciones.com.ar\/radioquijano\/wp-content\/uploads\/2023\/11\/199a036d-2e50-485d-b036-02e90ad2dddb-e1699020935871.jpeg\" \/>\n\t<meta property=\"og:image:width\" content=\"700\" \/>\n\t<meta property=\"og:image:height\" content=\"990\" \/>\n\t<meta property=\"og:image:type\" content=\"image\/jpeg\" \/>\n<meta name=\"author\" content=\"Cecilia Pastrana\" \/>\n<meta name=\"twitter:card\" content=\"summary_large_image\" \/>\n<meta name=\"twitter:creator\" content=\"@nahuproduciones\" \/>\n<meta name=\"twitter:site\" content=\"@nahuproduciones\" \/>\n<meta name=\"twitter:label1\" content=\"Escrito por\" \/>\n\t<meta name=\"twitter:data1\" content=\"Cecilia Pastrana\" \/>\n\t<meta name=\"twitter:label2\" content=\"Tiempo de lectura\" \/>\n\t<meta name=\"twitter:data2\" content=\"2 minutos\" \/>\n<script type=\"application\/ld+json\" class=\"yoast-schema-graph\">{\"@context\":\"https:\/\/schema.org\",\"@graph\":[{\"@type\":\"WebPage\",\"@id\":\"https:\/\/nahuelproducciones.com.ar\/radioquijano\/hoy-11-gran-festival-solidario-baldo-el-ojoroso-diazen-casa-de-la-cultura\/\",\"url\":\"https:\/\/nahuelproducciones.com.ar\/radioquijano\/hoy-11-gran-festival-solidario-baldo-el-ojoroso-diazen-casa-de-la-cultura\/\",\"name\":\"Hoy, 11\u00b0 Gran Festival Solidario \\\"Baldo el Ojoroso Diaz\\\"en Casa de la Cultura - RQ 99.9\",\"isPartOf\":{\"@id\":\"https:\/\/nahuelproducciones.com.ar\/radioquijano\/#website\"},\"datePublished\":\"2023-11-03T14:16:49+00:00\",\"dateModified\":\"2023-11-03T14:16:49+00:00\",\"author\":{\"@id\":\"https:\/\/nahuelproducciones.com.ar\/radioquijano\/#\/schema\/person\/e8a4f939e2cb487fe6d0c54042c9d32c\"},\"description\":\"El festival, se traslada a Casa de la Cultura, se espera mucho fri\u00f3 para est\u00e1 noche, estaba previsto para hacerlo en la Plaza del Barrio 24 de Septiembre .\",\"breadcrumb\":{\"@id\":\"https:\/\/nahuelproducciones.com.ar\/radioquijano\/hoy-11-gran-festival-solidario-baldo-el-ojoroso-diazen-casa-de-la-cultura\/#breadcrumb\"},\"inLanguage\":\"es\",\"potentialAction\":[{\"@type\":\"ReadAction\",\"target\":[\"https:\/\/nahuelproducciones.com.ar\/radioquijano\/hoy-11-gran-festival-solidario-baldo-el-ojoroso-diazen-casa-de-la-cultura\/\"]}]},{\"@type\":\"BreadcrumbList\",\"@id\":\"https:\/\/nahuelproducciones.com.ar\/radioquijano\/hoy-11-gran-festival-solidario-baldo-el-ojoroso-diazen-casa-de-la-cultura\/#breadcrumb\",\"itemListElement\":[{\"@type\":\"ListItem\",\"position\":1,\"name\":\"Portada\",\"item\":\"https:\/\/nahuelproducciones.com.ar\/radioquijano\/\"},{\"@type\":\"ListItem\",\"position\":2,\"name\":\"Hoy, 11\u00b0 Gran Festival Solidario &#8220;Baldo el Ojoroso Diaz&#8221;en Casa de la Cultura\"}]},{\"@type\":\"WebSite\",\"@id\":\"https:\/\/nahuelproducciones.com.ar\/radioquijano\/#website\",\"url\":\"https:\/\/nahuelproducciones.com.ar\/radioquijano\/\",\"name\":\"RQ 99.9\",\"description\":\"Radio Quijano 99.9 MHz\",\"potentialAction\":[{\"@type\":\"SearchAction\",\"target\":{\"@type\":\"EntryPoint\",\"urlTemplate\":\"https:\/\/nahuelproducciones.com.ar\/radioquijano\/?s={search_term_string}\"},\"query-input\":\"required name=search_term_string\"}],\"inLanguage\":\"es\"},{\"@type\":\"Person\",\"@id\":\"https:\/\/nahuelproducciones.com.ar\/radioquijano\/#\/schema\/person\/e8a4f939e2cb487fe6d0c54042c9d32c\",\"name\":\"Cecilia Pastrana\",\"image\":{\"@type\":\"ImageObject\",\"inLanguage\":\"es\",\"@id\":\"https:\/\/nahuelproducciones.com.ar\/radioquijano\/#\/schema\/person\/image\/\",\"url\":\"https:\/\/secure.gravatar.com\/avatar\/661a3ef63a8488d4f2794ed44af8cf71420f7e106f3072c40125114df5157749?s=96&d=mm&r=g\",\"contentUrl\":\"https:\/\/secure.gravatar.com\/avatar\/661a3ef63a8488d4f2794ed44af8cf71420f7e106f3072c40125114df5157749?s=96&d=mm&r=g\",\"caption\":\"Cecilia Pastrana\"},\"sameAs\":[\"cecy\"],\"url\":\"https:\/\/nahuelproducciones.com.ar\/radioquijano\/author\/cecy\/\"}]}<\/script>\n<!-- \/ Yoast SEO plugin. -->","yoast_head_json":{"title":"Hoy, 11\u00b0 Gran Festival Solidario \"Baldo el Ojoroso Diaz\"en Casa de la Cultura - RQ 99.9","description":"El festival, se traslada a Casa de la Cultura, se espera mucho fri\u00f3 para est\u00e1 noche, estaba previsto para hacerlo en la Plaza del Barrio 24 de Septiembre .","robots":{"index":"index","follow":"follow","max-snippet":"max-snippet:-1","max-image-preview":"max-image-preview:large","max-video-preview":"max-video-preview:-1"},"canonical":"https:\/\/nahuelproducciones.com.ar\/radioquijano\/hoy-11-gran-festival-solidario-baldo-el-ojoroso-diazen-casa-de-la-cultura\/","og_locale":"es_ES","og_type":"article","og_title":"Hoy, 11\u00b0 Gran Festival Solidario \"Baldo el Ojoroso Diaz\"en Casa de la Cultura - RQ 99.9","og_description":"El festival, se traslada a Casa de la Cultura, se espera mucho fri\u00f3 para est\u00e1 noche, estaba previsto para hacerlo en la Plaza del Barrio 24 de Septiembre .","og_url":"https:\/\/nahuelproducciones.com.ar\/radioquijano\/hoy-11-gran-festival-solidario-baldo-el-ojoroso-diazen-casa-de-la-cultura\/","og_site_name":"RQ 99.9","article_publisher":"https:\/\/www.facebook.com\/nahuelproducciones999\/","article_published_time":"2023-11-03T14:16:49+00:00","og_image":[{"width":700,"height":990,"url":"https:\/\/nahuelproducciones.com.ar\/radioquijano\/wp-content\/uploads\/2023\/11\/199a036d-2e50-485d-b036-02e90ad2dddb-e1699020935871.jpeg","type":"image\/jpeg"}],"author":"Cecilia Pastrana","twitter_card":"summary_large_image","twitter_creator":"@nahuproduciones","twitter_site":"@nahuproduciones","twitter_misc":{"Escrito por":"Cecilia Pastrana","Tiempo de lectura":"2 minutos"},"schema":{"@context":"https:\/\/schema.org","@graph":[{"@type":"WebPage","@id":"https:\/\/nahuelproducciones.com.ar\/radioquijano\/hoy-11-gran-festival-solidario-baldo-el-ojoroso-diazen-casa-de-la-cultura\/","url":"https:\/\/nahuelproducciones.com.ar\/radioquijano\/hoy-11-gran-festival-solidario-baldo-el-ojoroso-diazen-casa-de-la-cultura\/","name":"Hoy, 11\u00b0 Gran Festival Solidario \"Baldo el Ojoroso Diaz\"en Casa de la Cultura - RQ 99.9","isPartOf":{"@id":"https:\/\/nahuelproducciones.com.ar\/radioquijano\/#website"},"datePublished":"2023-11-03T14:16:49+00:00","dateModified":"2023-11-03T14:16:49+00:00","author":{"@id":"https:\/\/nahuelproducciones.com.ar\/radioquijano\/#\/schema\/person\/e8a4f939e2cb487fe6d0c54042c9d32c"},"description":"El festival, se traslada a Casa de la Cultura, se espera mucho fri\u00f3 para est\u00e1 noche, estaba previsto para hacerlo en la Plaza del Barrio 24 de Septiembre .","breadcrumb":{"@id":"https:\/\/nahuelproducciones.com.ar\/radioquijano\/hoy-11-gran-festival-solidario-baldo-el-ojoroso-diazen-casa-de-la-cultura\/#breadcrumb"},"inLanguage":"es","potentialAction":[{"@type":"ReadAction","target":["https:\/\/nahuelproducciones.com.ar\/radioquijano\/hoy-11-gran-festival-solidario-baldo-el-ojoroso-diazen-casa-de-la-cultura\/"]}]},{"@type":"BreadcrumbList","@id":"https:\/\/nahuelproducciones.com.ar\/radioquijano\/hoy-11-gran-festival-solidario-baldo-el-ojoroso-diazen-casa-de-la-cultura\/#breadcrumb","itemListElement":[{"@type":"ListItem","position":1,"name":"Portada","item":"https:\/\/nahuelproducciones.com.ar\/radioquijano\/"},{"@type":"ListItem","position":2,"name":"Hoy, 11\u00b0 Gran Festival Solidario &#8220;Baldo el Ojoroso Diaz&#8221;en Casa de la Cultura"}]},{"@type":"WebSite","@id":"https:\/\/nahuelproducciones.com.ar\/radioquijano\/#website","url":"https:\/\/nahuelproducciones.com.ar\/radioquijano\/","name":"RQ 99.9","description":"Radio Quijano 99.9 MHz","potentialAction":[{"@type":"SearchAction","target":{"@type":"EntryPoint","urlTemplate":"https:\/\/nahuelproducciones.com.ar\/radioquijano\/?s={search_term_string}"},"query-input":"required name=search_term_string"}],"inLanguage":"es"},{"@type":"Person","@id":"https:\/\/nahuelproducciones.com.ar\/radioquijano\/#\/schema\/person\/e8a4f939e2cb487fe6d0c54042c9d32c","name":"Cecilia Pastrana","image":{"@type":"ImageObject","inLanguage":"es","@id":"https:\/\/nahuelproducciones.com.ar\/radioquijano\/#\/schema\/person\/image\/","url":"https:\/\/secure.gravatar.com\/avatar\/661a3ef63a8488d4f2794ed44af8cf71420f7e106f3072c40125114df5157749?s=96&d=mm&r=g","contentUrl":"https:\/\/secure.gravatar.com\/avatar\/661a3ef63a8488d4f2794ed44af8cf71420f7e106f3072c40125114df5157749?s=96&d=mm&r=g","caption":"Cecilia Pastrana"},"sameAs":["cecy"],"url":"https:\/\/nahuelproducciones.com.ar\/radioquijano\/author\/cecy\/"}]}},"_links":{"self":[{"href":"https:\/\/nahuelproducciones.com.ar\/radioquijano\/wp-json\/wp\/v2\/posts\/6234","targetHints":{"allow":["GET"]}}],"collection":[{"href":"https:\/\/nahuelproducciones.com.ar\/radioquijano\/wp-json\/wp\/v2\/posts"}],"about":[{"href":"https:\/\/nahuelproducciones.com.ar\/radioquijano\/wp-json\/wp\/v2\/types\/post"}],"author":[{"embeddable":true,"href":"https:\/\/nahuelproducciones.com.ar\/radioquijano\/wp-json\/wp\/v2\/users\/8"}],"replies":[{"embeddable":true,"href":"https:\/\/nahuelproducciones.com.ar\/radioquijano\/wp-json\/wp\/v2\/comments?post=6234"}],"version-history":[{"count":1,"href":"https:\/\/nahuelproducciones.com.ar\/radioquijano\/wp-json\/wp\/v2\/posts\/6234\/revisions"}],"predecessor-version":[{"id":6237,"href":"https:\/\/nahuelproducciones.com.ar\/radioquijano\/wp-json\/wp\/v2\/posts\/6234\/revisions\/6237"}],"wp:featuredmedia":[{"embeddable":true,"href":"https:\/\/nahuelproducciones.com.ar\/radioquijano\/wp-json\/wp\/v2\/media\/6235"}],"wp:attachment":[{"href":"https:\/\/nahuelproducciones.com.ar\/radioquijano\/wp-json\/wp\/v2\/media?parent=6234"}],"wp:term":[{"taxonomy":"category","embeddable":true,"href":"https:\/\/nahuelproducciones.com.ar\/radioquijano\/wp-json\/wp\/v2\/categories?post=6234"},{"taxonomy":"post_tag","embeddable":true,"href":"https:\/\/nahuelproducciones.com.ar\/radioquijano\/wp-json\/wp\/v2\/tags?post=6234"}],"curies":[{"name":"wp","href":"https:\/\/api.w.org\/{rel}","templated":true}]}}