{"id":6238,"date":"2023-11-04T16:00:41","date_gmt":"2023-11-04T19:00:41","guid":{"rendered":"https:\/\/nahuelproducciones.com.ar\/radioquijano\/?p=6238"},"modified":"2023-11-04T16:00:41","modified_gmt":"2023-11-04T19:00:41","slug":"hoy-centro-vecinal-san-jorge-con-asamblea-general-ordinaria","status":"publish","type":"post","link":"https:\/\/nahuelproducciones.com.ar\/radioquijano\/hoy-centro-vecinal-san-jorge-con-asamblea-general-ordinaria\/","title":{"rendered":"Hoy Centro Vecinal SAN JORGE con Asamblea General Ordinaria."},"content":{"rendered":"\n<p>La Comisi\u00f3n Directiva del Centro Vecinal SAN JORGE, convoca a sus asociados a Asamblea ordinaria a celebrarse hoy 4 de noviembre  a las 17 horas.<\/p>\n\n\n\n<p>RQ99.9Mhz en comunicaci\u00f3n telef\u00f3nica con Gabriel Bautista, actual Presidente del Centro Vecino al nos cont\u00f3 que  habiendose cumplido con todas las fechas del cronograma electoral se ha recepcionado UNA SOLA LISTA denominada UNI\u00d3N VECINAL, que se oficializar\u00e1 en la tarde de hoy.<\/p>\n\n\n\n<p>Record\u00f3 que las personas incluidas en el padr\u00f3n est\u00e1n habilitadas para participar con voz y votos en la Asamblea General Ordinaria.<\/p>\n\n\n\n<blockquote class=\"wp-block-quote is-layout-flow wp-block-quote-is-layout-flow\">\n<p>La Convocatoria manifestaba: El centro Vecinal San Jorge \u2013 Personer\u00eda Jur\u00eddica N\u00b0 048\/96 \u2013 de la Localidad de Campo Quijano, resuelve:<\/p>\n\n\n\n<p>I- Convocar <a><\/a>a los Se\u00f1ores Socios de dicha instituci\u00f3n a Asamblea General Ordinaria para el d\u00eda s\u00e1bado 4 de noviembre a partir de 17 Hs en el Sal\u00f3n de los Hnos. Aguilar al ingreso de B\u00b0 San Jorge de esta localidad para tratar el siguiente ORDEN DEL D\u00cdA:<\/p>\n\n\n\n<p>1. APERTURA Y LECTURA DE ACTAS ANTERIORES.<\/p>\n\n\n\n<p>2. CONSIDERACI\u00d3N DE MEMORIAS, BALANCES, INVENTARIOS E INFORMES DE \u00d3RGANOS DE FISCALIZACI\u00d3N PERIODO 2021 \u2013 2022<\/p>\n\n\n\n<p>3. AUMENTO DEL VALOR MONETARIO DE CUOTA SOCIOS.<\/p>\n\n\n\n<p>4. RENOVACI\u00d3N DE LA COMISI\u00d3N DIRECTIVA Y \u00d3RGANOS DE FISCALIZACI\u00d3N PARA PERIODO 2023 \u2013 2025.<\/p>\n\n\n\n<p>EL COMICIO: s\u00e1bado 4 de noviembre a Hs 18:00 Durante la Asamblea.<\/p>\n<\/blockquote>\n\n\n\n<p>Escucha la entrevista:<\/p>\n\n\n\n<figure class=\"wp-block-audio\"><audio controls src=\"https:\/\/nahuelproducciones.com.ar\/radioquijano\/wp-content\/uploads\/2023\/11\/04-11-2023-Gabriel-Bautista-Presidente-actual-del-CENTRO-VECINAL-BARRIO-SAN-JORGE-TEMA-ASAMBLEA-ORDINARIA-Y-NUEVA-COMISION.mp3\"><\/audio><\/figure>\n\n\n<div class=\"wp-block-image\">\n<figure class=\"aligncenter size-full is-resized\"><img loading=\"lazy\" decoding=\"async\" src=\"https:\/\/nahuelproducciones.com.ar\/radioquijano\/wp-content\/uploads\/2023\/11\/398762406_351057374147444_7452783025867883466_n.jpg\" alt=\"\" class=\"wp-image-6241\" width=\"342\" height=\"332\" srcset=\"https:\/\/nahuelproducciones.com.ar\/radioquijano\/wp-content\/uploads\/2023\/11\/398762406_351057374147444_7452783025867883466_n.jpg 526w, https:\/\/nahuelproducciones.com.ar\/radioquijano\/wp-content\/uploads\/2023\/11\/398762406_351057374147444_7452783025867883466_n-300x291.jpg 300w, https:\/\/nahuelproducciones.com.ar\/radioquijano\/wp-content\/uploads\/2023\/11\/398762406_351057374147444_7452783025867883466_n-150x145.jpg 150w\" sizes=\"auto, (max-width: 342px) 100vw, 342px\" \/><\/figure><\/div>","protected":false},"excerpt":{"rendered":"<p>La Comisi\u00f3n Directiva del Centro Vecinal SAN JORGE, convoca a sus asociados a Asamblea ordinaria a celebrarse hoy 4 de noviembre a las 17 horas. RQ99.9Mhz en comunicaci\u00f3n telef\u00f3nica con Gabriel Bautista, actual Presidente del Centro Vecino al nos cont\u00f3 que habiendose cumplido con todas las fechas del cronograma electoral se ha recepcionado UNA SOLA [&hellip;]<\/p>\n","protected":false},"author":8,"featured_media":6240,"comment_status":"open","ping_status":"open","sticky":false,"template":"","format":"standard","meta":{"_monsterinsights_skip_tracking":false,"_monsterinsights_sitenote_active":false,"_monsterinsights_sitenote_note":"","_monsterinsights_sitenote_category":0,"footnotes":""},"categories":[16],"tags":[1277,319,100,1318],"class_list":["post-6238","post","type-post","status-publish","format-standard","has-post-thumbnail","hentry","category-noticias","tag-asamblea-general-ordinaria","tag-centro-vecinal-barrio-san-jorge-2","tag-municipio-de-campo-quijano","tag-oficializacion-de-lista"],"yoast_head":"<!-- This site is optimized with the Yoast SEO plugin v20.8 - https:\/\/yoast.com\/wordpress\/plugins\/seo\/ -->\n<title>Hoy Centro Vecinal SAN JORGE con Asamblea General Ordinaria. - RQ 99.9<\/title>\n<meta name=\"robots\" content=\"index, follow, max-snippet:-1, max-image-preview:large, max-video-preview:-1\" \/>\n<link rel=\"canonical\" href=\"https:\/\/nahuelproducciones.com.ar\/radioquijano\/hoy-centro-vecinal-san-jorge-con-asamblea-general-ordinaria\/\" \/>\n<meta property=\"og:locale\" content=\"es_ES\" \/>\n<meta property=\"og:type\" content=\"article\" \/>\n<meta property=\"og:title\" content=\"Hoy Centro Vecinal SAN JORGE con Asamblea General Ordinaria. - RQ 99.9\" \/>\n<meta property=\"og:description\" content=\"La Comisi\u00f3n Directiva del Centro Vecinal SAN JORGE, convoca a sus asociados a Asamblea ordinaria a celebrarse hoy 4 de noviembre a las 17 horas. RQ99.9Mhz en comunicaci\u00f3n telef\u00f3nica con Gabriel Bautista, actual Presidente del Centro Vecino al nos cont\u00f3 que habiendose cumplido con todas las fechas del cronograma electoral se ha recepcionado UNA SOLA [&hellip;]\" \/>\n<meta property=\"og:url\" content=\"https:\/\/nahuelproducciones.com.ar\/radioquijano\/hoy-centro-vecinal-san-jorge-con-asamblea-general-ordinaria\/\" \/>\n<meta property=\"og:site_name\" content=\"RQ 99.9\" \/>\n<meta property=\"article:publisher\" content=\"https:\/\/www.facebook.com\/nahuelproducciones999\/\" \/>\n<meta property=\"article:published_time\" content=\"2023-11-04T19:00:41+00:00\" \/>\n<meta property=\"og:image\" content=\"https:\/\/nahuelproducciones.com.ar\/radioquijano\/wp-content\/uploads\/2023\/11\/3e09e630-ca22-4617-b334-5b6879c8ad89-e1699124412772.jpeg\" \/>\n\t<meta property=\"og:image:width\" content=\"700\" \/>\n\t<meta property=\"og:image:height\" content=\"700\" \/>\n\t<meta property=\"og:image:type\" content=\"image\/jpeg\" \/>\n<meta name=\"author\" content=\"Cecilia Pastrana\" \/>\n<meta name=\"twitter:card\" content=\"summary_large_image\" \/>\n<meta name=\"twitter:creator\" content=\"@nahuproduciones\" \/>\n<meta name=\"twitter:site\" content=\"@nahuproduciones\" \/>\n<meta name=\"twitter:label1\" content=\"Escrito por\" \/>\n\t<meta name=\"twitter:data1\" content=\"Cecilia Pastrana\" \/>\n\t<meta name=\"twitter:label2\" content=\"Tiempo de lectura\" \/>\n\t<meta name=\"twitter:data2\" content=\"1 minuto\" \/>\n<script type=\"application\/ld+json\" class=\"yoast-schema-graph\">{\"@context\":\"https:\/\/schema.org\",\"@graph\":[{\"@type\":\"WebPage\",\"@id\":\"https:\/\/nahuelproducciones.com.ar\/radioquijano\/hoy-centro-vecinal-san-jorge-con-asamblea-general-ordinaria\/\",\"url\":\"https:\/\/nahuelproducciones.com.ar\/radioquijano\/hoy-centro-vecinal-san-jorge-con-asamblea-general-ordinaria\/\",\"name\":\"Hoy Centro Vecinal SAN JORGE con Asamblea General Ordinaria. - RQ 99.9\",\"isPartOf\":{\"@id\":\"https:\/\/nahuelproducciones.com.ar\/radioquijano\/#website\"},\"datePublished\":\"2023-11-04T19:00:41+00:00\",\"dateModified\":\"2023-11-04T19:00:41+00:00\",\"author\":{\"@id\":\"https:\/\/nahuelproducciones.com.ar\/radioquijano\/#\/schema\/person\/e8a4f939e2cb487fe6d0c54042c9d32c\"},\"breadcrumb\":{\"@id\":\"https:\/\/nahuelproducciones.com.ar\/radioquijano\/hoy-centro-vecinal-san-jorge-con-asamblea-general-ordinaria\/#breadcrumb\"},\"inLanguage\":\"es\",\"potentialAction\":[{\"@type\":\"ReadAction\",\"target\":[\"https:\/\/nahuelproducciones.com.ar\/radioquijano\/hoy-centro-vecinal-san-jorge-con-asamblea-general-ordinaria\/\"]}]},{\"@type\":\"BreadcrumbList\",\"@id\":\"https:\/\/nahuelproducciones.com.ar\/radioquijano\/hoy-centro-vecinal-san-jorge-con-asamblea-general-ordinaria\/#breadcrumb\",\"itemListElement\":[{\"@type\":\"ListItem\",\"position\":1,\"name\":\"Portada\",\"item\":\"https:\/\/nahuelproducciones.com.ar\/radioquijano\/\"},{\"@type\":\"ListItem\",\"position\":2,\"name\":\"Hoy Centro Vecinal SAN JORGE con Asamblea General Ordinaria.\"}]},{\"@type\":\"WebSite\",\"@id\":\"https:\/\/nahuelproducciones.com.ar\/radioquijano\/#website\",\"url\":\"https:\/\/nahuelproducciones.com.ar\/radioquijano\/\",\"name\":\"RQ 99.9\",\"description\":\"Radio Quijano 99.9 MHz\",\"potentialAction\":[{\"@type\":\"SearchAction\",\"target\":{\"@type\":\"EntryPoint\",\"urlTemplate\":\"https:\/\/nahuelproducciones.com.ar\/radioquijano\/?s={search_term_string}\"},\"query-input\":\"required name=search_term_string\"}],\"inLanguage\":\"es\"},{\"@type\":\"Person\",\"@id\":\"https:\/\/nahuelproducciones.com.ar\/radioquijano\/#\/schema\/person\/e8a4f939e2cb487fe6d0c54042c9d32c\",\"name\":\"Cecilia Pastrana\",\"image\":{\"@type\":\"ImageObject\",\"inLanguage\":\"es\",\"@id\":\"https:\/\/nahuelproducciones.com.ar\/radioquijano\/#\/schema\/person\/image\/\",\"url\":\"https:\/\/secure.gravatar.com\/avatar\/661a3ef63a8488d4f2794ed44af8cf71420f7e106f3072c40125114df5157749?s=96&d=mm&r=g\",\"contentUrl\":\"https:\/\/secure.gravatar.com\/avatar\/661a3ef63a8488d4f2794ed44af8cf71420f7e106f3072c40125114df5157749?s=96&d=mm&r=g\",\"caption\":\"Cecilia Pastrana\"},\"sameAs\":[\"cecy\"],\"url\":\"https:\/\/nahuelproducciones.com.ar\/radioquijano\/author\/cecy\/\"}]}<\/script>\n<!-- \/ Yoast SEO plugin. -->","yoast_head_json":{"title":"Hoy Centro Vecinal SAN JORGE con Asamblea General Ordinaria. - RQ 99.9","robots":{"index":"index","follow":"follow","max-snippet":"max-snippet:-1","max-image-preview":"max-image-preview:large","max-video-preview":"max-video-preview:-1"},"canonical":"https:\/\/nahuelproducciones.com.ar\/radioquijano\/hoy-centro-vecinal-san-jorge-con-asamblea-general-ordinaria\/","og_locale":"es_ES","og_type":"article","og_title":"Hoy Centro Vecinal SAN JORGE con Asamblea General Ordinaria. - RQ 99.9","og_description":"La Comisi\u00f3n Directiva del Centro Vecinal SAN JORGE, convoca a sus asociados a Asamblea ordinaria a celebrarse hoy 4 de noviembre a las 17 horas. RQ99.9Mhz en comunicaci\u00f3n telef\u00f3nica con Gabriel Bautista, actual Presidente del Centro Vecino al nos cont\u00f3 que habiendose cumplido con todas las fechas del cronograma electoral se ha recepcionado UNA SOLA [&hellip;]","og_url":"https:\/\/nahuelproducciones.com.ar\/radioquijano\/hoy-centro-vecinal-san-jorge-con-asamblea-general-ordinaria\/","og_site_name":"RQ 99.9","article_publisher":"https:\/\/www.facebook.com\/nahuelproducciones999\/","article_published_time":"2023-11-04T19:00:41+00:00","og_image":[{"width":700,"height":700,"url":"https:\/\/nahuelproducciones.com.ar\/radioquijano\/wp-content\/uploads\/2023\/11\/3e09e630-ca22-4617-b334-5b6879c8ad89-e1699124412772.jpeg","type":"image\/jpeg"}],"author":"Cecilia Pastrana","twitter_card":"summary_large_image","twitter_creator":"@nahuproduciones","twitter_site":"@nahuproduciones","twitter_misc":{"Escrito por":"Cecilia Pastrana","Tiempo de lectura":"1 minuto"},"schema":{"@context":"https:\/\/schema.org","@graph":[{"@type":"WebPage","@id":"https:\/\/nahuelproducciones.com.ar\/radioquijano\/hoy-centro-vecinal-san-jorge-con-asamblea-general-ordinaria\/","url":"https:\/\/nahuelproducciones.com.ar\/radioquijano\/hoy-centro-vecinal-san-jorge-con-asamblea-general-ordinaria\/","name":"Hoy Centro Vecinal SAN JORGE con Asamblea General Ordinaria. - RQ 99.9","isPartOf":{"@id":"https:\/\/nahuelproducciones.com.ar\/radioquijano\/#website"},"datePublished":"2023-11-04T19:00:41+00:00","dateModified":"2023-11-04T19:00:41+00:00","author":{"@id":"https:\/\/nahuelproducciones.com.ar\/radioquijano\/#\/schema\/person\/e8a4f939e2cb487fe6d0c54042c9d32c"},"breadcrumb":{"@id":"https:\/\/nahuelproducciones.com.ar\/radioquijano\/hoy-centro-vecinal-san-jorge-con-asamblea-general-ordinaria\/#breadcrumb"},"inLanguage":"es","potentialAction":[{"@type":"ReadAction","target":["https:\/\/nahuelproducciones.com.ar\/radioquijano\/hoy-centro-vecinal-san-jorge-con-asamblea-general-ordinaria\/"]}]},{"@type":"BreadcrumbList","@id":"https:\/\/nahuelproducciones.com.ar\/radioquijano\/hoy-centro-vecinal-san-jorge-con-asamblea-general-ordinaria\/#breadcrumb","itemListElement":[{"@type":"ListItem","position":1,"name":"Portada","item":"https:\/\/nahuelproducciones.com.ar\/radioquijano\/"},{"@type":"ListItem","position":2,"name":"Hoy Centro Vecinal SAN JORGE con Asamblea General Ordinaria."}]},{"@type":"WebSite","@id":"https:\/\/nahuelproducciones.com.ar\/radioquijano\/#website","url":"https:\/\/nahuelproducciones.com.ar\/radioquijano\/","name":"RQ 99.9","description":"Radio Quijano 99.9 MHz","potentialAction":[{"@type":"SearchAction","target":{"@type":"EntryPoint","urlTemplate":"https:\/\/nahuelproducciones.com.ar\/radioquijano\/?s={search_term_string}"},"query-input":"required name=search_term_string"}],"inLanguage":"es"},{"@type":"Person","@id":"https:\/\/nahuelproducciones.com.ar\/radioquijano\/#\/schema\/person\/e8a4f939e2cb487fe6d0c54042c9d32c","name":"Cecilia Pastrana","image":{"@type":"ImageObject","inLanguage":"es","@id":"https:\/\/nahuelproducciones.com.ar\/radioquijano\/#\/schema\/person\/image\/","url":"https:\/\/secure.gravatar.com\/avatar\/661a3ef63a8488d4f2794ed44af8cf71420f7e106f3072c40125114df5157749?s=96&d=mm&r=g","contentUrl":"https:\/\/secure.gravatar.com\/avatar\/661a3ef63a8488d4f2794ed44af8cf71420f7e106f3072c40125114df5157749?s=96&d=mm&r=g","caption":"Cecilia Pastrana"},"sameAs":["cecy"],"url":"https:\/\/nahuelproducciones.com.ar\/radioquijano\/author\/cecy\/"}]}},"_links":{"self":[{"href":"https:\/\/nahuelproducciones.com.ar\/radioquijano\/wp-json\/wp\/v2\/posts\/6238","targetHints":{"allow":["GET"]}}],"collection":[{"href":"https:\/\/nahuelproducciones.com.ar\/radioquijano\/wp-json\/wp\/v2\/posts"}],"about":[{"href":"https:\/\/nahuelproducciones.com.ar\/radioquijano\/wp-json\/wp\/v2\/types\/post"}],"author":[{"embeddable":true,"href":"https:\/\/nahuelproducciones.com.ar\/radioquijano\/wp-json\/wp\/v2\/users\/8"}],"replies":[{"embeddable":true,"href":"https:\/\/nahuelproducciones.com.ar\/radioquijano\/wp-json\/wp\/v2\/comments?post=6238"}],"version-history":[{"count":1,"href":"https:\/\/nahuelproducciones.com.ar\/radioquijano\/wp-json\/wp\/v2\/posts\/6238\/revisions"}],"predecessor-version":[{"id":6242,"href":"https:\/\/nahuelproducciones.com.ar\/radioquijano\/wp-json\/wp\/v2\/posts\/6238\/revisions\/6242"}],"wp:featuredmedia":[{"embeddable":true,"href":"https:\/\/nahuelproducciones.com.ar\/radioquijano\/wp-json\/wp\/v2\/media\/6240"}],"wp:attachment":[{"href":"https:\/\/nahuelproducciones.com.ar\/radioquijano\/wp-json\/wp\/v2\/media?parent=6238"}],"wp:term":[{"taxonomy":"category","embeddable":true,"href":"https:\/\/nahuelproducciones.com.ar\/radioquijano\/wp-json\/wp\/v2\/categories?post=6238"},{"taxonomy":"post_tag","embeddable":true,"href":"https:\/\/nahuelproducciones.com.ar\/radioquijano\/wp-json\/wp\/v2\/tags?post=6238"}],"curies":[{"name":"wp","href":"https:\/\/api.w.org\/{rel}","templated":true}]}}