{"id":624,"date":"2020-09-08T20:52:47","date_gmt":"2020-09-08T23:52:47","guid":{"rendered":"https:\/\/nahuelproducciones.com.ar\/radioquijano\/?p=624"},"modified":"2020-09-08T20:53:10","modified_gmt":"2020-09-08T23:53:10","slug":"actualidad-covid-en-campo-quijano","status":"publish","type":"post","link":"https:\/\/nahuelproducciones.com.ar\/radioquijano\/actualidad-covid-en-campo-quijano\/","title":{"rendered":"Actualidad COVID en Campo Quijano"},"content":{"rendered":"\n<p>En este martes 8 de septiembre, en comunicaci\u00f3n con <a href=\"https:\/\/www.facebook.com\/Radio-Quijano-999-102294874524832\" target=\"_blank\" rel=\"noreferrer noopener\">Radio Quijano<\/a>, la gerente del Hospital Francisco Herrera de Campo Quijano, Lic. D\u00e9bora L\u00f3pez, inform\u00f3 que el municipio se encuentra con <span style=\"text-decoration: underline;\">un solo caso positivo<\/span> de COVID-19 internado en el nosocomio, hay casos sospechosos y que afortunadamente se logr\u00f3 derivar un caso en estado cr\u00edtico al Hospital San Bernardo de la ciudad de Salta.<\/p>\n\n\n\n<p>En Campo Quijano ya tenemos un total de 50 casos acumulados de COVID-19, coment\u00f3 a <a href=\"https:\/\/nahuelproducciones.com.ar\/radioquijano\/\" target=\"_blank\" rel=\"noreferrer noopener\">Radio Quijano<\/a>.<\/p>\n\n\n\n<p>Tambi\u00e9n recalc\u00f3 que hay que estar atentos a los s\u00edntomas ya conocidos del virus; y que al primer indicio se debe llamar al Hospital para informar de la situaci\u00f3n y autoaislarse inmediatamente. Adem\u00e1s indic\u00f3 que existen los casos asintom\u00e1ticos y que un peque\u00f1o porcentaje de los contagiados llega a complicarse.<\/p>\n\n\n\n<p>Por \u00faltimo, se\u00f1al\u00f3 las v\u00edas de comunicaci\u00f3n con el Hospital Dr. Francisco Herrera y volvi\u00f3 a resaltar que a pesar de los inconvenientes y carencias que posee la instituci\u00f3n, el personal sigue motivado y dispuesto a cualquier horario para prestar servicio.<\/p>\n\n\n\n<p>Tel\u00e9fono Hospital Dr. Francisco Herrera:<\/p>\n\n\n\n<ul class=\"wp-block-list\"><li>490 48 10  (interno 13)<\/li><li>490 45 35<\/li><\/ul>\n\n\n\n<figure class=\"wp-block-audio\"><audio controls src=\"https:\/\/nahuelproducciones.com.ar\/radioquijano\/wp-content\/uploads\/2020\/09\/8-09-Deby-parte-1.mp3\"><\/audio><figcaption>Entrevista con Radio Quijano<\/figcaption><\/figure>\n","protected":false},"excerpt":{"rendered":"<p>La Lic. D\u00e9bora L\u00f3pez inform\u00f3: hay un caso positivo de COVID 19 en Campo Quijano, varios casos sospechosos y se deriv\u00f3 un caso en estado cr\u00edtico.<\/p>\n","protected":false},"author":4,"featured_media":632,"comment_status":"open","ping_status":"open","sticky":false,"template":"","format":"standard","meta":{"_monsterinsights_skip_tracking":false,"_monsterinsights_sitenote_active":false,"_monsterinsights_sitenote_note":"","_monsterinsights_sitenote_category":0,"footnotes":""},"categories":[18,16],"tags":[40,34],"class_list":["post-624","post","type-post","status-publish","format-standard","has-post-thumbnail","hentry","category-covid-19","category-noticias","tag-covid","tag-hospital"],"yoast_head":"<!-- This site is optimized with the Yoast SEO plugin v20.8 - https:\/\/yoast.com\/wordpress\/plugins\/seo\/ -->\n<title>Actualidad COVID en Campo Quijano - RQ 99.9<\/title>\n<meta name=\"description\" content=\"La Lic. D\u00e9bora L\u00f3pez inform\u00f3: hay un caso positivo de COVID 19 en Campo Quijano, varios casos sospechosos y se deriv\u00f3 un caso en estado cr\u00edtico\" \/>\n<meta name=\"robots\" content=\"index, follow, max-snippet:-1, max-image-preview:large, max-video-preview:-1\" \/>\n<link rel=\"canonical\" href=\"https:\/\/nahuelproducciones.com.ar\/radioquijano\/actualidad-covid-en-campo-quijano\/\" \/>\n<meta property=\"og:locale\" content=\"es_ES\" \/>\n<meta property=\"og:type\" content=\"article\" \/>\n<meta property=\"og:title\" content=\"Actualidad COVID en Campo Quijano - RQ 99.9\" \/>\n<meta property=\"og:description\" content=\"La Lic. D\u00e9bora L\u00f3pez inform\u00f3: hay un caso positivo de COVID 19 en Campo Quijano, varios casos sospechosos y se deriv\u00f3 un caso en estado cr\u00edtico\" \/>\n<meta property=\"og:url\" content=\"https:\/\/nahuelproducciones.com.ar\/radioquijano\/actualidad-covid-en-campo-quijano\/\" \/>\n<meta property=\"og:site_name\" content=\"RQ 99.9\" \/>\n<meta property=\"article:publisher\" content=\"https:\/\/www.facebook.com\/nahuelproducciones999\/\" \/>\n<meta property=\"article:published_time\" content=\"2020-09-08T23:52:47+00:00\" \/>\n<meta property=\"article:modified_time\" content=\"2020-09-08T23:53:10+00:00\" \/>\n<meta property=\"og:image\" content=\"https:\/\/nahuelproducciones.com.ar\/radioquijano\/wp-content\/uploads\/2020\/09\/hospital-Campo-Quijano-1-1-e1599607776311.jpg\" \/>\n\t<meta property=\"og:image:width\" content=\"700\" \/>\n\t<meta property=\"og:image:height\" content=\"400\" \/>\n\t<meta property=\"og:image:type\" content=\"image\/jpeg\" \/>\n<meta name=\"author\" content=\"Nahuel Guzman\" \/>\n<meta name=\"twitter:card\" content=\"summary_large_image\" \/>\n<meta name=\"twitter:creator\" content=\"@nahuproduciones\" \/>\n<meta name=\"twitter:site\" content=\"@nahuproduciones\" \/>\n<meta name=\"twitter:label1\" content=\"Escrito por\" \/>\n\t<meta name=\"twitter:data1\" content=\"Nahuel Guzman\" \/>\n\t<meta name=\"twitter:label2\" content=\"Tiempo de lectura\" \/>\n\t<meta name=\"twitter:data2\" content=\"1 minuto\" \/>\n<script type=\"application\/ld+json\" class=\"yoast-schema-graph\">{\"@context\":\"https:\/\/schema.org\",\"@graph\":[{\"@type\":\"WebPage\",\"@id\":\"https:\/\/nahuelproducciones.com.ar\/radioquijano\/actualidad-covid-en-campo-quijano\/\",\"url\":\"https:\/\/nahuelproducciones.com.ar\/radioquijano\/actualidad-covid-en-campo-quijano\/\",\"name\":\"Actualidad COVID en Campo Quijano - RQ 99.9\",\"isPartOf\":{\"@id\":\"https:\/\/nahuelproducciones.com.ar\/radioquijano\/#website\"},\"datePublished\":\"2020-09-08T23:52:47+00:00\",\"dateModified\":\"2020-09-08T23:53:10+00:00\",\"author\":{\"@id\":\"https:\/\/nahuelproducciones.com.ar\/radioquijano\/#\/schema\/person\/81995a1e942697a963e913eb81a445f8\"},\"description\":\"La Lic. D\u00e9bora L\u00f3pez inform\u00f3: hay un caso positivo de COVID 19 en Campo Quijano, varios casos sospechosos y se deriv\u00f3 un caso en estado cr\u00edtico\",\"breadcrumb\":{\"@id\":\"https:\/\/nahuelproducciones.com.ar\/radioquijano\/actualidad-covid-en-campo-quijano\/#breadcrumb\"},\"inLanguage\":\"es\",\"potentialAction\":[{\"@type\":\"ReadAction\",\"target\":[\"https:\/\/nahuelproducciones.com.ar\/radioquijano\/actualidad-covid-en-campo-quijano\/\"]}]},{\"@type\":\"BreadcrumbList\",\"@id\":\"https:\/\/nahuelproducciones.com.ar\/radioquijano\/actualidad-covid-en-campo-quijano\/#breadcrumb\",\"itemListElement\":[{\"@type\":\"ListItem\",\"position\":1,\"name\":\"Portada\",\"item\":\"https:\/\/nahuelproducciones.com.ar\/radioquijano\/\"},{\"@type\":\"ListItem\",\"position\":2,\"name\":\"Actualidad COVID en Campo Quijano\"}]},{\"@type\":\"WebSite\",\"@id\":\"https:\/\/nahuelproducciones.com.ar\/radioquijano\/#website\",\"url\":\"https:\/\/nahuelproducciones.com.ar\/radioquijano\/\",\"name\":\"RQ 99.9\",\"description\":\"Radio Quijano 99.9 MHz\",\"potentialAction\":[{\"@type\":\"SearchAction\",\"target\":{\"@type\":\"EntryPoint\",\"urlTemplate\":\"https:\/\/nahuelproducciones.com.ar\/radioquijano\/?s={search_term_string}\"},\"query-input\":\"required name=search_term_string\"}],\"inLanguage\":\"es\"},{\"@type\":\"Person\",\"@id\":\"https:\/\/nahuelproducciones.com.ar\/radioquijano\/#\/schema\/person\/81995a1e942697a963e913eb81a445f8\",\"name\":\"Nahuel Guzman\",\"image\":{\"@type\":\"ImageObject\",\"inLanguage\":\"es\",\"@id\":\"https:\/\/nahuelproducciones.com.ar\/radioquijano\/#\/schema\/person\/image\/\",\"url\":\"https:\/\/secure.gravatar.com\/avatar\/1533cb3c689107653dbd7407d7e55063ecce9e824b427a503daa34bc4430d13c?s=96&d=mm&r=g\",\"contentUrl\":\"https:\/\/secure.gravatar.com\/avatar\/1533cb3c689107653dbd7407d7e55063ecce9e824b427a503daa34bc4430d13c?s=96&d=mm&r=g\",\"caption\":\"Nahuel Guzman\"},\"url\":\"https:\/\/nahuelproducciones.com.ar\/radioquijano\/author\/nahu\/\"}]}<\/script>\n<!-- \/ Yoast SEO plugin. -->","yoast_head_json":{"title":"Actualidad COVID en Campo Quijano - RQ 99.9","description":"La Lic. D\u00e9bora L\u00f3pez inform\u00f3: hay un caso positivo de COVID 19 en Campo Quijano, varios casos sospechosos y se deriv\u00f3 un caso en estado cr\u00edtico","robots":{"index":"index","follow":"follow","max-snippet":"max-snippet:-1","max-image-preview":"max-image-preview:large","max-video-preview":"max-video-preview:-1"},"canonical":"https:\/\/nahuelproducciones.com.ar\/radioquijano\/actualidad-covid-en-campo-quijano\/","og_locale":"es_ES","og_type":"article","og_title":"Actualidad COVID en Campo Quijano - RQ 99.9","og_description":"La Lic. D\u00e9bora L\u00f3pez inform\u00f3: hay un caso positivo de COVID 19 en Campo Quijano, varios casos sospechosos y se deriv\u00f3 un caso en estado cr\u00edtico","og_url":"https:\/\/nahuelproducciones.com.ar\/radioquijano\/actualidad-covid-en-campo-quijano\/","og_site_name":"RQ 99.9","article_publisher":"https:\/\/www.facebook.com\/nahuelproducciones999\/","article_published_time":"2020-09-08T23:52:47+00:00","article_modified_time":"2020-09-08T23:53:10+00:00","og_image":[{"width":700,"height":400,"url":"https:\/\/nahuelproducciones.com.ar\/radioquijano\/wp-content\/uploads\/2020\/09\/hospital-Campo-Quijano-1-1-e1599607776311.jpg","type":"image\/jpeg"}],"author":"Nahuel Guzman","twitter_card":"summary_large_image","twitter_creator":"@nahuproduciones","twitter_site":"@nahuproduciones","twitter_misc":{"Escrito por":"Nahuel Guzman","Tiempo de lectura":"1 minuto"},"schema":{"@context":"https:\/\/schema.org","@graph":[{"@type":"WebPage","@id":"https:\/\/nahuelproducciones.com.ar\/radioquijano\/actualidad-covid-en-campo-quijano\/","url":"https:\/\/nahuelproducciones.com.ar\/radioquijano\/actualidad-covid-en-campo-quijano\/","name":"Actualidad COVID en Campo Quijano - RQ 99.9","isPartOf":{"@id":"https:\/\/nahuelproducciones.com.ar\/radioquijano\/#website"},"datePublished":"2020-09-08T23:52:47+00:00","dateModified":"2020-09-08T23:53:10+00:00","author":{"@id":"https:\/\/nahuelproducciones.com.ar\/radioquijano\/#\/schema\/person\/81995a1e942697a963e913eb81a445f8"},"description":"La Lic. D\u00e9bora L\u00f3pez inform\u00f3: hay un caso positivo de COVID 19 en Campo Quijano, varios casos sospechosos y se deriv\u00f3 un caso en estado cr\u00edtico","breadcrumb":{"@id":"https:\/\/nahuelproducciones.com.ar\/radioquijano\/actualidad-covid-en-campo-quijano\/#breadcrumb"},"inLanguage":"es","potentialAction":[{"@type":"ReadAction","target":["https:\/\/nahuelproducciones.com.ar\/radioquijano\/actualidad-covid-en-campo-quijano\/"]}]},{"@type":"BreadcrumbList","@id":"https:\/\/nahuelproducciones.com.ar\/radioquijano\/actualidad-covid-en-campo-quijano\/#breadcrumb","itemListElement":[{"@type":"ListItem","position":1,"name":"Portada","item":"https:\/\/nahuelproducciones.com.ar\/radioquijano\/"},{"@type":"ListItem","position":2,"name":"Actualidad COVID en Campo Quijano"}]},{"@type":"WebSite","@id":"https:\/\/nahuelproducciones.com.ar\/radioquijano\/#website","url":"https:\/\/nahuelproducciones.com.ar\/radioquijano\/","name":"RQ 99.9","description":"Radio Quijano 99.9 MHz","potentialAction":[{"@type":"SearchAction","target":{"@type":"EntryPoint","urlTemplate":"https:\/\/nahuelproducciones.com.ar\/radioquijano\/?s={search_term_string}"},"query-input":"required name=search_term_string"}],"inLanguage":"es"},{"@type":"Person","@id":"https:\/\/nahuelproducciones.com.ar\/radioquijano\/#\/schema\/person\/81995a1e942697a963e913eb81a445f8","name":"Nahuel Guzman","image":{"@type":"ImageObject","inLanguage":"es","@id":"https:\/\/nahuelproducciones.com.ar\/radioquijano\/#\/schema\/person\/image\/","url":"https:\/\/secure.gravatar.com\/avatar\/1533cb3c689107653dbd7407d7e55063ecce9e824b427a503daa34bc4430d13c?s=96&d=mm&r=g","contentUrl":"https:\/\/secure.gravatar.com\/avatar\/1533cb3c689107653dbd7407d7e55063ecce9e824b427a503daa34bc4430d13c?s=96&d=mm&r=g","caption":"Nahuel Guzman"},"url":"https:\/\/nahuelproducciones.com.ar\/radioquijano\/author\/nahu\/"}]}},"_links":{"self":[{"href":"https:\/\/nahuelproducciones.com.ar\/radioquijano\/wp-json\/wp\/v2\/posts\/624","targetHints":{"allow":["GET"]}}],"collection":[{"href":"https:\/\/nahuelproducciones.com.ar\/radioquijano\/wp-json\/wp\/v2\/posts"}],"about":[{"href":"https:\/\/nahuelproducciones.com.ar\/radioquijano\/wp-json\/wp\/v2\/types\/post"}],"author":[{"embeddable":true,"href":"https:\/\/nahuelproducciones.com.ar\/radioquijano\/wp-json\/wp\/v2\/users\/4"}],"replies":[{"embeddable":true,"href":"https:\/\/nahuelproducciones.com.ar\/radioquijano\/wp-json\/wp\/v2\/comments?post=624"}],"version-history":[{"count":4,"href":"https:\/\/nahuelproducciones.com.ar\/radioquijano\/wp-json\/wp\/v2\/posts\/624\/revisions"}],"predecessor-version":[{"id":638,"href":"https:\/\/nahuelproducciones.com.ar\/radioquijano\/wp-json\/wp\/v2\/posts\/624\/revisions\/638"}],"wp:featuredmedia":[{"embeddable":true,"href":"https:\/\/nahuelproducciones.com.ar\/radioquijano\/wp-json\/wp\/v2\/media\/632"}],"wp:attachment":[{"href":"https:\/\/nahuelproducciones.com.ar\/radioquijano\/wp-json\/wp\/v2\/media?parent=624"}],"wp:term":[{"taxonomy":"category","embeddable":true,"href":"https:\/\/nahuelproducciones.com.ar\/radioquijano\/wp-json\/wp\/v2\/categories?post=624"},{"taxonomy":"post_tag","embeddable":true,"href":"https:\/\/nahuelproducciones.com.ar\/radioquijano\/wp-json\/wp\/v2\/tags?post=624"}],"curies":[{"name":"wp","href":"https:\/\/api.w.org\/{rel}","templated":true}]}}