{"id":6246,"date":"2023-11-08T22:38:12","date_gmt":"2023-11-09T01:38:12","guid":{"rendered":"https:\/\/nahuelproducciones.com.ar\/radioquijano\/?p=6246"},"modified":"2023-11-08T22:38:15","modified_gmt":"2023-11-09T01:38:15","slug":"nueva-comision-directiva-en-el-club-atletico-social-boroquimica","status":"publish","type":"post","link":"https:\/\/nahuelproducciones.com.ar\/radioquijano\/nueva-comision-directiva-en-el-club-atletico-social-boroquimica\/","title":{"rendered":"Nueva Comisi\u00f3n Directiva en el Club Atl\u00e9tico Social  Boroqu\u00edmica."},"content":{"rendered":"\n<p>La comisi\u00f3n envi\u00f3 el comunicado a sus socios y pueblo en general por la red social Facebook.<\/p>\n\n\n\n<p>RQ99.9Mhz se comunic\u00f3 con su presidente saliente  Adrian Pir Guaym\u00e1s y luego del saludo a los municipales en su d\u00eda, cont\u00f3 que ayer se oficializ\u00f3 la \u00fanica lista que se presento a la convocatoria.<\/p>\n\n\n\n<p>Deseo \u00e9xitos a la nueva lista que lleva el nombre de \u00abBORATEROS 2023\u00bb que asume ahora y estar\u00e1 dirigiendo el club por los pr\u00f3ximos 2 a\u00f1os.<\/p>\n\n\n\n<p>Escucha la entrevista:<\/p>\n\n\n\n<figure class=\"wp-block-audio\"><audio controls src=\"https:\/\/nahuelproducciones.com.ar\/radioquijano\/wp-content\/uploads\/2023\/11\/8-11-2023-Pir-guaymas-tema-dia-de-los-municipales-nueva-comision-en-la-bora-y-transicion-en-el-municipio.mp3\"><\/audio><\/figure>\n\n\n\n<blockquote class=\"wp-block-quote is-layout-flow wp-block-quote-is-layout-flow\">\n<p>Comunicado en perfil de facebook del club:<\/p>\n\n\n\n<p>El CLUB ATL\u00c9TICO SOCIAL BOROQUIMICA informa a todos sus socios, jugadores\/as de las diferentes divisiones y simpatizantes, que se procedi\u00f3 a realizar el cambio de Comisi\u00f3n Directiva.<\/p>\n\n\n\n<p>Desde esta p\u00e1gina queremos agradecer a la Comisi\u00f3n saliente quien ten\u00eda a la cabeza al Sr. <a href=\"https:\/\/www.facebook.com\/adrian.guaimas?__cft__[0]=AZWbGr5WD_R12kHXSfPuBECWXaiYJXMbGD_qqysyjGvJmpv5ttGWLz6dNO3Jk90jf_ZdIQQTApZ5efDg1BBjCAfBL5qXxcOG3UfXb8d_nxgm3pOXDXSDJfAgaTBPMt1AtNUmFDmIYY4-UM0jvsj1hrjjHFkGUZhaIK6Vigx7CFwufFW4naARc2-5IH42H8gYaDw&amp;__tn__=-]K-R\">Adrian Pir Guaimas<\/a> por su entrega y dedicaci\u00f3n durante los a\u00f1os de gesti\u00f3n.<\/p>\n\n\n\n<p>Con mucha alegr\u00eda presentamos a la nueva COMISI\u00d3N DIRECTIVA que bajo el nombre de \u00abBORATEROS 2023\u00bb se har\u00e1 cargo de nuestro querido <a><\/a>club durante los pr\u00f3ximos 2 a\u00f1os.<\/p>\n\n\n\n<p>PRESIDENTE: Adrian Castro<\/p>\n\n\n\n<p>VICEPRESIDENTE: Hugo Mamani<\/p>\n\n\n\n<p>SECRETARIA: Cristina Ger\u00f3n<\/p>\n\n\n\n<p>PROSECRETARIA: Mercedes Guaim\u00e1s<\/p>\n\n\n\n<p>TESORERA: Bel\u00e9n Zerpa<\/p>\n\n\n\n<p>PROTESORERA: Mariel Carrizo<\/p>\n\n\n\n<p>VOCAL N\u00ba 1: Fernando Aguirre<\/p>\n\n\n\n<p>VOCAL N\u00ba 2: Irma Garnica<\/p>\n\n\n\n<p>VOCAL N\u00ba 3: Norberto Stucky<\/p>\n\n\n\n<p>VOCAL N\u00ba 4: Walter Zerpa<\/p>\n\n\n\n<p>VOCAL SUPLENTE N\u00ba1: Sylvia Rodriguez<\/p>\n\n\n\n<p>VOCAL SUPLENTE N\u00ba 2: Juan Carlos Aramayo<\/p>\n\n\n\n<p>VOCAL SUPLENTE N\u00ba 3: Carlos Armando Ponce<\/p>\n\n\n\n<p>VOCAL SUPLENTE N\u00ba 4: Victor Hugo Reyes<\/p>\n\n\n\n<p>\u00d3RGANO DE FISCALIZACI\u00d3N: Paulina Mabel Ger\u00f3n<\/p>\n\n\n\n<p>SUPLENTE: Gustavo Baldovino<\/p>\n\n\n\n<p>De ahora en m\u00e1s solo deseamos \u00e9xitos y buenos augurios, pelear 2 campeonatos de manera simult\u00e1nea no es f\u00e1cil, pero este grupo de borateros ya ha demostrado que quiere ver a nuestra querida Boroquimica donde se merece, en lo mas alto. <img loading=\"lazy\" decoding=\"async\" height=\"16\" width=\"16\" alt=\"&#x1f1e6;&#x1f1f9;\" src=\"https:\/\/static.xx.fbcdn.net\/images\/emoji.php\/v9\/t4a\/1\/16\/1f1e6_1f1f9.png\">&#xfe0f;<img loading=\"lazy\" decoding=\"async\" height=\"16\" width=\"16\" alt=\"&#x26bd;\" src=\"https:\/\/static.xx.fbcdn.net\/images\/emoji.php\/v9\/taf\/1\/16\/26bd.png\"> LO MEJOR EST\u00c1 POR VENIR!!!<img loading=\"lazy\" decoding=\"async\" height=\"16\" width=\"16\" alt=\"&#x1f1e6;&#x1f1f9;\" src=\"https:\/\/static.xx.fbcdn.net\/images\/emoji.php\/v9\/t4a\/1\/16\/1f1e6_1f1f9.png\">&#xfe0f;<img loading=\"lazy\" decoding=\"async\" height=\"16\" width=\"16\" alt=\"&#x1f4aa;\" src=\"https:\/\/static.xx.fbcdn.net\/images\/emoji.php\/v9\/t6c\/1\/16\/1f4aa.png\"><\/p>\n\n\n\n<p><img loading=\"lazy\" decoding=\"async\" height=\"16\" width=\"16\" alt=\"&#x1f1e6;&#x1f1f9;\" src=\"https:\/\/static.xx.fbcdn.net\/images\/emoji.php\/v9\/t4a\/1\/16\/1f1e6_1f1f9.png\">&#xfe0f; PRIMERA DIVISI\u00d3N<\/p>\n\n\n\n<p><img loading=\"lazy\" decoding=\"async\" height=\"16\" width=\"16\" alt=\"&#x1f1e6;&#x1f1f9;\" src=\"https:\/\/static.xx.fbcdn.net\/images\/emoji.php\/v9\/t4a\/1\/16\/1f1e6_1f1f9.png\">&#xfe0f; RESERVA<\/p>\n\n\n\n<p><img loading=\"lazy\" decoding=\"async\" height=\"16\" width=\"16\" alt=\"&#x1f1e6;&#x1f1f9;\" src=\"https:\/\/static.xx.fbcdn.net\/images\/emoji.php\/v9\/t4a\/1\/16\/1f1e6_1f1f9.png\">&#xfe0f; INFERIORES<\/p>\n\n\n\n<p><img loading=\"lazy\" decoding=\"async\" height=\"16\" width=\"16\" alt=\"&#x1f1e6;&#x1f1f9;\" src=\"https:\/\/static.xx.fbcdn.net\/images\/emoji.php\/v9\/t4a\/1\/16\/1f1e6_1f1f9.png\">&#xfe0f; FEMENINO<\/p>\n\n\n\n<p><img loading=\"lazy\" decoding=\"async\" height=\"16\" width=\"16\" alt=\"&#x1f1e6;&#x1f1f9;\" src=\"https:\/\/static.xx.fbcdn.net\/images\/emoji.php\/v9\/t4a\/1\/16\/1f1e6_1f1f9.png\">&#xfe0f; VETERANOS<\/p>\n\n\n\n<p>\u00a1\u00a1\u00a1 TODOS JUNTOS!!!<\/p>\n\n\n\n<p><img loading=\"lazy\" decoding=\"async\" height=\"16\" width=\"16\" alt=\"&#x1f1e6;&#x1f1f9;\" src=\"https:\/\/static.xx.fbcdn.net\/images\/emoji.php\/v9\/t4a\/1\/16\/1f1e6_1f1f9.png\">&#xfe0f;<img loading=\"lazy\" decoding=\"async\" height=\"16\" width=\"16\" alt=\"&#x1f1e6;&#x1f1f9;\" src=\"https:\/\/static.xx.fbcdn.net\/images\/emoji.php\/v9\/t4a\/1\/16\/1f1e6_1f1f9.png\">&#xfe0f;<img loading=\"lazy\" decoding=\"async\" height=\"16\" width=\"16\" alt=\"&#x1f1e6;&#x1f1f9;\" src=\"https:\/\/static.xx.fbcdn.net\/images\/emoji.php\/v9\/t4a\/1\/16\/1f1e6_1f1f9.png\">&#xfe0f;<img loading=\"lazy\" decoding=\"async\" height=\"16\" width=\"16\" alt=\"&#x1f1e6;&#x1f1f9;\" src=\"https:\/\/static.xx.fbcdn.net\/images\/emoji.php\/v9\/t4a\/1\/16\/1f1e6_1f1f9.png\">&#xfe0f;<img loading=\"lazy\" decoding=\"async\" height=\"16\" width=\"16\" alt=\"&#x1f1e6;&#x1f1f9;\" src=\"https:\/\/static.xx.fbcdn.net\/images\/emoji.php\/v9\/t4a\/1\/16\/1f1e6_1f1f9.png\">&#xfe0f;<img loading=\"lazy\" decoding=\"async\" height=\"16\" width=\"16\" alt=\"&#x26bd;\" src=\"https:\/\/static.xx.fbcdn.net\/images\/emoji.php\/v9\/taf\/1\/16\/26bd.png\"><img loading=\"lazy\" decoding=\"async\" height=\"16\" width=\"16\" alt=\"&#x1f1e6;&#x1f1f9;\" src=\"https:\/\/static.xx.fbcdn.net\/images\/emoji.php\/v9\/t4a\/1\/16\/1f1e6_1f1f9.png\">&#xfe0f;<img loading=\"lazy\" decoding=\"async\" height=\"16\" width=\"16\" alt=\"&#x1f1e6;&#x1f1f9;\" src=\"https:\/\/static.xx.fbcdn.net\/images\/emoji.php\/v9\/t4a\/1\/16\/1f1e6_1f1f9.png\">&#xfe0f;<img loading=\"lazy\" decoding=\"async\" height=\"16\" width=\"16\" alt=\"&#x1f1e6;&#x1f1f9;\" src=\"https:\/\/static.xx.fbcdn.net\/images\/emoji.php\/v9\/t4a\/1\/16\/1f1e6_1f1f9.png\">&#xfe0f;<img loading=\"lazy\" decoding=\"async\" height=\"16\" width=\"16\" alt=\"&#x1f1e6;&#x1f1f9;\" src=\"https:\/\/static.xx.fbcdn.net\/images\/emoji.php\/v9\/t4a\/1\/16\/1f1e6_1f1f9.png\">&#xfe0f;<img loading=\"lazy\" decoding=\"async\" height=\"16\" width=\"16\" alt=\"&#x1f1e6;&#x1f1f9;\" src=\"https:\/\/static.xx.fbcdn.net\/images\/emoji.php\/v9\/t4a\/1\/16\/1f1e6_1f1f9.png\">&#xfe0f;<\/p>\n\n\n\n<p>\u00c9XITOS COMISI\u00d3N DIRECTIVA 2023!!!!<\/p>\n<\/blockquote>\n\n\n\n<p><a href=\"https:\/\/www.facebook.com\/photo\/?fbid=1516870775793673&amp;set=pcb.1516873592460058&amp;__cft__[0]=AZWbGr5WD_R12kHXSfPuBECWXaiYJXMbGD_qqysyjGvJmpv5ttGWLz6dNO3Jk90jf_ZdIQQTApZ5efDg1BBjCAfBL5qXxcOG3UfXb8d_nxgm3pOXDXSDJfAgaTBPMt1AtNUmFDmIYY4-UM0jvsj1hrjjHFkGUZhaIK6Vigx7CFwufFW4naARc2-5IH42H8gYaDw&amp;__tn__=*bH-R\"><\/a><\/p>\n\n\n<div class=\"wp-block-image\">\n<figure class=\"aligncenter\"><a href=\"https:\/\/www.facebook.com\/photo\/?fbid=1516870775793673&amp;set=pcb.1516873592460058&amp;__cft__[0]=AZWbGr5WD_R12kHXSfPuBECWXaiYJXMbGD_qqysyjGvJmpv5ttGWLz6dNO3Jk90jf_ZdIQQTApZ5efDg1BBjCAfBL5qXxcOG3UfXb8d_nxgm3pOXDXSDJfAgaTBPMt1AtNUmFDmIYY4-UM0jvsj1hrjjHFkGUZhaIK6Vigx7CFwufFW4naARc2-5IH42H8gYaDw&amp;__tn__=*bH-R\"><img decoding=\"async\" src=\"https:\/\/scontent.faep6-1.fna.fbcdn.net\/v\/t39.30808-6\/399271321_1516870772460340_2689010123555037198_n.jpg?stp=dst-jpg_s600x600&amp;_nc_cat=111&amp;ccb=1-7&amp;_nc_sid=5f2048&amp;_nc_eui2=AeEIcJ8STjTbgSuPFDvxwszj5hXMhggyYxrmFcyGCDJjGhYZHAn9uZ3dTw6iVWGycH0&amp;_nc_ohc=N9rHqUSMO1gAX851SBi&amp;_nc_ht=scontent.faep6-1.fna&amp;oh=00_AfBiLmRxOsq4q6TWN-5ViCrzdoUpXkxZDUDfgO89tZKqZg&amp;oe=654FFE1D\" alt=\"\"\/><\/a><\/figure><\/div>\n\n\n<p><a href=\"https:\/\/www.facebook.com\/photo\/?fbid=1516870799127004&amp;set=pcb.1516873592460058&amp;__cft__[0]=AZWbGr5WD_R12kHXSfPuBECWXaiYJXMbGD_qqysyjGvJmpv5ttGWLz6dNO3Jk90jf_ZdIQQTApZ5efDg1BBjCAfBL5qXxcOG3UfXb8d_nxgm3pOXDXSDJfAgaTBPMt1AtNUmFDmIYY4-UM0jvsj1hrjjHFkGUZhaIK6Vigx7CFwufFW4naARc2-5IH42H8gYaDw&amp;__tn__=*bH-R\"><\/a><\/p>\n\n\n\n<p><a href=\"https:\/\/www.facebook.com\/photo\/?fbid=1516879282459489&amp;set=pcb.1516873592460058&amp;__cft__[0]=AZWbGr5WD_R12kHXSfPuBECWXaiYJXMbGD_qqysyjGvJmpv5ttGWLz6dNO3Jk90jf_ZdIQQTApZ5efDg1BBjCAfBL5qXxcOG3UfXb8d_nxgm3pOXDXSDJfAgaTBPMt1AtNUmFDmIYY4-UM0jvsj1hrjjHFkGUZhaIK6Vigx7CFwufFW4naARc2-5IH42H8gYaDw&amp;__tn__=*bH-R\"><\/a><\/p>\n\n\n\n<p><\/p>\n","protected":false},"excerpt":{"rendered":"<p>La comisi\u00f3n envi\u00f3 el comunicado a sus socios y pueblo en general por la red social Facebook. RQ99.9Mhz se comunic\u00f3 con su presidente saliente Adrian Pir Guaym\u00e1s y luego del saludo a los municipales en su d\u00eda, cont\u00f3 que ayer se oficializ\u00f3 la \u00fanica lista que se presento a la convocatoria. Deseo \u00e9xitos a la [&hellip;]<\/p>\n","protected":false},"author":8,"featured_media":6257,"comment_status":"open","ping_status":"open","sticky":false,"template":"","format":"standard","meta":{"_monsterinsights_skip_tracking":false,"_monsterinsights_sitenote_active":false,"_monsterinsights_sitenote_note":"","_monsterinsights_sitenote_category":0,"footnotes":""},"categories":[16],"tags":[1325,1324,100],"class_list":["post-6246","post","type-post","status-publish","format-standard","has-post-thumbnail","hentry","category-noticias","tag-borateros-2023","tag-club-atletico-social-boroquimica","tag-municipio-de-campo-quijano"],"yoast_head":"<!-- This site is optimized with the Yoast SEO plugin v20.8 - https:\/\/yoast.com\/wordpress\/plugins\/seo\/ -->\n<title>Nueva Comisi\u00f3n Directiva en el Club Atl\u00e9tico Social Boroqu\u00edmica. - RQ 99.9<\/title>\n<meta name=\"description\" content=\"&quot;BORATEROS 2023&quot; se har\u00e1 cargo de nuestro querido club durante los pr\u00f3ximos 2 a\u00f1os.\" \/>\n<meta name=\"robots\" content=\"index, follow, max-snippet:-1, max-image-preview:large, max-video-preview:-1\" \/>\n<link rel=\"canonical\" href=\"https:\/\/nahuelproducciones.com.ar\/radioquijano\/nueva-comision-directiva-en-el-club-atletico-social-boroquimica\/\" \/>\n<meta property=\"og:locale\" content=\"es_ES\" \/>\n<meta property=\"og:type\" content=\"article\" \/>\n<meta property=\"og:title\" content=\"Nueva Comisi\u00f3n Directiva en el Club Atl\u00e9tico Social Boroqu\u00edmica. - RQ 99.9\" \/>\n<meta property=\"og:description\" content=\"&quot;BORATEROS 2023&quot; se har\u00e1 cargo de nuestro querido club durante los pr\u00f3ximos 2 a\u00f1os.\" \/>\n<meta property=\"og:url\" content=\"https:\/\/nahuelproducciones.com.ar\/radioquijano\/nueva-comision-directiva-en-el-club-atletico-social-boroquimica\/\" \/>\n<meta property=\"og:site_name\" content=\"RQ 99.9\" \/>\n<meta property=\"article:publisher\" content=\"https:\/\/www.facebook.com\/nahuelproducciones999\/\" \/>\n<meta property=\"article:published_time\" content=\"2023-11-09T01:38:12+00:00\" \/>\n<meta property=\"article:modified_time\" content=\"2023-11-09T01:38:15+00:00\" \/>\n<meta property=\"og:image\" content=\"https:\/\/nahuelproducciones.com.ar\/radioquijano\/wp-content\/uploads\/2023\/11\/398959475_1516879279126156_230495825202585798_n-e1699493869331.jpg\" \/>\n\t<meta property=\"og:image:width\" content=\"700\" \/>\n\t<meta property=\"og:image:height\" content=\"517\" \/>\n\t<meta property=\"og:image:type\" content=\"image\/jpeg\" \/>\n<meta name=\"author\" content=\"Cecilia Pastrana\" \/>\n<meta name=\"twitter:card\" content=\"summary_large_image\" \/>\n<meta name=\"twitter:creator\" content=\"@nahuproduciones\" \/>\n<meta name=\"twitter:site\" content=\"@nahuproduciones\" \/>\n<meta name=\"twitter:label1\" content=\"Escrito por\" \/>\n\t<meta name=\"twitter:data1\" content=\"Cecilia Pastrana\" \/>\n\t<meta name=\"twitter:label2\" content=\"Tiempo de lectura\" \/>\n\t<meta name=\"twitter:data2\" content=\"6 minutos\" \/>\n<script type=\"application\/ld+json\" class=\"yoast-schema-graph\">{\"@context\":\"https:\/\/schema.org\",\"@graph\":[{\"@type\":\"WebPage\",\"@id\":\"https:\/\/nahuelproducciones.com.ar\/radioquijano\/nueva-comision-directiva-en-el-club-atletico-social-boroquimica\/\",\"url\":\"https:\/\/nahuelproducciones.com.ar\/radioquijano\/nueva-comision-directiva-en-el-club-atletico-social-boroquimica\/\",\"name\":\"Nueva Comisi\u00f3n Directiva en el Club Atl\u00e9tico Social Boroqu\u00edmica. - RQ 99.9\",\"isPartOf\":{\"@id\":\"https:\/\/nahuelproducciones.com.ar\/radioquijano\/#website\"},\"datePublished\":\"2023-11-09T01:38:12+00:00\",\"dateModified\":\"2023-11-09T01:38:15+00:00\",\"author\":{\"@id\":\"https:\/\/nahuelproducciones.com.ar\/radioquijano\/#\/schema\/person\/e8a4f939e2cb487fe6d0c54042c9d32c\"},\"description\":\"\\\"BORATEROS 2023\\\" se har\u00e1 cargo de nuestro querido club durante los pr\u00f3ximos 2 a\u00f1os.\",\"breadcrumb\":{\"@id\":\"https:\/\/nahuelproducciones.com.ar\/radioquijano\/nueva-comision-directiva-en-el-club-atletico-social-boroquimica\/#breadcrumb\"},\"inLanguage\":\"es\",\"potentialAction\":[{\"@type\":\"ReadAction\",\"target\":[\"https:\/\/nahuelproducciones.com.ar\/radioquijano\/nueva-comision-directiva-en-el-club-atletico-social-boroquimica\/\"]}]},{\"@type\":\"BreadcrumbList\",\"@id\":\"https:\/\/nahuelproducciones.com.ar\/radioquijano\/nueva-comision-directiva-en-el-club-atletico-social-boroquimica\/#breadcrumb\",\"itemListElement\":[{\"@type\":\"ListItem\",\"position\":1,\"name\":\"Portada\",\"item\":\"https:\/\/nahuelproducciones.com.ar\/radioquijano\/\"},{\"@type\":\"ListItem\",\"position\":2,\"name\":\"Nueva Comisi\u00f3n Directiva en el Club Atl\u00e9tico Social Boroqu\u00edmica.\"}]},{\"@type\":\"WebSite\",\"@id\":\"https:\/\/nahuelproducciones.com.ar\/radioquijano\/#website\",\"url\":\"https:\/\/nahuelproducciones.com.ar\/radioquijano\/\",\"name\":\"RQ 99.9\",\"description\":\"Radio Quijano 99.9 MHz\",\"potentialAction\":[{\"@type\":\"SearchAction\",\"target\":{\"@type\":\"EntryPoint\",\"urlTemplate\":\"https:\/\/nahuelproducciones.com.ar\/radioquijano\/?s={search_term_string}\"},\"query-input\":\"required name=search_term_string\"}],\"inLanguage\":\"es\"},{\"@type\":\"Person\",\"@id\":\"https:\/\/nahuelproducciones.com.ar\/radioquijano\/#\/schema\/person\/e8a4f939e2cb487fe6d0c54042c9d32c\",\"name\":\"Cecilia Pastrana\",\"image\":{\"@type\":\"ImageObject\",\"inLanguage\":\"es\",\"@id\":\"https:\/\/nahuelproducciones.com.ar\/radioquijano\/#\/schema\/person\/image\/\",\"url\":\"https:\/\/secure.gravatar.com\/avatar\/661a3ef63a8488d4f2794ed44af8cf71420f7e106f3072c40125114df5157749?s=96&d=mm&r=g\",\"contentUrl\":\"https:\/\/secure.gravatar.com\/avatar\/661a3ef63a8488d4f2794ed44af8cf71420f7e106f3072c40125114df5157749?s=96&d=mm&r=g\",\"caption\":\"Cecilia Pastrana\"},\"sameAs\":[\"cecy\"],\"url\":\"https:\/\/nahuelproducciones.com.ar\/radioquijano\/author\/cecy\/\"}]}<\/script>\n<!-- \/ Yoast SEO plugin. -->","yoast_head_json":{"title":"Nueva Comisi\u00f3n Directiva en el Club Atl\u00e9tico Social Boroqu\u00edmica. - RQ 99.9","description":"\"BORATEROS 2023\" se har\u00e1 cargo de nuestro querido club durante los pr\u00f3ximos 2 a\u00f1os.","robots":{"index":"index","follow":"follow","max-snippet":"max-snippet:-1","max-image-preview":"max-image-preview:large","max-video-preview":"max-video-preview:-1"},"canonical":"https:\/\/nahuelproducciones.com.ar\/radioquijano\/nueva-comision-directiva-en-el-club-atletico-social-boroquimica\/","og_locale":"es_ES","og_type":"article","og_title":"Nueva Comisi\u00f3n Directiva en el Club Atl\u00e9tico Social Boroqu\u00edmica. - RQ 99.9","og_description":"\"BORATEROS 2023\" se har\u00e1 cargo de nuestro querido club durante los pr\u00f3ximos 2 a\u00f1os.","og_url":"https:\/\/nahuelproducciones.com.ar\/radioquijano\/nueva-comision-directiva-en-el-club-atletico-social-boroquimica\/","og_site_name":"RQ 99.9","article_publisher":"https:\/\/www.facebook.com\/nahuelproducciones999\/","article_published_time":"2023-11-09T01:38:12+00:00","article_modified_time":"2023-11-09T01:38:15+00:00","og_image":[{"width":700,"height":517,"url":"https:\/\/nahuelproducciones.com.ar\/radioquijano\/wp-content\/uploads\/2023\/11\/398959475_1516879279126156_230495825202585798_n-e1699493869331.jpg","type":"image\/jpeg"}],"author":"Cecilia Pastrana","twitter_card":"summary_large_image","twitter_creator":"@nahuproduciones","twitter_site":"@nahuproduciones","twitter_misc":{"Escrito por":"Cecilia Pastrana","Tiempo de lectura":"6 minutos"},"schema":{"@context":"https:\/\/schema.org","@graph":[{"@type":"WebPage","@id":"https:\/\/nahuelproducciones.com.ar\/radioquijano\/nueva-comision-directiva-en-el-club-atletico-social-boroquimica\/","url":"https:\/\/nahuelproducciones.com.ar\/radioquijano\/nueva-comision-directiva-en-el-club-atletico-social-boroquimica\/","name":"Nueva Comisi\u00f3n Directiva en el Club Atl\u00e9tico Social Boroqu\u00edmica. - RQ 99.9","isPartOf":{"@id":"https:\/\/nahuelproducciones.com.ar\/radioquijano\/#website"},"datePublished":"2023-11-09T01:38:12+00:00","dateModified":"2023-11-09T01:38:15+00:00","author":{"@id":"https:\/\/nahuelproducciones.com.ar\/radioquijano\/#\/schema\/person\/e8a4f939e2cb487fe6d0c54042c9d32c"},"description":"\"BORATEROS 2023\" se har\u00e1 cargo de nuestro querido club durante los pr\u00f3ximos 2 a\u00f1os.","breadcrumb":{"@id":"https:\/\/nahuelproducciones.com.ar\/radioquijano\/nueva-comision-directiva-en-el-club-atletico-social-boroquimica\/#breadcrumb"},"inLanguage":"es","potentialAction":[{"@type":"ReadAction","target":["https:\/\/nahuelproducciones.com.ar\/radioquijano\/nueva-comision-directiva-en-el-club-atletico-social-boroquimica\/"]}]},{"@type":"BreadcrumbList","@id":"https:\/\/nahuelproducciones.com.ar\/radioquijano\/nueva-comision-directiva-en-el-club-atletico-social-boroquimica\/#breadcrumb","itemListElement":[{"@type":"ListItem","position":1,"name":"Portada","item":"https:\/\/nahuelproducciones.com.ar\/radioquijano\/"},{"@type":"ListItem","position":2,"name":"Nueva Comisi\u00f3n Directiva en el Club Atl\u00e9tico Social Boroqu\u00edmica."}]},{"@type":"WebSite","@id":"https:\/\/nahuelproducciones.com.ar\/radioquijano\/#website","url":"https:\/\/nahuelproducciones.com.ar\/radioquijano\/","name":"RQ 99.9","description":"Radio Quijano 99.9 MHz","potentialAction":[{"@type":"SearchAction","target":{"@type":"EntryPoint","urlTemplate":"https:\/\/nahuelproducciones.com.ar\/radioquijano\/?s={search_term_string}"},"query-input":"required name=search_term_string"}],"inLanguage":"es"},{"@type":"Person","@id":"https:\/\/nahuelproducciones.com.ar\/radioquijano\/#\/schema\/person\/e8a4f939e2cb487fe6d0c54042c9d32c","name":"Cecilia Pastrana","image":{"@type":"ImageObject","inLanguage":"es","@id":"https:\/\/nahuelproducciones.com.ar\/radioquijano\/#\/schema\/person\/image\/","url":"https:\/\/secure.gravatar.com\/avatar\/661a3ef63a8488d4f2794ed44af8cf71420f7e106f3072c40125114df5157749?s=96&d=mm&r=g","contentUrl":"https:\/\/secure.gravatar.com\/avatar\/661a3ef63a8488d4f2794ed44af8cf71420f7e106f3072c40125114df5157749?s=96&d=mm&r=g","caption":"Cecilia Pastrana"},"sameAs":["cecy"],"url":"https:\/\/nahuelproducciones.com.ar\/radioquijano\/author\/cecy\/"}]}},"_links":{"self":[{"href":"https:\/\/nahuelproducciones.com.ar\/radioquijano\/wp-json\/wp\/v2\/posts\/6246","targetHints":{"allow":["GET"]}}],"collection":[{"href":"https:\/\/nahuelproducciones.com.ar\/radioquijano\/wp-json\/wp\/v2\/posts"}],"about":[{"href":"https:\/\/nahuelproducciones.com.ar\/radioquijano\/wp-json\/wp\/v2\/types\/post"}],"author":[{"embeddable":true,"href":"https:\/\/nahuelproducciones.com.ar\/radioquijano\/wp-json\/wp\/v2\/users\/8"}],"replies":[{"embeddable":true,"href":"https:\/\/nahuelproducciones.com.ar\/radioquijano\/wp-json\/wp\/v2\/comments?post=6246"}],"version-history":[{"count":1,"href":"https:\/\/nahuelproducciones.com.ar\/radioquijano\/wp-json\/wp\/v2\/posts\/6246\/revisions"}],"predecessor-version":[{"id":6258,"href":"https:\/\/nahuelproducciones.com.ar\/radioquijano\/wp-json\/wp\/v2\/posts\/6246\/revisions\/6258"}],"wp:featuredmedia":[{"embeddable":true,"href":"https:\/\/nahuelproducciones.com.ar\/radioquijano\/wp-json\/wp\/v2\/media\/6257"}],"wp:attachment":[{"href":"https:\/\/nahuelproducciones.com.ar\/radioquijano\/wp-json\/wp\/v2\/media?parent=6246"}],"wp:term":[{"taxonomy":"category","embeddable":true,"href":"https:\/\/nahuelproducciones.com.ar\/radioquijano\/wp-json\/wp\/v2\/categories?post=6246"},{"taxonomy":"post_tag","embeddable":true,"href":"https:\/\/nahuelproducciones.com.ar\/radioquijano\/wp-json\/wp\/v2\/tags?post=6246"}],"curies":[{"name":"wp","href":"https:\/\/api.w.org\/{rel}","templated":true}]}}