{"id":6272,"date":"2023-11-14T10:21:33","date_gmt":"2023-11-14T13:21:33","guid":{"rendered":"https:\/\/nahuelproducciones.com.ar\/radioquijano\/?p=6272"},"modified":"2023-11-14T10:21:35","modified_gmt":"2023-11-14T13:21:35","slug":"2da-jornada-de-concientizacion-prevencion-y-cuidado-de-la-diabetes","status":"publish","type":"post","link":"https:\/\/nahuelproducciones.com.ar\/radioquijano\/2da-jornada-de-concientizacion-prevencion-y-cuidado-de-la-diabetes\/","title":{"rendered":"2da jornada de Concientizaci\u00f3n , prevenci\u00f3n y cuidado de la Diabetes."},"content":{"rendered":"\n<p>El Hospital Dr. Francisco Herrera &#8211; Campo Quijano, invitar a la comunidad a participar de 2da jornada de Concientizaci\u00f3n , prevenci\u00f3n y cuidado de la Diabetes.<\/p>\n\n\n\n<p><br>La Jornada se realizar\u00e1 el martes 14 de noviembre en el Sal\u00f3n de la estaci\u00f3n de Trenes en la ma\u00f1ana desde las 8:30 hs hasta las 13:00 hs. <\/p>\n\n\n\n<p><br>Se tratar\u00e1n temas muy importantes con actualizaci\u00f3n de de diferentes profesionales. Tambi\u00e9n encontrara Stand de instituciones para hacer consultas.<\/p>\n\n\n\n<p>En el marco de el mes de la enfermer\u00eda no te pierdas la JORNADA DE DIABETES<img loading=\"lazy\" decoding=\"async\" height=\"16\" width=\"16\" src=\"https:\/\/static.xx.fbcdn.net\/images\/emoji.php\/v9\/tc3\/1\/16\/1fa7a.png\" alt=\"&#x1fa7a;\"><\/p>\n","protected":false},"excerpt":{"rendered":"<p>El Hospital Dr. Francisco Herrera &#8211; Campo Quijano, invitar a la comunidad a participar de 2da jornada de Concientizaci\u00f3n , prevenci\u00f3n y cuidado de la Diabetes. La Jornada se realizar\u00e1 el martes 14 de noviembre en el Sal\u00f3n de la estaci\u00f3n de Trenes en la ma\u00f1ana desde las 8:30 hs hasta las 13:00 hs. Se [&hellip;]<\/p>\n","protected":false},"author":8,"featured_media":6273,"comment_status":"open","ping_status":"open","sticky":false,"template":"","format":"standard","meta":{"_monsterinsights_skip_tracking":false,"_monsterinsights_sitenote_active":false,"_monsterinsights_sitenote_note":"","_monsterinsights_sitenote_category":0,"footnotes":""},"categories":[16],"tags":[471,1327,100],"class_list":["post-6272","post","type-post","status-publish","format-standard","has-post-thumbnail","hentry","category-noticias","tag-hospital-dr-francisco-herrera-2","tag-jornada-de-diabetes","tag-municipio-de-campo-quijano"],"yoast_head":"<!-- This site is optimized with the Yoast SEO plugin v20.8 - https:\/\/yoast.com\/wordpress\/plugins\/seo\/ -->\n<title>2da jornada de Concientizaci\u00f3n , prevenci\u00f3n y cuidado de la Diabetes. - RQ 99.9<\/title>\n<meta name=\"description\" content=\"martes 14 de noviembre en el Sal\u00f3n de la estaci\u00f3n de Trenes en la ma\u00f1ana desde las 8:30 hs hasta las 13:00 hs\" \/>\n<meta name=\"robots\" content=\"index, follow, max-snippet:-1, max-image-preview:large, max-video-preview:-1\" \/>\n<link rel=\"canonical\" href=\"https:\/\/nahuelproducciones.com.ar\/radioquijano\/2da-jornada-de-concientizacion-prevencion-y-cuidado-de-la-diabetes\/\" \/>\n<meta property=\"og:locale\" content=\"es_ES\" \/>\n<meta property=\"og:type\" content=\"article\" \/>\n<meta property=\"og:title\" content=\"2da jornada de Concientizaci\u00f3n , prevenci\u00f3n y cuidado de la Diabetes. - RQ 99.9\" \/>\n<meta property=\"og:description\" content=\"martes 14 de noviembre en el Sal\u00f3n de la estaci\u00f3n de Trenes en la ma\u00f1ana desde las 8:30 hs hasta las 13:00 hs\" \/>\n<meta property=\"og:url\" content=\"https:\/\/nahuelproducciones.com.ar\/radioquijano\/2da-jornada-de-concientizacion-prevencion-y-cuidado-de-la-diabetes\/\" \/>\n<meta property=\"og:site_name\" content=\"RQ 99.9\" \/>\n<meta property=\"article:publisher\" content=\"https:\/\/www.facebook.com\/nahuelproducciones999\/\" \/>\n<meta property=\"article:published_time\" content=\"2023-11-14T13:21:33+00:00\" \/>\n<meta property=\"article:modified_time\" content=\"2023-11-14T13:21:35+00:00\" \/>\n<meta property=\"og:image\" content=\"https:\/\/nahuelproducciones.com.ar\/radioquijano\/wp-content\/uploads\/2023\/11\/399707629_10231044537325888_6425016275366056910_n.jpg\" \/>\n\t<meta property=\"og:image:width\" content=\"870\" \/>\n\t<meta property=\"og:image:height\" content=\"1257\" \/>\n\t<meta property=\"og:image:type\" content=\"image\/jpeg\" \/>\n<meta name=\"author\" content=\"Cecilia Pastrana\" \/>\n<meta name=\"twitter:card\" content=\"summary_large_image\" \/>\n<meta name=\"twitter:creator\" content=\"@nahuproduciones\" \/>\n<meta name=\"twitter:site\" content=\"@nahuproduciones\" \/>\n<meta name=\"twitter:label1\" content=\"Escrito por\" \/>\n\t<meta name=\"twitter:data1\" content=\"Cecilia Pastrana\" \/>\n\t<meta name=\"twitter:label2\" content=\"Tiempo de lectura\" \/>\n\t<meta name=\"twitter:data2\" content=\"1 minuto\" \/>\n<script type=\"application\/ld+json\" class=\"yoast-schema-graph\">{\"@context\":\"https:\/\/schema.org\",\"@graph\":[{\"@type\":\"WebPage\",\"@id\":\"https:\/\/nahuelproducciones.com.ar\/radioquijano\/2da-jornada-de-concientizacion-prevencion-y-cuidado-de-la-diabetes\/\",\"url\":\"https:\/\/nahuelproducciones.com.ar\/radioquijano\/2da-jornada-de-concientizacion-prevencion-y-cuidado-de-la-diabetes\/\",\"name\":\"2da jornada de Concientizaci\u00f3n , prevenci\u00f3n y cuidado de la Diabetes. - RQ 99.9\",\"isPartOf\":{\"@id\":\"https:\/\/nahuelproducciones.com.ar\/radioquijano\/#website\"},\"datePublished\":\"2023-11-14T13:21:33+00:00\",\"dateModified\":\"2023-11-14T13:21:35+00:00\",\"author\":{\"@id\":\"https:\/\/nahuelproducciones.com.ar\/radioquijano\/#\/schema\/person\/e8a4f939e2cb487fe6d0c54042c9d32c\"},\"description\":\"martes 14 de noviembre en el Sal\u00f3n de la estaci\u00f3n de Trenes en la ma\u00f1ana desde las 8:30 hs hasta las 13:00 hs\",\"breadcrumb\":{\"@id\":\"https:\/\/nahuelproducciones.com.ar\/radioquijano\/2da-jornada-de-concientizacion-prevencion-y-cuidado-de-la-diabetes\/#breadcrumb\"},\"inLanguage\":\"es\",\"potentialAction\":[{\"@type\":\"ReadAction\",\"target\":[\"https:\/\/nahuelproducciones.com.ar\/radioquijano\/2da-jornada-de-concientizacion-prevencion-y-cuidado-de-la-diabetes\/\"]}]},{\"@type\":\"BreadcrumbList\",\"@id\":\"https:\/\/nahuelproducciones.com.ar\/radioquijano\/2da-jornada-de-concientizacion-prevencion-y-cuidado-de-la-diabetes\/#breadcrumb\",\"itemListElement\":[{\"@type\":\"ListItem\",\"position\":1,\"name\":\"Portada\",\"item\":\"https:\/\/nahuelproducciones.com.ar\/radioquijano\/\"},{\"@type\":\"ListItem\",\"position\":2,\"name\":\"2da jornada de Concientizaci\u00f3n , prevenci\u00f3n y cuidado de la Diabetes.\"}]},{\"@type\":\"WebSite\",\"@id\":\"https:\/\/nahuelproducciones.com.ar\/radioquijano\/#website\",\"url\":\"https:\/\/nahuelproducciones.com.ar\/radioquijano\/\",\"name\":\"RQ 99.9\",\"description\":\"Radio Quijano 99.9 MHz\",\"potentialAction\":[{\"@type\":\"SearchAction\",\"target\":{\"@type\":\"EntryPoint\",\"urlTemplate\":\"https:\/\/nahuelproducciones.com.ar\/radioquijano\/?s={search_term_string}\"},\"query-input\":\"required name=search_term_string\"}],\"inLanguage\":\"es\"},{\"@type\":\"Person\",\"@id\":\"https:\/\/nahuelproducciones.com.ar\/radioquijano\/#\/schema\/person\/e8a4f939e2cb487fe6d0c54042c9d32c\",\"name\":\"Cecilia Pastrana\",\"image\":{\"@type\":\"ImageObject\",\"inLanguage\":\"es\",\"@id\":\"https:\/\/nahuelproducciones.com.ar\/radioquijano\/#\/schema\/person\/image\/\",\"url\":\"https:\/\/secure.gravatar.com\/avatar\/661a3ef63a8488d4f2794ed44af8cf71420f7e106f3072c40125114df5157749?s=96&d=mm&r=g\",\"contentUrl\":\"https:\/\/secure.gravatar.com\/avatar\/661a3ef63a8488d4f2794ed44af8cf71420f7e106f3072c40125114df5157749?s=96&d=mm&r=g\",\"caption\":\"Cecilia Pastrana\"},\"sameAs\":[\"cecy\"],\"url\":\"https:\/\/nahuelproducciones.com.ar\/radioquijano\/author\/cecy\/\"}]}<\/script>\n<!-- \/ Yoast SEO plugin. -->","yoast_head_json":{"title":"2da jornada de Concientizaci\u00f3n , prevenci\u00f3n y cuidado de la Diabetes. - RQ 99.9","description":"martes 14 de noviembre en el Sal\u00f3n de la estaci\u00f3n de Trenes en la ma\u00f1ana desde las 8:30 hs hasta las 13:00 hs","robots":{"index":"index","follow":"follow","max-snippet":"max-snippet:-1","max-image-preview":"max-image-preview:large","max-video-preview":"max-video-preview:-1"},"canonical":"https:\/\/nahuelproducciones.com.ar\/radioquijano\/2da-jornada-de-concientizacion-prevencion-y-cuidado-de-la-diabetes\/","og_locale":"es_ES","og_type":"article","og_title":"2da jornada de Concientizaci\u00f3n , prevenci\u00f3n y cuidado de la Diabetes. - RQ 99.9","og_description":"martes 14 de noviembre en el Sal\u00f3n de la estaci\u00f3n de Trenes en la ma\u00f1ana desde las 8:30 hs hasta las 13:00 hs","og_url":"https:\/\/nahuelproducciones.com.ar\/radioquijano\/2da-jornada-de-concientizacion-prevencion-y-cuidado-de-la-diabetes\/","og_site_name":"RQ 99.9","article_publisher":"https:\/\/www.facebook.com\/nahuelproducciones999\/","article_published_time":"2023-11-14T13:21:33+00:00","article_modified_time":"2023-11-14T13:21:35+00:00","og_image":[{"width":870,"height":1257,"url":"https:\/\/nahuelproducciones.com.ar\/radioquijano\/wp-content\/uploads\/2023\/11\/399707629_10231044537325888_6425016275366056910_n.jpg","type":"image\/jpeg"}],"author":"Cecilia Pastrana","twitter_card":"summary_large_image","twitter_creator":"@nahuproduciones","twitter_site":"@nahuproduciones","twitter_misc":{"Escrito por":"Cecilia Pastrana","Tiempo de lectura":"1 minuto"},"schema":{"@context":"https:\/\/schema.org","@graph":[{"@type":"WebPage","@id":"https:\/\/nahuelproducciones.com.ar\/radioquijano\/2da-jornada-de-concientizacion-prevencion-y-cuidado-de-la-diabetes\/","url":"https:\/\/nahuelproducciones.com.ar\/radioquijano\/2da-jornada-de-concientizacion-prevencion-y-cuidado-de-la-diabetes\/","name":"2da jornada de Concientizaci\u00f3n , prevenci\u00f3n y cuidado de la Diabetes. - RQ 99.9","isPartOf":{"@id":"https:\/\/nahuelproducciones.com.ar\/radioquijano\/#website"},"datePublished":"2023-11-14T13:21:33+00:00","dateModified":"2023-11-14T13:21:35+00:00","author":{"@id":"https:\/\/nahuelproducciones.com.ar\/radioquijano\/#\/schema\/person\/e8a4f939e2cb487fe6d0c54042c9d32c"},"description":"martes 14 de noviembre en el Sal\u00f3n de la estaci\u00f3n de Trenes en la ma\u00f1ana desde las 8:30 hs hasta las 13:00 hs","breadcrumb":{"@id":"https:\/\/nahuelproducciones.com.ar\/radioquijano\/2da-jornada-de-concientizacion-prevencion-y-cuidado-de-la-diabetes\/#breadcrumb"},"inLanguage":"es","potentialAction":[{"@type":"ReadAction","target":["https:\/\/nahuelproducciones.com.ar\/radioquijano\/2da-jornada-de-concientizacion-prevencion-y-cuidado-de-la-diabetes\/"]}]},{"@type":"BreadcrumbList","@id":"https:\/\/nahuelproducciones.com.ar\/radioquijano\/2da-jornada-de-concientizacion-prevencion-y-cuidado-de-la-diabetes\/#breadcrumb","itemListElement":[{"@type":"ListItem","position":1,"name":"Portada","item":"https:\/\/nahuelproducciones.com.ar\/radioquijano\/"},{"@type":"ListItem","position":2,"name":"2da jornada de Concientizaci\u00f3n , prevenci\u00f3n y cuidado de la Diabetes."}]},{"@type":"WebSite","@id":"https:\/\/nahuelproducciones.com.ar\/radioquijano\/#website","url":"https:\/\/nahuelproducciones.com.ar\/radioquijano\/","name":"RQ 99.9","description":"Radio Quijano 99.9 MHz","potentialAction":[{"@type":"SearchAction","target":{"@type":"EntryPoint","urlTemplate":"https:\/\/nahuelproducciones.com.ar\/radioquijano\/?s={search_term_string}"},"query-input":"required name=search_term_string"}],"inLanguage":"es"},{"@type":"Person","@id":"https:\/\/nahuelproducciones.com.ar\/radioquijano\/#\/schema\/person\/e8a4f939e2cb487fe6d0c54042c9d32c","name":"Cecilia Pastrana","image":{"@type":"ImageObject","inLanguage":"es","@id":"https:\/\/nahuelproducciones.com.ar\/radioquijano\/#\/schema\/person\/image\/","url":"https:\/\/secure.gravatar.com\/avatar\/661a3ef63a8488d4f2794ed44af8cf71420f7e106f3072c40125114df5157749?s=96&d=mm&r=g","contentUrl":"https:\/\/secure.gravatar.com\/avatar\/661a3ef63a8488d4f2794ed44af8cf71420f7e106f3072c40125114df5157749?s=96&d=mm&r=g","caption":"Cecilia Pastrana"},"sameAs":["cecy"],"url":"https:\/\/nahuelproducciones.com.ar\/radioquijano\/author\/cecy\/"}]}},"_links":{"self":[{"href":"https:\/\/nahuelproducciones.com.ar\/radioquijano\/wp-json\/wp\/v2\/posts\/6272","targetHints":{"allow":["GET"]}}],"collection":[{"href":"https:\/\/nahuelproducciones.com.ar\/radioquijano\/wp-json\/wp\/v2\/posts"}],"about":[{"href":"https:\/\/nahuelproducciones.com.ar\/radioquijano\/wp-json\/wp\/v2\/types\/post"}],"author":[{"embeddable":true,"href":"https:\/\/nahuelproducciones.com.ar\/radioquijano\/wp-json\/wp\/v2\/users\/8"}],"replies":[{"embeddable":true,"href":"https:\/\/nahuelproducciones.com.ar\/radioquijano\/wp-json\/wp\/v2\/comments?post=6272"}],"version-history":[{"count":1,"href":"https:\/\/nahuelproducciones.com.ar\/radioquijano\/wp-json\/wp\/v2\/posts\/6272\/revisions"}],"predecessor-version":[{"id":6274,"href":"https:\/\/nahuelproducciones.com.ar\/radioquijano\/wp-json\/wp\/v2\/posts\/6272\/revisions\/6274"}],"wp:featuredmedia":[{"embeddable":true,"href":"https:\/\/nahuelproducciones.com.ar\/radioquijano\/wp-json\/wp\/v2\/media\/6273"}],"wp:attachment":[{"href":"https:\/\/nahuelproducciones.com.ar\/radioquijano\/wp-json\/wp\/v2\/media?parent=6272"}],"wp:term":[{"taxonomy":"category","embeddable":true,"href":"https:\/\/nahuelproducciones.com.ar\/radioquijano\/wp-json\/wp\/v2\/categories?post=6272"},{"taxonomy":"post_tag","embeddable":true,"href":"https:\/\/nahuelproducciones.com.ar\/radioquijano\/wp-json\/wp\/v2\/tags?post=6272"}],"curies":[{"name":"wp","href":"https:\/\/api.w.org\/{rel}","templated":true}]}}