{"id":6305,"date":"2023-11-17T08:21:52","date_gmt":"2023-11-17T11:21:52","guid":{"rendered":"https:\/\/nahuelproducciones.com.ar\/radioquijano\/?p=6305"},"modified":"2023-11-17T09:29:44","modified_gmt":"2023-11-17T12:29:44","slug":"la-iglesia-llama-a-una-jornada-de-oracion-y-ayuno-por-la-patria","status":"publish","type":"post","link":"https:\/\/nahuelproducciones.com.ar\/radioquijano\/la-iglesia-llama-a-una-jornada-de-oracion-y-ayuno-por-la-patria\/","title":{"rendered":"La Iglesia llama a una jornada de \u00aboraci\u00f3n y ayuno por la Patria\u00bb"},"content":{"rendered":"\n<blockquote class=\"wp-block-quote is-layout-flow wp-block-quote-is-layout-flow\">\n<p>Comunicado:<\/p>\n\n\n\n<p>A todos los hermanos y hermanas de nuestra Iglesia de Salta:<\/p>\n\n\n\n<p>Nos unimos a todos los cristianos y hombres y mujeres de buena voluntad para ofrecer a Dios nuestra oraci\u00f3n y nuestro sacrificio por nuestra patria.<\/p>\n\n\n\n<p>El viernes 17 de noviembre es el d\u00eda se\u00f1alado por la Conferencia Episcopal Argentina para este gesto de amor a nuestra Naci\u00f3n. Los invito fraternalmente a sumarse. Que el Se\u00f1or y la Virgen del Milagro nos protejan.<\/p>\n\n\n\n<p><a><\/a>Mons. Mario Antonio Cargnello, Arzobispo de Salta.<\/p>\n\n\n\n<p>16 de noviembre de 2023.<\/p>\n<\/blockquote>\n\n\n\n<p>La convocatoria fue anunciada en primera instancia por el presidente del Episcopado, monse\u00f1or Oscar Ojea, durante la asamblea plenaria de obispos que se llev\u00f3 a cabo en la Casa de Retiros \u201cEl Cen\u00e1culo\u201d de Pilar.<\/p>\n\n\n\n<p>En el marco de la 123\u00b0 Asamblea Plenaria, desarrollada entre el lunes 6 y el viernes 10 del corriente en la casa de retiros \u201cEl Cen\u00e1culo\u201d, en la localidad bonaerense de Pilar, l<strong>os obispos argentinos han convocado para este viernes 17 de noviembre a una Jornada de Oraci\u00f3n por la Patria<\/strong>.<\/p>\n\n\n\n<p>En cada Iglesia particular de nuestro pa\u00eds de la manera m\u00e1s conveniente se rezar\u00e1 por la Patria. Parroquias, Capillas, Santuarios ser\u00e1n lugar de oraci\u00f3n por nuestra Patria en v\u00edsperas de la jornada electoral del Domingo. La misa, la oraci\u00f3n por la Patria, el Rosario y otras formas de s\u00faplica se har\u00e1n en toda la Argentina expresando:\u00a0<strong>\u201cJesucristo Se\u00f1or de la historia te necesitamos\u201d;\u00a1La Iglesia Argentina reza por la Patria!<\/strong><\/p>\n\n\n<div class=\"wp-block-image\">\n<figure class=\"aligncenter size-full is-resized\"><img loading=\"lazy\" decoding=\"async\" src=\"https:\/\/nahuelproducciones.com.ar\/radioquijano\/wp-content\/uploads\/2023\/11\/img-900x500-1.jpg\" alt=\"\" class=\"wp-image-6307\" width=\"570\" height=\"316\" srcset=\"https:\/\/nahuelproducciones.com.ar\/radioquijano\/wp-content\/uploads\/2023\/11\/img-900x500-1.jpg 900w, https:\/\/nahuelproducciones.com.ar\/radioquijano\/wp-content\/uploads\/2023\/11\/img-900x500-1-300x167.jpg 300w, https:\/\/nahuelproducciones.com.ar\/radioquijano\/wp-content\/uploads\/2023\/11\/img-900x500-1-768x427.jpg 768w, https:\/\/nahuelproducciones.com.ar\/radioquijano\/wp-content\/uploads\/2023\/11\/img-900x500-1-150x83.jpg 150w\" sizes=\"auto, (max-width: 570px) 100vw, 570px\" \/><\/figure><\/div>","protected":false},"excerpt":{"rendered":"<p>Comunicado: A todos los hermanos y hermanas de nuestra Iglesia de Salta: Nos unimos a todos los cristianos y hombres y mujeres de buena voluntad para ofrecer a Dios nuestra oraci\u00f3n y nuestro sacrificio por nuestra patria. El viernes 17 de noviembre es el d\u00eda se\u00f1alado por la Conferencia Episcopal Argentina para este gesto de [&hellip;]<\/p>\n","protected":false},"author":8,"featured_media":6306,"comment_status":"open","ping_status":"open","sticky":false,"template":"","format":"standard","meta":{"_monsterinsights_skip_tracking":false,"_monsterinsights_sitenote_active":false,"_monsterinsights_sitenote_note":"","_monsterinsights_sitenote_category":0,"footnotes":""},"categories":[16],"tags":[1332,1331,100],"class_list":["post-6305","post","type-post","status-publish","format-standard","has-post-thumbnail","hentry","category-noticias","tag-oracion-y-ayuno-por-la-patria","tag-conferencia-episcopal-argentina","tag-municipio-de-campo-quijano"],"yoast_head":"<!-- This site is optimized with the Yoast SEO plugin v20.8 - https:\/\/yoast.com\/wordpress\/plugins\/seo\/ -->\n<title>La Iglesia llama a una jornada de &quot;oraci\u00f3n y ayuno por la Patria&quot; - RQ 99.9<\/title>\n<meta name=\"description\" content=\"\u201cJesucristo Se\u00f1or de la historia te necesitamos\u201d;\u00a1La Iglesia Argentina reza por la Patria!\" \/>\n<meta name=\"robots\" content=\"index, follow, max-snippet:-1, max-image-preview:large, max-video-preview:-1\" \/>\n<link rel=\"canonical\" href=\"https:\/\/nahuelproducciones.com.ar\/radioquijano\/la-iglesia-llama-a-una-jornada-de-oracion-y-ayuno-por-la-patria\/\" \/>\n<meta property=\"og:locale\" content=\"es_ES\" \/>\n<meta property=\"og:type\" content=\"article\" \/>\n<meta property=\"og:title\" content=\"La Iglesia llama a una jornada de &quot;oraci\u00f3n y ayuno por la Patria&quot; - RQ 99.9\" \/>\n<meta property=\"og:description\" content=\"\u201cJesucristo Se\u00f1or de la historia te necesitamos\u201d;\u00a1La Iglesia Argentina reza por la Patria!\" \/>\n<meta property=\"og:url\" content=\"https:\/\/nahuelproducciones.com.ar\/radioquijano\/la-iglesia-llama-a-una-jornada-de-oracion-y-ayuno-por-la-patria\/\" \/>\n<meta property=\"og:site_name\" content=\"RQ 99.9\" \/>\n<meta property=\"article:publisher\" content=\"https:\/\/www.facebook.com\/nahuelproducciones999\/\" \/>\n<meta property=\"article:published_time\" content=\"2023-11-17T11:21:52+00:00\" \/>\n<meta property=\"article:modified_time\" content=\"2023-11-17T12:29:44+00:00\" \/>\n<meta property=\"og:image\" content=\"https:\/\/nahuelproducciones.com.ar\/radioquijano\/wp-content\/uploads\/2023\/11\/401660585_762602109227299_7187443780378380352_n.jpg\" \/>\n\t<meta property=\"og:image:width\" content=\"509\" \/>\n\t<meta property=\"og:image:height\" content=\"720\" \/>\n\t<meta property=\"og:image:type\" content=\"image\/jpeg\" \/>\n<meta name=\"author\" content=\"Cecilia Pastrana\" \/>\n<meta name=\"twitter:card\" content=\"summary_large_image\" \/>\n<meta name=\"twitter:creator\" content=\"@nahuproduciones\" \/>\n<meta name=\"twitter:site\" content=\"@nahuproduciones\" \/>\n<meta name=\"twitter:label1\" content=\"Escrito por\" \/>\n\t<meta name=\"twitter:data1\" content=\"Cecilia Pastrana\" \/>\n\t<meta name=\"twitter:label2\" content=\"Tiempo de lectura\" \/>\n\t<meta name=\"twitter:data2\" content=\"2 minutos\" \/>\n<script type=\"application\/ld+json\" class=\"yoast-schema-graph\">{\"@context\":\"https:\/\/schema.org\",\"@graph\":[{\"@type\":\"WebPage\",\"@id\":\"https:\/\/nahuelproducciones.com.ar\/radioquijano\/la-iglesia-llama-a-una-jornada-de-oracion-y-ayuno-por-la-patria\/\",\"url\":\"https:\/\/nahuelproducciones.com.ar\/radioquijano\/la-iglesia-llama-a-una-jornada-de-oracion-y-ayuno-por-la-patria\/\",\"name\":\"La Iglesia llama a una jornada de \\\"oraci\u00f3n y ayuno por la Patria\\\" - RQ 99.9\",\"isPartOf\":{\"@id\":\"https:\/\/nahuelproducciones.com.ar\/radioquijano\/#website\"},\"datePublished\":\"2023-11-17T11:21:52+00:00\",\"dateModified\":\"2023-11-17T12:29:44+00:00\",\"author\":{\"@id\":\"https:\/\/nahuelproducciones.com.ar\/radioquijano\/#\/schema\/person\/e8a4f939e2cb487fe6d0c54042c9d32c\"},\"description\":\"\u201cJesucristo Se\u00f1or de la historia te necesitamos\u201d;\u00a1La Iglesia Argentina reza por la Patria!\",\"breadcrumb\":{\"@id\":\"https:\/\/nahuelproducciones.com.ar\/radioquijano\/la-iglesia-llama-a-una-jornada-de-oracion-y-ayuno-por-la-patria\/#breadcrumb\"},\"inLanguage\":\"es\",\"potentialAction\":[{\"@type\":\"ReadAction\",\"target\":[\"https:\/\/nahuelproducciones.com.ar\/radioquijano\/la-iglesia-llama-a-una-jornada-de-oracion-y-ayuno-por-la-patria\/\"]}]},{\"@type\":\"BreadcrumbList\",\"@id\":\"https:\/\/nahuelproducciones.com.ar\/radioquijano\/la-iglesia-llama-a-una-jornada-de-oracion-y-ayuno-por-la-patria\/#breadcrumb\",\"itemListElement\":[{\"@type\":\"ListItem\",\"position\":1,\"name\":\"Portada\",\"item\":\"https:\/\/nahuelproducciones.com.ar\/radioquijano\/\"},{\"@type\":\"ListItem\",\"position\":2,\"name\":\"La Iglesia llama a una jornada de &#8220;oraci\u00f3n y ayuno por la Patria&#8221;\"}]},{\"@type\":\"WebSite\",\"@id\":\"https:\/\/nahuelproducciones.com.ar\/radioquijano\/#website\",\"url\":\"https:\/\/nahuelproducciones.com.ar\/radioquijano\/\",\"name\":\"RQ 99.9\",\"description\":\"Radio Quijano 99.9 MHz\",\"potentialAction\":[{\"@type\":\"SearchAction\",\"target\":{\"@type\":\"EntryPoint\",\"urlTemplate\":\"https:\/\/nahuelproducciones.com.ar\/radioquijano\/?s={search_term_string}\"},\"query-input\":\"required name=search_term_string\"}],\"inLanguage\":\"es\"},{\"@type\":\"Person\",\"@id\":\"https:\/\/nahuelproducciones.com.ar\/radioquijano\/#\/schema\/person\/e8a4f939e2cb487fe6d0c54042c9d32c\",\"name\":\"Cecilia Pastrana\",\"image\":{\"@type\":\"ImageObject\",\"inLanguage\":\"es\",\"@id\":\"https:\/\/nahuelproducciones.com.ar\/radioquijano\/#\/schema\/person\/image\/\",\"url\":\"https:\/\/secure.gravatar.com\/avatar\/661a3ef63a8488d4f2794ed44af8cf71420f7e106f3072c40125114df5157749?s=96&d=mm&r=g\",\"contentUrl\":\"https:\/\/secure.gravatar.com\/avatar\/661a3ef63a8488d4f2794ed44af8cf71420f7e106f3072c40125114df5157749?s=96&d=mm&r=g\",\"caption\":\"Cecilia Pastrana\"},\"sameAs\":[\"cecy\"],\"url\":\"https:\/\/nahuelproducciones.com.ar\/radioquijano\/author\/cecy\/\"}]}<\/script>\n<!-- \/ Yoast SEO plugin. -->","yoast_head_json":{"title":"La Iglesia llama a una jornada de \"oraci\u00f3n y ayuno por la Patria\" - RQ 99.9","description":"\u201cJesucristo Se\u00f1or de la historia te necesitamos\u201d;\u00a1La Iglesia Argentina reza por la Patria!","robots":{"index":"index","follow":"follow","max-snippet":"max-snippet:-1","max-image-preview":"max-image-preview:large","max-video-preview":"max-video-preview:-1"},"canonical":"https:\/\/nahuelproducciones.com.ar\/radioquijano\/la-iglesia-llama-a-una-jornada-de-oracion-y-ayuno-por-la-patria\/","og_locale":"es_ES","og_type":"article","og_title":"La Iglesia llama a una jornada de \"oraci\u00f3n y ayuno por la Patria\" - RQ 99.9","og_description":"\u201cJesucristo Se\u00f1or de la historia te necesitamos\u201d;\u00a1La Iglesia Argentina reza por la Patria!","og_url":"https:\/\/nahuelproducciones.com.ar\/radioquijano\/la-iglesia-llama-a-una-jornada-de-oracion-y-ayuno-por-la-patria\/","og_site_name":"RQ 99.9","article_publisher":"https:\/\/www.facebook.com\/nahuelproducciones999\/","article_published_time":"2023-11-17T11:21:52+00:00","article_modified_time":"2023-11-17T12:29:44+00:00","og_image":[{"width":509,"height":720,"url":"https:\/\/nahuelproducciones.com.ar\/radioquijano\/wp-content\/uploads\/2023\/11\/401660585_762602109227299_7187443780378380352_n.jpg","type":"image\/jpeg"}],"author":"Cecilia Pastrana","twitter_card":"summary_large_image","twitter_creator":"@nahuproduciones","twitter_site":"@nahuproduciones","twitter_misc":{"Escrito por":"Cecilia Pastrana","Tiempo de lectura":"2 minutos"},"schema":{"@context":"https:\/\/schema.org","@graph":[{"@type":"WebPage","@id":"https:\/\/nahuelproducciones.com.ar\/radioquijano\/la-iglesia-llama-a-una-jornada-de-oracion-y-ayuno-por-la-patria\/","url":"https:\/\/nahuelproducciones.com.ar\/radioquijano\/la-iglesia-llama-a-una-jornada-de-oracion-y-ayuno-por-la-patria\/","name":"La Iglesia llama a una jornada de \"oraci\u00f3n y ayuno por la Patria\" - RQ 99.9","isPartOf":{"@id":"https:\/\/nahuelproducciones.com.ar\/radioquijano\/#website"},"datePublished":"2023-11-17T11:21:52+00:00","dateModified":"2023-11-17T12:29:44+00:00","author":{"@id":"https:\/\/nahuelproducciones.com.ar\/radioquijano\/#\/schema\/person\/e8a4f939e2cb487fe6d0c54042c9d32c"},"description":"\u201cJesucristo Se\u00f1or de la historia te necesitamos\u201d;\u00a1La Iglesia Argentina reza por la Patria!","breadcrumb":{"@id":"https:\/\/nahuelproducciones.com.ar\/radioquijano\/la-iglesia-llama-a-una-jornada-de-oracion-y-ayuno-por-la-patria\/#breadcrumb"},"inLanguage":"es","potentialAction":[{"@type":"ReadAction","target":["https:\/\/nahuelproducciones.com.ar\/radioquijano\/la-iglesia-llama-a-una-jornada-de-oracion-y-ayuno-por-la-patria\/"]}]},{"@type":"BreadcrumbList","@id":"https:\/\/nahuelproducciones.com.ar\/radioquijano\/la-iglesia-llama-a-una-jornada-de-oracion-y-ayuno-por-la-patria\/#breadcrumb","itemListElement":[{"@type":"ListItem","position":1,"name":"Portada","item":"https:\/\/nahuelproducciones.com.ar\/radioquijano\/"},{"@type":"ListItem","position":2,"name":"La Iglesia llama a una jornada de &#8220;oraci\u00f3n y ayuno por la Patria&#8221;"}]},{"@type":"WebSite","@id":"https:\/\/nahuelproducciones.com.ar\/radioquijano\/#website","url":"https:\/\/nahuelproducciones.com.ar\/radioquijano\/","name":"RQ 99.9","description":"Radio Quijano 99.9 MHz","potentialAction":[{"@type":"SearchAction","target":{"@type":"EntryPoint","urlTemplate":"https:\/\/nahuelproducciones.com.ar\/radioquijano\/?s={search_term_string}"},"query-input":"required name=search_term_string"}],"inLanguage":"es"},{"@type":"Person","@id":"https:\/\/nahuelproducciones.com.ar\/radioquijano\/#\/schema\/person\/e8a4f939e2cb487fe6d0c54042c9d32c","name":"Cecilia Pastrana","image":{"@type":"ImageObject","inLanguage":"es","@id":"https:\/\/nahuelproducciones.com.ar\/radioquijano\/#\/schema\/person\/image\/","url":"https:\/\/secure.gravatar.com\/avatar\/661a3ef63a8488d4f2794ed44af8cf71420f7e106f3072c40125114df5157749?s=96&d=mm&r=g","contentUrl":"https:\/\/secure.gravatar.com\/avatar\/661a3ef63a8488d4f2794ed44af8cf71420f7e106f3072c40125114df5157749?s=96&d=mm&r=g","caption":"Cecilia Pastrana"},"sameAs":["cecy"],"url":"https:\/\/nahuelproducciones.com.ar\/radioquijano\/author\/cecy\/"}]}},"_links":{"self":[{"href":"https:\/\/nahuelproducciones.com.ar\/radioquijano\/wp-json\/wp\/v2\/posts\/6305","targetHints":{"allow":["GET"]}}],"collection":[{"href":"https:\/\/nahuelproducciones.com.ar\/radioquijano\/wp-json\/wp\/v2\/posts"}],"about":[{"href":"https:\/\/nahuelproducciones.com.ar\/radioquijano\/wp-json\/wp\/v2\/types\/post"}],"author":[{"embeddable":true,"href":"https:\/\/nahuelproducciones.com.ar\/radioquijano\/wp-json\/wp\/v2\/users\/8"}],"replies":[{"embeddable":true,"href":"https:\/\/nahuelproducciones.com.ar\/radioquijano\/wp-json\/wp\/v2\/comments?post=6305"}],"version-history":[{"count":2,"href":"https:\/\/nahuelproducciones.com.ar\/radioquijano\/wp-json\/wp\/v2\/posts\/6305\/revisions"}],"predecessor-version":[{"id":6310,"href":"https:\/\/nahuelproducciones.com.ar\/radioquijano\/wp-json\/wp\/v2\/posts\/6305\/revisions\/6310"}],"wp:featuredmedia":[{"embeddable":true,"href":"https:\/\/nahuelproducciones.com.ar\/radioquijano\/wp-json\/wp\/v2\/media\/6306"}],"wp:attachment":[{"href":"https:\/\/nahuelproducciones.com.ar\/radioquijano\/wp-json\/wp\/v2\/media?parent=6305"}],"wp:term":[{"taxonomy":"category","embeddable":true,"href":"https:\/\/nahuelproducciones.com.ar\/radioquijano\/wp-json\/wp\/v2\/categories?post=6305"},{"taxonomy":"post_tag","embeddable":true,"href":"https:\/\/nahuelproducciones.com.ar\/radioquijano\/wp-json\/wp\/v2\/tags?post=6305"}],"curies":[{"name":"wp","href":"https:\/\/api.w.org\/{rel}","templated":true}]}}