{"id":6322,"date":"2023-11-22T23:51:12","date_gmt":"2023-11-23T02:51:12","guid":{"rendered":"https:\/\/nahuelproducciones.com.ar\/radioquijano\/?p=6322"},"modified":"2023-11-22T23:52:39","modified_gmt":"2023-11-23T02:52:39","slug":"homenaje-a-gladys-plaza-la-negrita","status":"publish","type":"post","link":"https:\/\/nahuelproducciones.com.ar\/radioquijano\/homenaje-a-gladys-plaza-la-negrita\/","title":{"rendered":"HOMENAJE A GLADYS PLAZA, \u00abLA NEGRITA\u00bb."},"content":{"rendered":"\n<p>En el d\u00eda Nacional de la Enfermer\u00eda, en el Hospital Dr. Francisco Herrera de Campo Quijano, rindieron un homenaje a la tan querida Lic. Gladys Plaza,\u00bb cuyo compromiso inquebrantable y su calidez humana, dej\u00f3 huellas imborrables en nuestros corazones\u00bb, manifiestan en el nosocomio.<\/p>\n\n\n\n<p>El nuevo internado de adultos lleva, a partir de hoy, su nombre, Gladys Plaza, que fue jefa de enfermer\u00eda, dedic\u00f3 su vida al hospital y estuvo las 24 horas del d\u00eda disponible para los pacientes y para sus compa\u00f1eros en todo momento y m\u00e1s en \u00e9poca del covid.<\/p>\n\n\n\n<p>Gladys Plaza, \u00abnegrita\u00bb falleci\u00f3 el 24 de febrero de est\u00e9 a\u00f1o y ser\u00e1 recordada como un ser lleno de luz, de     alegr\u00eda, una persona  bondadosa y dedicada con amor a su trabajo.<\/p>\n\n\n<p><iframe loading=\"lazy\" src=\"https:\/\/www.facebook.com\/plugins\/video.php?height=476&#038;href=https%3A%2F%2Fwww.facebook.com%2F100063465734931%2Fvideos%2F711599893922932%2F&#038;show_text=false&#038;width=457&#038;t=0\" width=\"460\" height=\"479\" style=\"border:none;overflow:hidden\" scrolling=\"no\" frameborder=\"0\" allowfullscreen=\"true\" allow=\"autoplay; clipboard-write; encrypted-media; picture-in-picture; web-share\" allowFullScreen=\"true\"><\/iframe><\/p>\n\n\n<div class=\"wp-block-image\">\n<figure class=\"aligncenter size-large is-resized\"><img loading=\"lazy\" decoding=\"async\" src=\"https:\/\/nahuelproducciones.com.ar\/radioquijano\/wp-content\/uploads\/2023\/11\/Imagen-de-WhatsApp-2023-11-22-a-las-23.45.19_6f14b904-1024x532.jpg\" alt=\"\" class=\"wp-image-6324\" width=\"724\" height=\"376\" srcset=\"https:\/\/nahuelproducciones.com.ar\/radioquijano\/wp-content\/uploads\/2023\/11\/Imagen-de-WhatsApp-2023-11-22-a-las-23.45.19_6f14b904-1024x532.jpg 1024w, https:\/\/nahuelproducciones.com.ar\/radioquijano\/wp-content\/uploads\/2023\/11\/Imagen-de-WhatsApp-2023-11-22-a-las-23.45.19_6f14b904-300x156.jpg 300w, https:\/\/nahuelproducciones.com.ar\/radioquijano\/wp-content\/uploads\/2023\/11\/Imagen-de-WhatsApp-2023-11-22-a-las-23.45.19_6f14b904-768x399.jpg 768w, https:\/\/nahuelproducciones.com.ar\/radioquijano\/wp-content\/uploads\/2023\/11\/Imagen-de-WhatsApp-2023-11-22-a-las-23.45.19_6f14b904-150x78.jpg 150w, https:\/\/nahuelproducciones.com.ar\/radioquijano\/wp-content\/uploads\/2023\/11\/Imagen-de-WhatsApp-2023-11-22-a-las-23.45.19_6f14b904.jpg 1280w\" sizes=\"auto, (max-width: 724px) 100vw, 724px\" \/><\/figure><\/div>","protected":false},"excerpt":{"rendered":"<p>En el d\u00eda Nacional de la Enfermer\u00eda, en el Hospital Dr. Francisco Herrera de Campo Quijano, rindieron un homenaje a la tan querida Lic. Gladys Plaza,\u00bb cuyo compromiso inquebrantable y su calidez humana, dej\u00f3 huellas imborrables en nuestros corazones\u00bb, manifiestan en el nosocomio. El nuevo internado de adultos lleva, a partir de hoy, su nombre, [&hellip;]<\/p>\n","protected":false},"author":8,"featured_media":6323,"comment_status":"open","ping_status":"open","sticky":false,"template":"","format":"standard","meta":{"_monsterinsights_skip_tracking":false,"_monsterinsights_sitenote_active":false,"_monsterinsights_sitenote_note":"","_monsterinsights_sitenote_category":0,"footnotes":""},"categories":[18,16],"tags":[1338,471,100],"class_list":["post-6322","post","type-post","status-publish","format-standard","has-post-thumbnail","hentry","category-covid-19","category-noticias","tag-homenaje-a-gladys-plaza","tag-hospital-dr-francisco-herrera-2","tag-municipio-de-campo-quijano"],"yoast_head":"<!-- This site is optimized with the Yoast SEO plugin v20.8 - https:\/\/yoast.com\/wordpress\/plugins\/seo\/ -->\n<title>HOMENAJE A GLADYS PLAZA, &quot;LA NEGRITA&quot;. - RQ 99.9<\/title>\n<meta name=\"description\" content=\"Gladys Plaza, que fue jefa de enfermer\u00eda y dedic\u00f3 su vida al hospital\" \/>\n<meta name=\"robots\" content=\"index, follow, max-snippet:-1, max-image-preview:large, max-video-preview:-1\" \/>\n<link rel=\"canonical\" href=\"https:\/\/nahuelproducciones.com.ar\/radioquijano\/homenaje-a-gladys-plaza-la-negrita\/\" \/>\n<meta property=\"og:locale\" content=\"es_ES\" \/>\n<meta property=\"og:type\" content=\"article\" \/>\n<meta property=\"og:title\" content=\"HOMENAJE A GLADYS PLAZA, &quot;LA NEGRITA&quot;. - RQ 99.9\" \/>\n<meta property=\"og:description\" content=\"Gladys Plaza, que fue jefa de enfermer\u00eda y dedic\u00f3 su vida al hospital\" \/>\n<meta property=\"og:url\" content=\"https:\/\/nahuelproducciones.com.ar\/radioquijano\/homenaje-a-gladys-plaza-la-negrita\/\" \/>\n<meta property=\"og:site_name\" content=\"RQ 99.9\" \/>\n<meta property=\"article:publisher\" content=\"https:\/\/www.facebook.com\/nahuelproducciones999\/\" \/>\n<meta property=\"article:published_time\" content=\"2023-11-23T02:51:12+00:00\" \/>\n<meta property=\"article:modified_time\" content=\"2023-11-23T02:52:39+00:00\" \/>\n<meta property=\"og:image\" content=\"https:\/\/nahuelproducciones.com.ar\/radioquijano\/wp-content\/uploads\/2023\/11\/Imagen-de-WhatsApp-2023-11-21-a-las-11.54.18_f571ba13-e1700707664424.jpg\" \/>\n\t<meta property=\"og:image:width\" content=\"700\" \/>\n\t<meta property=\"og:image:height\" content=\"700\" \/>\n\t<meta property=\"og:image:type\" content=\"image\/jpeg\" \/>\n<meta name=\"author\" content=\"Cecilia Pastrana\" \/>\n<meta name=\"twitter:card\" content=\"summary_large_image\" \/>\n<meta name=\"twitter:creator\" content=\"@nahuproduciones\" \/>\n<meta name=\"twitter:site\" content=\"@nahuproduciones\" \/>\n<meta name=\"twitter:label1\" content=\"Escrito por\" \/>\n\t<meta name=\"twitter:data1\" content=\"Cecilia Pastrana\" \/>\n\t<meta name=\"twitter:label2\" content=\"Tiempo de lectura\" \/>\n\t<meta name=\"twitter:data2\" content=\"1 minuto\" \/>\n<script type=\"application\/ld+json\" class=\"yoast-schema-graph\">{\"@context\":\"https:\/\/schema.org\",\"@graph\":[{\"@type\":\"WebPage\",\"@id\":\"https:\/\/nahuelproducciones.com.ar\/radioquijano\/homenaje-a-gladys-plaza-la-negrita\/\",\"url\":\"https:\/\/nahuelproducciones.com.ar\/radioquijano\/homenaje-a-gladys-plaza-la-negrita\/\",\"name\":\"HOMENAJE A GLADYS PLAZA, \\\"LA NEGRITA\\\". - RQ 99.9\",\"isPartOf\":{\"@id\":\"https:\/\/nahuelproducciones.com.ar\/radioquijano\/#website\"},\"datePublished\":\"2023-11-23T02:51:12+00:00\",\"dateModified\":\"2023-11-23T02:52:39+00:00\",\"author\":{\"@id\":\"https:\/\/nahuelproducciones.com.ar\/radioquijano\/#\/schema\/person\/e8a4f939e2cb487fe6d0c54042c9d32c\"},\"description\":\"Gladys Plaza, que fue jefa de enfermer\u00eda y dedic\u00f3 su vida al hospital\",\"breadcrumb\":{\"@id\":\"https:\/\/nahuelproducciones.com.ar\/radioquijano\/homenaje-a-gladys-plaza-la-negrita\/#breadcrumb\"},\"inLanguage\":\"es\",\"potentialAction\":[{\"@type\":\"ReadAction\",\"target\":[\"https:\/\/nahuelproducciones.com.ar\/radioquijano\/homenaje-a-gladys-plaza-la-negrita\/\"]}]},{\"@type\":\"BreadcrumbList\",\"@id\":\"https:\/\/nahuelproducciones.com.ar\/radioquijano\/homenaje-a-gladys-plaza-la-negrita\/#breadcrumb\",\"itemListElement\":[{\"@type\":\"ListItem\",\"position\":1,\"name\":\"Portada\",\"item\":\"https:\/\/nahuelproducciones.com.ar\/radioquijano\/\"},{\"@type\":\"ListItem\",\"position\":2,\"name\":\"HOMENAJE A GLADYS PLAZA, &#8220;LA NEGRITA&#8221;.\"}]},{\"@type\":\"WebSite\",\"@id\":\"https:\/\/nahuelproducciones.com.ar\/radioquijano\/#website\",\"url\":\"https:\/\/nahuelproducciones.com.ar\/radioquijano\/\",\"name\":\"RQ 99.9\",\"description\":\"Radio Quijano 99.9 MHz\",\"potentialAction\":[{\"@type\":\"SearchAction\",\"target\":{\"@type\":\"EntryPoint\",\"urlTemplate\":\"https:\/\/nahuelproducciones.com.ar\/radioquijano\/?s={search_term_string}\"},\"query-input\":\"required name=search_term_string\"}],\"inLanguage\":\"es\"},{\"@type\":\"Person\",\"@id\":\"https:\/\/nahuelproducciones.com.ar\/radioquijano\/#\/schema\/person\/e8a4f939e2cb487fe6d0c54042c9d32c\",\"name\":\"Cecilia Pastrana\",\"image\":{\"@type\":\"ImageObject\",\"inLanguage\":\"es\",\"@id\":\"https:\/\/nahuelproducciones.com.ar\/radioquijano\/#\/schema\/person\/image\/\",\"url\":\"https:\/\/secure.gravatar.com\/avatar\/661a3ef63a8488d4f2794ed44af8cf71420f7e106f3072c40125114df5157749?s=96&d=mm&r=g\",\"contentUrl\":\"https:\/\/secure.gravatar.com\/avatar\/661a3ef63a8488d4f2794ed44af8cf71420f7e106f3072c40125114df5157749?s=96&d=mm&r=g\",\"caption\":\"Cecilia Pastrana\"},\"sameAs\":[\"cecy\"],\"url\":\"https:\/\/nahuelproducciones.com.ar\/radioquijano\/author\/cecy\/\"}]}<\/script>\n<!-- \/ Yoast SEO plugin. -->","yoast_head_json":{"title":"HOMENAJE A GLADYS PLAZA, \"LA NEGRITA\". - RQ 99.9","description":"Gladys Plaza, que fue jefa de enfermer\u00eda y dedic\u00f3 su vida al hospital","robots":{"index":"index","follow":"follow","max-snippet":"max-snippet:-1","max-image-preview":"max-image-preview:large","max-video-preview":"max-video-preview:-1"},"canonical":"https:\/\/nahuelproducciones.com.ar\/radioquijano\/homenaje-a-gladys-plaza-la-negrita\/","og_locale":"es_ES","og_type":"article","og_title":"HOMENAJE A GLADYS PLAZA, \"LA NEGRITA\". - RQ 99.9","og_description":"Gladys Plaza, que fue jefa de enfermer\u00eda y dedic\u00f3 su vida al hospital","og_url":"https:\/\/nahuelproducciones.com.ar\/radioquijano\/homenaje-a-gladys-plaza-la-negrita\/","og_site_name":"RQ 99.9","article_publisher":"https:\/\/www.facebook.com\/nahuelproducciones999\/","article_published_time":"2023-11-23T02:51:12+00:00","article_modified_time":"2023-11-23T02:52:39+00:00","og_image":[{"width":700,"height":700,"url":"https:\/\/nahuelproducciones.com.ar\/radioquijano\/wp-content\/uploads\/2023\/11\/Imagen-de-WhatsApp-2023-11-21-a-las-11.54.18_f571ba13-e1700707664424.jpg","type":"image\/jpeg"}],"author":"Cecilia Pastrana","twitter_card":"summary_large_image","twitter_creator":"@nahuproduciones","twitter_site":"@nahuproduciones","twitter_misc":{"Escrito por":"Cecilia Pastrana","Tiempo de lectura":"1 minuto"},"schema":{"@context":"https:\/\/schema.org","@graph":[{"@type":"WebPage","@id":"https:\/\/nahuelproducciones.com.ar\/radioquijano\/homenaje-a-gladys-plaza-la-negrita\/","url":"https:\/\/nahuelproducciones.com.ar\/radioquijano\/homenaje-a-gladys-plaza-la-negrita\/","name":"HOMENAJE A GLADYS PLAZA, \"LA NEGRITA\". - RQ 99.9","isPartOf":{"@id":"https:\/\/nahuelproducciones.com.ar\/radioquijano\/#website"},"datePublished":"2023-11-23T02:51:12+00:00","dateModified":"2023-11-23T02:52:39+00:00","author":{"@id":"https:\/\/nahuelproducciones.com.ar\/radioquijano\/#\/schema\/person\/e8a4f939e2cb487fe6d0c54042c9d32c"},"description":"Gladys Plaza, que fue jefa de enfermer\u00eda y dedic\u00f3 su vida al hospital","breadcrumb":{"@id":"https:\/\/nahuelproducciones.com.ar\/radioquijano\/homenaje-a-gladys-plaza-la-negrita\/#breadcrumb"},"inLanguage":"es","potentialAction":[{"@type":"ReadAction","target":["https:\/\/nahuelproducciones.com.ar\/radioquijano\/homenaje-a-gladys-plaza-la-negrita\/"]}]},{"@type":"BreadcrumbList","@id":"https:\/\/nahuelproducciones.com.ar\/radioquijano\/homenaje-a-gladys-plaza-la-negrita\/#breadcrumb","itemListElement":[{"@type":"ListItem","position":1,"name":"Portada","item":"https:\/\/nahuelproducciones.com.ar\/radioquijano\/"},{"@type":"ListItem","position":2,"name":"HOMENAJE A GLADYS PLAZA, &#8220;LA NEGRITA&#8221;."}]},{"@type":"WebSite","@id":"https:\/\/nahuelproducciones.com.ar\/radioquijano\/#website","url":"https:\/\/nahuelproducciones.com.ar\/radioquijano\/","name":"RQ 99.9","description":"Radio Quijano 99.9 MHz","potentialAction":[{"@type":"SearchAction","target":{"@type":"EntryPoint","urlTemplate":"https:\/\/nahuelproducciones.com.ar\/radioquijano\/?s={search_term_string}"},"query-input":"required name=search_term_string"}],"inLanguage":"es"},{"@type":"Person","@id":"https:\/\/nahuelproducciones.com.ar\/radioquijano\/#\/schema\/person\/e8a4f939e2cb487fe6d0c54042c9d32c","name":"Cecilia Pastrana","image":{"@type":"ImageObject","inLanguage":"es","@id":"https:\/\/nahuelproducciones.com.ar\/radioquijano\/#\/schema\/person\/image\/","url":"https:\/\/secure.gravatar.com\/avatar\/661a3ef63a8488d4f2794ed44af8cf71420f7e106f3072c40125114df5157749?s=96&d=mm&r=g","contentUrl":"https:\/\/secure.gravatar.com\/avatar\/661a3ef63a8488d4f2794ed44af8cf71420f7e106f3072c40125114df5157749?s=96&d=mm&r=g","caption":"Cecilia Pastrana"},"sameAs":["cecy"],"url":"https:\/\/nahuelproducciones.com.ar\/radioquijano\/author\/cecy\/"}]}},"_links":{"self":[{"href":"https:\/\/nahuelproducciones.com.ar\/radioquijano\/wp-json\/wp\/v2\/posts\/6322","targetHints":{"allow":["GET"]}}],"collection":[{"href":"https:\/\/nahuelproducciones.com.ar\/radioquijano\/wp-json\/wp\/v2\/posts"}],"about":[{"href":"https:\/\/nahuelproducciones.com.ar\/radioquijano\/wp-json\/wp\/v2\/types\/post"}],"author":[{"embeddable":true,"href":"https:\/\/nahuelproducciones.com.ar\/radioquijano\/wp-json\/wp\/v2\/users\/8"}],"replies":[{"embeddable":true,"href":"https:\/\/nahuelproducciones.com.ar\/radioquijano\/wp-json\/wp\/v2\/comments?post=6322"}],"version-history":[{"count":2,"href":"https:\/\/nahuelproducciones.com.ar\/radioquijano\/wp-json\/wp\/v2\/posts\/6322\/revisions"}],"predecessor-version":[{"id":6326,"href":"https:\/\/nahuelproducciones.com.ar\/radioquijano\/wp-json\/wp\/v2\/posts\/6322\/revisions\/6326"}],"wp:featuredmedia":[{"embeddable":true,"href":"https:\/\/nahuelproducciones.com.ar\/radioquijano\/wp-json\/wp\/v2\/media\/6323"}],"wp:attachment":[{"href":"https:\/\/nahuelproducciones.com.ar\/radioquijano\/wp-json\/wp\/v2\/media?parent=6322"}],"wp:term":[{"taxonomy":"category","embeddable":true,"href":"https:\/\/nahuelproducciones.com.ar\/radioquijano\/wp-json\/wp\/v2\/categories?post=6322"},{"taxonomy":"post_tag","embeddable":true,"href":"https:\/\/nahuelproducciones.com.ar\/radioquijano\/wp-json\/wp\/v2\/tags?post=6322"}],"curies":[{"name":"wp","href":"https:\/\/api.w.org\/{rel}","templated":true}]}}