{"id":6327,"date":"2023-11-23T03:03:39","date_gmt":"2023-11-23T06:03:39","guid":{"rendered":"https:\/\/nahuelproducciones.com.ar\/radioquijano\/?p=6327"},"modified":"2023-11-23T03:04:45","modified_gmt":"2023-11-23T06:04:45","slug":"al-dr-farfan-lo-nominan-como-juez-de-falta-desestiman-su-tratamiento-denuncian-falsificacion-o-manipulacion-de-informacion-y-lo-despiden-de-su-cargo-de-director-de-transito","status":"publish","type":"post","link":"https:\/\/nahuelproducciones.com.ar\/radioquijano\/al-dr-farfan-lo-nominan-como-juez-de-falta-desestiman-su-tratamiento-denuncian-falsificacion-o-manipulacion-de-informacion-y-lo-despiden-de-su-cargo-de-director-de-transito\/","title":{"rendered":"Al Dr. Farf\u00e1n lo nominan como Juez de Faltas, desestiman su tratamiento, denuncian falsificaci\u00f3n o manipulaci\u00f3n de informaci\u00f3n y lo despiden del cargo de Director de Tr\u00e1nsito."},"content":{"rendered":"\n<p>Por decisi\u00f3n pol\u00edtica que toma el Sr. Intendente, el d\u00eda 16 de noviembre a 09:44 hs, se present\u00f3 al Concejo Deliberante una Resoluci\u00f3n de Designaci\u00f3n de Juez de Faltas al Dr Edmundo Farf\u00e1n . <\/p>\n\n\n\n<p>La nota dirigida a la Presidente del Concejo Deliberante, Sra. Maira Rossetto estaba acompa\u00f1ada por la Resoluci\u00f3n con N\u00b0 196\/23 e ingres\u00f3 para ser tratada en primer lugar en el Orden del D\u00eda, de la Sesi\u00f3n Ordinaria del d\u00eda 21 de noviembre como expediente N\u00b05 527\/ 23 .<\/p>\n\n\n\n<p>El d\u00eda martes 21  y a RQ99.9 Mhz llegaron mensajes de los oyentes que contaban que al Dr. Farf\u00e1n Director de tr\u00e1nsito municipal, no lo dejaban ingresar a la Municipalidad. Tambi\u00e9n nos lleg\u00f3 la nota que envi\u00f3 en la ma\u00f1ana de este d\u00eda el Intendente Folloni al Concejo deliberante y que ingres\u00f3 a  8.00hs. en donde ped\u00eda que el legislativo la devoluci\u00f3n con preferente despacho, del expediente 527\/ 23 del 16\/11\/2023 identificado como \u00abDesignaci\u00f3n de Juez de Faltas al Dr. Edmundo Farf\u00e1n\u00bb, dejando sin efecto su tratamiento.<\/p>\n\n\n\n<p>A continuaci\u00f3n plantea Folloni, en la misma nota lo siguiente: <\/p>\n\n\n\n<p>Informo a todos Uds. mi profunda preocupaci\u00f3n y descontento debido a que he detectado irregularidades manifiestas en dicho expediente ingresado para su tratamiento, toda vez que, en primer lugar se puede denotar que el Numero de Resoluci\u00f3n (196\/23) que se asigna corresponde a otro acto administrativo ya emitido por este D.E.M. por un objeto totalmente distinto (Resol. 196\/23 Jubilaci\u00f3n Barboza H\u00e9ctor); y en segundo lugar, la remisi\u00f3n para el tratamiento de una designaci\u00f3n de juez de falta no fue autorizada por quien suscribe, lo que pone en evidencia una posible falsificaci\u00f3n o manipulaci\u00f3n de informaci\u00f3n con el fin de obtener un resultado favorable para una determinada persona, por lo que corresponde se me remita en devoluci\u00f3n los obrados citados precedentemente.<\/p>\n\n\n\n<p>Al final de la nota informa:<\/p>\n\n\n\n<p>Asimismo, hago saber que se realizar\u00e1 una investigaci\u00f3n exhaustiva sobre estos hechos y se tomaran las medidas necesarias para esclarecer la situaci\u00f3n. Adem\u00e1s, se tomaran las acciones disciplinarias correspondientes contra los responsables, en caso de confirmarse una posible falsedad ideol\u00f3gica en el instrumento objeto de remisi\u00f3n.-<\/p>\n\n\n\n<p>Agradezco de antemano su atenci\u00f3n y pronta respuesta a este pedido, aprovechando la oportunidad para saludarlos con el debido respeto y distinguida consideraci\u00f3n.<\/p>\n\n\n\n<p>Firma : Carlos H. Folloni- Intendente- Municipalidad de Campo Quijano.<\/p>\n\n\n\n<p>Consultado el Dr. Farf\u00e1n por esta situaci\u00f3n y la solicitud de dejar sin efecto su nombramiento , respondi\u00f3 que no sabia de la existencia de esta solicitud, tan es asi que hab\u00eda solicitado hacer uso de su licencia (vacaciones) ya que no hizo uso de ella desde el 2021 a la fecha.<\/p>\n\n\n\n<p>Enterado despu\u00e9s de el contenido de lo consulado afirm\u00f3 que fue el mismo intendente quien firm\u00f3 absolutamente todo, cada una de las hojas del pedido de su designaci\u00f3n de Juez de Faltas y desde legales sali\u00f3 la resoluci\u00f3n con lo que pudo hacer la presentaci\u00f3n el 16 de noviembre  09:44hs. <\/p>\n\n\n\n<p>Ante estos hechos y declaraciones el Dr. Farf\u00e1n lo tratar\u00e1 por v\u00edas legales, se judicializar\u00e1 .<\/p>\n\n\n\n<p>Escucha con atenci\u00f3n la entrevista al Dr. Edmundo Farf\u00e1n.<\/p>\n\n\n\n<figure class=\"wp-block-audio\"><audio controls src=\"https:\/\/nahuelproducciones.com.ar\/radioquijano\/wp-content\/uploads\/2023\/11\/21-11-2023-DR-FARFAN-Y-SU-NO-DESIGNACION-EN-JUEZ-DE-FALTA.mp3\"><\/audio><\/figure>\n\n\n\n<p>En horas del medio d\u00eda se supo que desde la oficina de Personal, su Director el Sr. Sebasti\u00e1n Guti\u00e9rrez le responde al Dr Farf\u00e1n la nota de solicitud de vacaciones , haci\u00e9ndole saber que no dar\u00e1 curso ya que su cargo ya fue revocado mediante Res. N\u00b0209\/2023.<\/p>\n\n\n\n<figure class=\"wp-block-gallery has-nested-images columns-default is-cropped wp-block-gallery-1 is-layout-flex wp-block-gallery-is-layout-flex\">\n<figure class=\"wp-block-image size-large\"><img loading=\"lazy\" decoding=\"async\" width=\"881\" height=\"911\" data-id=\"6352\" src=\"https:\/\/nahuelproducciones.com.ar\/radioquijano\/wp-content\/uploads\/2023\/11\/WhatsApp-Image-2023-11-23-at-2.10.02-AM-4.jpeg\" alt=\"\" class=\"wp-image-6352\" srcset=\"https:\/\/nahuelproducciones.com.ar\/radioquijano\/wp-content\/uploads\/2023\/11\/WhatsApp-Image-2023-11-23-at-2.10.02-AM-4.jpeg 881w, https:\/\/nahuelproducciones.com.ar\/radioquijano\/wp-content\/uploads\/2023\/11\/WhatsApp-Image-2023-11-23-at-2.10.02-AM-4-290x300.jpeg 290w, https:\/\/nahuelproducciones.com.ar\/radioquijano\/wp-content\/uploads\/2023\/11\/WhatsApp-Image-2023-11-23-at-2.10.02-AM-4-768x794.jpeg 768w, https:\/\/nahuelproducciones.com.ar\/radioquijano\/wp-content\/uploads\/2023\/11\/WhatsApp-Image-2023-11-23-at-2.10.02-AM-4-150x155.jpeg 150w\" sizes=\"auto, (max-width: 881px) 100vw, 881px\" \/><\/figure>\n\n\n\n<figure class=\"wp-block-image size-large\"><img loading=\"lazy\" decoding=\"async\" width=\"757\" height=\"1024\" data-id=\"6351\" src=\"https:\/\/nahuelproducciones.com.ar\/radioquijano\/wp-content\/uploads\/2023\/11\/WhatsApp-Image-2023-11-23-at-2.12.35-AM-2-757x1024.jpeg\" alt=\"\" class=\"wp-image-6351\" srcset=\"https:\/\/nahuelproducciones.com.ar\/radioquijano\/wp-content\/uploads\/2023\/11\/WhatsApp-Image-2023-11-23-at-2.12.35-AM-2-757x1024.jpeg 757w, https:\/\/nahuelproducciones.com.ar\/radioquijano\/wp-content\/uploads\/2023\/11\/WhatsApp-Image-2023-11-23-at-2.12.35-AM-2-222x300.jpeg 222w, https:\/\/nahuelproducciones.com.ar\/radioquijano\/wp-content\/uploads\/2023\/11\/WhatsApp-Image-2023-11-23-at-2.12.35-AM-2-768x1038.jpeg 768w, https:\/\/nahuelproducciones.com.ar\/radioquijano\/wp-content\/uploads\/2023\/11\/WhatsApp-Image-2023-11-23-at-2.12.35-AM-2-150x203.jpeg 150w, https:\/\/nahuelproducciones.com.ar\/radioquijano\/wp-content\/uploads\/2023\/11\/WhatsApp-Image-2023-11-23-at-2.12.35-AM-2.jpeg 946w\" sizes=\"auto, (max-width: 757px) 100vw, 757px\" \/><\/figure>\n\n\n\n<figure class=\"wp-block-image size-large\"><img loading=\"lazy\" decoding=\"async\" width=\"691\" height=\"1024\" data-id=\"6353\" src=\"https:\/\/nahuelproducciones.com.ar\/radioquijano\/wp-content\/uploads\/2023\/11\/WhatsApp-Image-2023-11-23-at-2.12.50-AM-3-691x1024.jpeg\" alt=\"\" class=\"wp-image-6353\" srcset=\"https:\/\/nahuelproducciones.com.ar\/radioquijano\/wp-content\/uploads\/2023\/11\/WhatsApp-Image-2023-11-23-at-2.12.50-AM-3-691x1024.jpeg 691w, https:\/\/nahuelproducciones.com.ar\/radioquijano\/wp-content\/uploads\/2023\/11\/WhatsApp-Image-2023-11-23-at-2.12.50-AM-3-203x300.jpeg 203w, https:\/\/nahuelproducciones.com.ar\/radioquijano\/wp-content\/uploads\/2023\/11\/WhatsApp-Image-2023-11-23-at-2.12.50-AM-3-768x1138.jpeg 768w, https:\/\/nahuelproducciones.com.ar\/radioquijano\/wp-content\/uploads\/2023\/11\/WhatsApp-Image-2023-11-23-at-2.12.50-AM-3-150x222.jpeg 150w, https:\/\/nahuelproducciones.com.ar\/radioquijano\/wp-content\/uploads\/2023\/11\/WhatsApp-Image-2023-11-23-at-2.12.50-AM-3.jpeg 937w\" sizes=\"auto, (max-width: 691px) 100vw, 691px\" \/><\/figure>\n\n\n\n<figure class=\"wp-block-image size-large\"><img loading=\"lazy\" decoding=\"async\" width=\"836\" height=\"1024\" data-id=\"6355\" src=\"https:\/\/nahuelproducciones.com.ar\/radioquijano\/wp-content\/uploads\/2023\/11\/WhatsApp-Image-2023-11-23-at-2.13.17-AM-836x1024.jpeg\" alt=\"\" class=\"wp-image-6355\" srcset=\"https:\/\/nahuelproducciones.com.ar\/radioquijano\/wp-content\/uploads\/2023\/11\/WhatsApp-Image-2023-11-23-at-2.13.17-AM-836x1024.jpeg 836w, https:\/\/nahuelproducciones.com.ar\/radioquijano\/wp-content\/uploads\/2023\/11\/WhatsApp-Image-2023-11-23-at-2.13.17-AM-245x300.jpeg 245w, https:\/\/nahuelproducciones.com.ar\/radioquijano\/wp-content\/uploads\/2023\/11\/WhatsApp-Image-2023-11-23-at-2.13.17-AM-768x940.jpeg 768w, https:\/\/nahuelproducciones.com.ar\/radioquijano\/wp-content\/uploads\/2023\/11\/WhatsApp-Image-2023-11-23-at-2.13.17-AM-150x184.jpeg 150w, https:\/\/nahuelproducciones.com.ar\/radioquijano\/wp-content\/uploads\/2023\/11\/WhatsApp-Image-2023-11-23-at-2.13.17-AM.jpeg 861w\" sizes=\"auto, (max-width: 836px) 100vw, 836px\" \/><\/figure>\n\n\n\n<figure class=\"wp-block-image size-large\"><img loading=\"lazy\" decoding=\"async\" width=\"628\" height=\"1024\" data-id=\"6357\" src=\"https:\/\/nahuelproducciones.com.ar\/radioquijano\/wp-content\/uploads\/2023\/11\/WhatsApp-Image-2023-11-23-at-2.13.18-AM-5-628x1024.jpeg\" alt=\"\" class=\"wp-image-6357\" srcset=\"https:\/\/nahuelproducciones.com.ar\/radioquijano\/wp-content\/uploads\/2023\/11\/WhatsApp-Image-2023-11-23-at-2.13.18-AM-5-628x1024.jpeg 628w, https:\/\/nahuelproducciones.com.ar\/radioquijano\/wp-content\/uploads\/2023\/11\/WhatsApp-Image-2023-11-23-at-2.13.18-AM-5-184x300.jpeg 184w, https:\/\/nahuelproducciones.com.ar\/radioquijano\/wp-content\/uploads\/2023\/11\/WhatsApp-Image-2023-11-23-at-2.13.18-AM-5-768x1253.jpeg 768w, https:\/\/nahuelproducciones.com.ar\/radioquijano\/wp-content\/uploads\/2023\/11\/WhatsApp-Image-2023-11-23-at-2.13.18-AM-5-150x245.jpeg 150w, https:\/\/nahuelproducciones.com.ar\/radioquijano\/wp-content\/uploads\/2023\/11\/WhatsApp-Image-2023-11-23-at-2.13.18-AM-5.jpeg 899w\" sizes=\"auto, (max-width: 628px) 100vw, 628px\" \/><\/figure>\n\n\n\n<figure class=\"wp-block-image size-large\"><img loading=\"lazy\" decoding=\"async\" width=\"682\" height=\"1024\" data-id=\"6356\" src=\"https:\/\/nahuelproducciones.com.ar\/radioquijano\/wp-content\/uploads\/2023\/11\/WhatsApp-Image-2023-11-23-at-2.13.18-AM-1-3-682x1024.jpeg\" alt=\"\" class=\"wp-image-6356\" srcset=\"https:\/\/nahuelproducciones.com.ar\/radioquijano\/wp-content\/uploads\/2023\/11\/WhatsApp-Image-2023-11-23-at-2.13.18-AM-1-3-682x1024.jpeg 682w, https:\/\/nahuelproducciones.com.ar\/radioquijano\/wp-content\/uploads\/2023\/11\/WhatsApp-Image-2023-11-23-at-2.13.18-AM-1-3-200x300.jpeg 200w, https:\/\/nahuelproducciones.com.ar\/radioquijano\/wp-content\/uploads\/2023\/11\/WhatsApp-Image-2023-11-23-at-2.13.18-AM-1-3-768x1153.jpeg 768w, https:\/\/nahuelproducciones.com.ar\/radioquijano\/wp-content\/uploads\/2023\/11\/WhatsApp-Image-2023-11-23-at-2.13.18-AM-1-3-150x225.jpeg 150w, https:\/\/nahuelproducciones.com.ar\/radioquijano\/wp-content\/uploads\/2023\/11\/WhatsApp-Image-2023-11-23-at-2.13.18-AM-1-3.jpeg 889w\" sizes=\"auto, (max-width: 682px) 100vw, 682px\" \/><\/figure>\n\n\n\n<figure class=\"wp-block-image size-large\"><img loading=\"lazy\" decoding=\"async\" width=\"933\" height=\"1024\" data-id=\"6354\" src=\"https:\/\/nahuelproducciones.com.ar\/radioquijano\/wp-content\/uploads\/2023\/11\/WhatsApp-Image-2023-11-23-at-2.13.18-AM-2-3-933x1024.jpeg\" alt=\"\" class=\"wp-image-6354\" srcset=\"https:\/\/nahuelproducciones.com.ar\/radioquijano\/wp-content\/uploads\/2023\/11\/WhatsApp-Image-2023-11-23-at-2.13.18-AM-2-3-933x1024.jpeg 933w, https:\/\/nahuelproducciones.com.ar\/radioquijano\/wp-content\/uploads\/2023\/11\/WhatsApp-Image-2023-11-23-at-2.13.18-AM-2-3-273x300.jpeg 273w, https:\/\/nahuelproducciones.com.ar\/radioquijano\/wp-content\/uploads\/2023\/11\/WhatsApp-Image-2023-11-23-at-2.13.18-AM-2-3-768x843.jpeg 768w, https:\/\/nahuelproducciones.com.ar\/radioquijano\/wp-content\/uploads\/2023\/11\/WhatsApp-Image-2023-11-23-at-2.13.18-AM-2-3-150x165.jpeg 150w, https:\/\/nahuelproducciones.com.ar\/radioquijano\/wp-content\/uploads\/2023\/11\/WhatsApp-Image-2023-11-23-at-2.13.18-AM-2-3.jpeg 1024w\" sizes=\"auto, (max-width: 933px) 100vw, 933px\" \/><\/figure>\n<\/figure>\n","protected":false},"excerpt":{"rendered":"<p>Por decisi\u00f3n pol\u00edtica que toma el Sr. Intendente, el d\u00eda 16 de noviembre a 09:44 hs, se present\u00f3 al Concejo Deliberante una Resoluci\u00f3n de Designaci\u00f3n de Juez de Faltas al Dr Edmundo Farf\u00e1n . La nota dirigida a la Presidente del Concejo Deliberante, Sra. Maira Rossetto estaba acompa\u00f1ada por la Resoluci\u00f3n con N\u00b0 196\/23 e [&hellip;]<\/p>\n","protected":false},"author":8,"featured_media":6358,"comment_status":"open","ping_status":"open","sticky":false,"template":"","format":"standard","meta":{"_monsterinsights_skip_tracking":false,"_monsterinsights_sitenote_active":false,"_monsterinsights_sitenote_note":"","_monsterinsights_sitenote_category":0,"footnotes":""},"categories":[6],"tags":[58,138,100,1339],"class_list":["post-6327","post","type-post","status-publish","format-standard","has-post-thumbnail","hentry","category-editorial","tag-carlos-folloni","tag-dr-edmundo-farfan","tag-municipio-de-campo-quijano","tag-sebastian-gutierrez"],"yoast_head":"<!-- This site is optimized with the Yoast SEO plugin v20.8 - https:\/\/yoast.com\/wordpress\/plugins\/seo\/ -->\n<title>Al Dr. Farf\u00e1n lo nominan como Juez de Faltas, desestiman su tratamiento, denuncian falsificaci\u00f3n o manipulaci\u00f3n de informaci\u00f3n y lo despiden del cargo de Director de Tr\u00e1nsito. - RQ 99.9<\/title>\n<meta name=\"description\" content=\"Desde la oficina de Personal, su Director el Sr. Sebasti\u00e1n Guti\u00e9rrez le responde al Dr. Farf\u00e1n la nota de solicitud de vacaciones , haci\u00e9ndole saber que no dar\u00e1 curso ya que su cargo ya fue revocado .\" \/>\n<meta name=\"robots\" content=\"index, follow, max-snippet:-1, max-image-preview:large, max-video-preview:-1\" \/>\n<link rel=\"canonical\" href=\"https:\/\/nahuelproducciones.com.ar\/radioquijano\/al-dr-farfan-lo-nominan-como-juez-de-falta-desestiman-su-tratamiento-denuncian-falsificacion-o-manipulacion-de-informacion-y-lo-despiden-de-su-cargo-de-director-de-transito\/\" \/>\n<meta property=\"og:locale\" content=\"es_ES\" \/>\n<meta property=\"og:type\" content=\"article\" \/>\n<meta property=\"og:title\" content=\"Al Dr. Farf\u00e1n lo nominan como Juez de Faltas, desestiman su tratamiento, denuncian falsificaci\u00f3n o manipulaci\u00f3n de informaci\u00f3n y lo despiden del cargo de Director de Tr\u00e1nsito. - RQ 99.9\" \/>\n<meta property=\"og:description\" content=\"Desde la oficina de Personal, su Director el Sr. Sebasti\u00e1n Guti\u00e9rrez le responde al Dr. Farf\u00e1n la nota de solicitud de vacaciones , haci\u00e9ndole saber que no dar\u00e1 curso ya que su cargo ya fue revocado .\" \/>\n<meta property=\"og:url\" content=\"https:\/\/nahuelproducciones.com.ar\/radioquijano\/al-dr-farfan-lo-nominan-como-juez-de-falta-desestiman-su-tratamiento-denuncian-falsificacion-o-manipulacion-de-informacion-y-lo-despiden-de-su-cargo-de-director-de-transito\/\" \/>\n<meta property=\"og:site_name\" content=\"RQ 99.9\" \/>\n<meta property=\"article:publisher\" content=\"https:\/\/www.facebook.com\/nahuelproducciones999\/\" \/>\n<meta property=\"article:published_time\" content=\"2023-11-23T06:03:39+00:00\" \/>\n<meta property=\"article:modified_time\" content=\"2023-11-23T06:04:45+00:00\" \/>\n<meta property=\"og:image\" content=\"https:\/\/nahuelproducciones.com.ar\/radioquijano\/wp-content\/uploads\/2023\/11\/221871244_4411625628893458_8650934662594375395_n-e1700719395862.jpg\" \/>\n\t<meta property=\"og:image:width\" content=\"540\" \/>\n\t<meta property=\"og:image:height\" content=\"960\" \/>\n\t<meta property=\"og:image:type\" content=\"image\/jpeg\" \/>\n<meta name=\"author\" content=\"Cecilia Pastrana\" \/>\n<meta name=\"twitter:card\" content=\"summary_large_image\" \/>\n<meta name=\"twitter:creator\" content=\"@nahuproduciones\" \/>\n<meta name=\"twitter:site\" content=\"@nahuproduciones\" \/>\n<meta name=\"twitter:label1\" content=\"Escrito por\" \/>\n\t<meta name=\"twitter:data1\" content=\"Cecilia Pastrana\" \/>\n\t<meta name=\"twitter:label2\" content=\"Tiempo de lectura\" \/>\n\t<meta name=\"twitter:data2\" content=\"4 minutos\" \/>\n<script type=\"application\/ld+json\" class=\"yoast-schema-graph\">{\"@context\":\"https:\/\/schema.org\",\"@graph\":[{\"@type\":\"WebPage\",\"@id\":\"https:\/\/nahuelproducciones.com.ar\/radioquijano\/al-dr-farfan-lo-nominan-como-juez-de-falta-desestiman-su-tratamiento-denuncian-falsificacion-o-manipulacion-de-informacion-y-lo-despiden-de-su-cargo-de-director-de-transito\/\",\"url\":\"https:\/\/nahuelproducciones.com.ar\/radioquijano\/al-dr-farfan-lo-nominan-como-juez-de-falta-desestiman-su-tratamiento-denuncian-falsificacion-o-manipulacion-de-informacion-y-lo-despiden-de-su-cargo-de-director-de-transito\/\",\"name\":\"Al Dr. Farf\u00e1n lo nominan como Juez de Faltas, desestiman su tratamiento, denuncian falsificaci\u00f3n o manipulaci\u00f3n de informaci\u00f3n y lo despiden del cargo de Director de Tr\u00e1nsito. - RQ 99.9\",\"isPartOf\":{\"@id\":\"https:\/\/nahuelproducciones.com.ar\/radioquijano\/#website\"},\"datePublished\":\"2023-11-23T06:03:39+00:00\",\"dateModified\":\"2023-11-23T06:04:45+00:00\",\"author\":{\"@id\":\"https:\/\/nahuelproducciones.com.ar\/radioquijano\/#\/schema\/person\/e8a4f939e2cb487fe6d0c54042c9d32c\"},\"description\":\"Desde la oficina de Personal, su Director el Sr. Sebasti\u00e1n Guti\u00e9rrez le responde al Dr. Farf\u00e1n la nota de solicitud de vacaciones , haci\u00e9ndole saber que no dar\u00e1 curso ya que su cargo ya fue revocado .\",\"breadcrumb\":{\"@id\":\"https:\/\/nahuelproducciones.com.ar\/radioquijano\/al-dr-farfan-lo-nominan-como-juez-de-falta-desestiman-su-tratamiento-denuncian-falsificacion-o-manipulacion-de-informacion-y-lo-despiden-de-su-cargo-de-director-de-transito\/#breadcrumb\"},\"inLanguage\":\"es\",\"potentialAction\":[{\"@type\":\"ReadAction\",\"target\":[\"https:\/\/nahuelproducciones.com.ar\/radioquijano\/al-dr-farfan-lo-nominan-como-juez-de-falta-desestiman-su-tratamiento-denuncian-falsificacion-o-manipulacion-de-informacion-y-lo-despiden-de-su-cargo-de-director-de-transito\/\"]}]},{\"@type\":\"BreadcrumbList\",\"@id\":\"https:\/\/nahuelproducciones.com.ar\/radioquijano\/al-dr-farfan-lo-nominan-como-juez-de-falta-desestiman-su-tratamiento-denuncian-falsificacion-o-manipulacion-de-informacion-y-lo-despiden-de-su-cargo-de-director-de-transito\/#breadcrumb\",\"itemListElement\":[{\"@type\":\"ListItem\",\"position\":1,\"name\":\"Portada\",\"item\":\"https:\/\/nahuelproducciones.com.ar\/radioquijano\/\"},{\"@type\":\"ListItem\",\"position\":2,\"name\":\"Al Dr. Farf\u00e1n lo nominan como Juez de Faltas, desestiman su tratamiento, denuncian falsificaci\u00f3n o manipulaci\u00f3n de informaci\u00f3n y lo despiden del cargo de Director de Tr\u00e1nsito.\"}]},{\"@type\":\"WebSite\",\"@id\":\"https:\/\/nahuelproducciones.com.ar\/radioquijano\/#website\",\"url\":\"https:\/\/nahuelproducciones.com.ar\/radioquijano\/\",\"name\":\"RQ 99.9\",\"description\":\"Radio Quijano 99.9 MHz\",\"potentialAction\":[{\"@type\":\"SearchAction\",\"target\":{\"@type\":\"EntryPoint\",\"urlTemplate\":\"https:\/\/nahuelproducciones.com.ar\/radioquijano\/?s={search_term_string}\"},\"query-input\":\"required name=search_term_string\"}],\"inLanguage\":\"es\"},{\"@type\":\"Person\",\"@id\":\"https:\/\/nahuelproducciones.com.ar\/radioquijano\/#\/schema\/person\/e8a4f939e2cb487fe6d0c54042c9d32c\",\"name\":\"Cecilia Pastrana\",\"image\":{\"@type\":\"ImageObject\",\"inLanguage\":\"es\",\"@id\":\"https:\/\/nahuelproducciones.com.ar\/radioquijano\/#\/schema\/person\/image\/\",\"url\":\"https:\/\/secure.gravatar.com\/avatar\/661a3ef63a8488d4f2794ed44af8cf71420f7e106f3072c40125114df5157749?s=96&d=mm&r=g\",\"contentUrl\":\"https:\/\/secure.gravatar.com\/avatar\/661a3ef63a8488d4f2794ed44af8cf71420f7e106f3072c40125114df5157749?s=96&d=mm&r=g\",\"caption\":\"Cecilia Pastrana\"},\"sameAs\":[\"cecy\"],\"url\":\"https:\/\/nahuelproducciones.com.ar\/radioquijano\/author\/cecy\/\"}]}<\/script>\n<!-- \/ Yoast SEO plugin. -->","yoast_head_json":{"title":"Al Dr. Farf\u00e1n lo nominan como Juez de Faltas, desestiman su tratamiento, denuncian falsificaci\u00f3n o manipulaci\u00f3n de informaci\u00f3n y lo despiden del cargo de Director de Tr\u00e1nsito. - RQ 99.9","description":"Desde la oficina de Personal, su Director el Sr. Sebasti\u00e1n Guti\u00e9rrez le responde al Dr. Farf\u00e1n la nota de solicitud de vacaciones , haci\u00e9ndole saber que no dar\u00e1 curso ya que su cargo ya fue revocado .","robots":{"index":"index","follow":"follow","max-snippet":"max-snippet:-1","max-image-preview":"max-image-preview:large","max-video-preview":"max-video-preview:-1"},"canonical":"https:\/\/nahuelproducciones.com.ar\/radioquijano\/al-dr-farfan-lo-nominan-como-juez-de-falta-desestiman-su-tratamiento-denuncian-falsificacion-o-manipulacion-de-informacion-y-lo-despiden-de-su-cargo-de-director-de-transito\/","og_locale":"es_ES","og_type":"article","og_title":"Al Dr. Farf\u00e1n lo nominan como Juez de Faltas, desestiman su tratamiento, denuncian falsificaci\u00f3n o manipulaci\u00f3n de informaci\u00f3n y lo despiden del cargo de Director de Tr\u00e1nsito. - RQ 99.9","og_description":"Desde la oficina de Personal, su Director el Sr. Sebasti\u00e1n Guti\u00e9rrez le responde al Dr. Farf\u00e1n la nota de solicitud de vacaciones , haci\u00e9ndole saber que no dar\u00e1 curso ya que su cargo ya fue revocado .","og_url":"https:\/\/nahuelproducciones.com.ar\/radioquijano\/al-dr-farfan-lo-nominan-como-juez-de-falta-desestiman-su-tratamiento-denuncian-falsificacion-o-manipulacion-de-informacion-y-lo-despiden-de-su-cargo-de-director-de-transito\/","og_site_name":"RQ 99.9","article_publisher":"https:\/\/www.facebook.com\/nahuelproducciones999\/","article_published_time":"2023-11-23T06:03:39+00:00","article_modified_time":"2023-11-23T06:04:45+00:00","og_image":[{"width":540,"height":960,"url":"https:\/\/nahuelproducciones.com.ar\/radioquijano\/wp-content\/uploads\/2023\/11\/221871244_4411625628893458_8650934662594375395_n-e1700719395862.jpg","type":"image\/jpeg"}],"author":"Cecilia Pastrana","twitter_card":"summary_large_image","twitter_creator":"@nahuproduciones","twitter_site":"@nahuproduciones","twitter_misc":{"Escrito por":"Cecilia Pastrana","Tiempo de lectura":"4 minutos"},"schema":{"@context":"https:\/\/schema.org","@graph":[{"@type":"WebPage","@id":"https:\/\/nahuelproducciones.com.ar\/radioquijano\/al-dr-farfan-lo-nominan-como-juez-de-falta-desestiman-su-tratamiento-denuncian-falsificacion-o-manipulacion-de-informacion-y-lo-despiden-de-su-cargo-de-director-de-transito\/","url":"https:\/\/nahuelproducciones.com.ar\/radioquijano\/al-dr-farfan-lo-nominan-como-juez-de-falta-desestiman-su-tratamiento-denuncian-falsificacion-o-manipulacion-de-informacion-y-lo-despiden-de-su-cargo-de-director-de-transito\/","name":"Al Dr. Farf\u00e1n lo nominan como Juez de Faltas, desestiman su tratamiento, denuncian falsificaci\u00f3n o manipulaci\u00f3n de informaci\u00f3n y lo despiden del cargo de Director de Tr\u00e1nsito. - RQ 99.9","isPartOf":{"@id":"https:\/\/nahuelproducciones.com.ar\/radioquijano\/#website"},"datePublished":"2023-11-23T06:03:39+00:00","dateModified":"2023-11-23T06:04:45+00:00","author":{"@id":"https:\/\/nahuelproducciones.com.ar\/radioquijano\/#\/schema\/person\/e8a4f939e2cb487fe6d0c54042c9d32c"},"description":"Desde la oficina de Personal, su Director el Sr. Sebasti\u00e1n Guti\u00e9rrez le responde al Dr. Farf\u00e1n la nota de solicitud de vacaciones , haci\u00e9ndole saber que no dar\u00e1 curso ya que su cargo ya fue revocado .","breadcrumb":{"@id":"https:\/\/nahuelproducciones.com.ar\/radioquijano\/al-dr-farfan-lo-nominan-como-juez-de-falta-desestiman-su-tratamiento-denuncian-falsificacion-o-manipulacion-de-informacion-y-lo-despiden-de-su-cargo-de-director-de-transito\/#breadcrumb"},"inLanguage":"es","potentialAction":[{"@type":"ReadAction","target":["https:\/\/nahuelproducciones.com.ar\/radioquijano\/al-dr-farfan-lo-nominan-como-juez-de-falta-desestiman-su-tratamiento-denuncian-falsificacion-o-manipulacion-de-informacion-y-lo-despiden-de-su-cargo-de-director-de-transito\/"]}]},{"@type":"BreadcrumbList","@id":"https:\/\/nahuelproducciones.com.ar\/radioquijano\/al-dr-farfan-lo-nominan-como-juez-de-falta-desestiman-su-tratamiento-denuncian-falsificacion-o-manipulacion-de-informacion-y-lo-despiden-de-su-cargo-de-director-de-transito\/#breadcrumb","itemListElement":[{"@type":"ListItem","position":1,"name":"Portada","item":"https:\/\/nahuelproducciones.com.ar\/radioquijano\/"},{"@type":"ListItem","position":2,"name":"Al Dr. Farf\u00e1n lo nominan como Juez de Faltas, desestiman su tratamiento, denuncian falsificaci\u00f3n o manipulaci\u00f3n de informaci\u00f3n y lo despiden del cargo de Director de Tr\u00e1nsito."}]},{"@type":"WebSite","@id":"https:\/\/nahuelproducciones.com.ar\/radioquijano\/#website","url":"https:\/\/nahuelproducciones.com.ar\/radioquijano\/","name":"RQ 99.9","description":"Radio Quijano 99.9 MHz","potentialAction":[{"@type":"SearchAction","target":{"@type":"EntryPoint","urlTemplate":"https:\/\/nahuelproducciones.com.ar\/radioquijano\/?s={search_term_string}"},"query-input":"required name=search_term_string"}],"inLanguage":"es"},{"@type":"Person","@id":"https:\/\/nahuelproducciones.com.ar\/radioquijano\/#\/schema\/person\/e8a4f939e2cb487fe6d0c54042c9d32c","name":"Cecilia Pastrana","image":{"@type":"ImageObject","inLanguage":"es","@id":"https:\/\/nahuelproducciones.com.ar\/radioquijano\/#\/schema\/person\/image\/","url":"https:\/\/secure.gravatar.com\/avatar\/661a3ef63a8488d4f2794ed44af8cf71420f7e106f3072c40125114df5157749?s=96&d=mm&r=g","contentUrl":"https:\/\/secure.gravatar.com\/avatar\/661a3ef63a8488d4f2794ed44af8cf71420f7e106f3072c40125114df5157749?s=96&d=mm&r=g","caption":"Cecilia Pastrana"},"sameAs":["cecy"],"url":"https:\/\/nahuelproducciones.com.ar\/radioquijano\/author\/cecy\/"}]}},"_links":{"self":[{"href":"https:\/\/nahuelproducciones.com.ar\/radioquijano\/wp-json\/wp\/v2\/posts\/6327","targetHints":{"allow":["GET"]}}],"collection":[{"href":"https:\/\/nahuelproducciones.com.ar\/radioquijano\/wp-json\/wp\/v2\/posts"}],"about":[{"href":"https:\/\/nahuelproducciones.com.ar\/radioquijano\/wp-json\/wp\/v2\/types\/post"}],"author":[{"embeddable":true,"href":"https:\/\/nahuelproducciones.com.ar\/radioquijano\/wp-json\/wp\/v2\/users\/8"}],"replies":[{"embeddable":true,"href":"https:\/\/nahuelproducciones.com.ar\/radioquijano\/wp-json\/wp\/v2\/comments?post=6327"}],"version-history":[{"count":4,"href":"https:\/\/nahuelproducciones.com.ar\/radioquijano\/wp-json\/wp\/v2\/posts\/6327\/revisions"}],"predecessor-version":[{"id":6361,"href":"https:\/\/nahuelproducciones.com.ar\/radioquijano\/wp-json\/wp\/v2\/posts\/6327\/revisions\/6361"}],"wp:featuredmedia":[{"embeddable":true,"href":"https:\/\/nahuelproducciones.com.ar\/radioquijano\/wp-json\/wp\/v2\/media\/6358"}],"wp:attachment":[{"href":"https:\/\/nahuelproducciones.com.ar\/radioquijano\/wp-json\/wp\/v2\/media?parent=6327"}],"wp:term":[{"taxonomy":"category","embeddable":true,"href":"https:\/\/nahuelproducciones.com.ar\/radioquijano\/wp-json\/wp\/v2\/categories?post=6327"},{"taxonomy":"post_tag","embeddable":true,"href":"https:\/\/nahuelproducciones.com.ar\/radioquijano\/wp-json\/wp\/v2\/tags?post=6327"}],"curies":[{"name":"wp","href":"https:\/\/api.w.org\/{rel}","templated":true}]}}