{"id":6360,"date":"2023-11-23T03:26:44","date_gmt":"2023-11-23T06:26:44","guid":{"rendered":"https:\/\/nahuelproducciones.com.ar\/radioquijano\/?p=6360"},"modified":"2023-11-23T03:26:45","modified_gmt":"2023-11-23T06:26:45","slug":"adolescente-de-campo-quijano-impacto-con-la-moto-y-esta-en-grave-estado","status":"publish","type":"post","link":"https:\/\/nahuelproducciones.com.ar\/radioquijano\/adolescente-de-campo-quijano-impacto-con-la-moto-y-esta-en-grave-estado\/","title":{"rendered":"Adolescente de Campo Quijano imp\u00e1cto con la moto y esta en grave estado."},"content":{"rendered":"\n<p>Un adolescente de 18 a\u00f1os que circulaba a bordo de una moto, ahora est\u00e1 internado en grave estado en el Hospital San Bernardo en Salta Capital,  luego de impactar con un \u00e1rbol el lunes 20 de noviembre cerca de la 5 de la madrugada en Calle Alberdi y Calle Belgrano de Campo Quijano<\/p>\n\n\n\n<p>Su t\u00eda Ivana Flores dialogo con RQ99.9Mhz y conto que recien se enteraron el d\u00eda martes de lo sucedido, que el padre del joven les conto que estaba internado y su estado es delicado<\/p>\n\n\n\n<p>Aparentemente el joven no tenia ninguna documentaci\u00f3n con \u00e9l, por lo que demoraron en dar con la familia, a lo que Ivana se pregunta donde estar\u00e1 su billetera ya que \u00e9l la llevaba siempre con \u00e9l . <\/p>\n\n\n\n<p>La t\u00eda esta solicitando a la comunidad que si vieron algo o saben algo le den informaci\u00f3n, ya que nadie sabe explicarles como fue el accidente y como es que el adolescente fue trasladado de urgencia en c\u00f3digo rojo.<\/p>\n\n\n\n<p>En el Hospital lo operaron en la cabeza y tienen previsto una tomograf\u00eda y con una inyecci\u00f3n quieren despertarlo, ya que hasta ahora no despierta. <\/p>\n\n\n\n<p>Por la preocupaci\u00f3n la familia se aboco a saber el estado de salud del joven y ahora ir\u00e1n a la comisaria local y al hospital de quijano, para saber como fue el accidente. Ante esta situaci\u00f3n,pide saber si hay  testigos , si alhuien dio  aviso inmediato a los sistemas de emergencias\u00a0.<\/p>\n\n\n\n<figure class=\"wp-block-audio\"><audio controls src=\"https:\/\/nahuelproducciones.com.ar\/radioquijano\/wp-content\/uploads\/2023\/11\/22-11-2023-ivana-flores-tia-de-fabricio-alejo-accidente-de-moto-dia-lunes-20-5-hs.mp3\"><\/audio><\/figure>\n","protected":false},"excerpt":{"rendered":"<p>Un adolescente de 18 a\u00f1os que circulaba a bordo de una moto, ahora est\u00e1 internado en grave estado en el Hospital San Bernardo en Salta Capital, luego de impactar con un \u00e1rbol el lunes 20 de noviembre cerca de la 5 de la madrugada en Calle Alberdi y Calle Belgrano de Campo Quijano Su t\u00eda [&hellip;]<\/p>\n","protected":false},"author":8,"featured_media":6363,"comment_status":"open","ping_status":"open","sticky":false,"template":"","format":"standard","meta":{"_monsterinsights_skip_tracking":false,"_monsterinsights_sitenote_active":false,"_monsterinsights_sitenote_note":"","_monsterinsights_sitenote_category":0,"footnotes":""},"categories":[16],"tags":[1340,1341,100],"class_list":["post-6360","post","type-post","status-publish","format-standard","has-post-thumbnail","hentry","category-noticias","tag-accidente-de-moto","tag-grave-estado","tag-municipio-de-campo-quijano"],"yoast_head":"<!-- This site is optimized with the Yoast SEO plugin v20.8 - https:\/\/yoast.com\/wordpress\/plugins\/seo\/ -->\n<title>Adolescente de Campo Quijano imp\u00e1cto con la moto y esta en grave estado. - RQ 99.9<\/title>\n<meta name=\"robots\" content=\"index, follow, max-snippet:-1, max-image-preview:large, max-video-preview:-1\" \/>\n<link rel=\"canonical\" href=\"https:\/\/nahuelproducciones.com.ar\/radioquijano\/adolescente-de-campo-quijano-impacto-con-la-moto-y-esta-en-grave-estado\/\" \/>\n<meta property=\"og:locale\" content=\"es_ES\" \/>\n<meta property=\"og:type\" content=\"article\" \/>\n<meta property=\"og:title\" content=\"Adolescente de Campo Quijano imp\u00e1cto con la moto y esta en grave estado. - RQ 99.9\" \/>\n<meta property=\"og:description\" content=\"Un adolescente de 18 a\u00f1os que circulaba a bordo de una moto, ahora est\u00e1 internado en grave estado en el Hospital San Bernardo en Salta Capital, luego de impactar con un \u00e1rbol el lunes 20 de noviembre cerca de la 5 de la madrugada en Calle Alberdi y Calle Belgrano de Campo Quijano Su t\u00eda [&hellip;]\" \/>\n<meta property=\"og:url\" content=\"https:\/\/nahuelproducciones.com.ar\/radioquijano\/adolescente-de-campo-quijano-impacto-con-la-moto-y-esta-en-grave-estado\/\" \/>\n<meta property=\"og:site_name\" content=\"RQ 99.9\" \/>\n<meta property=\"article:publisher\" content=\"https:\/\/www.facebook.com\/nahuelproducciones999\/\" \/>\n<meta property=\"article:published_time\" content=\"2023-11-23T06:26:44+00:00\" \/>\n<meta property=\"article:modified_time\" content=\"2023-11-23T06:26:45+00:00\" \/>\n<meta property=\"og:image\" content=\"https:\/\/nahuelproducciones.com.ar\/radioquijano\/wp-content\/uploads\/2023\/11\/WhatsApp-Image-2023-11-23-at-3.20.10-AM-e1700720748389.jpeg\" \/>\n\t<meta property=\"og:image:width\" content=\"700\" \/>\n\t<meta property=\"og:image:height\" content=\"461\" \/>\n\t<meta property=\"og:image:type\" content=\"image\/jpeg\" \/>\n<meta name=\"author\" content=\"Cecilia Pastrana\" \/>\n<meta name=\"twitter:card\" content=\"summary_large_image\" \/>\n<meta name=\"twitter:creator\" content=\"@nahuproduciones\" \/>\n<meta name=\"twitter:site\" content=\"@nahuproduciones\" \/>\n<meta name=\"twitter:label1\" content=\"Escrito por\" \/>\n\t<meta name=\"twitter:data1\" content=\"Cecilia Pastrana\" \/>\n\t<meta name=\"twitter:label2\" content=\"Tiempo de lectura\" \/>\n\t<meta name=\"twitter:data2\" content=\"1 minuto\" \/>\n<script type=\"application\/ld+json\" class=\"yoast-schema-graph\">{\"@context\":\"https:\/\/schema.org\",\"@graph\":[{\"@type\":\"WebPage\",\"@id\":\"https:\/\/nahuelproducciones.com.ar\/radioquijano\/adolescente-de-campo-quijano-impacto-con-la-moto-y-esta-en-grave-estado\/\",\"url\":\"https:\/\/nahuelproducciones.com.ar\/radioquijano\/adolescente-de-campo-quijano-impacto-con-la-moto-y-esta-en-grave-estado\/\",\"name\":\"Adolescente de Campo Quijano imp\u00e1cto con la moto y esta en grave estado. - RQ 99.9\",\"isPartOf\":{\"@id\":\"https:\/\/nahuelproducciones.com.ar\/radioquijano\/#website\"},\"datePublished\":\"2023-11-23T06:26:44+00:00\",\"dateModified\":\"2023-11-23T06:26:45+00:00\",\"author\":{\"@id\":\"https:\/\/nahuelproducciones.com.ar\/radioquijano\/#\/schema\/person\/e8a4f939e2cb487fe6d0c54042c9d32c\"},\"breadcrumb\":{\"@id\":\"https:\/\/nahuelproducciones.com.ar\/radioquijano\/adolescente-de-campo-quijano-impacto-con-la-moto-y-esta-en-grave-estado\/#breadcrumb\"},\"inLanguage\":\"es\",\"potentialAction\":[{\"@type\":\"ReadAction\",\"target\":[\"https:\/\/nahuelproducciones.com.ar\/radioquijano\/adolescente-de-campo-quijano-impacto-con-la-moto-y-esta-en-grave-estado\/\"]}]},{\"@type\":\"BreadcrumbList\",\"@id\":\"https:\/\/nahuelproducciones.com.ar\/radioquijano\/adolescente-de-campo-quijano-impacto-con-la-moto-y-esta-en-grave-estado\/#breadcrumb\",\"itemListElement\":[{\"@type\":\"ListItem\",\"position\":1,\"name\":\"Portada\",\"item\":\"https:\/\/nahuelproducciones.com.ar\/radioquijano\/\"},{\"@type\":\"ListItem\",\"position\":2,\"name\":\"Adolescente de Campo Quijano imp\u00e1cto con la moto y esta en grave estado.\"}]},{\"@type\":\"WebSite\",\"@id\":\"https:\/\/nahuelproducciones.com.ar\/radioquijano\/#website\",\"url\":\"https:\/\/nahuelproducciones.com.ar\/radioquijano\/\",\"name\":\"RQ 99.9\",\"description\":\"Radio Quijano 99.9 MHz\",\"potentialAction\":[{\"@type\":\"SearchAction\",\"target\":{\"@type\":\"EntryPoint\",\"urlTemplate\":\"https:\/\/nahuelproducciones.com.ar\/radioquijano\/?s={search_term_string}\"},\"query-input\":\"required name=search_term_string\"}],\"inLanguage\":\"es\"},{\"@type\":\"Person\",\"@id\":\"https:\/\/nahuelproducciones.com.ar\/radioquijano\/#\/schema\/person\/e8a4f939e2cb487fe6d0c54042c9d32c\",\"name\":\"Cecilia Pastrana\",\"image\":{\"@type\":\"ImageObject\",\"inLanguage\":\"es\",\"@id\":\"https:\/\/nahuelproducciones.com.ar\/radioquijano\/#\/schema\/person\/image\/\",\"url\":\"https:\/\/secure.gravatar.com\/avatar\/661a3ef63a8488d4f2794ed44af8cf71420f7e106f3072c40125114df5157749?s=96&d=mm&r=g\",\"contentUrl\":\"https:\/\/secure.gravatar.com\/avatar\/661a3ef63a8488d4f2794ed44af8cf71420f7e106f3072c40125114df5157749?s=96&d=mm&r=g\",\"caption\":\"Cecilia Pastrana\"},\"sameAs\":[\"cecy\"],\"url\":\"https:\/\/nahuelproducciones.com.ar\/radioquijano\/author\/cecy\/\"}]}<\/script>\n<!-- \/ Yoast SEO plugin. -->","yoast_head_json":{"title":"Adolescente de Campo Quijano imp\u00e1cto con la moto y esta en grave estado. - RQ 99.9","robots":{"index":"index","follow":"follow","max-snippet":"max-snippet:-1","max-image-preview":"max-image-preview:large","max-video-preview":"max-video-preview:-1"},"canonical":"https:\/\/nahuelproducciones.com.ar\/radioquijano\/adolescente-de-campo-quijano-impacto-con-la-moto-y-esta-en-grave-estado\/","og_locale":"es_ES","og_type":"article","og_title":"Adolescente de Campo Quijano imp\u00e1cto con la moto y esta en grave estado. - RQ 99.9","og_description":"Un adolescente de 18 a\u00f1os que circulaba a bordo de una moto, ahora est\u00e1 internado en grave estado en el Hospital San Bernardo en Salta Capital, luego de impactar con un \u00e1rbol el lunes 20 de noviembre cerca de la 5 de la madrugada en Calle Alberdi y Calle Belgrano de Campo Quijano Su t\u00eda [&hellip;]","og_url":"https:\/\/nahuelproducciones.com.ar\/radioquijano\/adolescente-de-campo-quijano-impacto-con-la-moto-y-esta-en-grave-estado\/","og_site_name":"RQ 99.9","article_publisher":"https:\/\/www.facebook.com\/nahuelproducciones999\/","article_published_time":"2023-11-23T06:26:44+00:00","article_modified_time":"2023-11-23T06:26:45+00:00","og_image":[{"width":700,"height":461,"url":"https:\/\/nahuelproducciones.com.ar\/radioquijano\/wp-content\/uploads\/2023\/11\/WhatsApp-Image-2023-11-23-at-3.20.10-AM-e1700720748389.jpeg","type":"image\/jpeg"}],"author":"Cecilia Pastrana","twitter_card":"summary_large_image","twitter_creator":"@nahuproduciones","twitter_site":"@nahuproduciones","twitter_misc":{"Escrito por":"Cecilia Pastrana","Tiempo de lectura":"1 minuto"},"schema":{"@context":"https:\/\/schema.org","@graph":[{"@type":"WebPage","@id":"https:\/\/nahuelproducciones.com.ar\/radioquijano\/adolescente-de-campo-quijano-impacto-con-la-moto-y-esta-en-grave-estado\/","url":"https:\/\/nahuelproducciones.com.ar\/radioquijano\/adolescente-de-campo-quijano-impacto-con-la-moto-y-esta-en-grave-estado\/","name":"Adolescente de Campo Quijano imp\u00e1cto con la moto y esta en grave estado. - RQ 99.9","isPartOf":{"@id":"https:\/\/nahuelproducciones.com.ar\/radioquijano\/#website"},"datePublished":"2023-11-23T06:26:44+00:00","dateModified":"2023-11-23T06:26:45+00:00","author":{"@id":"https:\/\/nahuelproducciones.com.ar\/radioquijano\/#\/schema\/person\/e8a4f939e2cb487fe6d0c54042c9d32c"},"breadcrumb":{"@id":"https:\/\/nahuelproducciones.com.ar\/radioquijano\/adolescente-de-campo-quijano-impacto-con-la-moto-y-esta-en-grave-estado\/#breadcrumb"},"inLanguage":"es","potentialAction":[{"@type":"ReadAction","target":["https:\/\/nahuelproducciones.com.ar\/radioquijano\/adolescente-de-campo-quijano-impacto-con-la-moto-y-esta-en-grave-estado\/"]}]},{"@type":"BreadcrumbList","@id":"https:\/\/nahuelproducciones.com.ar\/radioquijano\/adolescente-de-campo-quijano-impacto-con-la-moto-y-esta-en-grave-estado\/#breadcrumb","itemListElement":[{"@type":"ListItem","position":1,"name":"Portada","item":"https:\/\/nahuelproducciones.com.ar\/radioquijano\/"},{"@type":"ListItem","position":2,"name":"Adolescente de Campo Quijano imp\u00e1cto con la moto y esta en grave estado."}]},{"@type":"WebSite","@id":"https:\/\/nahuelproducciones.com.ar\/radioquijano\/#website","url":"https:\/\/nahuelproducciones.com.ar\/radioquijano\/","name":"RQ 99.9","description":"Radio Quijano 99.9 MHz","potentialAction":[{"@type":"SearchAction","target":{"@type":"EntryPoint","urlTemplate":"https:\/\/nahuelproducciones.com.ar\/radioquijano\/?s={search_term_string}"},"query-input":"required name=search_term_string"}],"inLanguage":"es"},{"@type":"Person","@id":"https:\/\/nahuelproducciones.com.ar\/radioquijano\/#\/schema\/person\/e8a4f939e2cb487fe6d0c54042c9d32c","name":"Cecilia Pastrana","image":{"@type":"ImageObject","inLanguage":"es","@id":"https:\/\/nahuelproducciones.com.ar\/radioquijano\/#\/schema\/person\/image\/","url":"https:\/\/secure.gravatar.com\/avatar\/661a3ef63a8488d4f2794ed44af8cf71420f7e106f3072c40125114df5157749?s=96&d=mm&r=g","contentUrl":"https:\/\/secure.gravatar.com\/avatar\/661a3ef63a8488d4f2794ed44af8cf71420f7e106f3072c40125114df5157749?s=96&d=mm&r=g","caption":"Cecilia Pastrana"},"sameAs":["cecy"],"url":"https:\/\/nahuelproducciones.com.ar\/radioquijano\/author\/cecy\/"}]}},"_links":{"self":[{"href":"https:\/\/nahuelproducciones.com.ar\/radioquijano\/wp-json\/wp\/v2\/posts\/6360","targetHints":{"allow":["GET"]}}],"collection":[{"href":"https:\/\/nahuelproducciones.com.ar\/radioquijano\/wp-json\/wp\/v2\/posts"}],"about":[{"href":"https:\/\/nahuelproducciones.com.ar\/radioquijano\/wp-json\/wp\/v2\/types\/post"}],"author":[{"embeddable":true,"href":"https:\/\/nahuelproducciones.com.ar\/radioquijano\/wp-json\/wp\/v2\/users\/8"}],"replies":[{"embeddable":true,"href":"https:\/\/nahuelproducciones.com.ar\/radioquijano\/wp-json\/wp\/v2\/comments?post=6360"}],"version-history":[{"count":1,"href":"https:\/\/nahuelproducciones.com.ar\/radioquijano\/wp-json\/wp\/v2\/posts\/6360\/revisions"}],"predecessor-version":[{"id":6364,"href":"https:\/\/nahuelproducciones.com.ar\/radioquijano\/wp-json\/wp\/v2\/posts\/6360\/revisions\/6364"}],"wp:featuredmedia":[{"embeddable":true,"href":"https:\/\/nahuelproducciones.com.ar\/radioquijano\/wp-json\/wp\/v2\/media\/6363"}],"wp:attachment":[{"href":"https:\/\/nahuelproducciones.com.ar\/radioquijano\/wp-json\/wp\/v2\/media?parent=6360"}],"wp:term":[{"taxonomy":"category","embeddable":true,"href":"https:\/\/nahuelproducciones.com.ar\/radioquijano\/wp-json\/wp\/v2\/categories?post=6360"},{"taxonomy":"post_tag","embeddable":true,"href":"https:\/\/nahuelproducciones.com.ar\/radioquijano\/wp-json\/wp\/v2\/tags?post=6360"}],"curies":[{"name":"wp","href":"https:\/\/api.w.org\/{rel}","templated":true}]}}