{"id":6374,"date":"2023-11-24T09:59:11","date_gmt":"2023-11-24T12:59:11","guid":{"rendered":"https:\/\/nahuelproducciones.com.ar\/radioquijano\/?p=6374"},"modified":"2023-11-24T09:59:11","modified_gmt":"2023-11-24T12:59:11","slug":"asumen-los-senadores-provinciales-electos","status":"publish","type":"post","link":"https:\/\/nahuelproducciones.com.ar\/radioquijano\/asumen-los-senadores-provinciales-electos\/","title":{"rendered":"Asumen los senadores provinciales electos"},"content":{"rendered":"\n<p>Las C\u00e1maras de Senadores de la provincia de Salta tendr\u00e1n nuevos miembros este viernes, cuando se realice el acto para que asuman los representantes electos en la votaci\u00f3n de mayo.<\/p>\n\n\n\n<blockquote class=\"wp-block-quote is-layout-flow wp-block-quote-is-layout-flow\">\n<p>Hoy viernes 24  a las 10:00hs  asumir\u00e1n once senadores: <\/p>\n\n\n\n<p>Alejandra Navarro, Gonzalo Caro D\u00e1valos, Walter Cruz, Jorge Soto, H\u00e9ctor D\u2019Aur\u00eda, Juan Cruz Cur\u00e1, Mashur Lapad, Javier M\u00f3nico, Manuel Pailler, Luis Altamirano y Carlos L\u00f3pez, que asumir\u00e1 una vez que concluya el mandato como intendente de El Jard\u00edn.<\/p>\n<\/blockquote>\n\n\n\n<p>La C\u00e1mara alta tendr\u00e1 7 cambios con respecto a su actual composici\u00f3n.<\/p>\n\n\n\n<p>En la \u00faltima elecci\u00f3n, se pusieron en juego 11\u00a0bancas. De ese n\u00famero, 7 senadores lograron su reelecci\u00f3n, mientras que 4 legisladores no lograron renovar su lugar.\u00a0<\/p>\n\n\n\n<p><strong>Manuel Pailler<\/strong>&nbsp;(San Martin),&nbsp;<strong>Javier M\u00f3nico<\/strong>&nbsp;(Rosario de la Frontera),&nbsp;<strong>H\u00e9ctor D\u00b4Auria&nbsp;<\/strong>(Met\u00e1n),&nbsp;<strong>Juan Cruz Cura<\/strong>&nbsp;(Or\u00e1n),&nbsp;<strong>Walter Cruz<\/strong>&nbsp;(Iruya),&nbsp;<strong>Jorge Soto<\/strong>&nbsp;(La Vi\u00f1a) y<strong>&nbsp;Mashur Lapad<\/strong>&nbsp;(Rivadavia), lograron renovar su espacio por 4 a\u00f1os m\u00e1s hasta 2027.<\/p>\n\n\n\n<p><strong>Los que vienen a terminar mandato<\/strong><\/p>\n\n\n\n<p>Tres senadores resultaron electos como intendentes en la \u00faltima elecci\u00f3n provincial:&nbsp;<strong>Emiliano Durand&nbsp;<\/strong>(Capital),&nbsp;<strong>Sergio \u00abTopo\u00bb Ramos&nbsp;<\/strong>(Rosario de Lerma) y&nbsp;<strong>Carlos \u00abKety\u00bb Rosso<\/strong>&nbsp;(General G\u00fcemes).<\/p>\n\n\n\n<p>Ramos y Rosso presentaron oficialmente la renuncia a su banca para tratar en esta \u00faltima sesi\u00f3n, y se espera que Durand avance en la misma sinton\u00eda en estos d\u00edas.<\/p>\n\n\n\n<p>Por Durand asumir\u00e1 la banca\u00a0<strong>Gustavo Carrizo\u00a0<\/strong>que es actualmente el presidente del Instituto Provincial de la Vivienda (IPV).\u00a0<strong>Enrique Cornejo,\u00a0<\/strong>sindico de la C\u00e1mara del Tabaco, asumir\u00e1 en lugar de Rosso por General G\u00fcemes y en lugar de Ramos llega\u00a0<strong>Leonor Minetti.\u00a0<\/strong>Los tres completar\u00e1n el mandato de los senadores electos hasta 2025.<\/p>\n\n\n\n<p><\/p>\n\n\n\n<p>Fuente: cuarto.com.ar<\/p>\n","protected":false},"excerpt":{"rendered":"<p>Las C\u00e1maras de Senadores de la provincia de Salta tendr\u00e1n nuevos miembros este viernes, cuando se realice el acto para que asuman los representantes electos en la votaci\u00f3n de mayo. Hoy viernes 24 a las 10:00hs asumir\u00e1n once senadores: Alejandra Navarro, Gonzalo Caro D\u00e1valos, Walter Cruz, Jorge Soto, H\u00e9ctor D\u2019Aur\u00eda, Juan Cruz Cur\u00e1, Mashur Lapad, [&hellip;]<\/p>\n","protected":false},"author":8,"featured_media":6376,"comment_status":"open","ping_status":"open","sticky":false,"template":"","format":"standard","meta":{"_monsterinsights_skip_tracking":false,"_monsterinsights_sitenote_active":false,"_monsterinsights_sitenote_note":"","_monsterinsights_sitenote_category":0,"footnotes":""},"categories":[16],"tags":[1264,100,83],"class_list":["post-6374","post","type-post","status-publish","format-standard","has-post-thumbnail","hentry","category-noticias","tag-camara-de-senadores-2","tag-municipio-de-campo-quijano","tag-sergio-omar-ramos"],"yoast_head":"<!-- This site is optimized with the Yoast SEO plugin v20.8 - https:\/\/yoast.com\/wordpress\/plugins\/seo\/ -->\n<title>Asumen los senadores provinciales electos - RQ 99.9<\/title>\n<meta name=\"description\" content=\"Hoy viernes 24 a las 10:00hs asumir\u00e1n once senadores.\" \/>\n<meta name=\"robots\" content=\"index, follow, max-snippet:-1, max-image-preview:large, max-video-preview:-1\" \/>\n<link rel=\"canonical\" href=\"https:\/\/nahuelproducciones.com.ar\/radioquijano\/asumen-los-senadores-provinciales-electos\/\" \/>\n<meta property=\"og:locale\" content=\"es_ES\" \/>\n<meta property=\"og:type\" content=\"article\" \/>\n<meta property=\"og:title\" content=\"Asumen los senadores provinciales electos - RQ 99.9\" \/>\n<meta property=\"og:description\" content=\"Hoy viernes 24 a las 10:00hs asumir\u00e1n once senadores.\" \/>\n<meta property=\"og:url\" content=\"https:\/\/nahuelproducciones.com.ar\/radioquijano\/asumen-los-senadores-provinciales-electos\/\" \/>\n<meta property=\"og:site_name\" content=\"RQ 99.9\" \/>\n<meta property=\"article:publisher\" content=\"https:\/\/www.facebook.com\/nahuelproducciones999\/\" \/>\n<meta property=\"article:published_time\" content=\"2023-11-24T12:59:11+00:00\" \/>\n<meta property=\"og:image\" content=\"https:\/\/nahuelproducciones.com.ar\/radioquijano\/wp-content\/uploads\/2023\/11\/legissalta1-e1700830740220.jpg\" \/>\n\t<meta property=\"og:image:width\" content=\"700\" \/>\n\t<meta property=\"og:image:height\" content=\"536\" \/>\n\t<meta property=\"og:image:type\" content=\"image\/jpeg\" \/>\n<meta name=\"author\" content=\"Cecilia Pastrana\" \/>\n<meta name=\"twitter:card\" content=\"summary_large_image\" \/>\n<meta name=\"twitter:creator\" content=\"@nahuproduciones\" \/>\n<meta name=\"twitter:site\" content=\"@nahuproduciones\" \/>\n<meta name=\"twitter:label1\" content=\"Escrito por\" \/>\n\t<meta name=\"twitter:data1\" content=\"Cecilia Pastrana\" \/>\n\t<meta name=\"twitter:label2\" content=\"Tiempo de lectura\" \/>\n\t<meta name=\"twitter:data2\" content=\"2 minutos\" \/>\n<script type=\"application\/ld+json\" class=\"yoast-schema-graph\">{\"@context\":\"https:\/\/schema.org\",\"@graph\":[{\"@type\":\"WebPage\",\"@id\":\"https:\/\/nahuelproducciones.com.ar\/radioquijano\/asumen-los-senadores-provinciales-electos\/\",\"url\":\"https:\/\/nahuelproducciones.com.ar\/radioquijano\/asumen-los-senadores-provinciales-electos\/\",\"name\":\"Asumen los senadores provinciales electos - RQ 99.9\",\"isPartOf\":{\"@id\":\"https:\/\/nahuelproducciones.com.ar\/radioquijano\/#website\"},\"datePublished\":\"2023-11-24T12:59:11+00:00\",\"dateModified\":\"2023-11-24T12:59:11+00:00\",\"author\":{\"@id\":\"https:\/\/nahuelproducciones.com.ar\/radioquijano\/#\/schema\/person\/e8a4f939e2cb487fe6d0c54042c9d32c\"},\"description\":\"Hoy viernes 24 a las 10:00hs asumir\u00e1n once senadores.\",\"breadcrumb\":{\"@id\":\"https:\/\/nahuelproducciones.com.ar\/radioquijano\/asumen-los-senadores-provinciales-electos\/#breadcrumb\"},\"inLanguage\":\"es\",\"potentialAction\":[{\"@type\":\"ReadAction\",\"target\":[\"https:\/\/nahuelproducciones.com.ar\/radioquijano\/asumen-los-senadores-provinciales-electos\/\"]}]},{\"@type\":\"BreadcrumbList\",\"@id\":\"https:\/\/nahuelproducciones.com.ar\/radioquijano\/asumen-los-senadores-provinciales-electos\/#breadcrumb\",\"itemListElement\":[{\"@type\":\"ListItem\",\"position\":1,\"name\":\"Portada\",\"item\":\"https:\/\/nahuelproducciones.com.ar\/radioquijano\/\"},{\"@type\":\"ListItem\",\"position\":2,\"name\":\"Asumen los senadores provinciales electos\"}]},{\"@type\":\"WebSite\",\"@id\":\"https:\/\/nahuelproducciones.com.ar\/radioquijano\/#website\",\"url\":\"https:\/\/nahuelproducciones.com.ar\/radioquijano\/\",\"name\":\"RQ 99.9\",\"description\":\"Radio Quijano 99.9 MHz\",\"potentialAction\":[{\"@type\":\"SearchAction\",\"target\":{\"@type\":\"EntryPoint\",\"urlTemplate\":\"https:\/\/nahuelproducciones.com.ar\/radioquijano\/?s={search_term_string}\"},\"query-input\":\"required name=search_term_string\"}],\"inLanguage\":\"es\"},{\"@type\":\"Person\",\"@id\":\"https:\/\/nahuelproducciones.com.ar\/radioquijano\/#\/schema\/person\/e8a4f939e2cb487fe6d0c54042c9d32c\",\"name\":\"Cecilia Pastrana\",\"image\":{\"@type\":\"ImageObject\",\"inLanguage\":\"es\",\"@id\":\"https:\/\/nahuelproducciones.com.ar\/radioquijano\/#\/schema\/person\/image\/\",\"url\":\"https:\/\/secure.gravatar.com\/avatar\/661a3ef63a8488d4f2794ed44af8cf71420f7e106f3072c40125114df5157749?s=96&d=mm&r=g\",\"contentUrl\":\"https:\/\/secure.gravatar.com\/avatar\/661a3ef63a8488d4f2794ed44af8cf71420f7e106f3072c40125114df5157749?s=96&d=mm&r=g\",\"caption\":\"Cecilia Pastrana\"},\"sameAs\":[\"cecy\"],\"url\":\"https:\/\/nahuelproducciones.com.ar\/radioquijano\/author\/cecy\/\"}]}<\/script>\n<!-- \/ Yoast SEO plugin. -->","yoast_head_json":{"title":"Asumen los senadores provinciales electos - RQ 99.9","description":"Hoy viernes 24 a las 10:00hs asumir\u00e1n once senadores.","robots":{"index":"index","follow":"follow","max-snippet":"max-snippet:-1","max-image-preview":"max-image-preview:large","max-video-preview":"max-video-preview:-1"},"canonical":"https:\/\/nahuelproducciones.com.ar\/radioquijano\/asumen-los-senadores-provinciales-electos\/","og_locale":"es_ES","og_type":"article","og_title":"Asumen los senadores provinciales electos - RQ 99.9","og_description":"Hoy viernes 24 a las 10:00hs asumir\u00e1n once senadores.","og_url":"https:\/\/nahuelproducciones.com.ar\/radioquijano\/asumen-los-senadores-provinciales-electos\/","og_site_name":"RQ 99.9","article_publisher":"https:\/\/www.facebook.com\/nahuelproducciones999\/","article_published_time":"2023-11-24T12:59:11+00:00","og_image":[{"width":700,"height":536,"url":"https:\/\/nahuelproducciones.com.ar\/radioquijano\/wp-content\/uploads\/2023\/11\/legissalta1-e1700830740220.jpg","type":"image\/jpeg"}],"author":"Cecilia Pastrana","twitter_card":"summary_large_image","twitter_creator":"@nahuproduciones","twitter_site":"@nahuproduciones","twitter_misc":{"Escrito por":"Cecilia Pastrana","Tiempo de lectura":"2 minutos"},"schema":{"@context":"https:\/\/schema.org","@graph":[{"@type":"WebPage","@id":"https:\/\/nahuelproducciones.com.ar\/radioquijano\/asumen-los-senadores-provinciales-electos\/","url":"https:\/\/nahuelproducciones.com.ar\/radioquijano\/asumen-los-senadores-provinciales-electos\/","name":"Asumen los senadores provinciales electos - RQ 99.9","isPartOf":{"@id":"https:\/\/nahuelproducciones.com.ar\/radioquijano\/#website"},"datePublished":"2023-11-24T12:59:11+00:00","dateModified":"2023-11-24T12:59:11+00:00","author":{"@id":"https:\/\/nahuelproducciones.com.ar\/radioquijano\/#\/schema\/person\/e8a4f939e2cb487fe6d0c54042c9d32c"},"description":"Hoy viernes 24 a las 10:00hs asumir\u00e1n once senadores.","breadcrumb":{"@id":"https:\/\/nahuelproducciones.com.ar\/radioquijano\/asumen-los-senadores-provinciales-electos\/#breadcrumb"},"inLanguage":"es","potentialAction":[{"@type":"ReadAction","target":["https:\/\/nahuelproducciones.com.ar\/radioquijano\/asumen-los-senadores-provinciales-electos\/"]}]},{"@type":"BreadcrumbList","@id":"https:\/\/nahuelproducciones.com.ar\/radioquijano\/asumen-los-senadores-provinciales-electos\/#breadcrumb","itemListElement":[{"@type":"ListItem","position":1,"name":"Portada","item":"https:\/\/nahuelproducciones.com.ar\/radioquijano\/"},{"@type":"ListItem","position":2,"name":"Asumen los senadores provinciales electos"}]},{"@type":"WebSite","@id":"https:\/\/nahuelproducciones.com.ar\/radioquijano\/#website","url":"https:\/\/nahuelproducciones.com.ar\/radioquijano\/","name":"RQ 99.9","description":"Radio Quijano 99.9 MHz","potentialAction":[{"@type":"SearchAction","target":{"@type":"EntryPoint","urlTemplate":"https:\/\/nahuelproducciones.com.ar\/radioquijano\/?s={search_term_string}"},"query-input":"required name=search_term_string"}],"inLanguage":"es"},{"@type":"Person","@id":"https:\/\/nahuelproducciones.com.ar\/radioquijano\/#\/schema\/person\/e8a4f939e2cb487fe6d0c54042c9d32c","name":"Cecilia Pastrana","image":{"@type":"ImageObject","inLanguage":"es","@id":"https:\/\/nahuelproducciones.com.ar\/radioquijano\/#\/schema\/person\/image\/","url":"https:\/\/secure.gravatar.com\/avatar\/661a3ef63a8488d4f2794ed44af8cf71420f7e106f3072c40125114df5157749?s=96&d=mm&r=g","contentUrl":"https:\/\/secure.gravatar.com\/avatar\/661a3ef63a8488d4f2794ed44af8cf71420f7e106f3072c40125114df5157749?s=96&d=mm&r=g","caption":"Cecilia Pastrana"},"sameAs":["cecy"],"url":"https:\/\/nahuelproducciones.com.ar\/radioquijano\/author\/cecy\/"}]}},"_links":{"self":[{"href":"https:\/\/nahuelproducciones.com.ar\/radioquijano\/wp-json\/wp\/v2\/posts\/6374","targetHints":{"allow":["GET"]}}],"collection":[{"href":"https:\/\/nahuelproducciones.com.ar\/radioquijano\/wp-json\/wp\/v2\/posts"}],"about":[{"href":"https:\/\/nahuelproducciones.com.ar\/radioquijano\/wp-json\/wp\/v2\/types\/post"}],"author":[{"embeddable":true,"href":"https:\/\/nahuelproducciones.com.ar\/radioquijano\/wp-json\/wp\/v2\/users\/8"}],"replies":[{"embeddable":true,"href":"https:\/\/nahuelproducciones.com.ar\/radioquijano\/wp-json\/wp\/v2\/comments?post=6374"}],"version-history":[{"count":1,"href":"https:\/\/nahuelproducciones.com.ar\/radioquijano\/wp-json\/wp\/v2\/posts\/6374\/revisions"}],"predecessor-version":[{"id":6377,"href":"https:\/\/nahuelproducciones.com.ar\/radioquijano\/wp-json\/wp\/v2\/posts\/6374\/revisions\/6377"}],"wp:featuredmedia":[{"embeddable":true,"href":"https:\/\/nahuelproducciones.com.ar\/radioquijano\/wp-json\/wp\/v2\/media\/6376"}],"wp:attachment":[{"href":"https:\/\/nahuelproducciones.com.ar\/radioquijano\/wp-json\/wp\/v2\/media?parent=6374"}],"wp:term":[{"taxonomy":"category","embeddable":true,"href":"https:\/\/nahuelproducciones.com.ar\/radioquijano\/wp-json\/wp\/v2\/categories?post=6374"},{"taxonomy":"post_tag","embeddable":true,"href":"https:\/\/nahuelproducciones.com.ar\/radioquijano\/wp-json\/wp\/v2\/tags?post=6374"}],"curies":[{"name":"wp","href":"https:\/\/api.w.org\/{rel}","templated":true}]}}