{"id":6387,"date":"2023-11-25T00:20:37","date_gmt":"2023-11-25T03:20:37","guid":{"rendered":"https:\/\/nahuelproducciones.com.ar\/radioquijano\/?p=6387"},"modified":"2023-11-25T00:58:54","modified_gmt":"2023-11-25T03:58:54","slug":"carta-abierta-al-intendente-electo-lino-yonar","status":"publish","type":"post","link":"https:\/\/nahuelproducciones.com.ar\/radioquijano\/carta-abierta-al-intendente-electo-lino-yonar\/","title":{"rendered":"Carta Abierta al intendente electo Lino Yonar."},"content":{"rendered":"\n<p><strong>CARTA ABIERTA<\/strong><\/p>\n\n\n\n<blockquote class=\"wp-block-quote is-layout-flow wp-block-quote-is-layout-flow\">\n<p class=\"has-text-align-right\">                                                                                            Campo Quijano, 22 de noviembre de 2023<\/p>\n\n\n\n<p>Se\u00f1or Lino Yonar<\/p>\n\n\n\n<p>Intendente electo de Campo Quijano, El Portal de los Andes<\/p>\n\n\n\n<p>Estimado Sr. Yonar.<\/p>\n\n\n\n<p class=\"has-text-align-left\">Me dirijo a usted como una ciudadana preocupada por la transparencia y el compromiso con la comunidad de Campo Quijano. Como parte integral de nuestra sociedad, es esencial que exista una comunicaci\u00f3n fluida y abierta entre los l\u00edderes electos y los medios de comunicaci\u00f3n locales.<\/p>\n\n\n\n<p class=\"has-text-align-left\">Recientemente, ha sido notoria la ausencia de entrevistas otorgadas a Radio Quijano 99.9 MHz por parte de su equipo tanto en este periodo de transici\u00f3n como en su gesti\u00f3n como diputado provincial.<\/p>\n\n\n\n<p class=\"has-text-align-left\">Esta situaci\u00f3n ha generado inquietud en la comunidad respecto a la falta de detalles y claridad en el traspaso del poder municipal.<\/p>\n\n\n\n<p class=\"has-text-align-left\">Entiendo que el proceso de transici\u00f3n puede presentar desaf\u00edos y complejidades, pero la negativa a proporcionar informaci\u00f3n crea un ambiente de incertidumbre y dudas en la ciudadan\u00eda. Me pregunto \u00bfcu\u00e1les podr\u00edan ser las razones detr\u00e1s de esta decisi\u00f3n y qu\u00e9 aspectos podr\u00edan ser dif\u00edciles de abordar?.<\/p>\n\n\n\n<p class=\"has-text-align-left\">\u00bfHay \u00e1reas sensibles o problemas heredados de la gesti\u00f3n anterior que puedan estar obstaculizando la fluidez del traspaso de mando? \u00bfExisten preocupaciones leg\u00edtimas sobre la continuidad de ciertos proyectos o programas que podr\u00edan afectar a la comunidad?<\/p>\n\n\n\n<p class=\"has-text-align-left\">Asimismo, se ha especulado sobre la relaci\u00f3n de poder entre el actual intendente, Carlos Folloni, y usted como intendente electo. Esta relaci\u00f3n podr\u00eda estar incidiendo en la falta de transparencia durante esta etapa crucial de la transici\u00f3n. Me gustar\u00eda entender mejor esta din\u00e1mica para poder respaldar y comprender las decisiones que se est\u00e1n tomando.<\/p>\n\n\n\n<p class=\"has-text-align-left\">Como miembro activo de esta comunidad, creo que la apertura y la colaboraci\u00f3n son fundamentales para construir una sociedad s\u00f3lida y confiable. Confi\u00f3 en que su administraci\u00f3n se comprometer\u00e1 con estos valores, fomentando la comunicaci\u00f3n abierta y brindando la informaci\u00f3n necesaria para que los ciudadanos est\u00e9n informados y participen activamente en el desarrollo de nuestro municipio.<\/p>\n\n\n\n<p class=\"has-text-align-left\">Agradezco su atenci\u00f3n a esta inquietud y espero poder contar con una respuesta que aclare estas dudas y promueva la transparencia y la confianza en la gesti\u00f3n municipal.<\/p>\n\n\n\n<p>Atentamente. <\/p>\n\n\n\n<p>Cecilia Pastrana<\/p>\n\n\n\n<p>Directora de Radio Quijano 99.9Mhz.<\/p>\n<\/blockquote>\n","protected":false},"excerpt":{"rendered":"<p>CARTA ABIERTA Campo Quijano, 22 de noviembre de 2023 Se\u00f1or Lino Yonar Intendente electo de Campo Quijano, El Portal de los Andes Estimado Sr. Yonar. Me dirijo a usted como una ciudadana preocupada por la transparencia y el compromiso con la comunidad de Campo Quijano. Como parte integral de nuestra sociedad, es esencial que exista [&hellip;]<\/p>\n","protected":false},"author":8,"featured_media":6391,"comment_status":"open","ping_status":"open","sticky":false,"template":"","format":"standard","meta":{"_monsterinsights_skip_tracking":false,"_monsterinsights_sitenote_active":false,"_monsterinsights_sitenote_note":"","_monsterinsights_sitenote_category":0,"footnotes":""},"categories":[16],"tags":[1347,63,100],"class_list":["post-6387","post","type-post","status-publish","format-standard","has-post-thumbnail","hentry","category-noticias","tag-carta-abierta","tag-lino-yonar","tag-municipio-de-campo-quijano"],"yoast_head":"<!-- This site is optimized with the Yoast SEO plugin v20.8 - https:\/\/yoast.com\/wordpress\/plugins\/seo\/ -->\n<title>Carta Abierta al intendente electo Lino Yonar. - RQ 99.9<\/title>\n<meta name=\"description\" content=\"Directora de Radio Quijano 99.9Mhz.\" \/>\n<meta name=\"robots\" content=\"index, follow, max-snippet:-1, max-image-preview:large, max-video-preview:-1\" \/>\n<link rel=\"canonical\" href=\"https:\/\/nahuelproducciones.com.ar\/radioquijano\/carta-abierta-al-intendente-electo-lino-yonar\/\" \/>\n<meta property=\"og:locale\" content=\"es_ES\" \/>\n<meta property=\"og:type\" content=\"article\" \/>\n<meta property=\"og:title\" content=\"Carta Abierta al intendente electo Lino Yonar. - RQ 99.9\" \/>\n<meta property=\"og:description\" content=\"Directora de Radio Quijano 99.9Mhz.\" \/>\n<meta property=\"og:url\" content=\"https:\/\/nahuelproducciones.com.ar\/radioquijano\/carta-abierta-al-intendente-electo-lino-yonar\/\" \/>\n<meta property=\"og:site_name\" content=\"RQ 99.9\" \/>\n<meta property=\"article:publisher\" content=\"https:\/\/www.facebook.com\/nahuelproducciones999\/\" \/>\n<meta property=\"article:published_time\" content=\"2023-11-25T03:20:37+00:00\" \/>\n<meta property=\"article:modified_time\" content=\"2023-11-25T03:58:54+00:00\" \/>\n<meta property=\"og:image\" content=\"https:\/\/nahuelproducciones.com.ar\/radioquijano\/wp-content\/uploads\/2023\/11\/Historia-de-Instagram-Agenda-Abierta-Turnos-Agosto-Minimalista-Beige-2-e1700884601274.png\" \/>\n\t<meta property=\"og:image:width\" content=\"700\" \/>\n\t<meta property=\"og:image:height\" content=\"726\" \/>\n\t<meta property=\"og:image:type\" content=\"image\/png\" \/>\n<meta name=\"author\" content=\"Cecilia Pastrana\" \/>\n<meta name=\"twitter:card\" content=\"summary_large_image\" \/>\n<meta name=\"twitter:creator\" content=\"@nahuproduciones\" \/>\n<meta name=\"twitter:site\" content=\"@nahuproduciones\" \/>\n<meta name=\"twitter:label1\" content=\"Escrito por\" \/>\n\t<meta name=\"twitter:data1\" content=\"Cecilia Pastrana\" \/>\n\t<meta name=\"twitter:label2\" content=\"Tiempo de lectura\" \/>\n\t<meta name=\"twitter:data2\" content=\"2 minutos\" \/>\n<script type=\"application\/ld+json\" class=\"yoast-schema-graph\">{\"@context\":\"https:\/\/schema.org\",\"@graph\":[{\"@type\":\"WebPage\",\"@id\":\"https:\/\/nahuelproducciones.com.ar\/radioquijano\/carta-abierta-al-intendente-electo-lino-yonar\/\",\"url\":\"https:\/\/nahuelproducciones.com.ar\/radioquijano\/carta-abierta-al-intendente-electo-lino-yonar\/\",\"name\":\"Carta Abierta al intendente electo Lino Yonar. - RQ 99.9\",\"isPartOf\":{\"@id\":\"https:\/\/nahuelproducciones.com.ar\/radioquijano\/#website\"},\"datePublished\":\"2023-11-25T03:20:37+00:00\",\"dateModified\":\"2023-11-25T03:58:54+00:00\",\"author\":{\"@id\":\"https:\/\/nahuelproducciones.com.ar\/radioquijano\/#\/schema\/person\/e8a4f939e2cb487fe6d0c54042c9d32c\"},\"description\":\"Directora de Radio Quijano 99.9Mhz.\",\"breadcrumb\":{\"@id\":\"https:\/\/nahuelproducciones.com.ar\/radioquijano\/carta-abierta-al-intendente-electo-lino-yonar\/#breadcrumb\"},\"inLanguage\":\"es\",\"potentialAction\":[{\"@type\":\"ReadAction\",\"target\":[\"https:\/\/nahuelproducciones.com.ar\/radioquijano\/carta-abierta-al-intendente-electo-lino-yonar\/\"]}]},{\"@type\":\"BreadcrumbList\",\"@id\":\"https:\/\/nahuelproducciones.com.ar\/radioquijano\/carta-abierta-al-intendente-electo-lino-yonar\/#breadcrumb\",\"itemListElement\":[{\"@type\":\"ListItem\",\"position\":1,\"name\":\"Portada\",\"item\":\"https:\/\/nahuelproducciones.com.ar\/radioquijano\/\"},{\"@type\":\"ListItem\",\"position\":2,\"name\":\"Carta Abierta al intendente electo Lino Yonar.\"}]},{\"@type\":\"WebSite\",\"@id\":\"https:\/\/nahuelproducciones.com.ar\/radioquijano\/#website\",\"url\":\"https:\/\/nahuelproducciones.com.ar\/radioquijano\/\",\"name\":\"RQ 99.9\",\"description\":\"Radio Quijano 99.9 MHz\",\"potentialAction\":[{\"@type\":\"SearchAction\",\"target\":{\"@type\":\"EntryPoint\",\"urlTemplate\":\"https:\/\/nahuelproducciones.com.ar\/radioquijano\/?s={search_term_string}\"},\"query-input\":\"required name=search_term_string\"}],\"inLanguage\":\"es\"},{\"@type\":\"Person\",\"@id\":\"https:\/\/nahuelproducciones.com.ar\/radioquijano\/#\/schema\/person\/e8a4f939e2cb487fe6d0c54042c9d32c\",\"name\":\"Cecilia Pastrana\",\"image\":{\"@type\":\"ImageObject\",\"inLanguage\":\"es\",\"@id\":\"https:\/\/nahuelproducciones.com.ar\/radioquijano\/#\/schema\/person\/image\/\",\"url\":\"https:\/\/secure.gravatar.com\/avatar\/661a3ef63a8488d4f2794ed44af8cf71420f7e106f3072c40125114df5157749?s=96&d=mm&r=g\",\"contentUrl\":\"https:\/\/secure.gravatar.com\/avatar\/661a3ef63a8488d4f2794ed44af8cf71420f7e106f3072c40125114df5157749?s=96&d=mm&r=g\",\"caption\":\"Cecilia Pastrana\"},\"sameAs\":[\"cecy\"],\"url\":\"https:\/\/nahuelproducciones.com.ar\/radioquijano\/author\/cecy\/\"}]}<\/script>\n<!-- \/ Yoast SEO plugin. -->","yoast_head_json":{"title":"Carta Abierta al intendente electo Lino Yonar. - RQ 99.9","description":"Directora de Radio Quijano 99.9Mhz.","robots":{"index":"index","follow":"follow","max-snippet":"max-snippet:-1","max-image-preview":"max-image-preview:large","max-video-preview":"max-video-preview:-1"},"canonical":"https:\/\/nahuelproducciones.com.ar\/radioquijano\/carta-abierta-al-intendente-electo-lino-yonar\/","og_locale":"es_ES","og_type":"article","og_title":"Carta Abierta al intendente electo Lino Yonar. - RQ 99.9","og_description":"Directora de Radio Quijano 99.9Mhz.","og_url":"https:\/\/nahuelproducciones.com.ar\/radioquijano\/carta-abierta-al-intendente-electo-lino-yonar\/","og_site_name":"RQ 99.9","article_publisher":"https:\/\/www.facebook.com\/nahuelproducciones999\/","article_published_time":"2023-11-25T03:20:37+00:00","article_modified_time":"2023-11-25T03:58:54+00:00","og_image":[{"width":700,"height":726,"url":"https:\/\/nahuelproducciones.com.ar\/radioquijano\/wp-content\/uploads\/2023\/11\/Historia-de-Instagram-Agenda-Abierta-Turnos-Agosto-Minimalista-Beige-2-e1700884601274.png","type":"image\/png"}],"author":"Cecilia Pastrana","twitter_card":"summary_large_image","twitter_creator":"@nahuproduciones","twitter_site":"@nahuproduciones","twitter_misc":{"Escrito por":"Cecilia Pastrana","Tiempo de lectura":"2 minutos"},"schema":{"@context":"https:\/\/schema.org","@graph":[{"@type":"WebPage","@id":"https:\/\/nahuelproducciones.com.ar\/radioquijano\/carta-abierta-al-intendente-electo-lino-yonar\/","url":"https:\/\/nahuelproducciones.com.ar\/radioquijano\/carta-abierta-al-intendente-electo-lino-yonar\/","name":"Carta Abierta al intendente electo Lino Yonar. - RQ 99.9","isPartOf":{"@id":"https:\/\/nahuelproducciones.com.ar\/radioquijano\/#website"},"datePublished":"2023-11-25T03:20:37+00:00","dateModified":"2023-11-25T03:58:54+00:00","author":{"@id":"https:\/\/nahuelproducciones.com.ar\/radioquijano\/#\/schema\/person\/e8a4f939e2cb487fe6d0c54042c9d32c"},"description":"Directora de Radio Quijano 99.9Mhz.","breadcrumb":{"@id":"https:\/\/nahuelproducciones.com.ar\/radioquijano\/carta-abierta-al-intendente-electo-lino-yonar\/#breadcrumb"},"inLanguage":"es","potentialAction":[{"@type":"ReadAction","target":["https:\/\/nahuelproducciones.com.ar\/radioquijano\/carta-abierta-al-intendente-electo-lino-yonar\/"]}]},{"@type":"BreadcrumbList","@id":"https:\/\/nahuelproducciones.com.ar\/radioquijano\/carta-abierta-al-intendente-electo-lino-yonar\/#breadcrumb","itemListElement":[{"@type":"ListItem","position":1,"name":"Portada","item":"https:\/\/nahuelproducciones.com.ar\/radioquijano\/"},{"@type":"ListItem","position":2,"name":"Carta Abierta al intendente electo Lino Yonar."}]},{"@type":"WebSite","@id":"https:\/\/nahuelproducciones.com.ar\/radioquijano\/#website","url":"https:\/\/nahuelproducciones.com.ar\/radioquijano\/","name":"RQ 99.9","description":"Radio Quijano 99.9 MHz","potentialAction":[{"@type":"SearchAction","target":{"@type":"EntryPoint","urlTemplate":"https:\/\/nahuelproducciones.com.ar\/radioquijano\/?s={search_term_string}"},"query-input":"required name=search_term_string"}],"inLanguage":"es"},{"@type":"Person","@id":"https:\/\/nahuelproducciones.com.ar\/radioquijano\/#\/schema\/person\/e8a4f939e2cb487fe6d0c54042c9d32c","name":"Cecilia Pastrana","image":{"@type":"ImageObject","inLanguage":"es","@id":"https:\/\/nahuelproducciones.com.ar\/radioquijano\/#\/schema\/person\/image\/","url":"https:\/\/secure.gravatar.com\/avatar\/661a3ef63a8488d4f2794ed44af8cf71420f7e106f3072c40125114df5157749?s=96&d=mm&r=g","contentUrl":"https:\/\/secure.gravatar.com\/avatar\/661a3ef63a8488d4f2794ed44af8cf71420f7e106f3072c40125114df5157749?s=96&d=mm&r=g","caption":"Cecilia Pastrana"},"sameAs":["cecy"],"url":"https:\/\/nahuelproducciones.com.ar\/radioquijano\/author\/cecy\/"}]}},"_links":{"self":[{"href":"https:\/\/nahuelproducciones.com.ar\/radioquijano\/wp-json\/wp\/v2\/posts\/6387","targetHints":{"allow":["GET"]}}],"collection":[{"href":"https:\/\/nahuelproducciones.com.ar\/radioquijano\/wp-json\/wp\/v2\/posts"}],"about":[{"href":"https:\/\/nahuelproducciones.com.ar\/radioquijano\/wp-json\/wp\/v2\/types\/post"}],"author":[{"embeddable":true,"href":"https:\/\/nahuelproducciones.com.ar\/radioquijano\/wp-json\/wp\/v2\/users\/8"}],"replies":[{"embeddable":true,"href":"https:\/\/nahuelproducciones.com.ar\/radioquijano\/wp-json\/wp\/v2\/comments?post=6387"}],"version-history":[{"count":4,"href":"https:\/\/nahuelproducciones.com.ar\/radioquijano\/wp-json\/wp\/v2\/posts\/6387\/revisions"}],"predecessor-version":[{"id":6394,"href":"https:\/\/nahuelproducciones.com.ar\/radioquijano\/wp-json\/wp\/v2\/posts\/6387\/revisions\/6394"}],"wp:featuredmedia":[{"embeddable":true,"href":"https:\/\/nahuelproducciones.com.ar\/radioquijano\/wp-json\/wp\/v2\/media\/6391"}],"wp:attachment":[{"href":"https:\/\/nahuelproducciones.com.ar\/radioquijano\/wp-json\/wp\/v2\/media?parent=6387"}],"wp:term":[{"taxonomy":"category","embeddable":true,"href":"https:\/\/nahuelproducciones.com.ar\/radioquijano\/wp-json\/wp\/v2\/categories?post=6387"},{"taxonomy":"post_tag","embeddable":true,"href":"https:\/\/nahuelproducciones.com.ar\/radioquijano\/wp-json\/wp\/v2\/tags?post=6387"}],"curies":[{"name":"wp","href":"https:\/\/api.w.org\/{rel}","templated":true}]}}