{"id":6395,"date":"2023-11-26T22:31:17","date_gmt":"2023-11-27T01:31:17","guid":{"rendered":"https:\/\/nahuelproducciones.com.ar\/radioquijano\/?p=6395"},"modified":"2023-11-26T22:34:00","modified_gmt":"2023-11-27T01:34:00","slug":"fede-guanuco-competira-en-laborde","status":"publish","type":"post","link":"https:\/\/nahuelproducciones.com.ar\/radioquijano\/fede-guanuco-competira-en-laborde\/","title":{"rendered":"Fede Guanuco competir\u00e1 en Laborde."},"content":{"rendered":"\n<p><\/p>\n\n\n\n<p>\u00abEl m\u00e1s argentino de los festivales\u00bb, el Festival Nacional del Malambo en Laborde recibira al Quijane\u00f1o  del <a href=\"https:\/\/www.facebook.com\/profile.php?id=100063752250698&amp;__cft__[0]=AZXMRp5sM8ZmScw-IRoST0k7EhimixZx6LZNlc8nelkdPdrgyyBZ1MMQ-dVtkKTH_VV7BxGIK9miK2smDX0Ye5P-IL7zyEtozaAHdG8vbY1_8u5fyMp8--6VpFUCcEdZpeACkKzmA8Z85fPxytVX9MPKt1GlELmnrMOb5j7uNUXc4s_OgeDra2nf--IILWfBySI&amp;__tn__=-]K-R\">Estudio de Danzas y Malambo El Facon<\/a>, Federico Guanuco representando a la Provincia de Salta.<\/p>\n\n\n\n<p>Del 7 al 13 de Enero,comienza&nbsp;en Laborde, provincia de C\u00f3rdoba, la 56\u00b0 edici\u00f3n del Festival Nacional del Malambo donde se elegir\u00e1 el nuevo Campe\u00f3n .<\/p>\n\n\n\n<p>El \u00abm\u00e1s argentino de los festivales\u00bb como se lo denomina, tiene como caracter\u00edstica ser una competencia nacional de la que participan delegaciones de las 23 provincias del pa\u00eds y la ciudad aut\u00f3noma de Buenos Aires en (hasta el 2020) 23 rubros. Por supuesto, el m\u00e1s destacado es el del malambo, pero adem\u00e1s hay competencia de danza, de canto y de cuadros costumbristas, entre otros.&nbsp;<\/p>\n\n\n\n<p>Durante las jornadas en que se realiza el festival se recibe cientos de bailarines, m\u00fasicos, delegaciones y p\u00fablico de distintas provincias.<\/p>\n\n\n\n<p>Federico Guanuco como representante de la Provincia de Salta har\u00e1 su participaci\u00f3n el mi\u00e9rcoles 10 de enero del 2024.<\/p>\n\n\n\n<p>En la competencia, se presentar\u00e1n destacados artistas del folclore nacional tambi\u00e9n el escenario.<\/p>\n\n\n<div class=\"wp-block-image\">\n<figure class=\"aligncenter size-large is-resized\"><img loading=\"lazy\" decoding=\"async\" src=\"https:\/\/nahuelproducciones.com.ar\/radioquijano\/wp-content\/uploads\/2023\/11\/405841025_10225686976624563_8820613010860412243_n-1024x1024.jpg\" alt=\"\" class=\"wp-image-6396\" width=\"351\" height=\"351\"\/><\/figure><\/div>\n\n\n<p><a href=\"https:\/\/www.facebook.com\/hashtag\/queseasiempremalambo?__eep__=6&amp;__cft__[0]=AZXDewiVBW49mlAbB13Fw3MgXroS2F-nIGCyK2aJ8HKx1C5-ah9WXe-sxlAxdlPV0GlMy9AFxdNeNMGiQawm1KhP_mgJlvMixeNp_ichvIPHmk8w3PFSZX_jirsOGKP_FS2vmJ-Hz8ONB9BfRTtaqZFQIAxg4N_83h-VdCRflbReBd0oQWM9tMl-Xasc9dAryDg&amp;__tn__=*NK*F\">#QueSeaSiempreMalambo<\/a><\/p>\n\n\n\n<p>Fuente e im\u00e1gen: Profesor Jonathan Moyano del Estudio de Danzas y Malambo El Facon de Campo Quijano.<\/p>\n","protected":false},"excerpt":{"rendered":"<p>\u00abEl m\u00e1s argentino de los festivales\u00bb, el Festival Nacional del Malambo en Laborde recibira al Quijane\u00f1o del Estudio de Danzas y Malambo El Facon, Federico Guanuco representando a la Provincia de Salta. Del 7 al 13 de Enero,comienza&nbsp;en Laborde, provincia de C\u00f3rdoba, la 56\u00b0 edici\u00f3n del Festival Nacional del Malambo donde se elegir\u00e1 el nuevo [&hellip;]<\/p>\n","protected":false},"author":8,"featured_media":6399,"comment_status":"open","ping_status":"open","sticky":false,"template":"","format":"standard","meta":{"_monsterinsights_skip_tracking":false,"_monsterinsights_sitenote_active":false,"_monsterinsights_sitenote_note":"","_monsterinsights_sitenote_category":0,"footnotes":""},"categories":[16],"tags":[1349,1348,100,657],"class_list":["post-6395","post","type-post","status-publish","format-standard","has-post-thumbnail","hentry","category-noticias","tag-festival-nacional-del-malambo-en-laborde","tag-malambo","tag-municipio-de-campo-quijano","tag-provincia-de-salta"],"yoast_head":"<!-- This site is optimized with the Yoast SEO plugin v20.8 - https:\/\/yoast.com\/wordpress\/plugins\/seo\/ -->\n<title>Fede Guanuco competir\u00e1 en Laborde. - RQ 99.9<\/title>\n<meta name=\"description\" content=\"Har\u00e1 su participaci\u00f3n el mi\u00e9rcoles 10 de enero del 2024.\" \/>\n<meta name=\"robots\" content=\"index, follow, max-snippet:-1, max-image-preview:large, max-video-preview:-1\" \/>\n<link rel=\"canonical\" href=\"https:\/\/nahuelproducciones.com.ar\/radioquijano\/fede-guanuco-competira-en-laborde\/\" \/>\n<meta property=\"og:locale\" content=\"es_ES\" \/>\n<meta property=\"og:type\" content=\"article\" \/>\n<meta property=\"og:title\" content=\"Fede Guanuco competir\u00e1 en Laborde. - RQ 99.9\" \/>\n<meta property=\"og:description\" content=\"Har\u00e1 su participaci\u00f3n el mi\u00e9rcoles 10 de enero del 2024.\" \/>\n<meta property=\"og:url\" content=\"https:\/\/nahuelproducciones.com.ar\/radioquijano\/fede-guanuco-competira-en-laborde\/\" \/>\n<meta property=\"og:site_name\" content=\"RQ 99.9\" \/>\n<meta property=\"article:publisher\" content=\"https:\/\/www.facebook.com\/nahuelproducciones999\/\" \/>\n<meta property=\"article:published_time\" content=\"2023-11-27T01:31:17+00:00\" \/>\n<meta property=\"article:modified_time\" content=\"2023-11-27T01:34:00+00:00\" \/>\n<meta property=\"og:image\" content=\"https:\/\/nahuelproducciones.com.ar\/radioquijano\/wp-content\/uploads\/2023\/11\/316314464_10223419076608480_161501277949442048_n-e1701048782955.jpg\" \/>\n\t<meta property=\"og:image:width\" content=\"700\" \/>\n\t<meta property=\"og:image:height\" content=\"979\" \/>\n\t<meta property=\"og:image:type\" content=\"image\/jpeg\" \/>\n<meta name=\"author\" content=\"Cecilia Pastrana\" \/>\n<meta name=\"twitter:card\" content=\"summary_large_image\" \/>\n<meta name=\"twitter:creator\" content=\"@nahuproduciones\" \/>\n<meta name=\"twitter:site\" content=\"@nahuproduciones\" \/>\n<meta name=\"twitter:label1\" content=\"Escrito por\" \/>\n\t<meta name=\"twitter:data1\" content=\"Cecilia Pastrana\" \/>\n\t<meta name=\"twitter:label2\" content=\"Tiempo de lectura\" \/>\n\t<meta name=\"twitter:data2\" content=\"2 minutos\" \/>\n<script type=\"application\/ld+json\" class=\"yoast-schema-graph\">{\"@context\":\"https:\/\/schema.org\",\"@graph\":[{\"@type\":\"WebPage\",\"@id\":\"https:\/\/nahuelproducciones.com.ar\/radioquijano\/fede-guanuco-competira-en-laborde\/\",\"url\":\"https:\/\/nahuelproducciones.com.ar\/radioquijano\/fede-guanuco-competira-en-laborde\/\",\"name\":\"Fede Guanuco competir\u00e1 en Laborde. - RQ 99.9\",\"isPartOf\":{\"@id\":\"https:\/\/nahuelproducciones.com.ar\/radioquijano\/#website\"},\"datePublished\":\"2023-11-27T01:31:17+00:00\",\"dateModified\":\"2023-11-27T01:34:00+00:00\",\"author\":{\"@id\":\"https:\/\/nahuelproducciones.com.ar\/radioquijano\/#\/schema\/person\/e8a4f939e2cb487fe6d0c54042c9d32c\"},\"description\":\"Har\u00e1 su participaci\u00f3n el mi\u00e9rcoles 10 de enero del 2024.\",\"breadcrumb\":{\"@id\":\"https:\/\/nahuelproducciones.com.ar\/radioquijano\/fede-guanuco-competira-en-laborde\/#breadcrumb\"},\"inLanguage\":\"es\",\"potentialAction\":[{\"@type\":\"ReadAction\",\"target\":[\"https:\/\/nahuelproducciones.com.ar\/radioquijano\/fede-guanuco-competira-en-laborde\/\"]}]},{\"@type\":\"BreadcrumbList\",\"@id\":\"https:\/\/nahuelproducciones.com.ar\/radioquijano\/fede-guanuco-competira-en-laborde\/#breadcrumb\",\"itemListElement\":[{\"@type\":\"ListItem\",\"position\":1,\"name\":\"Portada\",\"item\":\"https:\/\/nahuelproducciones.com.ar\/radioquijano\/\"},{\"@type\":\"ListItem\",\"position\":2,\"name\":\"Fede Guanuco competir\u00e1 en Laborde.\"}]},{\"@type\":\"WebSite\",\"@id\":\"https:\/\/nahuelproducciones.com.ar\/radioquijano\/#website\",\"url\":\"https:\/\/nahuelproducciones.com.ar\/radioquijano\/\",\"name\":\"RQ 99.9\",\"description\":\"Radio Quijano 99.9 MHz\",\"potentialAction\":[{\"@type\":\"SearchAction\",\"target\":{\"@type\":\"EntryPoint\",\"urlTemplate\":\"https:\/\/nahuelproducciones.com.ar\/radioquijano\/?s={search_term_string}\"},\"query-input\":\"required name=search_term_string\"}],\"inLanguage\":\"es\"},{\"@type\":\"Person\",\"@id\":\"https:\/\/nahuelproducciones.com.ar\/radioquijano\/#\/schema\/person\/e8a4f939e2cb487fe6d0c54042c9d32c\",\"name\":\"Cecilia Pastrana\",\"image\":{\"@type\":\"ImageObject\",\"inLanguage\":\"es\",\"@id\":\"https:\/\/nahuelproducciones.com.ar\/radioquijano\/#\/schema\/person\/image\/\",\"url\":\"https:\/\/secure.gravatar.com\/avatar\/661a3ef63a8488d4f2794ed44af8cf71420f7e106f3072c40125114df5157749?s=96&d=mm&r=g\",\"contentUrl\":\"https:\/\/secure.gravatar.com\/avatar\/661a3ef63a8488d4f2794ed44af8cf71420f7e106f3072c40125114df5157749?s=96&d=mm&r=g\",\"caption\":\"Cecilia Pastrana\"},\"sameAs\":[\"cecy\"],\"url\":\"https:\/\/nahuelproducciones.com.ar\/radioquijano\/author\/cecy\/\"}]}<\/script>\n<!-- \/ Yoast SEO plugin. -->","yoast_head_json":{"title":"Fede Guanuco competir\u00e1 en Laborde. - RQ 99.9","description":"Har\u00e1 su participaci\u00f3n el mi\u00e9rcoles 10 de enero del 2024.","robots":{"index":"index","follow":"follow","max-snippet":"max-snippet:-1","max-image-preview":"max-image-preview:large","max-video-preview":"max-video-preview:-1"},"canonical":"https:\/\/nahuelproducciones.com.ar\/radioquijano\/fede-guanuco-competira-en-laborde\/","og_locale":"es_ES","og_type":"article","og_title":"Fede Guanuco competir\u00e1 en Laborde. - RQ 99.9","og_description":"Har\u00e1 su participaci\u00f3n el mi\u00e9rcoles 10 de enero del 2024.","og_url":"https:\/\/nahuelproducciones.com.ar\/radioquijano\/fede-guanuco-competira-en-laborde\/","og_site_name":"RQ 99.9","article_publisher":"https:\/\/www.facebook.com\/nahuelproducciones999\/","article_published_time":"2023-11-27T01:31:17+00:00","article_modified_time":"2023-11-27T01:34:00+00:00","og_image":[{"width":700,"height":979,"url":"https:\/\/nahuelproducciones.com.ar\/radioquijano\/wp-content\/uploads\/2023\/11\/316314464_10223419076608480_161501277949442048_n-e1701048782955.jpg","type":"image\/jpeg"}],"author":"Cecilia Pastrana","twitter_card":"summary_large_image","twitter_creator":"@nahuproduciones","twitter_site":"@nahuproduciones","twitter_misc":{"Escrito por":"Cecilia Pastrana","Tiempo de lectura":"2 minutos"},"schema":{"@context":"https:\/\/schema.org","@graph":[{"@type":"WebPage","@id":"https:\/\/nahuelproducciones.com.ar\/radioquijano\/fede-guanuco-competira-en-laborde\/","url":"https:\/\/nahuelproducciones.com.ar\/radioquijano\/fede-guanuco-competira-en-laborde\/","name":"Fede Guanuco competir\u00e1 en Laborde. - RQ 99.9","isPartOf":{"@id":"https:\/\/nahuelproducciones.com.ar\/radioquijano\/#website"},"datePublished":"2023-11-27T01:31:17+00:00","dateModified":"2023-11-27T01:34:00+00:00","author":{"@id":"https:\/\/nahuelproducciones.com.ar\/radioquijano\/#\/schema\/person\/e8a4f939e2cb487fe6d0c54042c9d32c"},"description":"Har\u00e1 su participaci\u00f3n el mi\u00e9rcoles 10 de enero del 2024.","breadcrumb":{"@id":"https:\/\/nahuelproducciones.com.ar\/radioquijano\/fede-guanuco-competira-en-laborde\/#breadcrumb"},"inLanguage":"es","potentialAction":[{"@type":"ReadAction","target":["https:\/\/nahuelproducciones.com.ar\/radioquijano\/fede-guanuco-competira-en-laborde\/"]}]},{"@type":"BreadcrumbList","@id":"https:\/\/nahuelproducciones.com.ar\/radioquijano\/fede-guanuco-competira-en-laborde\/#breadcrumb","itemListElement":[{"@type":"ListItem","position":1,"name":"Portada","item":"https:\/\/nahuelproducciones.com.ar\/radioquijano\/"},{"@type":"ListItem","position":2,"name":"Fede Guanuco competir\u00e1 en Laborde."}]},{"@type":"WebSite","@id":"https:\/\/nahuelproducciones.com.ar\/radioquijano\/#website","url":"https:\/\/nahuelproducciones.com.ar\/radioquijano\/","name":"RQ 99.9","description":"Radio Quijano 99.9 MHz","potentialAction":[{"@type":"SearchAction","target":{"@type":"EntryPoint","urlTemplate":"https:\/\/nahuelproducciones.com.ar\/radioquijano\/?s={search_term_string}"},"query-input":"required name=search_term_string"}],"inLanguage":"es"},{"@type":"Person","@id":"https:\/\/nahuelproducciones.com.ar\/radioquijano\/#\/schema\/person\/e8a4f939e2cb487fe6d0c54042c9d32c","name":"Cecilia Pastrana","image":{"@type":"ImageObject","inLanguage":"es","@id":"https:\/\/nahuelproducciones.com.ar\/radioquijano\/#\/schema\/person\/image\/","url":"https:\/\/secure.gravatar.com\/avatar\/661a3ef63a8488d4f2794ed44af8cf71420f7e106f3072c40125114df5157749?s=96&d=mm&r=g","contentUrl":"https:\/\/secure.gravatar.com\/avatar\/661a3ef63a8488d4f2794ed44af8cf71420f7e106f3072c40125114df5157749?s=96&d=mm&r=g","caption":"Cecilia Pastrana"},"sameAs":["cecy"],"url":"https:\/\/nahuelproducciones.com.ar\/radioquijano\/author\/cecy\/"}]}},"_links":{"self":[{"href":"https:\/\/nahuelproducciones.com.ar\/radioquijano\/wp-json\/wp\/v2\/posts\/6395","targetHints":{"allow":["GET"]}}],"collection":[{"href":"https:\/\/nahuelproducciones.com.ar\/radioquijano\/wp-json\/wp\/v2\/posts"}],"about":[{"href":"https:\/\/nahuelproducciones.com.ar\/radioquijano\/wp-json\/wp\/v2\/types\/post"}],"author":[{"embeddable":true,"href":"https:\/\/nahuelproducciones.com.ar\/radioquijano\/wp-json\/wp\/v2\/users\/8"}],"replies":[{"embeddable":true,"href":"https:\/\/nahuelproducciones.com.ar\/radioquijano\/wp-json\/wp\/v2\/comments?post=6395"}],"version-history":[{"count":3,"href":"https:\/\/nahuelproducciones.com.ar\/radioquijano\/wp-json\/wp\/v2\/posts\/6395\/revisions"}],"predecessor-version":[{"id":6401,"href":"https:\/\/nahuelproducciones.com.ar\/radioquijano\/wp-json\/wp\/v2\/posts\/6395\/revisions\/6401"}],"wp:featuredmedia":[{"embeddable":true,"href":"https:\/\/nahuelproducciones.com.ar\/radioquijano\/wp-json\/wp\/v2\/media\/6399"}],"wp:attachment":[{"href":"https:\/\/nahuelproducciones.com.ar\/radioquijano\/wp-json\/wp\/v2\/media?parent=6395"}],"wp:term":[{"taxonomy":"category","embeddable":true,"href":"https:\/\/nahuelproducciones.com.ar\/radioquijano\/wp-json\/wp\/v2\/categories?post=6395"},{"taxonomy":"post_tag","embeddable":true,"href":"https:\/\/nahuelproducciones.com.ar\/radioquijano\/wp-json\/wp\/v2\/tags?post=6395"}],"curies":[{"name":"wp","href":"https:\/\/api.w.org\/{rel}","templated":true}]}}