{"id":6418,"date":"2023-11-26T23:41:59","date_gmt":"2023-11-27T02:41:59","guid":{"rendered":"https:\/\/nahuelproducciones.com.ar\/radioquijano\/?p=6418"},"modified":"2023-11-26T23:42:00","modified_gmt":"2023-11-27T02:42:00","slug":"asumieron-las-diputadas-y-diputados-electos","status":"publish","type":"post","link":"https:\/\/nahuelproducciones.com.ar\/radioquijano\/asumieron-las-diputadas-y-diputados-electos\/","title":{"rendered":"Asumieron las diputadas y diputados electos."},"content":{"rendered":"\n<p>En Sesi\u00f3n Preparatoria asumieron los legisladores que fueron electos en los comicios provinciales del 14 de mayo pasado. De esta manera se renov\u00f3 la mitad de la composici\u00f3n del Cuerpo seg\u00fan lo establecido en la Constituci\u00f3n Provincial.<\/p>\n\n\n\n<p>Durante el plenario, bajo la presidencia provisoria de la diputada Mar\u00eda del Socorro L\u00f3pez, se realiz\u00f3 la incorporaci\u00f3n y toma de juramento a las diputadas y diputados proclamados por el Tribunal Electoral, quienes resultaron electos en los \u00faltimos comicios provinciales.<\/p>\n\n\n\n<p>Prestaron juramento y asumieron por el periodo 2023-2027 los legisladores y legisladoras representantes de los departamentos:<\/p>\n\n\n\n<p>DEPARTAMENTO CAPITAL<\/p>\n\n\n\n<p>GAUFFIN, Jos\u00e9 Miguel<br>ESTEBAN, Juan Jos\u00e9<br>JU\u00c1REZ, M\u00f3nica Gabriela<br>DURAND CORNEJO, Guillermo Mario<br>VILLAMAYOR, Mar\u00eda del Socorro<br>VALENZUELA GIANTOMASI, Adri\u00e1n Alfredo<br>FARF\u00c1N, Adriana Soledad<br>EXENI ARMI\u00d1ANA, Omar<br>CARTUCCIA, Laura Deolinda<\/p>\n\n\n\n<p>DEPARTAMENTO CERRILLOS<\/p>\n\n\n\n<p>JORGE DE LA ZERDA, Carlos Ignacio<br>ALBEZA, Luis Fernando<\/p>\n\n\n\n<p>DEPARTAMENTO GENERAL G\u00dcEMES<\/p>\n\n\n\n<p>SEGURA GIM\u00c9NEZ, Daniel Alejandro<br>RALL\u00c9, Germ\u00e1n Dar\u00edo<\/p>\n\n\n\n<p>DEPARTAMENTO LA CALDERA<\/p>\n\n\n\n<p>MENDA\u00d1A, Luis Gerardo<\/p>\n\n\n\n<p>DEPARTAMENTO LA CANDELARIA<\/p>\n\n\n\n<p>PAZ, Manuel Norberto<\/p>\n\n\n\n<p>DEPARTAMENTO LA POMA<\/p>\n\n\n\n<p>TAPIA, Ernesto Rosario<\/p>\n\n\n\n<p>DEPARTAMENTO LA VI\u00d1A<\/p>\n\n\n\n<p>AMAT LACROIX, Esteban<\/p>\n\n\n\n<p>DEPARTAMENTO LOS ANDES<\/p>\n\n\n\n<p>ARJONA, Ger\u00f3nimo Avelino<\/p>\n\n\n\n<p>DEPARTAMENTO MOLINOS<\/p>\n\n\n\n<p>L\u00d3PEZ, Fabio Enrique<\/p>\n\n\n\n<p>DEPARTAMENTO OR\u00c1N<\/p>\n\n\n\n<p>HUCENA, Patricia del Carmen<br>TARANTO, David<br>OLIVA, Sergio Gerardo<\/p>\n\n\n\n<p>DEPARTAMENTO ROSARIO DE LERMA<\/p>\n\n\n\n<p>GALLEGUILLO, Griselda Edith<br>TAIBO, Antonio Nicol\u00e1s<\/p>\n\n\n\n<p>DEPARTAMENTO SAN MART\u00cdN<\/p>\n\n\n\n<p>MONTEAGUDO, Mat\u00edas<br>DOM\u00cdNGUEZ, Edgar Gonzalo<br>MILLER, Mirtha Esther<\/p>\n\n\n\n<p>DEPARTAMENTO SANTA VICTORIA<\/p>\n\n\n\n<p>CHAUQUE, Enzo Hern\u00e1n<\/p>\n\n\n\n<p>En tanto, Enzo Gabriel Alabi prest\u00f3 juramento como diputado por el departamento Anta, por el periodo 2023 \u2013 2025, en reemplazo de la diputada Alejandra Betina Navarro, quien asumi\u00f3 como senadora provincial por el periodo 2023 &#8211; 2027.<\/p>\n\n\n\n<p>Posteriormente prestar\u00e1n juramento N\u00e9stor Eduardo Parra diputado electo por el departamento Guachipas, y H\u00e9ctor Ra\u00fal Vargas, diputado electo por el departamento San Carlos, quienes hasta el pr\u00f3ximo 10 de diciembre ejercer\u00e1n la intendencia de los municipios de Guachipas y de San Carlos, respectivamente.<\/p>\n\n\n\n<figure class=\"wp-block-embed is-type-video is-provider-youtube wp-block-embed-youtube wp-embed-aspect-16-9 wp-has-aspect-ratio\"><div class=\"wp-block-embed__wrapper\">\n<iframe loading=\"lazy\" title=\"Sesi\u00f3n de Preparatoria la C\u00e1mara de Diputados\" width=\"640\" height=\"360\" src=\"https:\/\/www.youtube.com\/embed\/4lML4ZIPb28?feature=oembed\" frameborder=\"0\" allow=\"accelerometer; autoplay; clipboard-write; encrypted-media; gyroscope; picture-in-picture; web-share\" referrerpolicy=\"strict-origin-when-cross-origin\" allowfullscreen><\/iframe>\n<\/div><\/figure>\n\n\n\n<p>Fuente: Prensa diputado salta<\/p>\n","protected":false},"excerpt":{"rendered":"<p>En Sesi\u00f3n Preparatoria asumieron los legisladores que fueron electos en los comicios provinciales del 14 de mayo pasado. De esta manera se renov\u00f3 la mitad de la composici\u00f3n del Cuerpo seg\u00fan lo establecido en la Constituci\u00f3n Provincial. Durante el plenario, bajo la presidencia provisoria de la diputada Mar\u00eda del Socorro L\u00f3pez, se realiz\u00f3 la incorporaci\u00f3n [&hellip;]<\/p>\n","protected":false},"author":8,"featured_media":6419,"comment_status":"open","ping_status":"open","sticky":false,"template":"","format":"standard","meta":{"_monsterinsights_skip_tracking":false,"_monsterinsights_sitenote_active":false,"_monsterinsights_sitenote_note":"","_monsterinsights_sitenote_category":0,"footnotes":""},"categories":[16],"tags":[1351,845,1352,61,100],"class_list":["post-6418","post","type-post","status-publish","format-standard","has-post-thumbnail","hentry","category-noticias","tag-antonio-nicolas-taibo","tag-departamento-rosario-de-lerma","tag-diputados-2","tag-griselda-galleguillos","tag-municipio-de-campo-quijano"],"yoast_head":"<!-- This site is optimized with the Yoast SEO plugin v20.8 - https:\/\/yoast.com\/wordpress\/plugins\/seo\/ -->\n<title>Asumieron las diputadas y diputados electos. - RQ 99.9<\/title>\n<meta name=\"description\" content=\"El viernes 24 de noviembre en la tarde asumieron los Diputados electos ,GALLEGUILLO, Griselda Edith y TAIBO, Antonio Nicol\u00e1s del Departamento Rosario de Lerma.\" \/>\n<meta name=\"robots\" content=\"index, follow, max-snippet:-1, max-image-preview:large, max-video-preview:-1\" \/>\n<link rel=\"canonical\" href=\"https:\/\/nahuelproducciones.com.ar\/radioquijano\/asumieron-las-diputadas-y-diputados-electos\/\" \/>\n<meta property=\"og:locale\" content=\"es_ES\" \/>\n<meta property=\"og:type\" content=\"article\" \/>\n<meta property=\"og:title\" content=\"Asumieron las diputadas y diputados electos. - RQ 99.9\" \/>\n<meta property=\"og:description\" content=\"El viernes 24 de noviembre en la tarde asumieron los Diputados electos ,GALLEGUILLO, Griselda Edith y TAIBO, Antonio Nicol\u00e1s del Departamento Rosario de Lerma.\" \/>\n<meta property=\"og:url\" content=\"https:\/\/nahuelproducciones.com.ar\/radioquijano\/asumieron-las-diputadas-y-diputados-electos\/\" \/>\n<meta property=\"og:site_name\" content=\"RQ 99.9\" \/>\n<meta property=\"article:publisher\" content=\"https:\/\/www.facebook.com\/nahuelproducciones999\/\" \/>\n<meta property=\"article:published_time\" content=\"2023-11-27T02:41:59+00:00\" \/>\n<meta property=\"article:modified_time\" content=\"2023-11-27T02:42:00+00:00\" \/>\n<meta property=\"og:image\" content=\"https:\/\/nahuelproducciones.com.ar\/radioquijano\/wp-content\/uploads\/2023\/11\/Clean-Minimalist-Photo-Collage-Instagram-Story-e1701052907279.png\" \/>\n\t<meta property=\"og:image:width\" content=\"700\" \/>\n\t<meta property=\"og:image:height\" content=\"986\" \/>\n\t<meta property=\"og:image:type\" content=\"image\/png\" \/>\n<meta name=\"author\" content=\"Cecilia Pastrana\" \/>\n<meta name=\"twitter:card\" content=\"summary_large_image\" \/>\n<meta name=\"twitter:creator\" content=\"@nahuproduciones\" \/>\n<meta name=\"twitter:site\" content=\"@nahuproduciones\" \/>\n<meta name=\"twitter:label1\" content=\"Escrito por\" \/>\n\t<meta name=\"twitter:data1\" content=\"Cecilia Pastrana\" \/>\n\t<meta name=\"twitter:label2\" content=\"Tiempo de lectura\" \/>\n\t<meta name=\"twitter:data2\" content=\"2 minutos\" \/>\n<script type=\"application\/ld+json\" class=\"yoast-schema-graph\">{\"@context\":\"https:\/\/schema.org\",\"@graph\":[{\"@type\":\"WebPage\",\"@id\":\"https:\/\/nahuelproducciones.com.ar\/radioquijano\/asumieron-las-diputadas-y-diputados-electos\/\",\"url\":\"https:\/\/nahuelproducciones.com.ar\/radioquijano\/asumieron-las-diputadas-y-diputados-electos\/\",\"name\":\"Asumieron las diputadas y diputados electos. - RQ 99.9\",\"isPartOf\":{\"@id\":\"https:\/\/nahuelproducciones.com.ar\/radioquijano\/#website\"},\"datePublished\":\"2023-11-27T02:41:59+00:00\",\"dateModified\":\"2023-11-27T02:42:00+00:00\",\"author\":{\"@id\":\"https:\/\/nahuelproducciones.com.ar\/radioquijano\/#\/schema\/person\/e8a4f939e2cb487fe6d0c54042c9d32c\"},\"description\":\"El viernes 24 de noviembre en la tarde asumieron los Diputados electos ,GALLEGUILLO, Griselda Edith y TAIBO, Antonio Nicol\u00e1s del Departamento Rosario de Lerma.\",\"breadcrumb\":{\"@id\":\"https:\/\/nahuelproducciones.com.ar\/radioquijano\/asumieron-las-diputadas-y-diputados-electos\/#breadcrumb\"},\"inLanguage\":\"es\",\"potentialAction\":[{\"@type\":\"ReadAction\",\"target\":[\"https:\/\/nahuelproducciones.com.ar\/radioquijano\/asumieron-las-diputadas-y-diputados-electos\/\"]}]},{\"@type\":\"BreadcrumbList\",\"@id\":\"https:\/\/nahuelproducciones.com.ar\/radioquijano\/asumieron-las-diputadas-y-diputados-electos\/#breadcrumb\",\"itemListElement\":[{\"@type\":\"ListItem\",\"position\":1,\"name\":\"Portada\",\"item\":\"https:\/\/nahuelproducciones.com.ar\/radioquijano\/\"},{\"@type\":\"ListItem\",\"position\":2,\"name\":\"Asumieron las diputadas y diputados electos.\"}]},{\"@type\":\"WebSite\",\"@id\":\"https:\/\/nahuelproducciones.com.ar\/radioquijano\/#website\",\"url\":\"https:\/\/nahuelproducciones.com.ar\/radioquijano\/\",\"name\":\"RQ 99.9\",\"description\":\"Radio Quijano 99.9 MHz\",\"potentialAction\":[{\"@type\":\"SearchAction\",\"target\":{\"@type\":\"EntryPoint\",\"urlTemplate\":\"https:\/\/nahuelproducciones.com.ar\/radioquijano\/?s={search_term_string}\"},\"query-input\":\"required name=search_term_string\"}],\"inLanguage\":\"es\"},{\"@type\":\"Person\",\"@id\":\"https:\/\/nahuelproducciones.com.ar\/radioquijano\/#\/schema\/person\/e8a4f939e2cb487fe6d0c54042c9d32c\",\"name\":\"Cecilia Pastrana\",\"image\":{\"@type\":\"ImageObject\",\"inLanguage\":\"es\",\"@id\":\"https:\/\/nahuelproducciones.com.ar\/radioquijano\/#\/schema\/person\/image\/\",\"url\":\"https:\/\/secure.gravatar.com\/avatar\/661a3ef63a8488d4f2794ed44af8cf71420f7e106f3072c40125114df5157749?s=96&d=mm&r=g\",\"contentUrl\":\"https:\/\/secure.gravatar.com\/avatar\/661a3ef63a8488d4f2794ed44af8cf71420f7e106f3072c40125114df5157749?s=96&d=mm&r=g\",\"caption\":\"Cecilia Pastrana\"},\"sameAs\":[\"cecy\"],\"url\":\"https:\/\/nahuelproducciones.com.ar\/radioquijano\/author\/cecy\/\"}]}<\/script>\n<!-- \/ Yoast SEO plugin. -->","yoast_head_json":{"title":"Asumieron las diputadas y diputados electos. - RQ 99.9","description":"El viernes 24 de noviembre en la tarde asumieron los Diputados electos ,GALLEGUILLO, Griselda Edith y TAIBO, Antonio Nicol\u00e1s del Departamento Rosario de Lerma.","robots":{"index":"index","follow":"follow","max-snippet":"max-snippet:-1","max-image-preview":"max-image-preview:large","max-video-preview":"max-video-preview:-1"},"canonical":"https:\/\/nahuelproducciones.com.ar\/radioquijano\/asumieron-las-diputadas-y-diputados-electos\/","og_locale":"es_ES","og_type":"article","og_title":"Asumieron las diputadas y diputados electos. - RQ 99.9","og_description":"El viernes 24 de noviembre en la tarde asumieron los Diputados electos ,GALLEGUILLO, Griselda Edith y TAIBO, Antonio Nicol\u00e1s del Departamento Rosario de Lerma.","og_url":"https:\/\/nahuelproducciones.com.ar\/radioquijano\/asumieron-las-diputadas-y-diputados-electos\/","og_site_name":"RQ 99.9","article_publisher":"https:\/\/www.facebook.com\/nahuelproducciones999\/","article_published_time":"2023-11-27T02:41:59+00:00","article_modified_time":"2023-11-27T02:42:00+00:00","og_image":[{"width":700,"height":986,"url":"https:\/\/nahuelproducciones.com.ar\/radioquijano\/wp-content\/uploads\/2023\/11\/Clean-Minimalist-Photo-Collage-Instagram-Story-e1701052907279.png","type":"image\/png"}],"author":"Cecilia Pastrana","twitter_card":"summary_large_image","twitter_creator":"@nahuproduciones","twitter_site":"@nahuproduciones","twitter_misc":{"Escrito por":"Cecilia Pastrana","Tiempo de lectura":"2 minutos"},"schema":{"@context":"https:\/\/schema.org","@graph":[{"@type":"WebPage","@id":"https:\/\/nahuelproducciones.com.ar\/radioquijano\/asumieron-las-diputadas-y-diputados-electos\/","url":"https:\/\/nahuelproducciones.com.ar\/radioquijano\/asumieron-las-diputadas-y-diputados-electos\/","name":"Asumieron las diputadas y diputados electos. - RQ 99.9","isPartOf":{"@id":"https:\/\/nahuelproducciones.com.ar\/radioquijano\/#website"},"datePublished":"2023-11-27T02:41:59+00:00","dateModified":"2023-11-27T02:42:00+00:00","author":{"@id":"https:\/\/nahuelproducciones.com.ar\/radioquijano\/#\/schema\/person\/e8a4f939e2cb487fe6d0c54042c9d32c"},"description":"El viernes 24 de noviembre en la tarde asumieron los Diputados electos ,GALLEGUILLO, Griselda Edith y TAIBO, Antonio Nicol\u00e1s del Departamento Rosario de Lerma.","breadcrumb":{"@id":"https:\/\/nahuelproducciones.com.ar\/radioquijano\/asumieron-las-diputadas-y-diputados-electos\/#breadcrumb"},"inLanguage":"es","potentialAction":[{"@type":"ReadAction","target":["https:\/\/nahuelproducciones.com.ar\/radioquijano\/asumieron-las-diputadas-y-diputados-electos\/"]}]},{"@type":"BreadcrumbList","@id":"https:\/\/nahuelproducciones.com.ar\/radioquijano\/asumieron-las-diputadas-y-diputados-electos\/#breadcrumb","itemListElement":[{"@type":"ListItem","position":1,"name":"Portada","item":"https:\/\/nahuelproducciones.com.ar\/radioquijano\/"},{"@type":"ListItem","position":2,"name":"Asumieron las diputadas y diputados electos."}]},{"@type":"WebSite","@id":"https:\/\/nahuelproducciones.com.ar\/radioquijano\/#website","url":"https:\/\/nahuelproducciones.com.ar\/radioquijano\/","name":"RQ 99.9","description":"Radio Quijano 99.9 MHz","potentialAction":[{"@type":"SearchAction","target":{"@type":"EntryPoint","urlTemplate":"https:\/\/nahuelproducciones.com.ar\/radioquijano\/?s={search_term_string}"},"query-input":"required name=search_term_string"}],"inLanguage":"es"},{"@type":"Person","@id":"https:\/\/nahuelproducciones.com.ar\/radioquijano\/#\/schema\/person\/e8a4f939e2cb487fe6d0c54042c9d32c","name":"Cecilia Pastrana","image":{"@type":"ImageObject","inLanguage":"es","@id":"https:\/\/nahuelproducciones.com.ar\/radioquijano\/#\/schema\/person\/image\/","url":"https:\/\/secure.gravatar.com\/avatar\/661a3ef63a8488d4f2794ed44af8cf71420f7e106f3072c40125114df5157749?s=96&d=mm&r=g","contentUrl":"https:\/\/secure.gravatar.com\/avatar\/661a3ef63a8488d4f2794ed44af8cf71420f7e106f3072c40125114df5157749?s=96&d=mm&r=g","caption":"Cecilia Pastrana"},"sameAs":["cecy"],"url":"https:\/\/nahuelproducciones.com.ar\/radioquijano\/author\/cecy\/"}]}},"_links":{"self":[{"href":"https:\/\/nahuelproducciones.com.ar\/radioquijano\/wp-json\/wp\/v2\/posts\/6418","targetHints":{"allow":["GET"]}}],"collection":[{"href":"https:\/\/nahuelproducciones.com.ar\/radioquijano\/wp-json\/wp\/v2\/posts"}],"about":[{"href":"https:\/\/nahuelproducciones.com.ar\/radioquijano\/wp-json\/wp\/v2\/types\/post"}],"author":[{"embeddable":true,"href":"https:\/\/nahuelproducciones.com.ar\/radioquijano\/wp-json\/wp\/v2\/users\/8"}],"replies":[{"embeddable":true,"href":"https:\/\/nahuelproducciones.com.ar\/radioquijano\/wp-json\/wp\/v2\/comments?post=6418"}],"version-history":[{"count":1,"href":"https:\/\/nahuelproducciones.com.ar\/radioquijano\/wp-json\/wp\/v2\/posts\/6418\/revisions"}],"predecessor-version":[{"id":6420,"href":"https:\/\/nahuelproducciones.com.ar\/radioquijano\/wp-json\/wp\/v2\/posts\/6418\/revisions\/6420"}],"wp:featuredmedia":[{"embeddable":true,"href":"https:\/\/nahuelproducciones.com.ar\/radioquijano\/wp-json\/wp\/v2\/media\/6419"}],"wp:attachment":[{"href":"https:\/\/nahuelproducciones.com.ar\/radioquijano\/wp-json\/wp\/v2\/media?parent=6418"}],"wp:term":[{"taxonomy":"category","embeddable":true,"href":"https:\/\/nahuelproducciones.com.ar\/radioquijano\/wp-json\/wp\/v2\/categories?post=6418"},{"taxonomy":"post_tag","embeddable":true,"href":"https:\/\/nahuelproducciones.com.ar\/radioquijano\/wp-json\/wp\/v2\/tags?post=6418"}],"curies":[{"name":"wp","href":"https:\/\/api.w.org\/{rel}","templated":true}]}}