{"id":642,"date":"2020-09-10T00:29:30","date_gmt":"2020-09-10T03:29:30","guid":{"rendered":"https:\/\/nahuelproducciones.com.ar\/radioquijano\/?p=642"},"modified":"2020-09-10T00:29:36","modified_gmt":"2020-09-10T03:29:36","slug":"la-provision-y-carga-de-oxigeno-se-hara-en-el-carril","status":"publish","type":"post","link":"https:\/\/nahuelproducciones.com.ar\/radioquijano\/la-provision-y-carga-de-oxigeno-se-hara-en-el-carril\/","title":{"rendered":"La provisi\u00f3n y carga de ox\u00edgeno se har\u00e1 en El Carril"},"content":{"rendered":"\n<p>La provisi\u00f3n y carga de ox\u00edgeno para los hospitales de Rosario de Lerma y Campo Quijano se har\u00e1 en El Carril, as\u00ed lo dijo el senador Sergio Omar Ramos en <a href=\"https:\/\/nahuelproducciones.com.ar\/\" target=\"_blank\" rel=\"noreferrer noopener\">RQ99.9Mhz.<\/a><\/p>\n\n\n\n<p>Se evitara la demorar  en la carga de los tubos de ox\u00edgeno y  evitara el trasladarse muchas veces a General G\u00fcemes.<\/p>\n\n\n\n<p>Comento  los hospitales del Valle de Lerma coinciden en la falta de m\u00e9dicos, enfermeros y personal de limpieza y considera que se gestionaran a pesar del cambio de ministro.<\/p>\n\n\n\n<p>Manifest\u00f3 que las obras sociales y cl\u00ednicas privadas deben cumplir con la atenci\u00f3n de los pacientes con coronavirus . \u00c9l esta de acuerdo con la presentaci\u00f3n en la justicia de un amparo mas una medida cautelar para que su cumplimiento sea efectivo.<\/p>\n\n\n\n<h2 class=\"wp-block-heading\">Pol\u00edtica<\/h2>\n\n\n\n<p>Ante la consulta de versiones emitidas por el Diputado Lino Yonar en C\u00e1mara de Diputados contando que exist\u00edan denuncias en contra de la gerente del  <a href=\"https:\/\/nahuelproducciones.com.ar\/radioquijano\/wp-admin\/post.php?post=642&amp;action=edit\" target=\"_blank\" rel=\"noreferrer noopener\">hospital de Quijano<\/a>, dijo no conocer la existencia de esas denuncias . <\/p>\n\n\n\n<p>No se puede hablar temas pol\u00edticos en pandemia, no es momento de enfrentamientos, se tiene que buscar soluciones y apaciguar las aguas, ya tendremos tiempo despu\u00e9s, de hablar de estos y otros temas , dijo en<a href=\"https:\/\/www.facebook.com\/Radio-Quijano-999-102294874524832\/\" target=\"_blank\" rel=\"noreferrer noopener\"> Radio Quijano<\/a>,el senador Ramos  .<\/p>\n\n\n\n<h2 class=\"wp-block-heading\">Tierras<\/h2>\n\n\n\n<p>Insistir\u00e1 en el Senado  por la ley que permita que cuatro hect\u00e1reas de la Granja Penal de Rosario de Lerma pasen al municipio y sean destinadas a cementerio municipal.<\/p>\n\n\n\n<p>En la entrevista comento que ya gestiono para que los terrenos que est\u00e1n detr\u00e1s del hospital de Quijano y que son del ferrocarril se inscriban en el Instituto Provincial de vivienda y pueda llegar luego a la gente. <\/p>\n\n\n\n<p>Le preocupa el Barrio Pipino de Ferreyra que hace mas de 20 a\u00f1os esta sin c\u00e9dula parcelaria y no pueden escriturar; esos terrenos los compro el IPV en un remate y hasta hoy no tienen respuestas.<\/p>\n\n\n\n<p><\/p>\n","protected":false},"excerpt":{"rendered":"<p>La provisi\u00f3n y carga de ox\u00edgeno para los hospitales de Rosario de Lerma y Campo Quijano se har\u00e1 en El Carril, as\u00ed lo dijo el senador Sergio Omar Ramos en RQ99.9Mhz. Se evitara la demorar en la carga de los tubos de ox\u00edgeno y evitara el trasladarse muchas veces a General G\u00fcemes. Comento los hospitales [&hellip;]<\/p>\n","protected":false},"author":8,"featured_media":646,"comment_status":"open","ping_status":"open","sticky":false,"template":"","format":"standard","meta":{"_monsterinsights_skip_tracking":false,"_monsterinsights_sitenote_active":false,"_monsterinsights_sitenote_note":"","_monsterinsights_sitenote_category":0,"footnotes":""},"categories":[16],"tags":[],"class_list":["post-642","post","type-post","status-publish","format-standard","has-post-thumbnail","hentry","category-noticias"],"yoast_head":"<!-- This site is optimized with the Yoast SEO plugin v20.8 - https:\/\/yoast.com\/wordpress\/plugins\/seo\/ -->\n<title>La provisi\u00f3n y carga de ox\u00edgeno se har\u00e1 en El Carril - RQ 99.9<\/title>\n<meta name=\"description\" content=\"La provisi\u00f3n y carga de ox\u00edgeno para los hospitales de Rosario de Lerma y Campo Quijano se har\u00e1 en El Carril,as\u00ed lo dijo el senador Sergio Omar Ramos en RQ99.9Mhz.\" \/>\n<meta name=\"robots\" content=\"index, follow, max-snippet:-1, max-image-preview:large, max-video-preview:-1\" \/>\n<link rel=\"canonical\" href=\"https:\/\/nahuelproducciones.com.ar\/radioquijano\/la-provision-y-carga-de-oxigeno-se-hara-en-el-carril\/\" \/>\n<meta property=\"og:locale\" content=\"es_ES\" \/>\n<meta property=\"og:type\" content=\"article\" \/>\n<meta property=\"og:title\" content=\"La provisi\u00f3n y carga de ox\u00edgeno se har\u00e1 en El Carril - RQ 99.9\" \/>\n<meta property=\"og:description\" content=\"La provisi\u00f3n y carga de ox\u00edgeno para los hospitales de Rosario de Lerma y Campo Quijano se har\u00e1 en El Carril,as\u00ed lo dijo el senador Sergio Omar Ramos en RQ99.9Mhz.\" \/>\n<meta property=\"og:url\" content=\"https:\/\/nahuelproducciones.com.ar\/radioquijano\/la-provision-y-carga-de-oxigeno-se-hara-en-el-carril\/\" \/>\n<meta property=\"og:site_name\" content=\"RQ 99.9\" \/>\n<meta property=\"article:publisher\" content=\"https:\/\/www.facebook.com\/nahuelproducciones999\/\" \/>\n<meta property=\"article:published_time\" content=\"2020-09-10T03:29:30+00:00\" \/>\n<meta property=\"article:modified_time\" content=\"2020-09-10T03:29:36+00:00\" \/>\n<meta property=\"og:image\" content=\"https:\/\/nahuelproducciones.com.ar\/radioquijano\/wp-content\/uploads\/2020\/09\/SERGIO-TOPO-RAMOS.jpg\" \/>\n\t<meta property=\"og:image:width\" content=\"682\" \/>\n\t<meta property=\"og:image:height\" content=\"390\" \/>\n\t<meta property=\"og:image:type\" content=\"image\/jpeg\" \/>\n<meta name=\"author\" content=\"Cecilia Pastrana\" \/>\n<meta name=\"twitter:card\" content=\"summary_large_image\" \/>\n<meta name=\"twitter:creator\" content=\"@nahuproduciones\" \/>\n<meta name=\"twitter:site\" content=\"@nahuproduciones\" \/>\n<meta name=\"twitter:label1\" content=\"Escrito por\" \/>\n\t<meta name=\"twitter:data1\" content=\"Cecilia Pastrana\" \/>\n\t<meta name=\"twitter:label2\" content=\"Tiempo de lectura\" \/>\n\t<meta name=\"twitter:data2\" content=\"2 minutos\" \/>\n<script type=\"application\/ld+json\" class=\"yoast-schema-graph\">{\"@context\":\"https:\/\/schema.org\",\"@graph\":[{\"@type\":\"WebPage\",\"@id\":\"https:\/\/nahuelproducciones.com.ar\/radioquijano\/la-provision-y-carga-de-oxigeno-se-hara-en-el-carril\/\",\"url\":\"https:\/\/nahuelproducciones.com.ar\/radioquijano\/la-provision-y-carga-de-oxigeno-se-hara-en-el-carril\/\",\"name\":\"La provisi\u00f3n y carga de ox\u00edgeno se har\u00e1 en El Carril - RQ 99.9\",\"isPartOf\":{\"@id\":\"https:\/\/nahuelproducciones.com.ar\/radioquijano\/#website\"},\"datePublished\":\"2020-09-10T03:29:30+00:00\",\"dateModified\":\"2020-09-10T03:29:36+00:00\",\"author\":{\"@id\":\"https:\/\/nahuelproducciones.com.ar\/radioquijano\/#\/schema\/person\/e8a4f939e2cb487fe6d0c54042c9d32c\"},\"description\":\"La provisi\u00f3n y carga de ox\u00edgeno para los hospitales de Rosario de Lerma y Campo Quijano se har\u00e1 en El Carril,as\u00ed lo dijo el senador Sergio Omar Ramos en RQ99.9Mhz.\",\"breadcrumb\":{\"@id\":\"https:\/\/nahuelproducciones.com.ar\/radioquijano\/la-provision-y-carga-de-oxigeno-se-hara-en-el-carril\/#breadcrumb\"},\"inLanguage\":\"es\",\"potentialAction\":[{\"@type\":\"ReadAction\",\"target\":[\"https:\/\/nahuelproducciones.com.ar\/radioquijano\/la-provision-y-carga-de-oxigeno-se-hara-en-el-carril\/\"]}]},{\"@type\":\"BreadcrumbList\",\"@id\":\"https:\/\/nahuelproducciones.com.ar\/radioquijano\/la-provision-y-carga-de-oxigeno-se-hara-en-el-carril\/#breadcrumb\",\"itemListElement\":[{\"@type\":\"ListItem\",\"position\":1,\"name\":\"Portada\",\"item\":\"https:\/\/nahuelproducciones.com.ar\/radioquijano\/\"},{\"@type\":\"ListItem\",\"position\":2,\"name\":\"La provisi\u00f3n y carga de ox\u00edgeno se har\u00e1 en El Carril\"}]},{\"@type\":\"WebSite\",\"@id\":\"https:\/\/nahuelproducciones.com.ar\/radioquijano\/#website\",\"url\":\"https:\/\/nahuelproducciones.com.ar\/radioquijano\/\",\"name\":\"RQ 99.9\",\"description\":\"Radio Quijano 99.9 MHz\",\"potentialAction\":[{\"@type\":\"SearchAction\",\"target\":{\"@type\":\"EntryPoint\",\"urlTemplate\":\"https:\/\/nahuelproducciones.com.ar\/radioquijano\/?s={search_term_string}\"},\"query-input\":\"required name=search_term_string\"}],\"inLanguage\":\"es\"},{\"@type\":\"Person\",\"@id\":\"https:\/\/nahuelproducciones.com.ar\/radioquijano\/#\/schema\/person\/e8a4f939e2cb487fe6d0c54042c9d32c\",\"name\":\"Cecilia Pastrana\",\"image\":{\"@type\":\"ImageObject\",\"inLanguage\":\"es\",\"@id\":\"https:\/\/nahuelproducciones.com.ar\/radioquijano\/#\/schema\/person\/image\/\",\"url\":\"https:\/\/secure.gravatar.com\/avatar\/661a3ef63a8488d4f2794ed44af8cf71420f7e106f3072c40125114df5157749?s=96&d=mm&r=g\",\"contentUrl\":\"https:\/\/secure.gravatar.com\/avatar\/661a3ef63a8488d4f2794ed44af8cf71420f7e106f3072c40125114df5157749?s=96&d=mm&r=g\",\"caption\":\"Cecilia Pastrana\"},\"sameAs\":[\"cecy\"],\"url\":\"https:\/\/nahuelproducciones.com.ar\/radioquijano\/author\/cecy\/\"}]}<\/script>\n<!-- \/ Yoast SEO plugin. -->","yoast_head_json":{"title":"La provisi\u00f3n y carga de ox\u00edgeno se har\u00e1 en El Carril - RQ 99.9","description":"La provisi\u00f3n y carga de ox\u00edgeno para los hospitales de Rosario de Lerma y Campo Quijano se har\u00e1 en El Carril,as\u00ed lo dijo el senador Sergio Omar Ramos en RQ99.9Mhz.","robots":{"index":"index","follow":"follow","max-snippet":"max-snippet:-1","max-image-preview":"max-image-preview:large","max-video-preview":"max-video-preview:-1"},"canonical":"https:\/\/nahuelproducciones.com.ar\/radioquijano\/la-provision-y-carga-de-oxigeno-se-hara-en-el-carril\/","og_locale":"es_ES","og_type":"article","og_title":"La provisi\u00f3n y carga de ox\u00edgeno se har\u00e1 en El Carril - RQ 99.9","og_description":"La provisi\u00f3n y carga de ox\u00edgeno para los hospitales de Rosario de Lerma y Campo Quijano se har\u00e1 en El Carril,as\u00ed lo dijo el senador Sergio Omar Ramos en RQ99.9Mhz.","og_url":"https:\/\/nahuelproducciones.com.ar\/radioquijano\/la-provision-y-carga-de-oxigeno-se-hara-en-el-carril\/","og_site_name":"RQ 99.9","article_publisher":"https:\/\/www.facebook.com\/nahuelproducciones999\/","article_published_time":"2020-09-10T03:29:30+00:00","article_modified_time":"2020-09-10T03:29:36+00:00","og_image":[{"width":682,"height":390,"url":"https:\/\/nahuelproducciones.com.ar\/radioquijano\/wp-content\/uploads\/2020\/09\/SERGIO-TOPO-RAMOS.jpg","type":"image\/jpeg"}],"author":"Cecilia Pastrana","twitter_card":"summary_large_image","twitter_creator":"@nahuproduciones","twitter_site":"@nahuproduciones","twitter_misc":{"Escrito por":"Cecilia Pastrana","Tiempo de lectura":"2 minutos"},"schema":{"@context":"https:\/\/schema.org","@graph":[{"@type":"WebPage","@id":"https:\/\/nahuelproducciones.com.ar\/radioquijano\/la-provision-y-carga-de-oxigeno-se-hara-en-el-carril\/","url":"https:\/\/nahuelproducciones.com.ar\/radioquijano\/la-provision-y-carga-de-oxigeno-se-hara-en-el-carril\/","name":"La provisi\u00f3n y carga de ox\u00edgeno se har\u00e1 en El Carril - RQ 99.9","isPartOf":{"@id":"https:\/\/nahuelproducciones.com.ar\/radioquijano\/#website"},"datePublished":"2020-09-10T03:29:30+00:00","dateModified":"2020-09-10T03:29:36+00:00","author":{"@id":"https:\/\/nahuelproducciones.com.ar\/radioquijano\/#\/schema\/person\/e8a4f939e2cb487fe6d0c54042c9d32c"},"description":"La provisi\u00f3n y carga de ox\u00edgeno para los hospitales de Rosario de Lerma y Campo Quijano se har\u00e1 en El Carril,as\u00ed lo dijo el senador Sergio Omar Ramos en RQ99.9Mhz.","breadcrumb":{"@id":"https:\/\/nahuelproducciones.com.ar\/radioquijano\/la-provision-y-carga-de-oxigeno-se-hara-en-el-carril\/#breadcrumb"},"inLanguage":"es","potentialAction":[{"@type":"ReadAction","target":["https:\/\/nahuelproducciones.com.ar\/radioquijano\/la-provision-y-carga-de-oxigeno-se-hara-en-el-carril\/"]}]},{"@type":"BreadcrumbList","@id":"https:\/\/nahuelproducciones.com.ar\/radioquijano\/la-provision-y-carga-de-oxigeno-se-hara-en-el-carril\/#breadcrumb","itemListElement":[{"@type":"ListItem","position":1,"name":"Portada","item":"https:\/\/nahuelproducciones.com.ar\/radioquijano\/"},{"@type":"ListItem","position":2,"name":"La provisi\u00f3n y carga de ox\u00edgeno se har\u00e1 en El Carril"}]},{"@type":"WebSite","@id":"https:\/\/nahuelproducciones.com.ar\/radioquijano\/#website","url":"https:\/\/nahuelproducciones.com.ar\/radioquijano\/","name":"RQ 99.9","description":"Radio Quijano 99.9 MHz","potentialAction":[{"@type":"SearchAction","target":{"@type":"EntryPoint","urlTemplate":"https:\/\/nahuelproducciones.com.ar\/radioquijano\/?s={search_term_string}"},"query-input":"required name=search_term_string"}],"inLanguage":"es"},{"@type":"Person","@id":"https:\/\/nahuelproducciones.com.ar\/radioquijano\/#\/schema\/person\/e8a4f939e2cb487fe6d0c54042c9d32c","name":"Cecilia Pastrana","image":{"@type":"ImageObject","inLanguage":"es","@id":"https:\/\/nahuelproducciones.com.ar\/radioquijano\/#\/schema\/person\/image\/","url":"https:\/\/secure.gravatar.com\/avatar\/661a3ef63a8488d4f2794ed44af8cf71420f7e106f3072c40125114df5157749?s=96&d=mm&r=g","contentUrl":"https:\/\/secure.gravatar.com\/avatar\/661a3ef63a8488d4f2794ed44af8cf71420f7e106f3072c40125114df5157749?s=96&d=mm&r=g","caption":"Cecilia Pastrana"},"sameAs":["cecy"],"url":"https:\/\/nahuelproducciones.com.ar\/radioquijano\/author\/cecy\/"}]}},"_links":{"self":[{"href":"https:\/\/nahuelproducciones.com.ar\/radioquijano\/wp-json\/wp\/v2\/posts\/642","targetHints":{"allow":["GET"]}}],"collection":[{"href":"https:\/\/nahuelproducciones.com.ar\/radioquijano\/wp-json\/wp\/v2\/posts"}],"about":[{"href":"https:\/\/nahuelproducciones.com.ar\/radioquijano\/wp-json\/wp\/v2\/types\/post"}],"author":[{"embeddable":true,"href":"https:\/\/nahuelproducciones.com.ar\/radioquijano\/wp-json\/wp\/v2\/users\/8"}],"replies":[{"embeddable":true,"href":"https:\/\/nahuelproducciones.com.ar\/radioquijano\/wp-json\/wp\/v2\/comments?post=642"}],"version-history":[{"count":1,"href":"https:\/\/nahuelproducciones.com.ar\/radioquijano\/wp-json\/wp\/v2\/posts\/642\/revisions"}],"predecessor-version":[{"id":648,"href":"https:\/\/nahuelproducciones.com.ar\/radioquijano\/wp-json\/wp\/v2\/posts\/642\/revisions\/648"}],"wp:featuredmedia":[{"embeddable":true,"href":"https:\/\/nahuelproducciones.com.ar\/radioquijano\/wp-json\/wp\/v2\/media\/646"}],"wp:attachment":[{"href":"https:\/\/nahuelproducciones.com.ar\/radioquijano\/wp-json\/wp\/v2\/media?parent=642"}],"wp:term":[{"taxonomy":"category","embeddable":true,"href":"https:\/\/nahuelproducciones.com.ar\/radioquijano\/wp-json\/wp\/v2\/categories?post=642"},{"taxonomy":"post_tag","embeddable":true,"href":"https:\/\/nahuelproducciones.com.ar\/radioquijano\/wp-json\/wp\/v2\/tags?post=642"}],"curies":[{"name":"wp","href":"https:\/\/api.w.org\/{rel}","templated":true}]}}